{"id":80433,"date":"2021-06-27T13:00:00","date_gmt":"2021-06-27T17:00:00","guid":{"rendered":"https:\/\/ifamnews.com\/?p=80433"},"modified":"2021-06-30T16:10:42","modified_gmt":"2021-06-30T20:10:42","slug":"deportistas-trans-qui-n-quiere-silenciar-la-protesta-de-las-mujeres-","status":"publish","type":"post","link":"https:\/\/ifamnews.com\/es\/deportistas-trans-qui-n-quiere-silenciar-la-protesta-de-las-mujeres-","title":{"rendered":"Deportistas trans: \u00bfqui\u00e9n quiere silenciar la protesta de las mujeres?"},"content":{"rendered":"<p class=\"last-updated\">Last updated on junio 30th, 2021 at 04:10 pm<\/p>\n<p>En menos de un mes comenzar\u00e1n los Juegos Ol\u00edmpicos de Tokio, aplazados un a\u00f1o por la pandemia de CoViD-19. Esta edici\u00f3n contar\u00e1 con una novedad: la participaci\u00f3n de atletas biol\u00f3gicamente masculinos en competiciones femeninas. El primero en conseguir un <em>pase<\/em> fue el neozeland\u00e9s Laurel Hubbard, <a href=\"https:\/\/ifamnews.com\/it\/guardiamo-la-foto\" target=\"_blank\" rel=\"noopener\">nacido Gavin<\/a>. Para \u00e9l, el debut ser\u00e1 el 2 de agosto, cuando en Tokio aspire a una medalla en la categor\u00eda 87+ de la competici\u00f3n de halterofilia. A sus 43 a\u00f1os, ser\u00e1 el atleta de mayor edad en esta competici\u00f3n. Hijo del ex alcalde de Auckland, hab\u00eda competido en categor\u00edas masculinas <a href=\"https:\/\/video.gazzetta.it\/tokyo-2020-chi-laurel-hubbard-prima-atleta-transgender\/3f0f1222-d277-11eb-9775-af23e4bd46bc\" target=\"_blank\" rel=\"noopener\">sin especial \u00e9xito<\/a> hasta 2013. El cambio de registro se produjo despu\u00e9s de completar su viaje de transici\u00f3n de g\u00e9nero: se llev\u00f3 varios honores, entre ellos una medalla de plata en el Campeonato del Mundo de 2017 y una medalla de oro en los Juegos del Pac\u00edfico de 2019.<\/p>\n\n\n\n<h3 class=\"wp-block-heading\" id=\"h-el-enga-o-de-la-testosterona\"><strong>El enga\u00f1o de la testosterona<\/strong><\/h3>\n\n\n\n<p>El avance para los deportistas transg\u00e9nero se remonta a enero de 2016, cuando el Comit\u00e9 Ol\u00edmpico Internacional (COI) <a href=\"https:\/\/www.gazzetta.it\/Sport-Vari\/25-01-2016\/cio-rivoluzione-giochi-aprono-transessuali-140408062896.shtml\" target=\"_blank\" rel=\"noopener\">dictamin\u00f3<\/a> que los hombres que quieran competir en competiciones reservadas al sexo opuesto al suyo ya no necesitan operarse; les bastar\u00e1 con bajar sus niveles de testosterona. Sin embargo, la decisi\u00f3n fue criticada por un estudio recogido por <em>Sports Medicine <\/em>y recogido por el rotativo brit\u00e1nico<a href=\"https:\/\/www.theguardian.com\/sport\/2020\/dec\/11\/transgender-athletes-sports-medicine-study-research\" target=\"_blank\" rel=\"noopener\"><em>The Guardian<\/em><\/a>: los investigadores han comprobado que la p\u00e9rdida de masa corporal magra, de superficie muscular y de fuerza es s\u00f3lo del 5% tras doce meses de toma de medicamentos para reducir la testosterona. Incluso, explican, cuando la testosterona es reducida en cantidades significativas, es decir, un nanomolar por litro (nmol\/L), no \u00abelimina la ventaja antropom\u00e9trica de la masa\/fuerza muscular de manera relevante\u00bb.<\/p>\n\n\n\n<h3 class=\"wp-block-heading\" id=\"h-burla-para-la-opositora-la-mujer\"><strong>Burla para la opositora, la mujer<\/strong><\/h3>\n\n\n\n<p>Los \u00e9xitos de Hubbard entre las competidoras, de hecho, demuestran que la ventaja de un atleta masculino no disminuye por la disminuci\u00f3n de los niveles de testosterona. Su participaci\u00f3n entre las mujeres en los Juegos de Tokio fue recibida con entusiasmo por el Comit\u00e9 Ol\u00edmpico de Nueva Zelanda, cuyo Presidente, Kereyn Smith, <a href=\"https:\/\/www.reuters.com\/lifestyle\/sports\/new-zealand-names-transgender-athlete-hubbard-womens-tokyo-olympics-2021-06-20\/\" target=\"_blank\" rel=\"noopener\">coment\u00f3<\/a>: \u00abTenemos una fuerte cultura de <em>manaaki<\/em>, es decir, de inclusi\u00f3n y respeto por todos\u00bb. Es una l\u00e1stima que esta cultura de nombre ex\u00f3tico no contemple en este caso la amargura burlesca que inevitablemente habr\u00e1 sufrido la atleta que no podr\u00e1 participar en los Juegos Ol\u00edmpicos porque su lugar ha sido ocupado por un oponente biol\u00f3gicamente masculino.<\/p>\n\n\n\n<h3 class=\"wp-block-heading\" id=\"h-chiste-malo\"><strong>\u00abChiste malo\u00bb.<\/strong><\/h3>\n\n\n\n<p>Seg\u00fan informa <a href=\"https:\/\/www.dagospia.com\/rubrica-30\/sport\/olimpiadi-trans-sollevatrice-pesi-neozelandese-laurel-hubbard-274211.htm\" target=\"_blank\" rel=\"noopener\"><em>La verdad<\/em><\/a> , la atleta excluida de la <em>actuaci\u00f3n<\/em> de Hubbard ser\u00eda Kunini Manumua, de Tonga. No parece haber habido ninguna reacci\u00f3n p\u00fablica por parte de esta. En cambio, la levantadora de pesas belga Anna Vanbellinghen ha expresado su fuerte disconformidad, ya que <a href=\"https:\/\/www.reuters.com\/lifestyle\/sports\/transgender-weightlifter-hubbards-presence-tokyo-unfair-rival-2021-05-31\/\" target=\"_blank\" rel=\"noopener\">habl\u00f3 de<\/a> una \u00abbroma de mal gusto\u00bb subrayando que es injusto que \u00aba algunas deportistas se les quiten las oportunidades de cambiar de vida, y nosotros nos veamos impotentes\u00bb. En la <a href=\"https:\/\/www.samoaobserver.ws\/category\/samoa\/45971\" target=\"_blank\" rel=\"noopener\">misma l\u00ednea<\/a>, el Primer Ministro de Samoa, Tuilaepa Sa&#8217;ilele Malielegaoi: \u00abNo es f\u00e1cil para las atletas entrenar tanto tiempo y luego ver que se permiten estas estupideces\u00bb.<\/p>\n\n\n\n<h3 class=\"wp-block-heading\" id=\"h-mujeres-silenciosas\"><strong>Mujeres silenciosas<\/strong><\/h3>\n\n\n\n<p>Esto hace que uno reflexione sobre lo que la ex levantadora de pesas neozelandesa Tracey Lambrechs <a href=\"https:\/\/www.reuters.com\/lifestyle\/sports\/females-told-be-quiet-transgender-issue-ex-weightlifter-2021-05-07\/\" target=\"_blank\" rel=\"noopener\">revel\u00f3<\/a> hace unas semanas: se pide a las mujeres que \u00abse callen\u00bb cuando se atreven a tener dudas sobre la conveniencia de admitir a Hubbard en las competiciones femeninas. Es curioso este <em>modus operandi<\/em> mientras se habla tanto de la emancipaci\u00f3n de la mujer. Lambrechs dijo que la impaciencia entre las atletas <a href=\"https:\/\/ifamnews.com\/es\/stop-a-los-atletas-transexuales-en-las-competiciones-femeninas\" target=\"_blank\" rel=\"noopener\">es generalizada<\/a>, pero no encuentra la forma de expresarse p\u00fablicamente.<\/p>\n\n\n\n<h3 class=\"wp-block-heading\" id=\"h-la-carta-de-la-atleta-canadiense\"><strong>La carta de la atleta canadiense<\/strong><\/h3>\n\n\n\n<p>Sin embargo, algo se mueve. La ex campeona de atletismo, la canadiense Linda Blade, escribi\u00f3 recientemente una carta al COI -recogida por <a href=\"https:\/\/feministpost.it\/magazine\/primo-piano\/perche-permettere-a-uomini-di-competere-con-le-donne-lettera-al-comitato-olimpico\/\" target=\"_blank\" rel=\"noopener\"><em>FeministPost<\/em><\/a>&#8211; para denunciar que la decisi\u00f3n de admitir a atletas trans en las competiciones femeninas se tom\u00f3 \u00absin un amplio debate y sin informar a las afectadas\u00bb, es decir, a las atletas. Blade habla de una decisi\u00f3n \u00abescandalosa e injusta\u00bb y ofrece una serie de estudios que demuestran las ventajas para los hombres que compiten con las mujeres, incluso cuando han bajado sus niveles de testosterona.<\/p>\n\n\n\n<p>Y a\u00f1adi\u00f3: \u00abNadie quiere que los Juegos Ol\u00edmpicos de Tokio 2020 sean ridiculizados y sean objeto de la verg\u00fcenza de ser el momento \u00abhist\u00f3rico\u00bb en el que un hombre subi\u00f3 al podio ol\u00edmpico que le correspond\u00eda a una mujer\u00bb. De ah\u00ed su llamamiento a los <em>medios de comunicaci\u00f3n<\/em> para que cuenten a todos que el COI se est\u00e1 equivocando. Qui\u00e9n sabe si alg\u00fan otro medio de comunicaci\u00f3n se decidir\u00e1 a recoger la llamada dando voz a las mujeres, o si preferir\u00e1 silenciar su protesta.<\/p>\n","protected":false},"excerpt":{"rendered":"<p>El atleta biol\u00f3gicamente masculino Hubbard consigue un pase para las Olimpiadas. Pero entre las mujeres, algunas dicen no a los atletas trans en las carreras.<\/p>\n","protected":false},"author":15,"featured_media":79289,"comment_status":"open","ping_status":"open","sticky":false,"template":"","format":"standard","meta":{"give_campaign_id":0,"om_disable_all_campaigns":false,"_monsterinsights_skip_tracking":false,"_monsterinsights_sitenote_active":false,"_monsterinsights_sitenote_note":"","_monsterinsights_sitenote_category":0,"mc4wp_mailchimp_campaign":[],"jnews-multi-image_gallery":[],"jnews_single_post":{"subtitle":"El atleta biol\u00f3gicamente masculino Hubbard consigue un pase para las Olimpiadas. Pero entre las mujeres, algunas dicen no a los atletas trans en las carreras.","format":"standard","video":"","gallery":"","source_name":"","source_url":"","via_name":"","via_url":"","override":[{"single_blog_custom":"","sidebar":"","second_sidebar":"","share_position":"","share_float_style":"","post_date_format":"","post_date_format_custom":"","post_reading_time_wpm":"","zoom_button_out_step":"1","zoom_button_in_step":"1","number_popup_post":"1"}],"image_override":[{"single_post_thumbnail_size":"","single_post_gallery_size":""}],"trending_post_position":"","trending_post_label":"","sponsored_post_label":"","sponsored_post_name":"","sponsored_post_url":"","sponsored_post_logo":"","sponsored_post_desc":""},"jnews_primary_category":{"id":""},"jnews_social_meta":[],"jnews_override_counter":[],"footnotes":""},"categories":[765,810,815],"tags":[8625],"class_list":["post-80433","post","type-post","status-publish","format-standard","has-post-thumbnail","hentry","category-cultura-es","category-foreground-es","category-breaking-news-es","tag-foreground-es"],"yoast_head":"<!-- This site is optimized with the Yoast SEO Premium plugin v25.9 (Yoast SEO v27.3) - https:\/\/yoast.com\/product\/yoast-seo-premium-wordpress\/ -->\n<title>Deportistas trans: \u00bfqui\u00e9n quiere silenciar la protesta de las mujeres? - &quot;iFamNews&quot;<\/title>\n<meta name=\"description\" content=\"El atleta biol\u00f3gicamente masculino Hubbard consigue un pase para las Olimpiadas. Pero entre las mujeres, algunas dicen no a los atletas trans en las carreras\" \/>\n<meta name=\"robots\" content=\"index, follow, max-snippet:-1, max-image-preview:large, max-video-preview:-1\" \/>\n<link rel=\"canonical\" href=\"https:\/\/ifamnews.com\/es\/deportistas-trans-qui-n-quiere-silenciar-la-protesta-de-las-mujeres-\" \/>\n<meta property=\"og:locale\" content=\"es_ES\" \/>\n<meta property=\"og:type\" content=\"article\" \/>\n<meta property=\"og:title\" content=\"Deportistas trans: \u00bfqui\u00e9n quiere silenciar la protesta de las mujeres?\" \/>\n<meta property=\"og:description\" content=\"El atleta biol\u00f3gicamente masculino Hubbard consigue un pase para las Olimpiadas. Pero entre las mujeres, algunas dicen no a los atletas trans en las carreras\" \/>\n<meta property=\"og:url\" content=\"https:\/\/ifamnews.com\/es\/deportistas-trans-qui-n-quiere-silenciar-la-protesta-de-las-mujeres-\" \/>\n<meta property=\"og:site_name\" content=\"IFN\" \/>\n<meta property=\"article:publisher\" content=\"https:\/\/www.facebook.com\/iFamNews\" \/>\n<meta property=\"article:published_time\" content=\"2021-06-27T17:00:00+00:00\" \/>\n<meta property=\"article:modified_time\" content=\"2021-06-30T20:10:42+00:00\" \/>\n<meta property=\"og:image\" content=\"https:\/\/ifamnews.com\/wp-content\/uploads\/2021\/06\/Image-from-Photo-Stock-Editor.jpg\" \/>\n\t<meta property=\"og:image:width\" content=\"1200\" \/>\n\t<meta property=\"og:image:height\" content=\"675\" \/>\n\t<meta property=\"og:image:type\" content=\"image\/jpeg\" \/>\n<meta name=\"author\" content=\"Federico Cenci\" \/>\n<meta name=\"twitter:card\" content=\"summary_large_image\" \/>\n<meta name=\"twitter:creator\" content=\"@https:\/\/twitter.com\/fedecenci\" \/>\n<meta name=\"twitter:site\" content=\"@iFamNewsEN\" \/>\n<meta name=\"twitter:label1\" content=\"Escrito por\" \/>\n\t<meta name=\"twitter:data1\" content=\"Federico Cenci\" \/>\n\t<meta name=\"twitter:label2\" content=\"Tiempo de lectura\" \/>\n\t<meta name=\"twitter:data2\" content=\"4 minutos\" \/>\n<!-- \/ Yoast SEO Premium plugin. -->","yoast_head_json":{"title":"Deportistas trans: \u00bfqui\u00e9n quiere silenciar la protesta de las mujeres? - \"iFamNews\"","description":"El atleta biol\u00f3gicamente masculino Hubbard consigue un pase para las Olimpiadas. Pero entre las mujeres, algunas dicen no a los atletas trans en las carreras","robots":{"index":"index","follow":"follow","max-snippet":"max-snippet:-1","max-image-preview":"max-image-preview:large","max-video-preview":"max-video-preview:-1"},"canonical":"https:\/\/ifamnews.com\/es\/deportistas-trans-qui-n-quiere-silenciar-la-protesta-de-las-mujeres-","og_locale":"es_ES","og_type":"article","og_title":"Deportistas trans: \u00bfqui\u00e9n quiere silenciar la protesta de las mujeres?","og_description":"El atleta biol\u00f3gicamente masculino Hubbard consigue un pase para las Olimpiadas. Pero entre las mujeres, algunas dicen no a los atletas trans en las carreras","og_url":"https:\/\/ifamnews.com\/es\/deportistas-trans-qui-n-quiere-silenciar-la-protesta-de-las-mujeres-","og_site_name":"IFN","article_publisher":"https:\/\/www.facebook.com\/iFamNews","article_published_time":"2021-06-27T17:00:00+00:00","article_modified_time":"2021-06-30T20:10:42+00:00","og_image":[{"width":1200,"height":675,"url":"https:\/\/ifamnews.com\/wp-content\/uploads\/2021\/06\/Image-from-Photo-Stock-Editor.jpg","type":"image\/jpeg"}],"author":"Federico Cenci","twitter_card":"summary_large_image","twitter_creator":"@https:\/\/twitter.com\/fedecenci","twitter_site":"@iFamNewsEN","twitter_misc":{"Escrito por":"Federico Cenci","Tiempo de lectura":"4 minutos"},"schema":{"@context":"https:\/\/schema.org","@graph":[{"@type":"NewsArticle","@id":"https:\/\/ifamnews.com\/es\/deportistas-trans-qui-n-quiere-silenciar-la-protesta-de-las-mujeres-#article","isPartOf":{"@id":"https:\/\/ifamnews.com\/es\/deportistas-trans-qui-n-quiere-silenciar-la-protesta-de-las-mujeres-"},"author":{"name":"Federico Cenci","@id":"https:\/\/ifamnews.com\/en\/#\/schema\/person\/555378c4ec9e01d40ab9f2b5cee0c318"},"headline":"Deportistas trans: \u00bfqui\u00e9n quiere silenciar la protesta de las mujeres?","datePublished":"2021-06-27T17:00:00+00:00","dateModified":"2021-06-30T20:10:42+00:00","mainEntityOfPage":{"@id":"https:\/\/ifamnews.com\/es\/deportistas-trans-qui-n-quiere-silenciar-la-protesta-de-las-mujeres-"},"wordCount":814,"commentCount":0,"publisher":{"@id":"https:\/\/ifamnews.com\/en\/#organization"},"image":{"@id":"https:\/\/ifamnews.com\/es\/deportistas-trans-qui-n-quiere-silenciar-la-protesta-de-las-mujeres-#primaryimage"},"thumbnailUrl":"https:\/\/ifamnews.com\/wp-content\/uploads\/2021\/06\/Image-from-Photo-Stock-Editor.jpg","keywords":["Foreground"],"articleSection":["Cultura","Foreground","\u00daLTIMAS NOTICIAS"],"inLanguage":"es","potentialAction":[{"@type":"CommentAction","name":"Comment","target":["https:\/\/ifamnews.com\/es\/deportistas-trans-qui-n-quiere-silenciar-la-protesta-de-las-mujeres-#respond"]}]},{"@type":"WebPage","@id":"https:\/\/ifamnews.com\/es\/deportistas-trans-qui-n-quiere-silenciar-la-protesta-de-las-mujeres-","url":"https:\/\/ifamnews.com\/es\/deportistas-trans-qui-n-quiere-silenciar-la-protesta-de-las-mujeres-","name":"Deportistas trans: \u00bfqui\u00e9n quiere silenciar la protesta de las mujeres? - \"iFamNews\"","isPartOf":{"@id":"https:\/\/ifamnews.com\/en\/#website"},"primaryImageOfPage":{"@id":"https:\/\/ifamnews.com\/es\/deportistas-trans-qui-n-quiere-silenciar-la-protesta-de-las-mujeres-#primaryimage"},"image":{"@id":"https:\/\/ifamnews.com\/es\/deportistas-trans-qui-n-quiere-silenciar-la-protesta-de-las-mujeres-#primaryimage"},"thumbnailUrl":"https:\/\/ifamnews.com\/wp-content\/uploads\/2021\/06\/Image-from-Photo-Stock-Editor.jpg","datePublished":"2021-06-27T17:00:00+00:00","dateModified":"2021-06-30T20:10:42+00:00","description":"El atleta biol\u00f3gicamente masculino Hubbard consigue un pase para las Olimpiadas. Pero entre las mujeres, algunas dicen no a los atletas trans en las carreras","breadcrumb":{"@id":"https:\/\/ifamnews.com\/es\/deportistas-trans-qui-n-quiere-silenciar-la-protesta-de-las-mujeres-#breadcrumb"},"inLanguage":"es","potentialAction":[{"@type":"ReadAction","target":["https:\/\/ifamnews.com\/es\/deportistas-trans-qui-n-quiere-silenciar-la-protesta-de-las-mujeres-"]}]},{"@type":"ImageObject","inLanguage":"es","@id":"https:\/\/ifamnews.com\/es\/deportistas-trans-qui-n-quiere-silenciar-la-protesta-de-las-mujeres-#primaryimage","url":"https:\/\/ifamnews.com\/wp-content\/uploads\/2021\/06\/Image-from-Photo-Stock-Editor.jpg","contentUrl":"https:\/\/ifamnews.com\/wp-content\/uploads\/2021\/06\/Image-from-Photo-Stock-Editor.jpg","width":1200,"height":675,"caption":"Imagen de Photo Stock Editor"},{"@type":"BreadcrumbList","@id":"https:\/\/ifamnews.com\/es\/deportistas-trans-qui-n-quiere-silenciar-la-protesta-de-las-mujeres-#breadcrumb","itemListElement":[{"@type":"ListItem","position":1,"name":"Home","item":"https:\/\/ifamnews.com\/de"},{"@type":"ListItem","position":2,"name":"Cultura","item":"https:\/\/ifamnews.com\/it\/categoria\/cultura"},{"@type":"ListItem","position":3,"name":"Deportistas trans: \u00bfqui\u00e9n quiere silenciar la protesta de las mujeres?"}]},{"@type":"WebSite","@id":"https:\/\/ifamnews.com\/en\/#website","url":"https:\/\/ifamnews.com\/en\/","name":"IFN","description":"International Family News Network","publisher":{"@id":"https:\/\/ifamnews.com\/en\/#organization"},"potentialAction":[{"@type":"SearchAction","target":{"@type":"EntryPoint","urlTemplate":"https:\/\/ifamnews.com\/en\/?s={search_term_string}"},"query-input":{"@type":"PropertyValueSpecification","valueRequired":true,"valueName":"search_term_string"}}],"inLanguage":"es"},{"@type":"Organization","@id":"https:\/\/ifamnews.com\/en\/#organization","name":"iFamNews","url":"https:\/\/ifamnews.com\/en\/","logo":{"@type":"ImageObject","inLanguage":"es","@id":"https:\/\/ifamnews.com\/en\/#\/schema\/logo\/image\/","url":"https:\/\/ifamnews.com\/wp-content\/uploads\/2020\/01\/Share-logo.png","contentUrl":"https:\/\/ifamnews.com\/wp-content\/uploads\/2020\/01\/Share-logo.png","width":200,"height":200,"caption":"iFamNews"},"image":{"@id":"https:\/\/ifamnews.com\/en\/#\/schema\/logo\/image\/"},"sameAs":["https:\/\/www.facebook.com\/iFamNews","https:\/\/x.com\/iFamNewsEN"]},{"@type":"Person","@id":"https:\/\/ifamnews.com\/en\/#\/schema\/person\/555378c4ec9e01d40ab9f2b5cee0c318","name":"Federico Cenci","image":{"@type":"ImageObject","inLanguage":"es","@id":"https:\/\/secure.gravatar.com\/avatar\/535f77b8447d05f39d4ca941654f7a7b7d712f3d72f0b4b185747785f5a8e745?s=96&d=mm&r=g","url":"https:\/\/secure.gravatar.com\/avatar\/535f77b8447d05f39d4ca941654f7a7b7d712f3d72f0b4b185747785f5a8e745?s=96&d=mm&r=g","contentUrl":"https:\/\/secure.gravatar.com\/avatar\/535f77b8447d05f39d4ca941654f7a7b7d712f3d72f0b4b185747785f5a8e745?s=96&d=mm&r=g","caption":"Federico Cenci"},"description":"Federico Cenci worked from 2013 to 2017 at the Catholic Zenit press agency dealing with social and religious issues, bioethics, family policies, as well as domestic and international politics. He then continued his business with In Terris, and currently with various newspapers and periodicals. In 2020 he wrote the novel \"East Berlin 2.0 - Notes between dystopia and reality\"","sameAs":["https:\/\/x.com\/https:\/\/twitter.com\/fedecenci"],"url":"https:\/\/ifamnews.com\/es\/author\/fcenci"}]}},"amp_enabled":true,"_links":{"self":[{"href":"https:\/\/ifamnews.com\/es\/wp-json\/wp\/v2\/posts\/80433","targetHints":{"allow":["GET"]}}],"collection":[{"href":"https:\/\/ifamnews.com\/es\/wp-json\/wp\/v2\/posts"}],"about":[{"href":"https:\/\/ifamnews.com\/es\/wp-json\/wp\/v2\/types\/post"}],"author":[{"embeddable":true,"href":"https:\/\/ifamnews.com\/es\/wp-json\/wp\/v2\/users\/15"}],"replies":[{"embeddable":true,"href":"https:\/\/ifamnews.com\/es\/wp-json\/wp\/v2\/comments?post=80433"}],"version-history":[{"count":5,"href":"https:\/\/ifamnews.com\/es\/wp-json\/wp\/v2\/posts\/80433\/revisions"}],"predecessor-version":[{"id":81147,"href":"https:\/\/ifamnews.com\/es\/wp-json\/wp\/v2\/posts\/80433\/revisions\/81147"}],"wp:featuredmedia":[{"embeddable":true,"href":"https:\/\/ifamnews.com\/es\/wp-json\/wp\/v2\/media\/79289"}],"wp:attachment":[{"href":"https:\/\/ifamnews.com\/es\/wp-json\/wp\/v2\/media?parent=80433"}],"wp:term":[{"taxonomy":"category","embeddable":true,"href":"https:\/\/ifamnews.com\/es\/wp-json\/wp\/v2\/categories?post=80433"},{"taxonomy":"post_tag","embeddable":true,"href":"https:\/\/ifamnews.com\/es\/wp-json\/wp\/v2\/tags?post=80433"}],"curies":[{"name":"wp","href":"https:\/\/api.w.org\/{rel}","templated":true}]}}