{"id":78642,"date":"2021-06-19T13:00:00","date_gmt":"2021-06-19T17:00:00","guid":{"rendered":"https:\/\/ifamnews.com\/?p=78642"},"modified":"2021-06-18T05:52:10","modified_gmt":"2021-06-18T09:52:10","slug":"la-mayor-a-de-los-alemanes-est-en-contra-del-lenguaje-de-g-nero","status":"publish","type":"post","link":"https:\/\/ifamnews.com\/es\/la-mayor-a-de-los-alemanes-est-en-contra-del-lenguaje-de-g-nero","title":{"rendered":"La mayor\u00eda de los alemanes est\u00e1 en contra del lenguaje de g\u00e9nero"},"content":{"rendered":"\n<p>Una gran parte de los alemanes rechaza la divisi\u00f3n por sexos de la lengua alemana. Este es el resultado de una encuesta recientemente publicada por Infratest para <em>Welt am Sonntag<\/em>.<\/p>\n\n\n\n<p>El lenguaje de g\u00e9nero utiliza palabras inventadas como \u00abpersonas que estudian\u00bb en lugar de \u00abestudiantes\u00bb, o el llamado \u00abBinnen-I\u00bb [que es una I a\u00f1adida a diferentes palabras para marcar otro g\u00e9nero]. En lugar de la palabra alemana \u00abPilot\u00bb (\u00abpiloto\u00bb), habr\u00eda que escribir \u00abPilot-Innen\u00bb y hablar con una peque\u00f1a pausa entre \u00abPilot\u00bb y \u00ab-Innen\u00bb.<\/p>\n\n\n\n<p>Seg\u00fan los resultados de la encuesta de Infratest, el 65% de los encuestados rechaza el uso del lenguaje de g\u00e9nero. El a\u00f1o anterior, la tasa de rechazo hab\u00eda sido del 56%.<\/p>\n\n\n\n<p>Seg\u00fan la encuesta, el 48% de los simpatizantes del Partido Verde rechazan el g\u00e9nero, as\u00ed como el 57% de los simpatizantes del SPD, el 68% de los simpatizantes de la CDU\/CSU, el 72% de los simpatizantes del Partido de la Izquierda, el 77% de los simpatizantes del FDP y el 83% de los simpatizantes de la AfD.<\/p>\n\n\n\n<p>En el debate sobre el uso del lenguaje de g\u00e9nero, el vicepresidente del Bundestag, Wolfgang Kubicki (FDP), declar\u00f3 a Welt am Sonntag que el lenguaje cambia con el tiempo durante los procesos socioculturales, pero no por coacci\u00f3n moral elitista. \u00abPor lo tanto, no creo que el lenguaje de g\u00e9nero se imponga. Cada persona debe hablar como le parezca, quiera o no el g\u00e9nero\u00bb. La lengua \u00abno debe convertirse fren\u00e9ticamente en una herramienta de lucha pol\u00edtica\u00bb.<\/p>\n\n\n\n<p>Kubicki no es el \u00fanico pol\u00edtico alem\u00e1n que ha criticado recientemente el lenguaje de g\u00e9nero. El diputado de la CDU Christoph Plo\u00df, que tambi\u00e9n es co-iniciador de la petici\u00f3n del RCDS, tambi\u00e9n hab\u00eda declarado en un art\u00edculo invitado para Die <em>Welt<\/em> que el Estado no deber\u00eda reeducar a sus ciudadanos mediante el lenguaje de g\u00e9nero. Y tambi\u00e9n parte de los medios de comunicaci\u00f3n p\u00fablicos se sienten objeto de un trato paternalista: un voluntario de la Bayrischer Rundfunk hab\u00eda <a href=\"https:\/\/ifamnews.com\/de\/-verr-ckter-sternchen-zeitgeist-br-volont-rin-kn-pft-sich-gendersprache-vor\">calificado<\/a> el lenguaje de g\u00e9nero de \u00abcontorsi\u00f3n ling\u00fc\u00edstica sin sentido\u00bb de una \u00abburbuja acad\u00e9mica de bienestar\u00bb. Y la resistencia tambi\u00e9n crece en otros pa\u00edses europeos: el ministro de Educaci\u00f3n de Francia, por ejemplo, <a href=\"https:\/\/ifamnews.com\/de\/frankreich-verbietet-gendersprache-an-seinen-schulen\">prohibi\u00f3 recientemente<\/a> el lenguaje de g\u00e9nero en las escuelas francesas y en su ministerio.<\/p>\n\n\n\n<p><strong><em>\u00bfLe interesa el movimiento de la vida y el derecho de familia? Mant\u00e9ngase siempre al d\u00eda: \u00a1suscr\u00edbase a nuestro bolet\u00edn de noticias! <a href=\"https:\/\/www.ifamnews.com\/es\/subscribase\/\">Reg\u00edstrese aqu\u00ed.<\/a> Noticias diarias de los pa\u00edses de habla hispana y del mundo entero.<\/em><\/strong><\/p>\n","protected":false},"excerpt":{"rendered":"<p>El 65 por ciento de la poblaci\u00f3n alemana est\u00e1 en contra de la discriminaci\u00f3n de g\u00e9nero en una encuesta reciente. El vicepresidente del FDP en el Bundestag, Kubicki, tambi\u00e9n est\u00e1 en contra de la coacci\u00f3n ling\u00fc\u00edstica.<\/p>\n","protected":false},"author":589,"featured_media":74491,"comment_status":"open","ping_status":"open","sticky":false,"template":"","format":"standard","meta":{"give_campaign_id":0,"om_disable_all_campaigns":false,"_monsterinsights_skip_tracking":false,"_monsterinsights_sitenote_active":false,"_monsterinsights_sitenote_note":"","_monsterinsights_sitenote_category":0,"mc4wp_mailchimp_campaign":[],"jnews-multi-image_gallery":[],"jnews_single_post":{"subtitle":"El 65 por ciento de la poblaci\u00f3n alemana est\u00e1 en contra de la discriminaci\u00f3n de g\u00e9nero en una encuesta reciente. El vicepresidente del FDP en el Bundestag, Kubicki, tambi\u00e9n est\u00e1 en contra de la coacci\u00f3n ling\u00fc\u00edstica.","format":"standard","video":"","gallery":"","source_name":"","source_url":"","via_name":"","via_url":"","override":[{"single_blog_custom":"","sidebar":"","second_sidebar":"","share_position":"","share_float_style":"","post_date_format":"","post_date_format_custom":"","post_reading_time_wpm":"","zoom_button_out_step":"1","zoom_button_in_step":"1","number_popup_post":"1"}],"image_override":[{"single_post_thumbnail_size":"","single_post_gallery_size":""}],"trending_post_position":"","trending_post_label":"","sponsored_post_label":"","sponsored_post_name":"","sponsored_post_url":"","sponsored_post_logo":"","sponsored_post_desc":""},"jnews_primary_category":{"id":""},"jnews_social_meta":[],"jnews_override_counter":[],"footnotes":""},"categories":[765,810,815],"tags":[11110,11109,11111,11112],"class_list":["post-78642","post","type-post","status-publish","format-standard","has-post-thumbnail","hentry","category-cultura-es","category-foreground-es","category-breaking-news-es","tag-encuesta","tag-ideologia-de-genero-es-2","tag-lenguaje-de-genero","tag-wolfgang-kubicki-es"],"yoast_head":"<!-- This site is optimized with the Yoast SEO Premium plugin v25.9 (Yoast SEO v27.3) - https:\/\/yoast.com\/product\/yoast-seo-premium-wordpress\/ -->\n<title>La mayor\u00eda de los alemanes est\u00e1 en contra del lenguaje de g\u00e9nero - IFN<\/title>\n<meta name=\"robots\" content=\"index, follow, max-snippet:-1, max-image-preview:large, max-video-preview:-1\" \/>\n<link rel=\"canonical\" href=\"https:\/\/ifamnews.com\/es\/la-mayor-a-de-los-alemanes-est-en-contra-del-lenguaje-de-g-nero\" \/>\n<meta property=\"og:locale\" content=\"es_ES\" \/>\n<meta property=\"og:type\" content=\"article\" \/>\n<meta property=\"og:title\" content=\"La mayor\u00eda de los alemanes est\u00e1 en contra del lenguaje de g\u00e9nero\" \/>\n<meta property=\"og:description\" content=\"El 65 por ciento de la poblaci\u00f3n alemana est\u00e1 en contra de la discriminaci\u00f3n de g\u00e9nero en una encuesta reciente. El vicepresidente del FDP en el Bundestag, Kubicki, tambi\u00e9n est\u00e1 en contra de la coacci\u00f3n ling\u00fc\u00edstica.\" \/>\n<meta property=\"og:url\" content=\"https:\/\/ifamnews.com\/es\/la-mayor-a-de-los-alemanes-est-en-contra-del-lenguaje-de-g-nero\" \/>\n<meta property=\"og:site_name\" content=\"IFN\" \/>\n<meta property=\"article:publisher\" content=\"https:\/\/www.facebook.com\/iFamNews\" \/>\n<meta property=\"article:published_time\" content=\"2021-06-19T17:00:00+00:00\" \/>\n<meta property=\"og:image\" content=\"https:\/\/ifamnews.com\/wp-content\/uploads\/2021\/05\/Wolfgang_Kubicki1.jpg\" \/>\n\t<meta property=\"og:image:width\" content=\"1200\" \/>\n\t<meta property=\"og:image:height\" content=\"675\" \/>\n\t<meta property=\"og:image:type\" content=\"image\/jpeg\" \/>\n<meta name=\"author\" content=\"Johann R. Porter\" \/>\n<meta name=\"twitter:card\" content=\"summary_large_image\" \/>\n<meta name=\"twitter:creator\" content=\"@iFamNewsEN\" \/>\n<meta name=\"twitter:site\" content=\"@iFamNewsEN\" \/>\n<meta name=\"twitter:label1\" content=\"Escrito por\" \/>\n\t<meta name=\"twitter:data1\" content=\"Johann R. Porter\" \/>\n\t<meta name=\"twitter:label2\" content=\"Tiempo de lectura\" \/>\n\t<meta name=\"twitter:data2\" content=\"2 minutos\" \/>\n<!-- \/ Yoast SEO Premium plugin. -->","yoast_head_json":{"title":"La mayor\u00eda de los alemanes est\u00e1 en contra del lenguaje de g\u00e9nero - IFN","robots":{"index":"index","follow":"follow","max-snippet":"max-snippet:-1","max-image-preview":"max-image-preview:large","max-video-preview":"max-video-preview:-1"},"canonical":"https:\/\/ifamnews.com\/es\/la-mayor-a-de-los-alemanes-est-en-contra-del-lenguaje-de-g-nero","og_locale":"es_ES","og_type":"article","og_title":"La mayor\u00eda de los alemanes est\u00e1 en contra del lenguaje de g\u00e9nero","og_description":"El 65 por ciento de la poblaci\u00f3n alemana est\u00e1 en contra de la discriminaci\u00f3n de g\u00e9nero en una encuesta reciente. El vicepresidente del FDP en el Bundestag, Kubicki, tambi\u00e9n est\u00e1 en contra de la coacci\u00f3n ling\u00fc\u00edstica.","og_url":"https:\/\/ifamnews.com\/es\/la-mayor-a-de-los-alemanes-est-en-contra-del-lenguaje-de-g-nero","og_site_name":"IFN","article_publisher":"https:\/\/www.facebook.com\/iFamNews","article_published_time":"2021-06-19T17:00:00+00:00","og_image":[{"width":1200,"height":675,"url":"https:\/\/ifamnews.com\/wp-content\/uploads\/2021\/05\/Wolfgang_Kubicki1.jpg","type":"image\/jpeg"}],"author":"Johann R. Porter","twitter_card":"summary_large_image","twitter_creator":"@iFamNewsEN","twitter_site":"@iFamNewsEN","twitter_misc":{"Escrito por":"Johann R. Porter","Tiempo de lectura":"2 minutos"},"schema":{"@context":"https:\/\/schema.org","@graph":[{"@type":"NewsArticle","@id":"https:\/\/ifamnews.com\/es\/la-mayor-a-de-los-alemanes-est-en-contra-del-lenguaje-de-g-nero#article","isPartOf":{"@id":"https:\/\/ifamnews.com\/es\/la-mayor-a-de-los-alemanes-est-en-contra-del-lenguaje-de-g-nero"},"author":{"name":"Johann R. Porter","@id":"https:\/\/ifamnews.com\/en\/#\/schema\/person\/97c5fc10500c93e36c296295ba21a537"},"headline":"La mayor\u00eda de los alemanes est\u00e1 en contra del lenguaje de g\u00e9nero","datePublished":"2021-06-19T17:00:00+00:00","mainEntityOfPage":{"@id":"https:\/\/ifamnews.com\/es\/la-mayor-a-de-los-alemanes-est-en-contra-del-lenguaje-de-g-nero"},"wordCount":460,"commentCount":0,"publisher":{"@id":"https:\/\/ifamnews.com\/en\/#organization"},"image":{"@id":"https:\/\/ifamnews.com\/es\/la-mayor-a-de-los-alemanes-est-en-contra-del-lenguaje-de-g-nero#primaryimage"},"thumbnailUrl":"https:\/\/ifamnews.com\/wp-content\/uploads\/2021\/05\/Wolfgang_Kubicki1.jpg","keywords":["encuesta","Ideolog\u00eda de g\u00e9nero","lenguaje de g\u00e9nero","Wolfgang Kubicki"],"articleSection":["Cultura","Foreground","\u00daLTIMAS NOTICIAS"],"inLanguage":"es","potentialAction":[{"@type":"CommentAction","name":"Comment","target":["https:\/\/ifamnews.com\/es\/la-mayor-a-de-los-alemanes-est-en-contra-del-lenguaje-de-g-nero#respond"]}]},{"@type":"WebPage","@id":"https:\/\/ifamnews.com\/es\/la-mayor-a-de-los-alemanes-est-en-contra-del-lenguaje-de-g-nero","url":"https:\/\/ifamnews.com\/es\/la-mayor-a-de-los-alemanes-est-en-contra-del-lenguaje-de-g-nero","name":"La mayor\u00eda de los alemanes est\u00e1 en contra del lenguaje de g\u00e9nero - IFN","isPartOf":{"@id":"https:\/\/ifamnews.com\/en\/#website"},"primaryImageOfPage":{"@id":"https:\/\/ifamnews.com\/es\/la-mayor-a-de-los-alemanes-est-en-contra-del-lenguaje-de-g-nero#primaryimage"},"image":{"@id":"https:\/\/ifamnews.com\/es\/la-mayor-a-de-los-alemanes-est-en-contra-del-lenguaje-de-g-nero#primaryimage"},"thumbnailUrl":"https:\/\/ifamnews.com\/wp-content\/uploads\/2021\/05\/Wolfgang_Kubicki1.jpg","datePublished":"2021-06-19T17:00:00+00:00","breadcrumb":{"@id":"https:\/\/ifamnews.com\/es\/la-mayor-a-de-los-alemanes-est-en-contra-del-lenguaje-de-g-nero#breadcrumb"},"inLanguage":"es","potentialAction":[{"@type":"ReadAction","target":["https:\/\/ifamnews.com\/es\/la-mayor-a-de-los-alemanes-est-en-contra-del-lenguaje-de-g-nero"]}]},{"@type":"ImageObject","inLanguage":"es","@id":"https:\/\/ifamnews.com\/es\/la-mayor-a-de-los-alemanes-est-en-contra-del-lenguaje-de-g-nero#primaryimage","url":"https:\/\/ifamnews.com\/wp-content\/uploads\/2021\/05\/Wolfgang_Kubicki1.jpg","contentUrl":"https:\/\/ifamnews.com\/wp-content\/uploads\/2021\/05\/Wolfgang_Kubicki1.jpg","width":1200,"height":675,"caption":"Rechaza el lenguaje de g\u00e9nero obligatorio: El vicepresidente del FDP en el Bundestag, Wolfgang Kubicki. Derechos de autor de la imagen: \u039b\u03bf\u1fe6\u03ba\u03b1\u03c2."},{"@type":"BreadcrumbList","@id":"https:\/\/ifamnews.com\/es\/la-mayor-a-de-los-alemanes-est-en-contra-del-lenguaje-de-g-nero#breadcrumb","itemListElement":[{"@type":"ListItem","position":1,"name":"Home","item":"https:\/\/ifamnews.com\/de"},{"@type":"ListItem","position":2,"name":"Culture","item":"https:\/\/ifamnews.com\/en\/category\/culture"},{"@type":"ListItem","position":3,"name":"La mayor\u00eda de los alemanes est\u00e1 en contra del lenguaje de g\u00e9nero"}]},{"@type":"WebSite","@id":"https:\/\/ifamnews.com\/en\/#website","url":"https:\/\/ifamnews.com\/en\/","name":"IFN","description":"International Family News Network","publisher":{"@id":"https:\/\/ifamnews.com\/en\/#organization"},"potentialAction":[{"@type":"SearchAction","target":{"@type":"EntryPoint","urlTemplate":"https:\/\/ifamnews.com\/en\/?s={search_term_string}"},"query-input":{"@type":"PropertyValueSpecification","valueRequired":true,"valueName":"search_term_string"}}],"inLanguage":"es"},{"@type":"Organization","@id":"https:\/\/ifamnews.com\/en\/#organization","name":"iFamNews","url":"https:\/\/ifamnews.com\/en\/","logo":{"@type":"ImageObject","inLanguage":"es","@id":"https:\/\/ifamnews.com\/en\/#\/schema\/logo\/image\/","url":"https:\/\/ifamnews.com\/wp-content\/uploads\/2020\/01\/Share-logo.png","contentUrl":"https:\/\/ifamnews.com\/wp-content\/uploads\/2020\/01\/Share-logo.png","width":200,"height":200,"caption":"iFamNews"},"image":{"@id":"https:\/\/ifamnews.com\/en\/#\/schema\/logo\/image\/"},"sameAs":["https:\/\/www.facebook.com\/iFamNews","https:\/\/x.com\/iFamNewsEN"]},{"@type":"Person","@id":"https:\/\/ifamnews.com\/en\/#\/schema\/person\/97c5fc10500c93e36c296295ba21a537","name":"Johann R. Porter","image":{"@type":"ImageObject","inLanguage":"es","@id":"https:\/\/secure.gravatar.com\/avatar\/b295da437fcd0635c3fe53d90b9545df9d7b3b7681f3a87122ec5cef8870a293?s=96&d=mm&r=g","url":"https:\/\/secure.gravatar.com\/avatar\/b295da437fcd0635c3fe53d90b9545df9d7b3b7681f3a87122ec5cef8870a293?s=96&d=mm&r=g","contentUrl":"https:\/\/secure.gravatar.com\/avatar\/b295da437fcd0635c3fe53d90b9545df9d7b3b7681f3a87122ec5cef8870a293?s=96&d=mm&r=g","caption":"Johann R. Porter"},"description":"A German-speaking social scientist and worker in the pro-life movement. [This author writes under a pseudonym.]","url":"https:\/\/ifamnews.com\/es\/author\/jporter"}]}},"amp_enabled":true,"_links":{"self":[{"href":"https:\/\/ifamnews.com\/es\/wp-json\/wp\/v2\/posts\/78642","targetHints":{"allow":["GET"]}}],"collection":[{"href":"https:\/\/ifamnews.com\/es\/wp-json\/wp\/v2\/posts"}],"about":[{"href":"https:\/\/ifamnews.com\/es\/wp-json\/wp\/v2\/types\/post"}],"author":[{"embeddable":true,"href":"https:\/\/ifamnews.com\/es\/wp-json\/wp\/v2\/users\/589"}],"replies":[{"embeddable":true,"href":"https:\/\/ifamnews.com\/es\/wp-json\/wp\/v2\/comments?post=78642"}],"version-history":[{"count":2,"href":"https:\/\/ifamnews.com\/es\/wp-json\/wp\/v2\/posts\/78642\/revisions"}],"predecessor-version":[{"id":78656,"href":"https:\/\/ifamnews.com\/es\/wp-json\/wp\/v2\/posts\/78642\/revisions\/78656"}],"wp:featuredmedia":[{"embeddable":true,"href":"https:\/\/ifamnews.com\/es\/wp-json\/wp\/v2\/media\/74491"}],"wp:attachment":[{"href":"https:\/\/ifamnews.com\/es\/wp-json\/wp\/v2\/media?parent=78642"}],"wp:term":[{"taxonomy":"category","embeddable":true,"href":"https:\/\/ifamnews.com\/es\/wp-json\/wp\/v2\/categories?post=78642"},{"taxonomy":"post_tag","embeddable":true,"href":"https:\/\/ifamnews.com\/es\/wp-json\/wp\/v2\/tags?post=78642"}],"curies":[{"name":"wp","href":"https:\/\/api.w.org\/{rel}","templated":true}]}}