{"id":76561,"date":"2021-06-11T01:00:00","date_gmt":"2021-06-11T05:00:00","guid":{"rendered":"https:\/\/ifamnews.com\/?p=76561"},"modified":"2023-08-28T12:25:32","modified_gmt":"2023-08-28T16:25:32","slug":"dr-paul-mchugh-en-los-temas-de-g-nero-la-ciencia-tiene-que-ir-primero-no-la-ideolog-a-i-","status":"publish","type":"post","link":"https:\/\/ifamnews.com\/es\/dr-paul-mchugh-en-los-temas-de-g-nero-la-ciencia-tiene-que-ir-primero-no-la-ideolog-a-i-","title":{"rendered":"Dr. Paul McHugh: \u00abEn los temas de g\u00e9nero la ciencia tiene que ir primero, no la ideolog\u00eda\u00bb (i)"},"content":{"rendered":"<p class=\"last-updated\">Last updated on agosto 28th, 2023 at 12:25 pm<\/p>\n<p>El periodista y colaborador de IFN <a href=\"https:\/\/www.jordipicazo.com\/\">Jordi Picazo<\/a> y el Dr. <a href=\"https:\/\/es.wikipedia.org\/wiki\/Paul_R._McHugh\">Paul R. McHugh<\/a> conversaron en el despacho de \u00e9ste en el <strong>hospital Jonhs Hopkins de Baltimore<\/strong>, Virginia, a principios de octubre de 2016, tras la publicaci\u00f3n del ya famoso <a href=\"https:\/\/www.thenewatlantis.com\/docLib\/20160831_TNA50SexualityandGenderESP.pdf\" target=\"_blank\" rel=\"noreferrer noopener\">Informe Mayer<\/a>, lo m\u00e1s completo publicado sobre la evidencia cient\u00edfica en el \u00e1rea de identidad de g\u00e9nero y sexualidad humana. Ofrecemos aqu\u00ed <strong>la entrevista de nuevo<\/strong> puesto que de nuevo, esta tem\u00e1tica es tan importante para la comprensi\u00f3n de la antropolog\u00eda de la persona humana y su identidad m\u00e1s \u00edntima en estos momentos de grave crisis en la comprensi\u00f3n de la identidad personal y biol\u00f3gica del hombre y de la mujer.<\/p>\n\n\n\n<p><strong>LA ERA DE LAS OPINIONES Y LOS SENTIMIENTOS<\/strong><\/p>\n\n\n\n<p><em>\u00abAbraham Lincoln: \u201cCreo firmemente en la gente. Si les das la verdad, podr\u00e1s confiar en ellos plenamente a la hora de solucionar cualquier crisis nacional. Lo realmente importante es que les ofrezcas la verdad de los hechos\u00bb <\/em>[\u201cI am a firm believer in the people. If given the truth, they can be depended upon to meet any national crisis. The great point is to bring them the real facts\u201d: Abraham Lincoln -Inscripci\u00f3n en la sede central del Pew Research Center en Washington DC].<\/p>\n\n\n\n<p><strong><span class=\"has-inline-color has-vivid-cyan-blue-color\">PREGUNTA &#8211;<\/span> \u00bfEs correcto considerar la homosexualidad como una enfermedad?<\/strong><\/p>\n\n\n\n<p><strong><span class=\"has-inline-color has-vivid-green-cyan-color\"><em>PAUL McHUGH<\/em><\/span><\/strong><em><span class=\"has-inline-color has-vivid-green-cyan-color\"> &#8211;<\/span> \u00abNo, no es una enfermedad: <strong>la homosexualidad no es una enfermedad<\/strong>. Ya dej\u00e9 claro en un art\u00edculo que las palabras homosexual, gay, lesbiana, son conceptos muy vagos: algunas veces <strong>se refieren a conductas<\/strong>; algunas veces <strong>se refieren a actitudes<\/strong>. Otras veces tienen relaci\u00f3n con asunciones personales. \u201cHomosexualidad\u201d no es una buena palabra para referirnos fundamentalmente a la conducta y las actitudes que se refieren a la actividad sexual humana\u00bb.<\/em><\/p>\n\n\n\n<p><mark style=\"background-color:rgba(0, 0, 0, 0)\" class=\"has-inline-color has-vivid-cyan-blue-color\"><strong>PREGUNTA<\/strong> &#8211;<\/mark> <strong>Usted en sus investigaciones habla de los derechos de la comunidad LGBTI y la libertad religiosa en los Estados Unidos y Europa, y de que a menudo se contraponen<\/strong>.<\/p>\n\n\n\n<p><em><strong><span class=\"has-inline-color has-vivid-green-cyan-color\"><em>PAUL McHUGH<\/em><\/span><\/strong><em><span class=\"has-inline-color has-vivid-green-cyan-color\"> &#8211;<\/span><\/em><\/em> <em>\u00abLa ciencia te recomienda que estudies al paciente y averig\u00fces qu\u00e9 cosas en su vida y circunstancias le han llevado a ver las cosas de esta manera; y a veces te das cuenta de que en algunas circunstancias \u2014y especialmente en el caso de los ni\u00f1os o ni\u00f1as\u2014 la idea de su pertenencia a un sexo concreto se desarrolla a partir de su <strong>participaci\u00f3n activa en salas de chat en Internet<\/strong>, donde les persuaden a pensar de que sus problemas psicosociales se resolver\u00edan si actuasen de esta manera o de aquella otra; y podemos decir con certeza que a menudo est\u00e1n siendo indoctrinados; no estoy diciendo siempre, pero s\u00ed a menudo. Y cuando les preguntas si han estado en Internet te contestan que s\u00ed, y no solamente eso sino que te dicen que han visitado Internet porque ten\u00edan preguntas; y \u201cen el chat, en Internet, aprendo qu\u00e9 respuesta tengo que dar a mis padres, a mis profesores y a todo el mundo\u201d.<\/em><\/p>\n\n\n\n<p>\u00bb<em>De esta manera puedo concluir que estas ideas y sus actitudes derivadas vienen promovidas y se desarrollan en su entorno social; y esto cada vez va a m\u00e1s y, cuando sale algo que es totalmente nuevo, puedes constatar que es debido al poder de las salas de chat en Internet; sucede lo mismo con la anorexia y el <a href=\"https:\/\/es.wikipedia.org\/wiki\/Trastorno_dism%C3%B3rfico_corporal\">trastorno dism\u00f3rfico corporal<\/a>, des\u00f3rdenes que confluyen en c\u00f3mo se percibe tu apariencia f\u00edsica y que te llevan a un tipo determinado de presentaci\u00f3n psicosocial; los j\u00f3venes con estos des\u00f3rdenes, y ya desde que son ni\u00f1os, sienten que su apariencia f\u00edsica tiene que cambiar para que cierto tipo de cosas les salgan mejor<\/em>.<\/p>\n\n\n\n<p><strong>\u00abEL INFORME MAYER SE BASA EN LA EVIDENCIA CIENT\u00cdFICA, Y NO ES MORALIZANTE\u00bb &#8211;<em>PAUL MCHUGH<\/em><\/strong><\/p>\n\n\n\n<p><em>\u00bbHemos redactado un informe que est\u00e1 enfocado principalmente a decir lo que sabemos de la ciencia en relaci\u00f3n con la orientaci\u00f3n sexual y a la identidad de g\u00e9nero, y este es nuestro \u00fanico prop\u00f3sito. Y hemos tenido los problemas que hemos tenido no exactamente por lo que hemos precisado en este informe, sino porque tuvimos el arrojo de hacer la pregunta del mill\u00f3n: <strong>\u201c\u00bfla ciencia realmente dice esto?<\/strong>\u201d <strong>\u2014que se nace con una condici\u00f3n sexual como la homosexual\u2014<\/strong> Y ah\u00ed es donde subyace el problema y de donde surge la discusi\u00f3n: no nos creemos esa falsa premisa.<\/em><\/p>\n\n\n\n<p>\u00bb<em>Creemos que el gran p\u00fablico tiene <strong>una importante confusi\u00f3n acerca de lo que la ciencia dice o no dice<\/strong>. En Am\u00e9rica al menos [por Estados Unidos de Norteam\u00e9rica -Nota del Autor], la palabra ciencia significa certeza. Sabemos que la palabra ciencia no siempre significa certidumbre, pero <strong>sigue siendo importante que antes de llegar a cualquier conclusi\u00f3n o pr\u00e1cticas, la gente est\u00e9 de acuerdo en qu\u00e9 cosas dice la ciencia hoy<\/strong><\/em>.<\/p>\n\n\n\n<p>\u00bb<em>No decimos que no haya otras formas de autoridad en este mundo: hay autoridades tradicionales, hay autoridades expertas y tambi\u00e9n hay autoridades testimoniales. Nosotros no descartamos a quien nos diga \u201cesc\u00fachame, siento que he sido as\u00ed toda mi vida y debo expresarlo de esta forma y no me importa lo que usted o la ciencia digan: \u00e9ste soy yo\u201d. A esto contestar\u00eda: \u201cNo decimos que no puedas ser t\u00fa mismo, ni decimos cualquier otra cosa porque eso te toca a ti decirlo\u201d<\/em>.<\/p>\n\n\n\n<p><strong>LA HOMOSEXUALIDAD O LA TRANSEXUALIDAD SEG\u00daN LA CIENCIA NO ES ALGO GEN\u00c9TICO: \u00abNADIE PUEDE CONVENCERME DE LO CONTRARIO\u00bb &#8211;<em>PAUL MACHUGH<\/em><\/strong><\/p>\n\n\n\n<p>\u00bb<em>Sin embargo, digo tambi\u00e9n que no tengo que estar de acuerdo, y nadie tiene la obligaci\u00f3n de estar de acuerdo en que la orientaci\u00f3n u opci\u00f3n homosexual es gen\u00e9tica, o con cualquier otra cosa. En este Informe \u2014y procuramos ser muy, y muy cautos, a la vez que precisos y concretos\u2014, y por la autoridad que concedemos a la ciencia, decimos que la ciencia no apoya -ni tampoco excluye \u2014pero principalmente no apoya\u2014 la idea de que se nace de esta forma, con una identidad que es inmutable y fija: la ciencia Gen\u00e9tica no lo muestra.<\/em><\/p>\n\n\n\n<p><em>\u00bbPor lo que a m\u00ed respecta, una persona adulta puede hacer lo que quiera. No me digas sin embargo que son mujeres cuando son hombres. Ni intentes ense\u00f1ar a los ni\u00f1os que tomar estas decisiones es basarse en la evidencia en sus genes, y que ellos deber\u00edan tambi\u00e9n actuar as\u00ed. Esta confusi\u00f3n entre los diferentes roles hace que los ni\u00f1os, particularmente los ni\u00f1os m\u00e1s vulnerables, presenten m\u00e1s tarde problemas psicosociales y pasen a depender de lo que se espera de ellos; y lleguen a pensar que eso que se espera de ellos no pueda hacerse realidad si no se cambian de sexo. De esta manera estos ni\u00f1os y ni\u00f1as vivir\u00e1n de una manera masculinizada o feminizada<\/em>\u00bb.<\/p>\n\n\n\n<p><strong>EL DRAMA Y RIESGO DE LA CIRUG\u00cdA DE CAMBIO DE SEXO, Y LOS TRASTORNOS QUE ACARREA<\/strong><\/p>\n\n\n\n<p><mark style=\"background-color:rgba(0, 0, 0, 0)\" class=\"has-inline-color has-vivid-cyan-blue-color\"><strong>PREGUNTA<\/strong> &#8211;<\/mark> <strong>\u00bfDebe animarse a la gente que siente que su g\u00e9nero es otro que el marcado por su sexo biol\u00f3gico, a que considere cambiar las conductas relacionadas con su orientaci\u00f3n homosexual, o debe considerarse m\u00e1s racional que act\u00faen seg\u00fan sienten?<\/strong><\/p>\n\n\n\n<p><strong><span class=\"has-inline-color has-vivid-green-cyan-color\">PAULMcH &#8211;<\/span><\/strong><em><span class=\"has-inline-color has-vivid-green-cyan-color\"> <\/span><\/em>\u00ab<em>En mi opini\u00f3n creo firmemente que la gente, si son adultos, pueden hacer exactamente lo que quieran. De hecho, lo que probablemente va a ocurrir pronto en la poblaci\u00f3n transg\u00e9nero es que actuar\u00e1n como lo que sienten que son, sin operarse. Si contin\u00faan con su visi\u00f3n personal de que debe permitirse que ellos hagan lo que quieran, que la gente debe respetarles, me pregunto por qu\u00e9 operarse y cambiarse el sexo biol\u00f3gico. Por qu\u00e9 no decir simplemente \u201csoy una mujer\u201d, y vestirte como una mujer, y salir a la calle como una mujer.<\/em><\/p>\n\n\n\n<p><em>\u00bbEso adem\u00e1s comportar\u00e1 unas ventajas a\u00f1adidas: me pregunto por qu\u00e9 soportar estas intervenciones tan serias. La mayor\u00eda de estas intervenciones son, dig\u00e1moslo bien alto, no demasiado buenas. Y tampoco tienen resultados demasiado buenos al final del d\u00eda, y por supuestos no demasiado agradables a la vista. Me pregunto, no s\u00e9, por qu\u00e9 no te maquillas como una mujer y sales a la calle como una mujer<\/em>.<\/p>\n\n\n\n<p>\u00bb<em>Y eso es precisamente lo que va a ocurrir. Porque no mucha gente va a querer pasar por todo ese proceso. Nosotros los m\u00e9dicos sabemos que los tratamientos conllevan problemas. Y en particular los tratamientos que surgen de una teor\u00eda. Y ese es exactamente el motivo por el cual hemos desarrollado una medicina basada en la evidencia, con ensayos, a veces ensayos a ciegas, seguimientos a largo plazo y cosas por el estilo, y esta evidencia no se est\u00e1 utilizando. Dicen: \u201cah, bueno, estamos haciendo esto y hemos tenido buena suerte\u201d. Pero no hacen un estudio comparativo y no est\u00e1n siguiendo estos casos lo suficiente en el tiempo<\/em>.<\/p>\n\n\n\n<p><em>Continuar\u00e1 en partes ii y iii<\/em><\/p>\n","protected":false},"excerpt":{"rendered":"<p>Conversaci\u00f3n con el Dr. Paul R. McHugh tras la publicaci\u00f3n del ya famoso Informe Mayer, lo m\u00e1s completo publicado sobre la evidencia cient\u00edfica en el \u00e1rea de identidad de g\u00e9nero y sexualidad humana.<\/p>\n","protected":false},"author":624,"featured_media":76565,"comment_status":"open","ping_status":"open","sticky":false,"template":"","format":"standard","meta":{"give_campaign_id":0,"om_disable_all_campaigns":false,"_monsterinsights_skip_tracking":false,"_monsterinsights_sitenote_active":false,"_monsterinsights_sitenote_note":"","_monsterinsights_sitenote_category":0,"mc4wp_mailchimp_campaign":[],"jnews-multi-image_gallery":[],"jnews_single_post":{"subtitle":"Conversaci\u00f3n con el Dr. Paul R. McHugh tras la publicaci\u00f3n del ya famoso Informe Mayer, lo m\u00e1s completo publicado sobre la evidencia cient\u00edfica en el \u00e1rea de identidad de g\u00e9nero y sexualidad humana.","format":"standard","video":"","gallery":"","source_name":"","source_url":"","via_name":"","via_url":"","override_template":"0","override":[{"template":"2","single_blog_custom":"","parallax":"1","fullscreen":"1","layout":"right-sidebar-narrow","sidebar":"","second_sidebar":"","sticky_sidebar":"1","share_position":"","share_float_style":"","show_share_counter":"1","show_view_counter":"1","show_featured":"1","show_post_meta":"1","show_post_author":"1","show_post_author_image":"1","show_post_date":"1","post_date_format":"","post_date_format_custom":"","show_post_category":"1","show_post_reading_time":"1","post_reading_time_wpm":"","show_zoom_button":"0","zoom_button_out_step":"1","zoom_button_in_step":"1","show_post_tag":"1","show_prev_next_post":"0","show_popup_post":"0","number_popup_post":"1","show_author_box":"1","show_post_related":"0","show_inline_post_related":"0"}],"override_image_size":"0","image_override":[{"single_post_thumbnail_size":"","single_post_gallery_size":""}],"trending_post":"0","trending_post_position":"","trending_post_label":"","sponsored_post":"0","sponsored_post_label":"","sponsored_post_name":"","sponsored_post_url":"","sponsored_post_logo_enable":"0","sponsored_post_logo":"","sponsored_post_desc":"","disable_ad":"0"},"jnews_primary_category":{"id":"","hide":""},"jnews_social_meta":{"fb_title":"","fb_description":"","fb_image":"","twitter_title":"","twitter_description":"","twitter_image":""},"jnews_override_counter":{"override_view_counter":"0","view_counter_number":"0","override_share_counter":"0","share_counter_number":"0","override_like_counter":"0","like_counter_number":"0","override_dislike_counter":"0","dislike_counter_number":"0"},"footnotes":""},"categories":[772,810,815],"tags":[],"class_list":["post-76561","post","type-post","status-publish","format-standard","has-post-thumbnail","hentry","category-ciencias","category-foreground-es","category-breaking-news-es"],"yoast_head":"<!-- This site is optimized with the Yoast SEO Premium plugin v25.9 (Yoast SEO v27.3) - https:\/\/yoast.com\/product\/yoast-seo-premium-wordpress\/ -->\n<title>Dr. Paul McHugh: \u00abEn los temas de g\u00e9nero la ciencia tiene que ir primero, no la ideolog\u00eda\u00bb (i) - IFN<\/title>\n<meta name=\"description\" content=\"Conversaci\u00f3n con el Dr. Paul R. McHugh tras la publicaci\u00f3n del informe Mayer, sobre la evidencia cient\u00edfica en el \u00e1rea de identidad de g\u00e9nero.\" \/>\n<meta name=\"robots\" content=\"index, follow, max-snippet:-1, max-image-preview:large, max-video-preview:-1\" \/>\n<link rel=\"canonical\" href=\"https:\/\/ifamnews.com\/es\/dr-paul-mchugh-en-los-temas-de-g-nero-la-ciencia-tiene-que-ir-primero-no-la-ideolog-a-i-\" \/>\n<meta property=\"og:locale\" content=\"es_ES\" \/>\n<meta property=\"og:type\" content=\"article\" \/>\n<meta property=\"og:title\" content=\"Dr. Paul McHugh: \u00abEn los temas de g\u00e9nero la ciencia tiene que ir primero, no la ideolog\u00eda\u00bb (i)\" \/>\n<meta property=\"og:description\" content=\"Conversaci\u00f3n con el Dr. Paul R. McHugh tras la publicaci\u00f3n del informe Mayer, sobre la evidencia cient\u00edfica en el \u00e1rea de identidad de g\u00e9nero.\" \/>\n<meta property=\"og:url\" content=\"https:\/\/ifamnews.com\/es\/dr-paul-mchugh-en-los-temas-de-g-nero-la-ciencia-tiene-que-ir-primero-no-la-ideolog-a-i-\" \/>\n<meta property=\"og:site_name\" content=\"IFN\" \/>\n<meta property=\"article:publisher\" content=\"https:\/\/www.facebook.com\/iFamNews\" \/>\n<meta property=\"article:published_time\" content=\"2021-06-11T05:00:00+00:00\" \/>\n<meta property=\"article:modified_time\" content=\"2023-08-28T16:25:32+00:00\" \/>\n<meta property=\"og:image\" content=\"https:\/\/ifamnews.com\/wp-content\/uploads\/2021\/06\/1471993998965-cached_orig.png\" \/>\n\t<meta property=\"og:image:width\" content=\"1200\" \/>\n\t<meta property=\"og:image:height\" content=\"675\" \/>\n\t<meta property=\"og:image:type\" content=\"image\/png\" \/>\n<meta name=\"author\" content=\"Jordi Picazo\" \/>\n<meta name=\"twitter:card\" content=\"summary_large_image\" \/>\n<meta name=\"twitter:creator\" content=\"@iFamNewsEN\" \/>\n<meta name=\"twitter:site\" content=\"@iFamNewsEN\" \/>\n<meta name=\"twitter:label1\" content=\"Escrito por\" \/>\n\t<meta name=\"twitter:data1\" content=\"Jordi Picazo\" \/>\n\t<meta name=\"twitter:label2\" content=\"Tiempo de lectura\" \/>\n\t<meta name=\"twitter:data2\" content=\"7 minutos\" \/>\n<!-- \/ Yoast SEO Premium plugin. -->","yoast_head_json":{"title":"Dr. Paul McHugh: \u00abEn los temas de g\u00e9nero la ciencia tiene que ir primero, no la ideolog\u00eda\u00bb (i) - IFN","description":"Conversaci\u00f3n con el Dr. Paul R. McHugh tras la publicaci\u00f3n del informe Mayer, sobre la evidencia cient\u00edfica en el \u00e1rea de identidad de g\u00e9nero.","robots":{"index":"index","follow":"follow","max-snippet":"max-snippet:-1","max-image-preview":"max-image-preview:large","max-video-preview":"max-video-preview:-1"},"canonical":"https:\/\/ifamnews.com\/es\/dr-paul-mchugh-en-los-temas-de-g-nero-la-ciencia-tiene-que-ir-primero-no-la-ideolog-a-i-","og_locale":"es_ES","og_type":"article","og_title":"Dr. Paul McHugh: \u00abEn los temas de g\u00e9nero la ciencia tiene que ir primero, no la ideolog\u00eda\u00bb (i)","og_description":"Conversaci\u00f3n con el Dr. Paul R. McHugh tras la publicaci\u00f3n del informe Mayer, sobre la evidencia cient\u00edfica en el \u00e1rea de identidad de g\u00e9nero.","og_url":"https:\/\/ifamnews.com\/es\/dr-paul-mchugh-en-los-temas-de-g-nero-la-ciencia-tiene-que-ir-primero-no-la-ideolog-a-i-","og_site_name":"IFN","article_publisher":"https:\/\/www.facebook.com\/iFamNews","article_published_time":"2021-06-11T05:00:00+00:00","article_modified_time":"2023-08-28T16:25:32+00:00","og_image":[{"width":1200,"height":675,"url":"https:\/\/ifamnews.com\/wp-content\/uploads\/2021\/06\/1471993998965-cached_orig.png","type":"image\/png"}],"author":"Jordi Picazo","twitter_card":"summary_large_image","twitter_creator":"@iFamNewsEN","twitter_site":"@iFamNewsEN","twitter_misc":{"Escrito por":"Jordi Picazo","Tiempo de lectura":"7 minutos"},"schema":{"@context":"https:\/\/schema.org","@graph":[{"@type":"NewsArticle","@id":"https:\/\/ifamnews.com\/es\/dr-paul-mchugh-en-los-temas-de-g-nero-la-ciencia-tiene-que-ir-primero-no-la-ideolog-a-i-#article","isPartOf":{"@id":"https:\/\/ifamnews.com\/es\/dr-paul-mchugh-en-los-temas-de-g-nero-la-ciencia-tiene-que-ir-primero-no-la-ideolog-a-i-"},"author":{"name":"Jordi Picazo","@id":"https:\/\/ifamnews.com\/en\/#\/schema\/person\/184bb4bf889aafda4f1b7bb5c55062ce"},"headline":"Dr. Paul McHugh: \u00abEn los temas de g\u00e9nero la ciencia tiene que ir primero, no la ideolog\u00eda\u00bb (i)","datePublished":"2021-06-11T05:00:00+00:00","dateModified":"2023-08-28T16:25:32+00:00","mainEntityOfPage":{"@id":"https:\/\/ifamnews.com\/es\/dr-paul-mchugh-en-los-temas-de-g-nero-la-ciencia-tiene-que-ir-primero-no-la-ideolog-a-i-"},"wordCount":1527,"commentCount":0,"publisher":{"@id":"https:\/\/ifamnews.com\/en\/#organization"},"image":{"@id":"https:\/\/ifamnews.com\/es\/dr-paul-mchugh-en-los-temas-de-g-nero-la-ciencia-tiene-que-ir-primero-no-la-ideolog-a-i-#primaryimage"},"thumbnailUrl":"https:\/\/ifamnews.com\/wp-content\/uploads\/2021\/06\/1471993998965-cached_orig.png","articleSection":["Ciencia","Foreground","\u00daLTIMAS NOTICIAS"],"inLanguage":"es","potentialAction":[{"@type":"CommentAction","name":"Comment","target":["https:\/\/ifamnews.com\/es\/dr-paul-mchugh-en-los-temas-de-g-nero-la-ciencia-tiene-que-ir-primero-no-la-ideolog-a-i-#respond"]}]},{"@type":"WebPage","@id":"https:\/\/ifamnews.com\/es\/dr-paul-mchugh-en-los-temas-de-g-nero-la-ciencia-tiene-que-ir-primero-no-la-ideolog-a-i-","url":"https:\/\/ifamnews.com\/es\/dr-paul-mchugh-en-los-temas-de-g-nero-la-ciencia-tiene-que-ir-primero-no-la-ideolog-a-i-","name":"Dr. Paul McHugh: \u00abEn los temas de g\u00e9nero la ciencia tiene que ir primero, no la ideolog\u00eda\u00bb (i) - IFN","isPartOf":{"@id":"https:\/\/ifamnews.com\/en\/#website"},"primaryImageOfPage":{"@id":"https:\/\/ifamnews.com\/es\/dr-paul-mchugh-en-los-temas-de-g-nero-la-ciencia-tiene-que-ir-primero-no-la-ideolog-a-i-#primaryimage"},"image":{"@id":"https:\/\/ifamnews.com\/es\/dr-paul-mchugh-en-los-temas-de-g-nero-la-ciencia-tiene-que-ir-primero-no-la-ideolog-a-i-#primaryimage"},"thumbnailUrl":"https:\/\/ifamnews.com\/wp-content\/uploads\/2021\/06\/1471993998965-cached_orig.png","datePublished":"2021-06-11T05:00:00+00:00","dateModified":"2023-08-28T16:25:32+00:00","description":"Conversaci\u00f3n con el Dr. Paul R. McHugh tras la publicaci\u00f3n del informe Mayer, sobre la evidencia cient\u00edfica en el \u00e1rea de identidad de g\u00e9nero.","breadcrumb":{"@id":"https:\/\/ifamnews.com\/es\/dr-paul-mchugh-en-los-temas-de-g-nero-la-ciencia-tiene-que-ir-primero-no-la-ideolog-a-i-#breadcrumb"},"inLanguage":"es","potentialAction":[{"@type":"ReadAction","target":["https:\/\/ifamnews.com\/es\/dr-paul-mchugh-en-los-temas-de-g-nero-la-ciencia-tiene-que-ir-primero-no-la-ideolog-a-i-"]}]},{"@type":"ImageObject","inLanguage":"es","@id":"https:\/\/ifamnews.com\/es\/dr-paul-mchugh-en-los-temas-de-g-nero-la-ciencia-tiene-que-ir-primero-no-la-ideolog-a-i-#primaryimage","url":"https:\/\/ifamnews.com\/wp-content\/uploads\/2021\/06\/1471993998965-cached_orig.png","contentUrl":"https:\/\/ifamnews.com\/wp-content\/uploads\/2021\/06\/1471993998965-cached_orig.png","width":1200,"height":675},{"@type":"BreadcrumbList","@id":"https:\/\/ifamnews.com\/es\/dr-paul-mchugh-en-los-temas-de-g-nero-la-ciencia-tiene-que-ir-primero-no-la-ideolog-a-i-#breadcrumb","itemListElement":[{"@type":"ListItem","position":1,"name":"Home","item":"https:\/\/ifamnews.com\/de"},{"@type":"ListItem","position":2,"name":"Science","item":"https:\/\/ifamnews.com\/en\/category\/science"},{"@type":"ListItem","position":3,"name":"Dr. Paul McHugh: \u00abEn los temas de g\u00e9nero la ciencia tiene que ir primero, no la ideolog\u00eda\u00bb (i)"}]},{"@type":"WebSite","@id":"https:\/\/ifamnews.com\/en\/#website","url":"https:\/\/ifamnews.com\/en\/","name":"IFN","description":"International Family News Network","publisher":{"@id":"https:\/\/ifamnews.com\/en\/#organization"},"potentialAction":[{"@type":"SearchAction","target":{"@type":"EntryPoint","urlTemplate":"https:\/\/ifamnews.com\/en\/?s={search_term_string}"},"query-input":{"@type":"PropertyValueSpecification","valueRequired":true,"valueName":"search_term_string"}}],"inLanguage":"es"},{"@type":"Organization","@id":"https:\/\/ifamnews.com\/en\/#organization","name":"iFamNews","url":"https:\/\/ifamnews.com\/en\/","logo":{"@type":"ImageObject","inLanguage":"es","@id":"https:\/\/ifamnews.com\/en\/#\/schema\/logo\/image\/","url":"https:\/\/ifamnews.com\/wp-content\/uploads\/2020\/01\/Share-logo.png","contentUrl":"https:\/\/ifamnews.com\/wp-content\/uploads\/2020\/01\/Share-logo.png","width":200,"height":200,"caption":"iFamNews"},"image":{"@id":"https:\/\/ifamnews.com\/en\/#\/schema\/logo\/image\/"},"sameAs":["https:\/\/www.facebook.com\/iFamNews","https:\/\/x.com\/iFamNewsEN"]},{"@type":"Person","@id":"https:\/\/ifamnews.com\/en\/#\/schema\/person\/184bb4bf889aafda4f1b7bb5c55062ce","name":"Jordi Picazo","image":{"@type":"ImageObject","inLanguage":"es","@id":"https:\/\/secure.gravatar.com\/avatar\/3cb23dfac643f3809994691f3080b5f408e791206e75c0776302768f688dfb05?s=96&d=mm&r=g","url":"https:\/\/secure.gravatar.com\/avatar\/3cb23dfac643f3809994691f3080b5f408e791206e75c0776302768f688dfb05?s=96&d=mm&r=g","contentUrl":"https:\/\/secure.gravatar.com\/avatar\/3cb23dfac643f3809994691f3080b5f408e791206e75c0776302768f688dfb05?s=96&d=mm&r=g","caption":"Jordi Picazo"},"description":"Jordi Picazo is a Spanish-born journalist. He holds a BA (Hons) and MA in English Philology from the University of Barcelona (1986) and holds the Qualified Teacher Status in the United Kingdom. He has worked as a teacher of Spanish and English in Spain and the United Kingdom. He has also studied the subjects of the Ecclesiastical Baccalaureate of Philosophy. He did doctoral studies in Social Psychology of Language at the University of London (1990-95) and taught at Harrow School. He is a Member of the Chartered Institute of Journalists of the United Kingdom and of the Il.lustre Col.legi de Periodistes de Catalunya, Spain; also a member of the RNA (Religion News Association) in the USA, among others. Jordi also holds an MA in Corporate Communication, Protocol management, and Event planning at the UOC University in Spain (2024). Author of 9 books, he has collaborated with several online news outlets. Proud father of two.","sameAs":["https:\/\/jordipicazo.com","https:\/\/linkedin.com\/in\/jordipicazosalomo\/","azulueta"],"honorificSuffix":"BA (Hons), MA, PGCE, MCIJ","gender":"Male","url":"https:\/\/ifamnews.com\/es\/author\/jordi-picazo"}]}},"amp_enabled":true,"_links":{"self":[{"href":"https:\/\/ifamnews.com\/es\/wp-json\/wp\/v2\/posts\/76561","targetHints":{"allow":["GET"]}}],"collection":[{"href":"https:\/\/ifamnews.com\/es\/wp-json\/wp\/v2\/posts"}],"about":[{"href":"https:\/\/ifamnews.com\/es\/wp-json\/wp\/v2\/types\/post"}],"author":[{"embeddable":true,"href":"https:\/\/ifamnews.com\/es\/wp-json\/wp\/v2\/users\/624"}],"replies":[{"embeddable":true,"href":"https:\/\/ifamnews.com\/es\/wp-json\/wp\/v2\/comments?post=76561"}],"version-history":[{"count":4,"href":"https:\/\/ifamnews.com\/es\/wp-json\/wp\/v2\/posts\/76561\/revisions"}],"predecessor-version":[{"id":209914,"href":"https:\/\/ifamnews.com\/es\/wp-json\/wp\/v2\/posts\/76561\/revisions\/209914"}],"wp:featuredmedia":[{"embeddable":true,"href":"https:\/\/ifamnews.com\/es\/wp-json\/wp\/v2\/media\/76565"}],"wp:attachment":[{"href":"https:\/\/ifamnews.com\/es\/wp-json\/wp\/v2\/media?parent=76561"}],"wp:term":[{"taxonomy":"category","embeddable":true,"href":"https:\/\/ifamnews.com\/es\/wp-json\/wp\/v2\/categories?post=76561"},{"taxonomy":"post_tag","embeddable":true,"href":"https:\/\/ifamnews.com\/es\/wp-json\/wp\/v2\/tags?post=76561"}],"curies":[{"name":"wp","href":"https:\/\/api.w.org\/{rel}","templated":true}]}}