{"id":72032,"date":"2021-05-31T01:00:00","date_gmt":"2021-05-31T05:00:00","guid":{"rendered":"https:\/\/ifamnews.com\/?p=72032"},"modified":"2021-05-15T03:19:58","modified_gmt":"2021-05-15T07:19:58","slug":"familia-ten-is-carta-de-juan-pablo-ii-la-familia-es-i-","status":"publish","type":"post","link":"https:\/\/ifamnews.com\/es\/familia-ten-is-carta-de-juan-pablo-ii-la-familia-es-i-","title":{"rendered":"Familia, ten\u00e9is carta de Juan Pablo II: \u00abla familia es\u2026\u00bb (i)"},"content":{"rendered":"\n<p>La carta de un gigante del amor a las familias<\/p>\n\n\n\n<p>En este <a href=\"https:\/\/www.laityfamilylife.va\/content\/laityfamilylife\/es\/amoris-laetitia.html\">A\u00f1o de las Familias<\/a> que viven los cristianos cat\u00f3licos, y siempre todas las familias, vale la pena a las familias sentarse a la mesa a leer la carta que en 1994 les mand\u00f3 un amigo. Un amigo que fue papa de la Iglesia cat\u00f3lica 23 a\u00f1os, y que parti\u00f3 para quedarse un 2 de abril de 2005, a la casa del Padre. Una carta rebosante de amor por las familias, y de comprensi\u00f3n y energ\u00eda espiritual para sus quebraderos de cabeza diarios. Una carta en que Juan Pablo II mira a la familia a los ojos, la llama por su nombre, \u00ab<strong><em>La familia es<\/em><\/strong>\u2026\u00bb, insistentemente. En esta recopilaci\u00f3n de palabras de amor de Juan Pablo II a las familias, cito los pasajes relevantes de su hermosa carta llamada <em><a href=\"https:\/\/www.vatican.va\/content\/john-paul-ii\/es\/letters\/1994\/documents\/hf_jp-ii_let_02021994_families.html\">Gratissimam Sane<\/a><\/em>.<\/p>\n\n\n\n<p><strong>\u00abAMAD\u00cdSIMAS FAMILIAS: <em>LA FAMILIA ES<\/em> EL PRIMER CAMINO Y EL M\u00c1S IMPORTANTE\u00bb<\/strong><\/p>\n\n\n\n<p><em>Entre los numerosos caminos, <strong>la familia es<\/strong> <strong>el primero y el m\u00e1s importante<\/strong>. Es un camino com\u00fan, aunque particular, \u00fanico e irrepetible, como irrepetible es todo hombre; un camino del cual no puede alejarse el ser humano. En efecto, <strong>\u00e9l viene al mundo en el seno de una familia<\/strong>, por lo cual puede decirse que debe a ella el hecho mismo de existir como hombre. <strong>Cuando falta la familia, se crea en la persona que viene al mundo una carencia<\/strong> preocupante y dolorosa que pesar\u00e1 posteriormente durante toda la vida.<\/em><\/p>\n\n\n\n<p><strong>EL A\u00d1O DE LA FAMILIA<\/strong><\/p>\n\n\n\n<p><strong><em>Precisamente por estos motivos la Iglesia acoge con gozo la iniciativa, promovida por la Organizaci\u00f3n de las Naciones Unidas, de proclamar el 1994 A\u00f1o internacional de la familia<\/em><\/strong><em>. Tal iniciativa pone de manifiesto que la cuesti\u00f3n familiar es fundamental para los Estados miembros de la ONU. Si la Iglesia toma parte en esta iniciativa es porque ha sido enviada por Cristo a \u00abtodas las gentes\u00bb (Mt 28, 19).<\/em><\/p>\n\n\n\n<p><em>En la fiesta de la Sagrada Familia de 1993 se inaugur\u00f3 en toda la comunidad eclesial <strong>el \u00abA\u00f1o de la familia\u00bb<\/strong>, como una de las etapas significativas en el itinerario de preparaci\u00f3n para el gran jubileo del a\u00f1o 2000, que se\u00f1alar\u00e1 el fin del segundo y el inicio del tercer milenio del nacimiento de Jesucristo. <strong>Este A\u00f1o debe orientar nuestros pensamientos y nuestros corazones hacia Nazaret<\/strong>, donde el 26 de diciembre pasado ha sido inaugurado con una solemne celebraci\u00f3n eucar\u00edstica, presidida por el delegado pontificio.<\/em><\/p>\n\n\n\n<p><strong>LA ALIANZA CONYUGAL: \u00ab<em>LA FAMILIA ES<\/em> UNA COMUNIDAD DE PERSONAS\u00bb<\/strong><\/p>\n\n\n\n<p><em>L<strong>a familia es<\/strong> una comunidad de personas, para las cuales <strong>el propio modo de existir y vivir juntos es la comuni\u00f3n<\/strong>: communio personarum. Tambi\u00e9n aqu\u00ed, salvando la absoluta trascendencia del Creador respecto de la criatura, emerge la referencia ejemplar al \u00abNosotros\u00bb divino.<\/em><\/p>\n\n\n\n<p><em>En virtud de esta comuni\u00f3n, <strong>la familia est\u00e1<\/strong> llamada a ser <strong>comunidad de personas<\/strong>. Es un compromiso que los novios asumen \u00abante Dios y su Iglesia\u00bb, como les recuerda el celebrante en el momento de expresarse mutuamente el consentimiento. De este compromiso son testigos quienes participan en el rito; en ellos est\u00e1n representadas, en cierto modo, la Iglesia y la sociedad, \u00e1mbitos vitales de la nueva familia.<\/em><\/p>\n\n\n\n<p><strong>\u00ab<em>LA FAMILIA ES<\/em>, COMUNIDAD ORANTE, COMUNIDAD DE GENERACIONES\u00bb<\/strong><\/p>\n\n\n\n<p><strong><em>La<\/em><\/strong><strong><em> familia es<\/em><\/strong><em> comunidad de generaciones. En la oraci\u00f3n todos deben estar presentes: los que viven y quienes ya han muerto, como tambi\u00e9n los que a\u00fan tienen que venir al mundo. Es preciso que en la familia se ore por cada uno, seg\u00fan la medida del bien que para \u00e9l constituye la familia y del bien que \u00e9l constituye para la familia. En la oraci\u00f3n, la <strong>familia<\/strong> se encuentra como el primer \u00ab<strong>nosotros<\/strong>\u00bb en el que cada uno es \u00ab<strong>yo<\/strong>\u00bb y \u00abt\u00fa<strong>\u00bb;<\/strong> cada uno es para el otro marido o mujer, padre o madre, hijo o hija, hermano o hermana, abuelo o nieto.<\/em><\/p>\n\n\n\n<p><em>L<strong>a familia es<\/strong> \u2014m\u00e1s que cualquier otra realidad social\u2014 <strong>el ambiente en que el hombre puede vivir \u00ab por s\u00ed mismo\u00bb<\/strong> a trav\u00e9s de la entrega sincera de s\u00ed. Por esto, <strong>la familia es<\/strong> una instituci\u00f3n social que no se puede ni se debe sustituir: es \u00ab<strong>el santuario de la vida<\/strong>\u00bb.<\/em><\/p>\n\n\n\n<p><strong>DOS CIVILIZACIONES: \u00ab<em>LA FAMILIA ES<\/em> EL CENTRO Y EL CORAZ\u00d3N DE LA CIVILIZACI\u00d3N DEL AMOR\u00bb<\/strong><\/p>\n\n\n\n<p><em>Si el primer \u00ab<strong>camino de la Iglesia\u00bb es la familia<\/strong>, conviene a\u00f1adir que lo es tambi\u00e9n <strong>la civilizaci\u00f3n del amor<\/strong>, pues la Iglesia camina por el mundo y llama a seguir este camino a las familias y a las otras instituciones sociales, nacionales e internacionales, precisamente en funci\u00f3n de las familias y por medio de ellas. (\u2026) <strong>L<\/strong><strong>a familia es<\/strong> el centro y el coraz\u00f3n de la civilizaci\u00f3n del amor.<\/em><\/p>\n\n\n\n<p><em>La <strong>civilizaci\u00f3n del amor<\/strong> evoca la <strong>alegr\u00eda<\/strong>: <strong>alegr\u00eda<\/strong>, entre otras cosas, <strong>porque un hombre viene al mundo<\/strong> (cf. Jn 16, 21) y, consiguientemente, <strong>porque los esposos llegan a ser padres<\/strong>. Civilizaci\u00f3n del amor significa \u00ab<strong>alegrarse con la verdad<\/strong>\u00bb (cf. 1 Co 13, 6); pero una civilizaci\u00f3n inspirada en una mentalidad consumista y antinatalista no es ni puede ser nunca una civilizaci\u00f3n del amor.<\/em><\/p>\n\n\n\n<p><em>Si <strong>la familia es<\/strong> tan importante para la civilizaci\u00f3n del amor, lo es <strong>por la particular cercan\u00eda e intensidad de los v\u00ednculos que se instauran en ella entre las personas y las generaciones<\/strong>. Sin embargo<strong>, es vulnerable y puede sufrir<\/strong> f\u00e1cilmente los peligros que debilitan o incluso destruyen su unidad y estabilidad. Debido a tales peligros, las familias dejan de dar testimonio de la civilizaci\u00f3n del amor e incluso pueden ser su negaci\u00f3n, una especie de antitestimonio. Una familia disgregada puede, a su vez, generar una forma concreta de \u00abanticivilizaci\u00f3n\u00bb, destruyendo el amor en los diversos \u00e1mbitos en los que se expresa, con inevitables repercusiones en el conjunto de la vida social.<\/em><\/p>\n\n\n\n<p><strong>\u00abEL AMOR ES EXIGENTE: <em>LA FAMILIA ES<\/em> EL CAMINO DE LA IGLESIA\u00bb<\/strong><\/p>\n\n\n\n<p><strong><em>La familia es<\/em><\/strong><em> el camino de la Iglesia. En esta carta deseo profesar y anunciar a la vez este camino que, a trav\u00e9s de la vida conyugal y familiar, lleva al reino de los cielos (cf. Mt 7, 14). Es importante que la <strong>comuni\u00f3n de las personas<\/strong> en la familia sea preparaci\u00f3n para la <strong>comuni\u00f3n de los santos<\/strong>. Por esto la Iglesia confiesa y anuncia el <strong>amor que todo lo soporta<\/strong>, viendo en \u00e9l, con san Pablo, la virtud mayor (cf. 1 Co 13, 7. 13).<\/em><\/p>\n\n\n\n<p><strong>\u00abCUARTO MANDAMIENTO: <em>LA FAMILIA ES<\/em> UNA COMUNIDAD DE RELACIONES INTERPERSONALES\u00bb<\/strong><\/p>\n\n\n\n<p><strong><em>La familia es una comunidad de relaciones interpersonales particularmente intensas: entre esposos, entre padres e hijos, entre generaciones. <\/em><\/strong><em>En su formulaci\u00f3n <\/em>[del cuarto mandamiento]<em> no se habla expl\u00edcitamente de la familia; pero, de hecho, se trata precisamente de ella. Para expresar la comuni\u00f3n entre generaciones, el divino Legislador no encontr\u00f3 palabra m\u00e1s apropiada que \u00e9sta: \u00ab<strong>Honra&#8230;<\/strong>\u00bb (Ex 20, 12). (\u2026) Dicha formulaci\u00f3n no la exalta \u00abartificialmente\u00bb, sino que ilumina su subjetividad y los derechos que derivan de ello. <strong>La familia es<\/strong> una comunidad de relaciones interpersonales particularmente intensas: entre esposos, entre padres e hijos, entre generaciones. Es una comunidad que ha de ser especialmente garantizada. Y Dios no encuentra garant\u00eda mejor que \u00e9sta: \u00ab<strong>Honra<\/strong>\u00bb.<\/em><\/p>\n\n\n\n<p><strong>\u00ab<em>LA FAMILIA ES<\/em> SUJETO M\u00c1S QUE OTRAS INSTITUCIONES SOCIALES\u00bb<\/strong><\/p>\n\n\n\n<p><em>La familia realiza, ante todo, el bien del \u00ab<strong>estar juntos<\/strong>\u00bb, bien por excelencia del matrimonio (de ah\u00ed su indisolubilidad) y de la comunidad familiar. Se lo podr\u00eda definir, adem\u00e1s, como bien de los sujetos. En efecto, la persona es un sujeto y lo es tambi\u00e9n la familia, al estar constituida por personas que, unidas por un profundo v\u00ednculo de comuni\u00f3n, forman un \u00fanico sujeto comunitario. Asimismo, <strong>la familia es<\/strong> sujeto m\u00e1s que otras instituciones sociales: lo es m\u00e1s que la naci\u00f3n, que el Estado, m\u00e1s que la sociedad y que las organizaciones internacionales. (\u2026) Y esto se deduce tambi\u00e9n del <strong>cuarto mandamiento<\/strong>.<\/em><\/p>\n\n\n\n<p><em>En el designio de Dios <strong>la familia es<\/strong>, bajo muchos aspectos, <strong>la primera escuela del ser humano<\/strong>. \u00a1<strong>S\u00e9 hombre<\/strong>! \u2014es el imperativo que en ella se transmite\u2014, <strong>hombre como hijo de la patria<\/strong>, como <strong>ciudadano del Estado<\/strong> y, se dice hoy, como <strong>ciudadano del mundo<\/strong>. Quien ha dado el cuarto mandamiento a la humanidad es un Dios \u00abben\u00e9volo\u00bb con el hombre, (filanthropos, dec\u00edan los griegos).<\/em><\/p>\n\n\n\n<p><strong><em>La familia es<\/em><\/strong> expresi\u00f3n y fuente de este amor; a trav\u00e9s de ella pasa la corriente principal de la civilizaci\u00f3n del amor, que encuentra en la familia sus \u00abbases sociales\u00bb.<\/p>\n","protected":false},"excerpt":{"rendered":"<p>En esta recopilaci\u00f3n de palabras de amor de Juan Pablo II a las familias, cito los pasajes relevantes de su hermosa carta llamada Gratissimam Sane.<\/p>\n","protected":false},"author":624,"featured_media":72033,"comment_status":"open","ping_status":"open","sticky":false,"template":"","format":"standard","meta":{"give_campaign_id":0,"om_disable_all_campaigns":false,"_monsterinsights_skip_tracking":false,"_monsterinsights_sitenote_active":false,"_monsterinsights_sitenote_note":"","_monsterinsights_sitenote_category":0,"mc4wp_mailchimp_campaign":[],"jnews-multi-image_gallery":[],"jnews_single_post":{"subtitle":"En esta recopilaci\u00f3n de palabras de amor de Juan Pablo II a las familias, cito los pasajes relevantes de su hermosa carta llamada Gratissimam Sane.","format":"standard","video":"","gallery":"","source_name":"","source_url":"","via_name":"","via_url":"","override":[{"single_blog_custom":"","sidebar":"","second_sidebar":"","share_position":"","share_float_style":"","post_date_format":"","post_date_format_custom":"","post_reading_time_wpm":"","zoom_button_out_step":"1","zoom_button_in_step":"1","number_popup_post":"1"}],"image_override":[{"single_post_thumbnail_size":"","single_post_gallery_size":""}],"trending_post_position":"","trending_post_label":"","sponsored_post_label":"","sponsored_post_name":"","sponsored_post_url":"","sponsored_post_logo":"","sponsored_post_desc":""},"jnews_primary_category":{"id":""},"jnews_social_meta":{"fb_title":"","fb_description":"","fb_image":"","twitter_title":"","twitter_description":"","twitter_image":""},"jnews_override_counter":{"view_counter_number":"0","share_counter_number":"0","like_counter_number":"0","dislike_counter_number":"0"},"footnotes":""},"categories":[775,810,815],"tags":[963,9002,3506],"class_list":["post-72032","post","type-post","status-publish","format-standard","has-post-thumbnail","hentry","category-familia","category-foreground-es","category-breaking-news-es","tag-familia","tag-jordi-picazo","tag-juan-pablo-ii"],"yoast_head":"<!-- This site is optimized with the Yoast SEO Premium plugin v25.9 (Yoast SEO v27.3) - https:\/\/yoast.com\/product\/yoast-seo-premium-wordpress\/ -->\n<title>Familia, ten\u00e9is carta de Juan Pablo II: \u00abla familia es\u2026\u00bb (i) - IFN<\/title>\n<meta name=\"description\" content=\"En esta recopilaci\u00f3n de palabras de amor de Juan Pablo II a las familias, cito los pasajes de su hermosa carta llamada Gratissimam Sane.\" \/>\n<meta name=\"robots\" content=\"index, follow, max-snippet:-1, max-image-preview:large, max-video-preview:-1\" \/>\n<link rel=\"canonical\" href=\"https:\/\/ifamnews.com\/es\/familia-ten-is-carta-de-juan-pablo-ii-la-familia-es-i-\" \/>\n<meta property=\"og:locale\" content=\"es_ES\" \/>\n<meta property=\"og:type\" content=\"article\" \/>\n<meta property=\"og:title\" content=\"Familia, ten\u00e9is carta de Juan Pablo II: \u00abla familia es\u2026\u00bb (i)\" \/>\n<meta property=\"og:description\" content=\"En esta recopilaci\u00f3n de palabras de amor de Juan Pablo II a las familias, cito los pasajes de su hermosa carta llamada Gratissimam Sane.\" \/>\n<meta property=\"og:url\" content=\"https:\/\/ifamnews.com\/es\/familia-ten-is-carta-de-juan-pablo-ii-la-familia-es-i-\" \/>\n<meta property=\"og:site_name\" content=\"IFN\" \/>\n<meta property=\"article:publisher\" content=\"https:\/\/www.facebook.com\/iFamNews\" \/>\n<meta property=\"article:published_time\" content=\"2021-05-31T05:00:00+00:00\" \/>\n<meta property=\"og:image\" content=\"https:\/\/ifamnews.com\/wp-content\/uploads\/2021\/05\/cq5dam.thumbnail.cropped.1000.563.png\" \/>\n\t<meta property=\"og:image:width\" content=\"1199\" \/>\n\t<meta property=\"og:image:height\" content=\"675\" \/>\n\t<meta property=\"og:image:type\" content=\"image\/png\" \/>\n<meta name=\"author\" content=\"Jordi Picazo\" \/>\n<meta name=\"twitter:card\" content=\"summary_large_image\" \/>\n<meta name=\"twitter:creator\" content=\"@iFamNewsEN\" \/>\n<meta name=\"twitter:site\" content=\"@iFamNewsEN\" \/>\n<meta name=\"twitter:label1\" content=\"Escrito por\" \/>\n\t<meta name=\"twitter:data1\" content=\"Jordi Picazo\" \/>\n\t<meta name=\"twitter:label2\" content=\"Tiempo de lectura\" \/>\n\t<meta name=\"twitter:data2\" content=\"7 minutos\" \/>\n<!-- \/ Yoast SEO Premium plugin. -->","yoast_head_json":{"title":"Familia, ten\u00e9is carta de Juan Pablo II: \u00abla familia es\u2026\u00bb (i) - IFN","description":"En esta recopilaci\u00f3n de palabras de amor de Juan Pablo II a las familias, cito los pasajes de su hermosa carta llamada Gratissimam Sane.","robots":{"index":"index","follow":"follow","max-snippet":"max-snippet:-1","max-image-preview":"max-image-preview:large","max-video-preview":"max-video-preview:-1"},"canonical":"https:\/\/ifamnews.com\/es\/familia-ten-is-carta-de-juan-pablo-ii-la-familia-es-i-","og_locale":"es_ES","og_type":"article","og_title":"Familia, ten\u00e9is carta de Juan Pablo II: \u00abla familia es\u2026\u00bb (i)","og_description":"En esta recopilaci\u00f3n de palabras de amor de Juan Pablo II a las familias, cito los pasajes de su hermosa carta llamada Gratissimam Sane.","og_url":"https:\/\/ifamnews.com\/es\/familia-ten-is-carta-de-juan-pablo-ii-la-familia-es-i-","og_site_name":"IFN","article_publisher":"https:\/\/www.facebook.com\/iFamNews","article_published_time":"2021-05-31T05:00:00+00:00","og_image":[{"width":1199,"height":675,"url":"https:\/\/ifamnews.com\/wp-content\/uploads\/2021\/05\/cq5dam.thumbnail.cropped.1000.563.png","type":"image\/png"}],"author":"Jordi Picazo","twitter_card":"summary_large_image","twitter_creator":"@iFamNewsEN","twitter_site":"@iFamNewsEN","twitter_misc":{"Escrito por":"Jordi Picazo","Tiempo de lectura":"7 minutos"},"schema":{"@context":"https:\/\/schema.org","@graph":[{"@type":"NewsArticle","@id":"https:\/\/ifamnews.com\/es\/familia-ten-is-carta-de-juan-pablo-ii-la-familia-es-i-#article","isPartOf":{"@id":"https:\/\/ifamnews.com\/es\/familia-ten-is-carta-de-juan-pablo-ii-la-familia-es-i-"},"author":{"name":"Jordi Picazo","@id":"https:\/\/ifamnews.com\/en\/#\/schema\/person\/184bb4bf889aafda4f1b7bb5c55062ce"},"headline":"Familia, ten\u00e9is carta de Juan Pablo II: \u00abla familia es\u2026\u00bb (i)","datePublished":"2021-05-31T05:00:00+00:00","mainEntityOfPage":{"@id":"https:\/\/ifamnews.com\/es\/familia-ten-is-carta-de-juan-pablo-ii-la-familia-es-i-"},"wordCount":1438,"commentCount":0,"publisher":{"@id":"https:\/\/ifamnews.com\/en\/#organization"},"image":{"@id":"https:\/\/ifamnews.com\/es\/familia-ten-is-carta-de-juan-pablo-ii-la-familia-es-i-#primaryimage"},"thumbnailUrl":"https:\/\/ifamnews.com\/wp-content\/uploads\/2021\/05\/cq5dam.thumbnail.cropped.1000.563.png","keywords":["familia","jordi picazo","Juan Pablo II"],"articleSection":["Familia","Foreground","\u00daLTIMAS NOTICIAS"],"inLanguage":"es","potentialAction":[{"@type":"CommentAction","name":"Comment","target":["https:\/\/ifamnews.com\/es\/familia-ten-is-carta-de-juan-pablo-ii-la-familia-es-i-#respond"]}]},{"@type":"WebPage","@id":"https:\/\/ifamnews.com\/es\/familia-ten-is-carta-de-juan-pablo-ii-la-familia-es-i-","url":"https:\/\/ifamnews.com\/es\/familia-ten-is-carta-de-juan-pablo-ii-la-familia-es-i-","name":"Familia, ten\u00e9is carta de Juan Pablo II: \u00abla familia es\u2026\u00bb (i) - IFN","isPartOf":{"@id":"https:\/\/ifamnews.com\/en\/#website"},"primaryImageOfPage":{"@id":"https:\/\/ifamnews.com\/es\/familia-ten-is-carta-de-juan-pablo-ii-la-familia-es-i-#primaryimage"},"image":{"@id":"https:\/\/ifamnews.com\/es\/familia-ten-is-carta-de-juan-pablo-ii-la-familia-es-i-#primaryimage"},"thumbnailUrl":"https:\/\/ifamnews.com\/wp-content\/uploads\/2021\/05\/cq5dam.thumbnail.cropped.1000.563.png","datePublished":"2021-05-31T05:00:00+00:00","description":"En esta recopilaci\u00f3n de palabras de amor de Juan Pablo II a las familias, cito los pasajes de su hermosa carta llamada Gratissimam Sane.","breadcrumb":{"@id":"https:\/\/ifamnews.com\/es\/familia-ten-is-carta-de-juan-pablo-ii-la-familia-es-i-#breadcrumb"},"inLanguage":"es","potentialAction":[{"@type":"ReadAction","target":["https:\/\/ifamnews.com\/es\/familia-ten-is-carta-de-juan-pablo-ii-la-familia-es-i-"]}]},{"@type":"ImageObject","inLanguage":"es","@id":"https:\/\/ifamnews.com\/es\/familia-ten-is-carta-de-juan-pablo-ii-la-familia-es-i-#primaryimage","url":"https:\/\/ifamnews.com\/wp-content\/uploads\/2021\/05\/cq5dam.thumbnail.cropped.1000.563.png","contentUrl":"https:\/\/ifamnews.com\/wp-content\/uploads\/2021\/05\/cq5dam.thumbnail.cropped.1000.563.png","width":1199,"height":675},{"@type":"BreadcrumbList","@id":"https:\/\/ifamnews.com\/es\/familia-ten-is-carta-de-juan-pablo-ii-la-familia-es-i-#breadcrumb","itemListElement":[{"@type":"ListItem","position":1,"name":"Home","item":"https:\/\/ifamnews.com\/de"},{"@type":"ListItem","position":2,"name":"\u041f\u043e\u0440\u043e\u0434\u0438\u0446\u0430","item":"https:\/\/ifamnews.com\/sr\/kategorija\/poroditsa"},{"@type":"ListItem","position":3,"name":"Familia, ten\u00e9is carta de Juan Pablo II: \u00abla familia es\u2026\u00bb (i)"}]},{"@type":"WebSite","@id":"https:\/\/ifamnews.com\/en\/#website","url":"https:\/\/ifamnews.com\/en\/","name":"IFN","description":"International Family News Network","publisher":{"@id":"https:\/\/ifamnews.com\/en\/#organization"},"potentialAction":[{"@type":"SearchAction","target":{"@type":"EntryPoint","urlTemplate":"https:\/\/ifamnews.com\/en\/?s={search_term_string}"},"query-input":{"@type":"PropertyValueSpecification","valueRequired":true,"valueName":"search_term_string"}}],"inLanguage":"es"},{"@type":"Organization","@id":"https:\/\/ifamnews.com\/en\/#organization","name":"iFamNews","url":"https:\/\/ifamnews.com\/en\/","logo":{"@type":"ImageObject","inLanguage":"es","@id":"https:\/\/ifamnews.com\/en\/#\/schema\/logo\/image\/","url":"https:\/\/ifamnews.com\/wp-content\/uploads\/2020\/01\/Share-logo.png","contentUrl":"https:\/\/ifamnews.com\/wp-content\/uploads\/2020\/01\/Share-logo.png","width":200,"height":200,"caption":"iFamNews"},"image":{"@id":"https:\/\/ifamnews.com\/en\/#\/schema\/logo\/image\/"},"sameAs":["https:\/\/www.facebook.com\/iFamNews","https:\/\/x.com\/iFamNewsEN"]},{"@type":"Person","@id":"https:\/\/ifamnews.com\/en\/#\/schema\/person\/184bb4bf889aafda4f1b7bb5c55062ce","name":"Jordi Picazo","image":{"@type":"ImageObject","inLanguage":"es","@id":"https:\/\/secure.gravatar.com\/avatar\/3cb23dfac643f3809994691f3080b5f408e791206e75c0776302768f688dfb05?s=96&d=mm&r=g","url":"https:\/\/secure.gravatar.com\/avatar\/3cb23dfac643f3809994691f3080b5f408e791206e75c0776302768f688dfb05?s=96&d=mm&r=g","contentUrl":"https:\/\/secure.gravatar.com\/avatar\/3cb23dfac643f3809994691f3080b5f408e791206e75c0776302768f688dfb05?s=96&d=mm&r=g","caption":"Jordi Picazo"},"description":"Jordi Picazo is a Spanish-born journalist. He holds a BA (Hons) and MA in English Philology from the University of Barcelona (1986) and holds the Qualified Teacher Status in the United Kingdom. He has worked as a teacher of Spanish and English in Spain and the United Kingdom. He has also studied the subjects of the Ecclesiastical Baccalaureate of Philosophy. He did doctoral studies in Social Psychology of Language at the University of London (1990-95) and taught at Harrow School. He is a Member of the Chartered Institute of Journalists of the United Kingdom and of the Il.lustre Col.legi de Periodistes de Catalunya, Spain; also a member of the RNA (Religion News Association) in the USA, among others. Jordi also holds an MA in Corporate Communication, Protocol management, and Event planning at the UOC University in Spain (2024). Author of 9 books, he has collaborated with several online news outlets. Proud father of two.","sameAs":["https:\/\/jordipicazo.com","https:\/\/linkedin.com\/in\/jordipicazosalomo\/","azulueta"],"honorificSuffix":"BA (Hons), MA, PGCE, MCIJ","gender":"Male","url":"https:\/\/ifamnews.com\/es\/author\/jordi-picazo"}]}},"amp_enabled":true,"_links":{"self":[{"href":"https:\/\/ifamnews.com\/es\/wp-json\/wp\/v2\/posts\/72032","targetHints":{"allow":["GET"]}}],"collection":[{"href":"https:\/\/ifamnews.com\/es\/wp-json\/wp\/v2\/posts"}],"about":[{"href":"https:\/\/ifamnews.com\/es\/wp-json\/wp\/v2\/types\/post"}],"author":[{"embeddable":true,"href":"https:\/\/ifamnews.com\/es\/wp-json\/wp\/v2\/users\/624"}],"replies":[{"embeddable":true,"href":"https:\/\/ifamnews.com\/es\/wp-json\/wp\/v2\/comments?post=72032"}],"version-history":[{"count":1,"href":"https:\/\/ifamnews.com\/es\/wp-json\/wp\/v2\/posts\/72032\/revisions"}],"predecessor-version":[{"id":72041,"href":"https:\/\/ifamnews.com\/es\/wp-json\/wp\/v2\/posts\/72032\/revisions\/72041"}],"wp:featuredmedia":[{"embeddable":true,"href":"https:\/\/ifamnews.com\/es\/wp-json\/wp\/v2\/media\/72033"}],"wp:attachment":[{"href":"https:\/\/ifamnews.com\/es\/wp-json\/wp\/v2\/media?parent=72032"}],"wp:term":[{"taxonomy":"category","embeddable":true,"href":"https:\/\/ifamnews.com\/es\/wp-json\/wp\/v2\/categories?post=72032"},{"taxonomy":"post_tag","embeddable":true,"href":"https:\/\/ifamnews.com\/es\/wp-json\/wp\/v2\/tags?post=72032"}],"curies":[{"name":"wp","href":"https:\/\/api.w.org\/{rel}","templated":true}]}}