{"id":63087,"date":"2021-03-29T13:00:00","date_gmt":"2021-03-29T17:00:00","guid":{"rendered":"https:\/\/ifamnews.com\/?p=63087"},"modified":"2021-04-12T03:39:05","modified_gmt":"2021-04-12T07:39:05","slug":"estreno-de-la-pel-cula-roe-v-wad-e-aviso-a-los-aprensivos-art-culo-muy-gr-fico","status":"publish","type":"post","link":"https:\/\/ifamnews.com\/es\/estreno-de-la-pel-cula-roe-v-wad-e-aviso-a-los-aprensivos-art-culo-muy-gr-fico","title":{"rendered":"Estreno de la pel\u00edcula Roe V. Wad\u202ae\u202c. Aviso a los aprensivos: art\u00edculo muy gr\u00e1fico"},"content":{"rendered":"<p class=\"last-updated\">Last updated on abril 12th, 2021 at 03:39 am<\/p>\n<p>En el a\u00f1o 1991 conoc\u00ed personalmente al Dr. Bernard Nathanson y su mujer en la ciudad mejicana de Puebla cuando se le concedi\u00f3 el reconocimiento de Doctor Honoris Causa por la Universidad UPAEP.  Tuve ocasi\u00f3n de saludarle. Su historia me impresion\u00f3: Bernard Nathanson, m\u00e9dico estadounidense, hab\u00eda realizado miles de abortos y fue uno de los m\u00e1s fervientes defensores de la industria del aborto, llegando a participar en la fundaci\u00f3n de la Asociaci\u00f3n Nacional para la Derogaci\u00f3n de las Leyes de Aborto en Estados Unidos. Pero un d\u00eda se dio cuenta de que lo que estaba realizando no era lo correcto.<\/p>\n\n\n\n<p>Lo cont\u00f3 en el documental <em><a href=\"https:\/\/facebook.com\/watch\/?v=449163522331767\">\u00ab<\/a><\/em><a href=\"https:\/\/facebook.com\/watch\/?v=449163522331767\" target=\"_blank\" rel=\"noreferrer noopener\"><em>El grito silencioso\u00bb<\/em>.<\/a><\/p>\n\n\n\n<p>Si eres muy aprensivo, ten en cuenta que la descripci\u00f3n que voy a hacer a continuaci\u00f3n es muy gr\u00e1fica. Una vez, cont\u00e1ndola en un colegio mayor de chicas, en la ciudad de Santiago de Chile, me di cuenta que deb\u00eda \u00absuavizar\u00bb la realidad de c\u00f3mo se realiza una intervenci\u00f3n de aborto, porque quiz\u00e1 \u00abera demasiado\u00bb.<\/p>\n\n\n\n<p>Volvamos al Dr. Nathanson. Me lo imagino practicando un aborto. La madre sedada en una fr\u00eda habitaci\u00f3n de la cl\u00ednica. \u00c9l introduciendo por la vagina de la mujer la soluci\u00f3n salina para que el feto entrara en parada cardiorrespiratoria. En una etapa del desarrollo del feto donde a\u00fan no ha desarrollado el mecanismo de defensa natural de \u00abshock\u00bb para entrar en inconsciencia ante un dolor insoportable. Un feto en una etapa inicial ya tiene desarrollado el sistema nervioso y \u00absiente\u00bb plenamente (se expresan, sonr\u00eden, hacen muecas, pero tambi\u00e9n sienten el dolor). En una etapa m\u00e1s madura desarrolla el mecanismo de defensa en modo de \u00abshock\u00bb, para poder sobrevivir a un episodio de intenso dolor, entrando en inconsciencia y anulando los sentidos.<\/p>\n\n\n\n<p>Pero es en esa etapa intermedia (sensible pero sin mecanismo de defensa con lo que la crueldad es m\u00e1xima) donde el feto empieza a quemarse con la sal hasta que sus \u00f3rganos colapsan&#8230; y sin anestesia, una aut\u00e9ntica aberraci\u00f3n. Si a los animales previo al sacrificio, por humanidad se les suministra una peque\u00f1a anestesia para aturdirles&#8230;. \u00bfpor qu\u00e9 no suministramos a los ni\u00f1os por nacer un calmante m\u00e9dico para que los \u00faltimos espasmos y convulsiones no est\u00e9n, mientras su carne queda llagada en carne viva, al menos anulados sus sentidos?<\/p>\n\n\n\n<p>Cuando el latido del feto ha dejado de latir, se introducen los instrumentos para ir troce\u00e1ndolo por partes (no cabe por el canal de salida y por eso hay que sacarlo por partes). Lo primero aplastar la pieza m\u00e1s grande: la cabeza, para ello se hace la compresi\u00f3n craneal intra-uterina, que supone aplastar la cabeza del feto antes de su evacuaci\u00f3n para que quepa. La masa encef\u00e1lica y los huesitos, en textura de pur\u00e9 con grumos sale aspirada por la c\u00e1nula introducida. A continuaci\u00f3n se va descuartizando y cortando tronco, extremidades, etc. Con la c\u00e1nula, aspiraci\u00f3n y ayudado por unas pinzas se van extrayendo las partes y se van colocando en una bandeja de quir\u00f3fano a un lado de la paciente. En ella se van ordenando los miembros extra\u00eddos: en el centro el tronco, arriba la masa de la cabeza, a los lados los brazos, las piernas, piezas sueltas que van formando el puzle de morfolog\u00eda humana para asegurarse que han salido todas las piezas y no queda ning\u00fan residuo del beb\u00e9 en el vientre materno.<\/p>\n\n\n\n<p>Esto cuando el feto est\u00e1 en una edad gestacional menos avanzada, porque a partir del 6\u00ba mes habr\u00e1, con oxitocina, inducir al parto y cuando asome la cabeza del beb\u00e9, aplastarla con las pinzas grandes y tirar del cuerpo para extraerlo completo. Si sobrevive, se dejar\u00e1 en la bandeja hasta que el coraz\u00f3n deje de latir.<\/p>\n\n\n\n<p>Un d\u00eda la soluci\u00f3n salina no actu\u00f3 como esperaba y al salir la cabeza, \u00e9sta agonizaba con espasmos ante la aterradora mirada del Dr. Nathanson. Ah\u00ed cambi\u00f3 todo. \u00abmir\u00f3 por primera vez a los ojos\u00bb al ser vivo. Como los nazis a los jud\u00edos, la sinraz\u00f3n se basa en la deshumanizaci\u00f3n. Por eso, para deshumanizar la operaci\u00f3n del aborto, a la madre nunca le dejar\u00e1n mirar el ec\u00f3grafo, ni escuchar los intensas pulsaciones del ritmo cardiaco. Un latido del coraz\u00f3n podr\u00eda hacer preguntarse a la madre&#8230;. que porqu\u00e9 oye un latido que no es el suyo, si se supone que el conjunto de c\u00e9lulas forman parte de ella. Por supuesto, se le ocultar\u00e1 la realidad&#8230;. porque mirar a los ojos a un ser humanos&#8230;. humaniza al m\u00e1s duro criminal&#8230;. bueno, a casi todos, por eso nunca se debe mirar a los ojos a un beb\u00e9 cuando se realiza un aborto.<\/p>\n\n\n\n<p>El Dr. Nathanson se convirti\u00f3 en activista provida.<\/p>\n\n\n\n<p>La pel\u00edcula cuenta la historia del Dr. Bernard Nathanson y la Dra. Mildred Jefferson enfrent\u00e1ndose en una batalla judicial muy turbia y llena de conspiraciones del potente inter\u00e9s de la industria de la Muerte que condujo al caso judicial m\u00e1s famoso y controvertido de la historia norteamericana: Roe V. Wad\u202ae\u202c.<\/p>\n\n\n\n<p>Ay\u00fadanos a promocionar la nueva <a href=\"https:\/\/itunes.apple.com\/us\/movie\/roe-v-wade\/id1559069549?ls=1\" target=\"_blank\" rel=\"noreferrer noopener\">pel\u00edcula Roe v. Wade<\/a> que se estrena la semana que viene. <strong>Es una gran pel\u00edcula provida<\/strong>. <\/p>\n\n\n\n<p>https:\/\/itunes.apple.com\/us\/movie\/roe-v-wade\/id1559069549?ls=1<\/p>\n\n\n\n<p>No te la puedes perder. Una buena noticia para avanzar en la cultural a favor de la Vida. Te dejo el trailer:<\/p>\n\n\n\n<figure class=\"wp-block-video aligncenter\"><video controls src=\"https:\/\/itunes.apple.com\/us\/movie\/roe-v-wade\/id1559069549?ls=1\"><\/video><figcaption>https:\/\/itunes.apple.com\/us\/movie\/roe-v-wade\/id1559069549?ls=1<\/figcaption><\/figure>\n","protected":false},"excerpt":{"rendered":"<p>Gran estreno de la pel\u00edcula Roe V. Wade. No te la pierdas. Adem\u00e1s de disfrutar de un pelicul\u00f3n, colaborar\u00e1s en la difusi\u00f3n de la Cultura de la Vida. <\/p>\n","protected":false},"author":562,"featured_media":63293,"comment_status":"open","ping_status":"open","sticky":false,"template":"","format":"standard","meta":{"give_campaign_id":0,"om_disable_all_campaigns":false,"_monsterinsights_skip_tracking":false,"_monsterinsights_sitenote_active":false,"_monsterinsights_sitenote_note":"","_monsterinsights_sitenote_category":0,"mc4wp_mailchimp_campaign":[],"jnews-multi-image_gallery":[],"jnews_single_post":{"subtitle":"Gran estreno de la pel\u00edcula Roe V. Wade. No te la pierdas. Adem\u00e1s de disfrutar de un pelicul\u00f3n, colaborar\u00e1s en la difusi\u00f3n de la Cultura de la Vida.","format":"standard","video":"","gallery":"","source_name":"","source_url":"","via_name":"","via_url":"","override":[{"single_blog_custom":"","sidebar":"","second_sidebar":"","share_position":"","share_float_style":"","post_date_format":"","post_date_format_custom":"","post_reading_time_wpm":"","zoom_button_out_step":"1","zoom_button_in_step":"1","number_popup_post":"1"}],"image_override":[{"single_post_thumbnail_size":"","single_post_gallery_size":""}],"trending_post_position":"","trending_post_label":"","sponsored_post_label":"","sponsored_post_name":"","sponsored_post_url":"","sponsored_post_logo":"","sponsored_post_desc":""},"jnews_primary_category":{"id":""},"jnews_social_meta":{"fb_title":"","fb_description":"","fb_image":"","twitter_title":"","twitter_description":"","twitter_image":""},"jnews_override_counter":{"view_counter_number":"0","share_counter_number":"0","like_counter_number":"0","dislike_counter_number":"0"},"footnotes":""},"categories":[810,815,818],"tags":[831,6649,9419],"class_list":["post-63087","post","type-post","status-publish","format-standard","has-post-thumbnail","hentry","category-foreground-es","category-breaking-news-es","category-vida","tag-aborto-2","tag-alvaro-zulueta","tag-roe-v-wade-3"],"yoast_head":"<!-- This site is optimized with the Yoast SEO Premium plugin v25.9 (Yoast SEO v27.3) - https:\/\/yoast.com\/product\/yoast-seo-premium-wordpress\/ -->\n<title>Estreno de la pel\u00edcula Roe V. Wad\u202ae\u202c. Aviso a los aprensivos: art\u00edculo muy gr\u00e1fico - IFN<\/title>\n<meta name=\"description\" content=\"Gran estreno de la pel\u00edcula Roe V. Wade. Te encantar\u00e1. Adem\u00e1s de disfrutar de un pelicul\u00f3n, apoyar\u00e1s la difusi\u00f3n de la Cultura de la Vida.\" \/>\n<meta name=\"robots\" content=\"index, follow, max-snippet:-1, max-image-preview:large, max-video-preview:-1\" \/>\n<link rel=\"canonical\" href=\"https:\/\/ifamnews.com\/es\/estreno-de-la-pel-cula-roe-v-wad-e-aviso-a-los-aprensivos-art-culo-muy-gr-fico\" \/>\n<meta property=\"og:locale\" content=\"es_ES\" \/>\n<meta property=\"og:type\" content=\"article\" \/>\n<meta property=\"og:title\" content=\"Estreno de la pel\u00edcula Roe V. Wad\u202ae\u202c. Aviso a los aprensivos: art\u00edculo muy gr\u00e1fico\" \/>\n<meta property=\"og:description\" content=\"Gran estreno de la pel\u00edcula Roe V. Wade. Te encantar\u00e1. Adem\u00e1s de disfrutar de un pelicul\u00f3n, apoyar\u00e1s la difusi\u00f3n de la Cultura de la Vida.\" \/>\n<meta property=\"og:url\" content=\"https:\/\/ifamnews.com\/es\/estreno-de-la-pel-cula-roe-v-wad-e-aviso-a-los-aprensivos-art-culo-muy-gr-fico\" \/>\n<meta property=\"og:site_name\" content=\"IFN\" \/>\n<meta property=\"article:publisher\" content=\"https:\/\/www.facebook.com\/iFamNews\" \/>\n<meta property=\"article:author\" content=\"https:\/\/facebook.com\/iFamNews\" \/>\n<meta property=\"article:published_time\" content=\"2021-03-29T17:00:00+00:00\" \/>\n<meta property=\"article:modified_time\" content=\"2021-04-12T07:39:05+00:00\" \/>\n<meta property=\"og:image\" content=\"https:\/\/ifamnews.com\/wp-content\/uploads\/2021\/03\/Roe-v-wade.png\" \/>\n\t<meta property=\"og:image:width\" content=\"1200\" \/>\n\t<meta property=\"og:image:height\" content=\"675\" \/>\n\t<meta property=\"og:image:type\" content=\"image\/png\" \/>\n<meta name=\"author\" content=\"\u00c1lvaro Zulueta\" \/>\n<meta name=\"twitter:card\" content=\"summary_large_image\" \/>\n<meta name=\"twitter:creator\" content=\"@https:\/\/twitter.com\/iFamNewsES\" \/>\n<meta name=\"twitter:site\" content=\"@iFamNewsEN\" \/>\n<meta name=\"twitter:label1\" content=\"Escrito por\" \/>\n\t<meta name=\"twitter:data1\" content=\"\u00c1lvaro Zulueta\" \/>\n\t<meta name=\"twitter:label2\" content=\"Tiempo de lectura\" \/>\n\t<meta name=\"twitter:data2\" content=\"5 minutos\" \/>\n<!-- \/ Yoast SEO Premium plugin. -->","yoast_head_json":{"title":"Estreno de la pel\u00edcula Roe V. Wad\u202ae\u202c. Aviso a los aprensivos: art\u00edculo muy gr\u00e1fico - IFN","description":"Gran estreno de la pel\u00edcula Roe V. Wade. Te encantar\u00e1. Adem\u00e1s de disfrutar de un pelicul\u00f3n, apoyar\u00e1s la difusi\u00f3n de la Cultura de la Vida.","robots":{"index":"index","follow":"follow","max-snippet":"max-snippet:-1","max-image-preview":"max-image-preview:large","max-video-preview":"max-video-preview:-1"},"canonical":"https:\/\/ifamnews.com\/es\/estreno-de-la-pel-cula-roe-v-wad-e-aviso-a-los-aprensivos-art-culo-muy-gr-fico","og_locale":"es_ES","og_type":"article","og_title":"Estreno de la pel\u00edcula Roe V. Wad\u202ae\u202c. Aviso a los aprensivos: art\u00edculo muy gr\u00e1fico","og_description":"Gran estreno de la pel\u00edcula Roe V. Wade. Te encantar\u00e1. Adem\u00e1s de disfrutar de un pelicul\u00f3n, apoyar\u00e1s la difusi\u00f3n de la Cultura de la Vida.","og_url":"https:\/\/ifamnews.com\/es\/estreno-de-la-pel-cula-roe-v-wad-e-aviso-a-los-aprensivos-art-culo-muy-gr-fico","og_site_name":"IFN","article_publisher":"https:\/\/www.facebook.com\/iFamNews","article_author":"https:\/\/facebook.com\/iFamNews","article_published_time":"2021-03-29T17:00:00+00:00","article_modified_time":"2021-04-12T07:39:05+00:00","og_image":[{"width":1200,"height":675,"url":"https:\/\/ifamnews.com\/wp-content\/uploads\/2021\/03\/Roe-v-wade.png","type":"image\/png"}],"author":"\u00c1lvaro Zulueta","twitter_card":"summary_large_image","twitter_creator":"@https:\/\/twitter.com\/iFamNewsES","twitter_site":"@iFamNewsEN","twitter_misc":{"Escrito por":"\u00c1lvaro Zulueta","Tiempo de lectura":"5 minutos"},"schema":{"@context":"https:\/\/schema.org","@graph":[{"@type":"NewsArticle","@id":"https:\/\/ifamnews.com\/es\/estreno-de-la-pel-cula-roe-v-wad-e-aviso-a-los-aprensivos-art-culo-muy-gr-fico#article","isPartOf":{"@id":"https:\/\/ifamnews.com\/es\/estreno-de-la-pel-cula-roe-v-wad-e-aviso-a-los-aprensivos-art-culo-muy-gr-fico"},"author":{"name":"\u00c1lvaro Zulueta","@id":"https:\/\/ifamnews.com\/en\/#\/schema\/person\/d8983282e03b2a0f55f5546ce1f9d99b"},"headline":"Estreno de la pel\u00edcula Roe V. Wad\u202ae\u202c. Aviso a los aprensivos: art\u00edculo muy gr\u00e1fico","datePublished":"2021-03-29T17:00:00+00:00","dateModified":"2021-04-12T07:39:05+00:00","mainEntityOfPage":{"@id":"https:\/\/ifamnews.com\/es\/estreno-de-la-pel-cula-roe-v-wad-e-aviso-a-los-aprensivos-art-culo-muy-gr-fico"},"wordCount":956,"commentCount":0,"publisher":{"@id":"https:\/\/ifamnews.com\/en\/#organization"},"image":{"@id":"https:\/\/ifamnews.com\/es\/estreno-de-la-pel-cula-roe-v-wad-e-aviso-a-los-aprensivos-art-culo-muy-gr-fico#primaryimage"},"thumbnailUrl":"https:\/\/ifamnews.com\/wp-content\/uploads\/2021\/03\/Roe-v-wade.png","keywords":["aborto","alvaro zulueta","roe v. wade"],"articleSection":["Foreground","\u00daLTIMAS NOTICIAS","Vida"],"inLanguage":"es","potentialAction":[{"@type":"CommentAction","name":"Comment","target":["https:\/\/ifamnews.com\/es\/estreno-de-la-pel-cula-roe-v-wad-e-aviso-a-los-aprensivos-art-culo-muy-gr-fico#respond"]}]},{"@type":"WebPage","@id":"https:\/\/ifamnews.com\/es\/estreno-de-la-pel-cula-roe-v-wad-e-aviso-a-los-aprensivos-art-culo-muy-gr-fico","url":"https:\/\/ifamnews.com\/es\/estreno-de-la-pel-cula-roe-v-wad-e-aviso-a-los-aprensivos-art-culo-muy-gr-fico","name":"Estreno de la pel\u00edcula Roe V. Wad\u202ae\u202c. Aviso a los aprensivos: art\u00edculo muy gr\u00e1fico - IFN","isPartOf":{"@id":"https:\/\/ifamnews.com\/en\/#website"},"primaryImageOfPage":{"@id":"https:\/\/ifamnews.com\/es\/estreno-de-la-pel-cula-roe-v-wad-e-aviso-a-los-aprensivos-art-culo-muy-gr-fico#primaryimage"},"image":{"@id":"https:\/\/ifamnews.com\/es\/estreno-de-la-pel-cula-roe-v-wad-e-aviso-a-los-aprensivos-art-culo-muy-gr-fico#primaryimage"},"thumbnailUrl":"https:\/\/ifamnews.com\/wp-content\/uploads\/2021\/03\/Roe-v-wade.png","datePublished":"2021-03-29T17:00:00+00:00","dateModified":"2021-04-12T07:39:05+00:00","description":"Gran estreno de la pel\u00edcula Roe V. Wade. Te encantar\u00e1. Adem\u00e1s de disfrutar de un pelicul\u00f3n, apoyar\u00e1s la difusi\u00f3n de la Cultura de la Vida.","breadcrumb":{"@id":"https:\/\/ifamnews.com\/es\/estreno-de-la-pel-cula-roe-v-wad-e-aviso-a-los-aprensivos-art-culo-muy-gr-fico#breadcrumb"},"inLanguage":"es","potentialAction":[{"@type":"ReadAction","target":["https:\/\/ifamnews.com\/es\/estreno-de-la-pel-cula-roe-v-wad-e-aviso-a-los-aprensivos-art-culo-muy-gr-fico"]}]},{"@type":"ImageObject","inLanguage":"es","@id":"https:\/\/ifamnews.com\/es\/estreno-de-la-pel-cula-roe-v-wad-e-aviso-a-los-aprensivos-art-culo-muy-gr-fico#primaryimage","url":"https:\/\/ifamnews.com\/wp-content\/uploads\/2021\/03\/Roe-v-wade.png","contentUrl":"https:\/\/ifamnews.com\/wp-content\/uploads\/2021\/03\/Roe-v-wade.png","width":1200,"height":675},{"@type":"BreadcrumbList","@id":"https:\/\/ifamnews.com\/es\/estreno-de-la-pel-cula-roe-v-wad-e-aviso-a-los-aprensivos-art-culo-muy-gr-fico#breadcrumb","itemListElement":[{"@type":"ListItem","position":1,"name":"Home","item":"https:\/\/ifamnews.com\/de"},{"@type":"ListItem","position":2,"name":"Vida","item":"https:\/\/ifamnews.com\/es\/categoria\/vida"},{"@type":"ListItem","position":3,"name":"Estreno de la pel\u00edcula Roe V. Wad\u202ae\u202c. Aviso a los aprensivos: art\u00edculo muy gr\u00e1fico"}]},{"@type":"WebSite","@id":"https:\/\/ifamnews.com\/en\/#website","url":"https:\/\/ifamnews.com\/en\/","name":"IFN","description":"International Family News Network","publisher":{"@id":"https:\/\/ifamnews.com\/en\/#organization"},"potentialAction":[{"@type":"SearchAction","target":{"@type":"EntryPoint","urlTemplate":"https:\/\/ifamnews.com\/en\/?s={search_term_string}"},"query-input":{"@type":"PropertyValueSpecification","valueRequired":true,"valueName":"search_term_string"}}],"inLanguage":"es"},{"@type":"Organization","@id":"https:\/\/ifamnews.com\/en\/#organization","name":"iFamNews","url":"https:\/\/ifamnews.com\/en\/","logo":{"@type":"ImageObject","inLanguage":"es","@id":"https:\/\/ifamnews.com\/en\/#\/schema\/logo\/image\/","url":"https:\/\/ifamnews.com\/wp-content\/uploads\/2020\/01\/Share-logo.png","contentUrl":"https:\/\/ifamnews.com\/wp-content\/uploads\/2020\/01\/Share-logo.png","width":200,"height":200,"caption":"iFamNews"},"image":{"@id":"https:\/\/ifamnews.com\/en\/#\/schema\/logo\/image\/"},"sameAs":["https:\/\/www.facebook.com\/iFamNews","https:\/\/x.com\/iFamNewsEN"]},{"@type":"Person","@id":"https:\/\/ifamnews.com\/en\/#\/schema\/person\/d8983282e03b2a0f55f5546ce1f9d99b","name":"\u00c1lvaro Zulueta","image":{"@type":"ImageObject","inLanguage":"es","@id":"https:\/\/secure.gravatar.com\/avatar\/f953d628e096e604043633c1afc43fa815f06adc88c2b58e86db60fca7bfbdcf?s=96&d=mm&r=g","url":"https:\/\/secure.gravatar.com\/avatar\/f953d628e096e604043633c1afc43fa815f06adc88c2b58e86db60fca7bfbdcf?s=96&d=mm&r=g","contentUrl":"https:\/\/secure.gravatar.com\/avatar\/f953d628e096e604043633c1afc43fa815f06adc88c2b58e86db60fca7bfbdcf?s=96&d=mm&r=g","caption":"\u00c1lvaro Zulueta"},"description":"Editor. Professional Marine. PMI Certified Project Management Professional. MBA (IE Business School). \u00c1lvaro Zulueta is an expert in citizen mobilization and grassroots lobbying. For 12 years he was a member of the Board of Directors and served as Editor-in-Chief of HazteOir.org, the largest Spanish pro-life and pro-family association. He participated in the foundation, in 2013, of CitizenGO being the Executive Director, leading the international team and managed to take CitizenGO to be the largest online mobilization platform in the world in the social-conservative field. He is currently Editor for the Spanish audience of International Family News.","sameAs":["https:\/\/facebook.com\/iFamNews","https:\/\/linkedin.com\/in\/azulueta\/","https:\/\/x.com\/https:\/\/twitter.com\/iFamNewsES"],"url":"https:\/\/ifamnews.com\/es\/author\/azulueta"}]}},"amp_enabled":true,"_links":{"self":[{"href":"https:\/\/ifamnews.com\/es\/wp-json\/wp\/v2\/posts\/63087","targetHints":{"allow":["GET"]}}],"collection":[{"href":"https:\/\/ifamnews.com\/es\/wp-json\/wp\/v2\/posts"}],"about":[{"href":"https:\/\/ifamnews.com\/es\/wp-json\/wp\/v2\/types\/post"}],"author":[{"embeddable":true,"href":"https:\/\/ifamnews.com\/es\/wp-json\/wp\/v2\/users\/562"}],"replies":[{"embeddable":true,"href":"https:\/\/ifamnews.com\/es\/wp-json\/wp\/v2\/comments?post=63087"}],"version-history":[{"count":5,"href":"https:\/\/ifamnews.com\/es\/wp-json\/wp\/v2\/posts\/63087\/revisions"}],"predecessor-version":[{"id":65373,"href":"https:\/\/ifamnews.com\/es\/wp-json\/wp\/v2\/posts\/63087\/revisions\/65373"}],"wp:featuredmedia":[{"embeddable":true,"href":"https:\/\/ifamnews.com\/es\/wp-json\/wp\/v2\/media\/63293"}],"wp:attachment":[{"href":"https:\/\/ifamnews.com\/es\/wp-json\/wp\/v2\/media?parent=63087"}],"wp:term":[{"taxonomy":"category","embeddable":true,"href":"https:\/\/ifamnews.com\/es\/wp-json\/wp\/v2\/categories?post=63087"},{"taxonomy":"post_tag","embeddable":true,"href":"https:\/\/ifamnews.com\/es\/wp-json\/wp\/v2\/tags?post=63087"}],"curies":[{"name":"wp","href":"https:\/\/api.w.org\/{rel}","templated":true}]}}