{"id":57113,"date":"2021-03-18T01:00:00","date_gmt":"2021-03-18T05:00:00","guid":{"rendered":"https:\/\/ifamnews.com\/?p=57113"},"modified":"2021-03-01T16:08:12","modified_gmt":"2021-03-01T21:08:12","slug":"cuando-falla-la-familia-tiene-que-estar-la-escuela","status":"publish","type":"post","link":"https:\/\/ifamnews.com\/es\/cuando-falla-la-familia-tiene-que-estar-la-escuela","title":{"rendered":"Cuando falla la familia, tiene que estar la escuela"},"content":{"rendered":"\n<p>Muchas veces a lo largo de mi trayectoria de orientadora me he encontrado con ni\u00f1os rotos por el desastre de sus familias. Entonces, un buen profesor les puede salvar la vida.<\/p>\n\n\n\n<p>\u201cTengo algo que m\u00e1s que contarte\u201d. As\u00ed es c\u00f3mo se despide Helios cada vez que viene a verme al despacho. Parece que nunca quiere irse.\u00a0 Siempre me tiene que contar algo m\u00e1s; cosas sobre su padre; \u201csecretos\u201d sobre su madre, su hermano peque\u00f1o, sobre el novio de la madre que est\u00e1 en la c\u00e1rcel porque la pega\u2026 o sobre las peleas con Javi porque \u201cme\u00a0 ment\u00f3 los muertos y eso no lo voy a\u00a0 tolerar; que se acaba de morir mi t\u00eda\u201d.<\/p>\n\n\n\n<p>En el colegio Helios tiene problemas con otros chicos. S\u00f3lo sabe relacionarse a tortas. Ya le ha dicho su padre que \u201csi alguien se mete contigo, le rompes una silla en la espalda y ya ver\u00e1s c\u00f3mo dejan de meterse contigo\u201d.\u00a0En cuanto alguien se r\u00ede a sus espaldas, se da la vuelta y se l\u00eda a guantazos. \u201cNo importa si no se r\u00eden de mi\u2026 es por si acaso\u201d.<\/p>\n\n\n\n<p>Helios es un ni\u00f1o inteligente, le gusta leer. Tiene varios tomos del \u201cDiario de Greg\u201d que lee insistentemente, incluso en el colegio; se sienta en la \u00faltima fila y sin que la profesora se de cuenta saca su libro y lee a escondidas.<\/p>\n\n\n\n<p>Helio suspende. No estudia. Nadie se preocupa de si aprueba o no. En casa no tiene d\u00f3nde estudiar. Los fines de semana que se va con su padre, a un pueblo lejos, no puede llevar los libros ni libretas porque no sabe si las&nbsp; traer\u00e1 de vuelta; lo que si vuelven son los deberes sin hacer. El padre le deja en casa de un t\u00edo porque su nueva pareja no traga al ni\u00f1o. El t\u00edo, se dedica a ver la televisi\u00f3n. Le deja jugar lo que quiera a la consola. Por la noche viene una mujer a verle, debe de ser su novia, pero no la conoce.<\/p>\n\n\n\n<p>La madre ha tenido una vida dura.\u00a0Su \u00faltima pareja, padre del bebe de un a\u00f1o, hermano de Helio, est\u00e1 en la c\u00e1rcel porque la pegaba. Helios sali\u00f3 a defenderla y acab\u00f3 \u00e9l tambi\u00e9n con \u201clo suyo\u201d. Helios quiere much\u00edsimo a su madre. Sabe todo por lo que pasa ella: la falta de dinero, el agobio con los cr\u00edos, la injusticia, las mentiras que tienen que inventar para salir adelante, disimulando que todo va bien. \u201cYo soy fuerte, una luchadora\u201d dice la madre, que no tolera que te metas en sus cosas.<\/p>\n\n\n\n<p>Helios me cuenta que,\u00a0\u201clos s\u00e1bados por la ma\u00f1ana, le preparo a mam\u00e1 un cafet\u00edn y el biber\u00f3n a mi hermano, para que mam\u00e1 pueda quedarse en la cama un poco m\u00e1s\u201d. Helios es ahora el \u201chombre\u201d de la casa, con 10 a\u00f1os; hasta que la madre conoce al siguiente ligue; entonces pasa a ser el hijo de 10 a\u00f1os que sobra\u2026\u201d a ver si te vas con tu padre este finde o a casa de tu amigo\u201d.\u00a0\u00a0\u00a0<\/p>\n\n\n\n<p>La tutora se dio cuenta que este ni\u00f1o estaba sufriendo y le dijo que viniera hablar conmigo: \u201cvete con la orientadora a ver si te puede echar un cable\u201d. Enseguida empezamos a hablar.\u00a0Me empez\u00f3 a contar \u201csus secretos\u201d, cosas que no me pod\u00eda contar porque su madre no quer\u00eda que se dijeran. Necesitaba hablar, sal\u00edan por aquella boca sus dolores, sus miedos, su soledad, sus silencios, sus terrores. Acaba diciendo: \u201cla verdad es que mi vida es una m*****\u201d<\/p>\n\n\n\n<p>\u201cHelios has hecho muy bien en contarme todo esto que te pasa, son cargas muy pesadas para que las lleves t\u00fa solo. Venga, vamos juntos a pelear con todo esto. Tu tutora y yo te vamos a ayudar\u201d.<\/p>\n\n\n\n<p>As\u00ed es como empieza un ni\u00f1o dolorido a sanar: cuando alguien en el colegio le escucha y le echa una mano.<\/p>\n","protected":false},"excerpt":{"rendered":"<p>Muchas veces a lo largo de mi trayectoria de orientadora me he encontrado con ni\u00f1os rotos por el desastre de sus familias. Entonces, un buen profesor les puede salvar la vida.<\/p>\n","protected":false},"author":571,"featured_media":57114,"comment_status":"open","ping_status":"open","sticky":false,"template":"","format":"standard","meta":{"give_campaign_id":0,"om_disable_all_campaigns":false,"_monsterinsights_skip_tracking":false,"_monsterinsights_sitenote_active":false,"_monsterinsights_sitenote_note":"","_monsterinsights_sitenote_category":0,"mc4wp_mailchimp_campaign":[],"jnews-multi-image_gallery":[],"jnews_single_post":{"subtitle":"Muchas veces a lo largo de mi trayectoria de orientadora me he encontrado con ni\u00f1os rotos por el desastre de sus familias. Entonces, un buen profesor les puede salvar la vida.","format":"standard","video":"","gallery":"","source_name":"","source_url":"","via_name":"","via_url":"","override":[{"single_blog_custom":"","sidebar":"","second_sidebar":"","share_position":"","share_float_style":"","post_date_format":"","post_date_format_custom":"","post_reading_time_wpm":"","zoom_button_out_step":"1","zoom_button_in_step":"1","number_popup_post":"1"}],"image_override":[{"single_post_thumbnail_size":"","single_post_gallery_size":""}],"trending_post_position":"","trending_post_label":"","sponsored_post_label":"","sponsored_post_name":"","sponsored_post_url":"","sponsored_post_logo":"","sponsored_post_desc":""},"jnews_primary_category":{"id":"775"},"jnews_social_meta":{"fb_title":"","fb_description":"","fb_image":"","twitter_title":"","twitter_description":"","twitter_image":""},"jnews_override_counter":{"view_counter_number":"0","share_counter_number":"0","like_counter_number":"0","dislike_counter_number":"0"},"footnotes":""},"categories":[775,810,815],"tags":[],"class_list":["post-57113","post","type-post","status-publish","format-standard","has-post-thumbnail","hentry","category-familia","category-foreground-es","category-breaking-news-es"],"yoast_head":"<!-- This site is optimized with the Yoast SEO Premium plugin v25.9 (Yoast SEO v27.3) - https:\/\/yoast.com\/product\/yoast-seo-premium-wordpress\/ -->\n<title>Cuando falla la familia, tiene que estar la escuela - IFN<\/title>\n<meta name=\"description\" content=\"A lo largo de mi trayectoria me he encontrado con ni\u00f1os rotos por el desastre de sus familias. un buen profesor les puede salvar la vida.\" \/>\n<meta name=\"robots\" content=\"index, follow, max-snippet:-1, max-image-preview:large, max-video-preview:-1\" \/>\n<link rel=\"canonical\" href=\"https:\/\/ifamnews.com\/es\/cuando-falla-la-familia-tiene-que-estar-la-escuela\" \/>\n<meta property=\"og:locale\" content=\"es_ES\" \/>\n<meta property=\"og:type\" content=\"article\" \/>\n<meta property=\"og:title\" content=\"Cuando falla la familia, tiene que estar la escuela\" \/>\n<meta property=\"og:description\" content=\"A lo largo de mi trayectoria me he encontrado con ni\u00f1os rotos por el desastre de sus familias. un buen profesor les puede salvar la vida.\" \/>\n<meta property=\"og:url\" content=\"https:\/\/ifamnews.com\/es\/cuando-falla-la-familia-tiene-que-estar-la-escuela\" \/>\n<meta property=\"og:site_name\" content=\"IFN\" \/>\n<meta property=\"article:publisher\" content=\"https:\/\/www.facebook.com\/iFamNews\" \/>\n<meta property=\"article:published_time\" content=\"2021-03-18T05:00:00+00:00\" \/>\n<meta property=\"og:image\" content=\"https:\/\/ifamnews.com\/wp-content\/uploads\/2021\/03\/children-drawing-education-kindergarten-school-figure.png\" \/>\n\t<meta property=\"og:image:width\" content=\"1200\" \/>\n\t<meta property=\"og:image:height\" content=\"675\" \/>\n\t<meta property=\"og:image:type\" content=\"image\/png\" \/>\n<meta name=\"author\" content=\"Agata C.\" \/>\n<meta name=\"twitter:card\" content=\"summary_large_image\" \/>\n<meta name=\"twitter:creator\" content=\"@iFamNewsEN\" \/>\n<meta name=\"twitter:site\" content=\"@iFamNewsEN\" \/>\n<meta name=\"twitter:label1\" content=\"Escrito por\" \/>\n\t<meta name=\"twitter:data1\" content=\"Agata C.\" \/>\n\t<meta name=\"twitter:label2\" content=\"Tiempo de lectura\" \/>\n\t<meta name=\"twitter:data2\" content=\"3 minutos\" \/>\n<!-- \/ Yoast SEO Premium plugin. -->","yoast_head_json":{"title":"Cuando falla la familia, tiene que estar la escuela - IFN","description":"A lo largo de mi trayectoria me he encontrado con ni\u00f1os rotos por el desastre de sus familias. un buen profesor les puede salvar la vida.","robots":{"index":"index","follow":"follow","max-snippet":"max-snippet:-1","max-image-preview":"max-image-preview:large","max-video-preview":"max-video-preview:-1"},"canonical":"https:\/\/ifamnews.com\/es\/cuando-falla-la-familia-tiene-que-estar-la-escuela","og_locale":"es_ES","og_type":"article","og_title":"Cuando falla la familia, tiene que estar la escuela","og_description":"A lo largo de mi trayectoria me he encontrado con ni\u00f1os rotos por el desastre de sus familias. un buen profesor les puede salvar la vida.","og_url":"https:\/\/ifamnews.com\/es\/cuando-falla-la-familia-tiene-que-estar-la-escuela","og_site_name":"IFN","article_publisher":"https:\/\/www.facebook.com\/iFamNews","article_published_time":"2021-03-18T05:00:00+00:00","og_image":[{"width":1200,"height":675,"url":"https:\/\/ifamnews.com\/wp-content\/uploads\/2021\/03\/children-drawing-education-kindergarten-school-figure.png","type":"image\/png"}],"author":"Agata C.","twitter_card":"summary_large_image","twitter_creator":"@iFamNewsEN","twitter_site":"@iFamNewsEN","twitter_misc":{"Escrito por":"Agata C.","Tiempo de lectura":"3 minutos"},"schema":{"@context":"https:\/\/schema.org","@graph":[{"@type":"NewsArticle","@id":"https:\/\/ifamnews.com\/es\/cuando-falla-la-familia-tiene-que-estar-la-escuela#article","isPartOf":{"@id":"https:\/\/ifamnews.com\/es\/cuando-falla-la-familia-tiene-que-estar-la-escuela"},"author":{"name":"Agata C.","@id":"https:\/\/ifamnews.com\/en\/#\/schema\/person\/157178219207ccda6a0f94f3b9c56c30"},"headline":"Cuando falla la familia, tiene que estar la escuela","datePublished":"2021-03-18T05:00:00+00:00","mainEntityOfPage":{"@id":"https:\/\/ifamnews.com\/es\/cuando-falla-la-familia-tiene-que-estar-la-escuela"},"wordCount":686,"commentCount":0,"publisher":{"@id":"https:\/\/ifamnews.com\/en\/#organization"},"image":{"@id":"https:\/\/ifamnews.com\/es\/cuando-falla-la-familia-tiene-que-estar-la-escuela#primaryimage"},"thumbnailUrl":"https:\/\/ifamnews.com\/wp-content\/uploads\/2021\/03\/children-drawing-education-kindergarten-school-figure.png","articleSection":["Familia","Foreground","\u00daLTIMAS NOTICIAS"],"inLanguage":"es","potentialAction":[{"@type":"CommentAction","name":"Comment","target":["https:\/\/ifamnews.com\/es\/cuando-falla-la-familia-tiene-que-estar-la-escuela#respond"]}]},{"@type":"WebPage","@id":"https:\/\/ifamnews.com\/es\/cuando-falla-la-familia-tiene-que-estar-la-escuela","url":"https:\/\/ifamnews.com\/es\/cuando-falla-la-familia-tiene-que-estar-la-escuela","name":"Cuando falla la familia, tiene que estar la escuela - IFN","isPartOf":{"@id":"https:\/\/ifamnews.com\/en\/#website"},"primaryImageOfPage":{"@id":"https:\/\/ifamnews.com\/es\/cuando-falla-la-familia-tiene-que-estar-la-escuela#primaryimage"},"image":{"@id":"https:\/\/ifamnews.com\/es\/cuando-falla-la-familia-tiene-que-estar-la-escuela#primaryimage"},"thumbnailUrl":"https:\/\/ifamnews.com\/wp-content\/uploads\/2021\/03\/children-drawing-education-kindergarten-school-figure.png","datePublished":"2021-03-18T05:00:00+00:00","description":"A lo largo de mi trayectoria me he encontrado con ni\u00f1os rotos por el desastre de sus familias. un buen profesor les puede salvar la vida.","breadcrumb":{"@id":"https:\/\/ifamnews.com\/es\/cuando-falla-la-familia-tiene-que-estar-la-escuela#breadcrumb"},"inLanguage":"es","potentialAction":[{"@type":"ReadAction","target":["https:\/\/ifamnews.com\/es\/cuando-falla-la-familia-tiene-que-estar-la-escuela"]}]},{"@type":"ImageObject","inLanguage":"es","@id":"https:\/\/ifamnews.com\/es\/cuando-falla-la-familia-tiene-que-estar-la-escuela#primaryimage","url":"https:\/\/ifamnews.com\/wp-content\/uploads\/2021\/03\/children-drawing-education-kindergarten-school-figure.png","contentUrl":"https:\/\/ifamnews.com\/wp-content\/uploads\/2021\/03\/children-drawing-education-kindergarten-school-figure.png","width":1200,"height":675},{"@type":"BreadcrumbList","@id":"https:\/\/ifamnews.com\/es\/cuando-falla-la-familia-tiene-que-estar-la-escuela#breadcrumb","itemListElement":[{"@type":"ListItem","position":1,"name":"Home","item":"https:\/\/ifamnews.com\/de"},{"@type":"ListItem","position":2,"name":"\u041f\u043e\u0440\u043e\u0434\u0438\u0446\u0430","item":"https:\/\/ifamnews.com\/sr\/kategorija\/poroditsa"},{"@type":"ListItem","position":3,"name":"Cuando falla la familia, tiene que estar la escuela"}]},{"@type":"WebSite","@id":"https:\/\/ifamnews.com\/en\/#website","url":"https:\/\/ifamnews.com\/en\/","name":"IFN","description":"International Family News Network","publisher":{"@id":"https:\/\/ifamnews.com\/en\/#organization"},"potentialAction":[{"@type":"SearchAction","target":{"@type":"EntryPoint","urlTemplate":"https:\/\/ifamnews.com\/en\/?s={search_term_string}"},"query-input":{"@type":"PropertyValueSpecification","valueRequired":true,"valueName":"search_term_string"}}],"inLanguage":"es"},{"@type":"Organization","@id":"https:\/\/ifamnews.com\/en\/#organization","name":"iFamNews","url":"https:\/\/ifamnews.com\/en\/","logo":{"@type":"ImageObject","inLanguage":"es","@id":"https:\/\/ifamnews.com\/en\/#\/schema\/logo\/image\/","url":"https:\/\/ifamnews.com\/wp-content\/uploads\/2020\/01\/Share-logo.png","contentUrl":"https:\/\/ifamnews.com\/wp-content\/uploads\/2020\/01\/Share-logo.png","width":200,"height":200,"caption":"iFamNews"},"image":{"@id":"https:\/\/ifamnews.com\/en\/#\/schema\/logo\/image\/"},"sameAs":["https:\/\/www.facebook.com\/iFamNews","https:\/\/x.com\/iFamNewsEN"]},{"@type":"Person","@id":"https:\/\/ifamnews.com\/en\/#\/schema\/person\/157178219207ccda6a0f94f3b9c56c30","name":"Agata C.","image":{"@type":"ImageObject","inLanguage":"es","@id":"https:\/\/secure.gravatar.com\/avatar\/9e608d1e462edfde6a7dee5ee254b1277be5f703289d64570ec91869d8aad2c2?s=96&d=mm&r=g","url":"https:\/\/secure.gravatar.com\/avatar\/9e608d1e462edfde6a7dee5ee254b1277be5f703289d64570ec91869d8aad2c2?s=96&d=mm&r=g","contentUrl":"https:\/\/secure.gravatar.com\/avatar\/9e608d1e462edfde6a7dee5ee254b1277be5f703289d64570ec91869d8aad2c2?s=96&d=mm&r=g","caption":"Agata C."},"description":"Mother of a family, writer and psychopedagogue in a Spanish public institute.","url":"https:\/\/ifamnews.com\/es\/author\/agata-c"}]}},"amp_enabled":true,"_links":{"self":[{"href":"https:\/\/ifamnews.com\/es\/wp-json\/wp\/v2\/posts\/57113","targetHints":{"allow":["GET"]}}],"collection":[{"href":"https:\/\/ifamnews.com\/es\/wp-json\/wp\/v2\/posts"}],"about":[{"href":"https:\/\/ifamnews.com\/es\/wp-json\/wp\/v2\/types\/post"}],"author":[{"embeddable":true,"href":"https:\/\/ifamnews.com\/es\/wp-json\/wp\/v2\/users\/571"}],"replies":[{"embeddable":true,"href":"https:\/\/ifamnews.com\/es\/wp-json\/wp\/v2\/comments?post=57113"}],"version-history":[{"count":1,"href":"https:\/\/ifamnews.com\/es\/wp-json\/wp\/v2\/posts\/57113\/revisions"}],"predecessor-version":[{"id":57122,"href":"https:\/\/ifamnews.com\/es\/wp-json\/wp\/v2\/posts\/57113\/revisions\/57122"}],"wp:featuredmedia":[{"embeddable":true,"href":"https:\/\/ifamnews.com\/es\/wp-json\/wp\/v2\/media\/57114"}],"wp:attachment":[{"href":"https:\/\/ifamnews.com\/es\/wp-json\/wp\/v2\/media?parent=57113"}],"wp:term":[{"taxonomy":"category","embeddable":true,"href":"https:\/\/ifamnews.com\/es\/wp-json\/wp\/v2\/categories?post=57113"},{"taxonomy":"post_tag","embeddable":true,"href":"https:\/\/ifamnews.com\/es\/wp-json\/wp\/v2\/tags?post=57113"}],"curies":[{"name":"wp","href":"https:\/\/api.w.org\/{rel}","templated":true}]}}