{"id":55321,"date":"2021-02-25T01:00:00","date_gmt":"2021-02-25T06:00:00","guid":{"rendered":"https:\/\/ifamnews.com\/?p=55321"},"modified":"2021-02-19T04:28:50","modified_gmt":"2021-02-19T09:28:50","slug":"los-ni-os-como-sujetos-de-derecho-i-","status":"publish","type":"post","link":"https:\/\/ifamnews.com\/es\/los-ni-os-como-sujetos-de-derecho-i-","title":{"rendered":"Los ni\u00f1os como sujetos de derecho (i)"},"content":{"rendered":"\n<p>Mucho se habla de la Convenci\u00f3n de los Derechos del Ni\u00f1o invocando sus art\u00edculos como el paradigma de los derechos de la infancia y parece que el culmen de la era del reconocimiento internacional de los derechos humanos ten\u00eda que ser este Convenio. Ciertamente, debemos a la Convenci\u00f3n de Naciones Unidas sobre los Derechos del Ni\u00f1o de 1989, el reconocimiento jur\u00eddico de los ni\u00f1os como sujetos activos de derechos, merecedores de una protecci\u00f3n diferenciada de la que, para esos mismos derechos, reciben los adultos a fin de asegurar que el inter\u00e9s de los ni\u00f1os sea atendido como superior a cualquier otro inter\u00e9s leg\u00edtimo. Todos estamos de acuerdo en que no se vulnere a los ni\u00f1os, no se los violente ni explote de ninguna manera y que se enfoque cada decisi\u00f3n desde el inter\u00e9s predominante del ni\u00f1o.<\/p>\n\n\n\n<p>Hasta ah\u00ed, todos en sinton\u00eda, de un lado y del otro de cualquier ideolog\u00eda o posicionamiento pol\u00edtico. Pero hete aqu\u00ed, que, como viene sucediendo con aquello bien intencionado y compartido por todos por simple humanidad, viene el proguer\u00edo e intenta apropi\u00e1rselo, lo retuerce, lo confunde y lo pasa por sus filtros. Arrog\u00e1ndose, adem\u00e1s, la autoridad moral para se\u00f1alar como desde\u00f1able, a aquel que no siga sus consignas, sobre temas tan delicados y que despiertan una gran sensibilidad.<\/p>\n\n\n\n<p>Por ejemplo, uno de los derechos del Ni\u00f1o acordados por la Convenci\u00f3n, y el <strong>m\u00e1s fundamental de todos<\/strong>, porque sin \u00e9ste, no hay sujeto para apoyar todos los dem\u00e1s derechos, es el de la <strong>vida. <\/strong>Pero si entramos a la web de Unicef, casi no aparece ya formulado de esta manera, sino que habla mayoritariamente del derecho a la <strong>supervivencia, <\/strong>nombrando al pasar o, mayormente, obviando la menci\u00f3n a la vida, condici\u00f3n de base para poder sobrevivir luego.Un matiz que no es banal sino intencionado. <strong>Dejando que la alusi\u00f3n del derecho a la vida se difumine o directamente, desaparezca.<\/strong><\/p>\n\n\n\n<p>As\u00ed, <strong>esto permite<\/strong> que el catecismo progre, muy bien representado en la ONU y sus agencias, puedan hacer la pirueta de <strong>no defender el derecho a la vida de los que est\u00e1n por nacer, sino todo lo contrario, abogar por el aborto, es decir su aniquilaci\u00f3n<\/strong>. Y, a la vez, quedarse con los derechos que m\u00e1s les cuadra con sus intereses, como el de no discriminaci\u00f3n y el derecho a ser escuchados y respetar sus opiniones; para instrumentalizarlos y orientarlos hacia derroteros de \u201clibertad y emancipaci\u00f3n\u201d, lo que traducido significa hipersexualizaci\u00f3n, cultura antinatalista e ideolog\u00eda de g\u00e9nero. Para m\u00e1s referencias de este proceder, basta con escuchar el testimonio de Amparo Medina, ex consultora de la ONU, por citar un ejemplo. Mientras que, una muestra de lo primero, la tenemos en el \u00faltimo caso que se acaba de dar en Honduras, mostrando su reprobaci\u00f3n al blindaje a la vida que sus legisladores votaron en pleno ejercicio de su soberan\u00eda. Algo que no quedar\u00e1 solo en un \u201ctir\u00f3n de orejas\u201d p\u00fablico, sino que tendr\u00e1 repercusiones en los fondos para el desarrollo destinados a ese pa\u00eds, en un vil chantaje a los que no cumplen con la ortodoxia del organismo.<\/p>\n\n\n\n<p>Llegados a este punto, quien no comulgue, a la hoguera y a la cancelaci\u00f3n social. Pero a los pa\u00edses no es a los \u00fanicos que atacan en este caso, sino a la familia misma, al confirmar, por la v\u00eda de los hechos, que los ni\u00f1os no tienen derechos antes de nacer. Ni Estado, ni padres, muchas veces y lamentablemente, que los defiendan. Porque entran en \u201ccolisi\u00f3n\u201d con otro derecho que imponen como prevalente, que es el derecho \u201creproductivo\u201d de la madre. Un neo derecho inventado que sirve de comod\u00edn para la anticoncepci\u00f3n, el adoctrinamiento sexual y el aborto.<\/p>\n\n\n\n<p>Entonces tenemos que, a la hora de un embarazo adolescente, prima su \u201cderecho\u201d a abortar o cuando antes de la pubertad se \u201cidentifican\u201d del otro sexo para hormonarse en contra de la voluntad de los padres o de uno de ellos, prevalece su derecho a la \u201cidentidad\u201d. Pero en los vientres de alquiler, ninguno piensa en el derecho del ni\u00f1o a su identidad y a conocer sus or\u00edgenes y a que no sea fabricado y vendido como mercanc\u00eda, por mucho amor que sus padres compradores le brinden. Ante la ESI (Educaci\u00f3n sexual integral), \u00bfcu\u00e1l vale m\u00e1s?, \u00bfel derecho del ni\u00f1o a recibir educaci\u00f3n o el de los padres a educarlos en valores?<\/p>\n\n\n\n<p>Ah\u00ed es donde quiere venir el Estado a dirimir. Eligiendo educaci\u00f3n para el ni\u00f1o, pero la que \u201cpap\u00e1 Estado\u201d quiere, porque los verdaderos y \u00fanicos padres \u201cno saben\u201d.<\/p>\n\n\n\n<p>Es decir, <strong>se ha vuelto \u00fatil invocar los derechos de los ni\u00f1os<\/strong> (los que convienen solamente) <strong>en tanto y en cuanto debiliten a la familia<\/strong>. En el aborto, esto es lo m\u00e1s debilitante, por tanto, abogo por \u00e9l. Luego si llegan a nacer, ya se ocupar\u00e1n de enfrentar a padres contra hijos para sacar ganancia de la divisi\u00f3n. Este ser\u00e1 el tema del pr\u00f3ximo art\u00edculo, que, en realidad, dar\u00e1 para m\u00ednimo una trilog\u00eda. <em>Stay tuned<\/em>.<\/p>\n","protected":false},"excerpt":{"rendered":"<p>Todos estamos de acuerdo en que no se vulnere a los ni\u00f1os, no se los violente ni explote de ninguna manera y que se enfoque cada decisi\u00f3n desde el inter\u00e9s predominante del ni\u00f1o. Uno de los derechos del Ni\u00f1o acordados por la Convenci\u00f3n, y el m\u00e1s fundamental de todos, porque sin \u00e9ste, no hay sujeto para apoyar todos los dem\u00e1s derechos, es el de la vida.<\/p>\n","protected":false},"author":572,"featured_media":55339,"comment_status":"open","ping_status":"open","sticky":false,"template":"","format":"standard","meta":{"give_campaign_id":0,"om_disable_all_campaigns":false,"_monsterinsights_skip_tracking":false,"_monsterinsights_sitenote_active":false,"_monsterinsights_sitenote_note":"","_monsterinsights_sitenote_category":0,"mc4wp_mailchimp_campaign":[],"jnews-multi-image_gallery":[],"jnews_single_post":{"subtitle":"Todos estamos de acuerdo en que no se vulnere a los ni\u00f1os, no se los violente ni explote de ninguna manera y que se enfoque cada decisi\u00f3n desde el inter\u00e9s predominante del ni\u00f1o. Uno de los derechos del Ni\u00f1o acordados por la Convenci\u00f3n, y el m\u00e1s fundamental de todos, porque sin \u00e9ste, no hay sujeto para apoyar todos los dem\u00e1s derechos, es el de la vida.","format":"standard","video":"","gallery":"","source_name":"","source_url":"","via_name":"","via_url":"","override":[{"single_blog_custom":"","sidebar":"","second_sidebar":"","share_position":"","share_float_style":"","post_date_format":"","post_date_format_custom":"","post_reading_time_wpm":"","zoom_button_out_step":"1","zoom_button_in_step":"1","number_popup_post":"1"}],"image_override":[{"single_post_thumbnail_size":"","single_post_gallery_size":""}],"trending_post_position":"","trending_post_label":"","sponsored_post_label":"","sponsored_post_name":"","sponsored_post_url":"","sponsored_post_logo":"","sponsored_post_desc":""},"jnews_primary_category":{"id":"775"},"jnews_social_meta":{"fb_title":"","fb_description":"","fb_image":"","twitter_title":"","twitter_description":"","twitter_image":""},"jnews_override_counter":{"view_counter_number":"0","share_counter_number":"0","like_counter_number":"0","dislike_counter_number":"0"},"footnotes":""},"categories":[775,810,815],"tags":[2026,3047,3957],"class_list":["post-55321","post","type-post","status-publish","format-standard","has-post-thumbnail","hentry","category-familia","category-foreground-es","category-breaking-news-es","tag-convencion-sobre-los-derechos-del-nino","tag-derechos-humanos","tag-ninos"],"yoast_head":"<!-- This site is optimized with the Yoast SEO Premium plugin v25.9 (Yoast SEO v27.3) - https:\/\/yoast.com\/product\/yoast-seo-premium-wordpress\/ -->\n<title>Los ni\u00f1os como sujetos de derecho (i) - IFN<\/title>\n<meta name=\"description\" content=\"El m\u00e1s fundamental (sin \u00e9ste, no hay sujeto para apoyar los dem\u00e1s) de los derechos del Ni\u00f1o acordados por la Convenci\u00f3n es el de la vida.\" \/>\n<meta name=\"robots\" content=\"index, follow, max-snippet:-1, max-image-preview:large, max-video-preview:-1\" \/>\n<link rel=\"canonical\" href=\"https:\/\/ifamnews.com\/es\/los-ni-os-como-sujetos-de-derecho-i-\" \/>\n<meta property=\"og:locale\" content=\"es_ES\" \/>\n<meta property=\"og:type\" content=\"article\" \/>\n<meta property=\"og:title\" content=\"Los ni\u00f1os como sujetos de derecho (i)\" \/>\n<meta property=\"og:description\" content=\"El m\u00e1s fundamental (sin \u00e9ste, no hay sujeto para apoyar los dem\u00e1s) de los derechos del Ni\u00f1o acordados por la Convenci\u00f3n es el de la vida.\" \/>\n<meta property=\"og:url\" content=\"https:\/\/ifamnews.com\/es\/los-ni-os-como-sujetos-de-derecho-i-\" \/>\n<meta property=\"og:site_name\" content=\"IFN\" \/>\n<meta property=\"article:publisher\" content=\"https:\/\/www.facebook.com\/iFamNews\" \/>\n<meta property=\"article:author\" content=\"https:\/\/facebook.com\/romina.gemignani\" \/>\n<meta property=\"article:published_time\" content=\"2021-02-25T06:00:00+00:00\" \/>\n<meta property=\"og:image\" content=\"https:\/\/ifamnews.com\/wp-content\/uploads\/2021\/02\/Children-1.png\" \/>\n\t<meta property=\"og:image:width\" content=\"1200\" \/>\n\t<meta property=\"og:image:height\" content=\"674\" \/>\n\t<meta property=\"og:image:type\" content=\"image\/png\" \/>\n<meta name=\"author\" content=\"Romina Gemignani\" \/>\n<meta name=\"twitter:card\" content=\"summary_large_image\" \/>\n<meta name=\"twitter:creator\" content=\"@https:\/\/twitter.com\/RominaGemignani\" \/>\n<meta name=\"twitter:site\" content=\"@iFamNewsEN\" \/>\n<meta name=\"twitter:label1\" content=\"Escrito por\" \/>\n\t<meta name=\"twitter:data1\" content=\"Romina Gemignani\" \/>\n\t<meta name=\"twitter:label2\" content=\"Tiempo de lectura\" \/>\n\t<meta name=\"twitter:data2\" content=\"4 minutos\" \/>\n<!-- \/ Yoast SEO Premium plugin. -->","yoast_head_json":{"title":"Los ni\u00f1os como sujetos de derecho (i) - IFN","description":"El m\u00e1s fundamental (sin \u00e9ste, no hay sujeto para apoyar los dem\u00e1s) de los derechos del Ni\u00f1o acordados por la Convenci\u00f3n es el de la vida.","robots":{"index":"index","follow":"follow","max-snippet":"max-snippet:-1","max-image-preview":"max-image-preview:large","max-video-preview":"max-video-preview:-1"},"canonical":"https:\/\/ifamnews.com\/es\/los-ni-os-como-sujetos-de-derecho-i-","og_locale":"es_ES","og_type":"article","og_title":"Los ni\u00f1os como sujetos de derecho (i)","og_description":"El m\u00e1s fundamental (sin \u00e9ste, no hay sujeto para apoyar los dem\u00e1s) de los derechos del Ni\u00f1o acordados por la Convenci\u00f3n es el de la vida.","og_url":"https:\/\/ifamnews.com\/es\/los-ni-os-como-sujetos-de-derecho-i-","og_site_name":"IFN","article_publisher":"https:\/\/www.facebook.com\/iFamNews","article_author":"https:\/\/facebook.com\/romina.gemignani","article_published_time":"2021-02-25T06:00:00+00:00","og_image":[{"width":1200,"height":674,"url":"https:\/\/ifamnews.com\/wp-content\/uploads\/2021\/02\/Children-1.png","type":"image\/png"}],"author":"Romina Gemignani","twitter_card":"summary_large_image","twitter_creator":"@https:\/\/twitter.com\/RominaGemignani","twitter_site":"@iFamNewsEN","twitter_misc":{"Escrito por":"Romina Gemignani","Tiempo de lectura":"4 minutos"},"schema":{"@context":"https:\/\/schema.org","@graph":[{"@type":"NewsArticle","@id":"https:\/\/ifamnews.com\/es\/los-ni-os-como-sujetos-de-derecho-i-#article","isPartOf":{"@id":"https:\/\/ifamnews.com\/es\/los-ni-os-como-sujetos-de-derecho-i-"},"author":{"name":"Romina Gemignani","@id":"https:\/\/ifamnews.com\/en\/#\/schema\/person\/2ea68ad8ac2d68a1488bc03f9b4d53c3"},"headline":"Los ni\u00f1os como sujetos de derecho (i)","datePublished":"2021-02-25T06:00:00+00:00","mainEntityOfPage":{"@id":"https:\/\/ifamnews.com\/es\/los-ni-os-como-sujetos-de-derecho-i-"},"wordCount":902,"commentCount":0,"publisher":{"@id":"https:\/\/ifamnews.com\/en\/#organization"},"image":{"@id":"https:\/\/ifamnews.com\/es\/los-ni-os-como-sujetos-de-derecho-i-#primaryimage"},"thumbnailUrl":"https:\/\/ifamnews.com\/wp-content\/uploads\/2021\/02\/Children-1.png","keywords":["Convenci\u00f3n sobre los Derechos del Ni\u00f1o","derechos humanos","ni\u00f1os"],"articleSection":["Familia","Foreground","\u00daLTIMAS NOTICIAS"],"inLanguage":"es","potentialAction":[{"@type":"CommentAction","name":"Comment","target":["https:\/\/ifamnews.com\/es\/los-ni-os-como-sujetos-de-derecho-i-#respond"]}]},{"@type":"WebPage","@id":"https:\/\/ifamnews.com\/es\/los-ni-os-como-sujetos-de-derecho-i-","url":"https:\/\/ifamnews.com\/es\/los-ni-os-como-sujetos-de-derecho-i-","name":"Los ni\u00f1os como sujetos de derecho (i) - IFN","isPartOf":{"@id":"https:\/\/ifamnews.com\/en\/#website"},"primaryImageOfPage":{"@id":"https:\/\/ifamnews.com\/es\/los-ni-os-como-sujetos-de-derecho-i-#primaryimage"},"image":{"@id":"https:\/\/ifamnews.com\/es\/los-ni-os-como-sujetos-de-derecho-i-#primaryimage"},"thumbnailUrl":"https:\/\/ifamnews.com\/wp-content\/uploads\/2021\/02\/Children-1.png","datePublished":"2021-02-25T06:00:00+00:00","description":"El m\u00e1s fundamental (sin \u00e9ste, no hay sujeto para apoyar los dem\u00e1s) de los derechos del Ni\u00f1o acordados por la Convenci\u00f3n es el de la vida.","breadcrumb":{"@id":"https:\/\/ifamnews.com\/es\/los-ni-os-como-sujetos-de-derecho-i-#breadcrumb"},"inLanguage":"es","potentialAction":[{"@type":"ReadAction","target":["https:\/\/ifamnews.com\/es\/los-ni-os-como-sujetos-de-derecho-i-"]}]},{"@type":"ImageObject","inLanguage":"es","@id":"https:\/\/ifamnews.com\/es\/los-ni-os-como-sujetos-de-derecho-i-#primaryimage","url":"https:\/\/ifamnews.com\/wp-content\/uploads\/2021\/02\/Children-1.png","contentUrl":"https:\/\/ifamnews.com\/wp-content\/uploads\/2021\/02\/Children-1.png","width":1200,"height":674},{"@type":"BreadcrumbList","@id":"https:\/\/ifamnews.com\/es\/los-ni-os-como-sujetos-de-derecho-i-#breadcrumb","itemListElement":[{"@type":"ListItem","position":1,"name":"Home","item":"https:\/\/ifamnews.com\/de"},{"@type":"ListItem","position":2,"name":"\u041f\u043e\u0440\u043e\u0434\u0438\u0446\u0430","item":"https:\/\/ifamnews.com\/sr\/kategorija\/poroditsa"},{"@type":"ListItem","position":3,"name":"Los ni\u00f1os como sujetos de derecho (i)"}]},{"@type":"WebSite","@id":"https:\/\/ifamnews.com\/en\/#website","url":"https:\/\/ifamnews.com\/en\/","name":"IFN","description":"International Family News Network","publisher":{"@id":"https:\/\/ifamnews.com\/en\/#organization"},"potentialAction":[{"@type":"SearchAction","target":{"@type":"EntryPoint","urlTemplate":"https:\/\/ifamnews.com\/en\/?s={search_term_string}"},"query-input":{"@type":"PropertyValueSpecification","valueRequired":true,"valueName":"search_term_string"}}],"inLanguage":"es"},{"@type":"Organization","@id":"https:\/\/ifamnews.com\/en\/#organization","name":"iFamNews","url":"https:\/\/ifamnews.com\/en\/","logo":{"@type":"ImageObject","inLanguage":"es","@id":"https:\/\/ifamnews.com\/en\/#\/schema\/logo\/image\/","url":"https:\/\/ifamnews.com\/wp-content\/uploads\/2020\/01\/Share-logo.png","contentUrl":"https:\/\/ifamnews.com\/wp-content\/uploads\/2020\/01\/Share-logo.png","width":200,"height":200,"caption":"iFamNews"},"image":{"@id":"https:\/\/ifamnews.com\/en\/#\/schema\/logo\/image\/"},"sameAs":["https:\/\/www.facebook.com\/iFamNews","https:\/\/x.com\/iFamNewsEN"]},{"@type":"Person","@id":"https:\/\/ifamnews.com\/en\/#\/schema\/person\/2ea68ad8ac2d68a1488bc03f9b4d53c3","name":"Romina Gemignani","image":{"@type":"ImageObject","inLanguage":"es","@id":"https:\/\/secure.gravatar.com\/avatar\/2edff84f0b55c2b3d4bec6bfb92f15b9d4b0c7fc33247c57ebee6dc3977fc003?s=96&d=mm&r=g","url":"https:\/\/secure.gravatar.com\/avatar\/2edff84f0b55c2b3d4bec6bfb92f15b9d4b0c7fc33247c57ebee6dc3977fc003?s=96&d=mm&r=g","contentUrl":"https:\/\/secure.gravatar.com\/avatar\/2edff84f0b55c2b3d4bec6bfb92f15b9d4b0c7fc33247c57ebee6dc3977fc003?s=96&d=mm&r=g","caption":"Romina Gemignani"},"description":"Romina Gemignani is a Radio broadcaster. Woman of faith, wife and mother. Activist for life and strong defender of the natural family.","sameAs":["https:\/\/facebook.com\/romina.gemignani","https:\/\/x.com\/https:\/\/twitter.com\/RominaGemignani"],"url":"https:\/\/ifamnews.com\/es\/author\/romina-gemignani"}]}},"amp_enabled":true,"_links":{"self":[{"href":"https:\/\/ifamnews.com\/es\/wp-json\/wp\/v2\/posts\/55321","targetHints":{"allow":["GET"]}}],"collection":[{"href":"https:\/\/ifamnews.com\/es\/wp-json\/wp\/v2\/posts"}],"about":[{"href":"https:\/\/ifamnews.com\/es\/wp-json\/wp\/v2\/types\/post"}],"author":[{"embeddable":true,"href":"https:\/\/ifamnews.com\/es\/wp-json\/wp\/v2\/users\/572"}],"replies":[{"embeddable":true,"href":"https:\/\/ifamnews.com\/es\/wp-json\/wp\/v2\/comments?post=55321"}],"version-history":[{"count":1,"href":"https:\/\/ifamnews.com\/es\/wp-json\/wp\/v2\/posts\/55321\/revisions"}],"predecessor-version":[{"id":55347,"href":"https:\/\/ifamnews.com\/es\/wp-json\/wp\/v2\/posts\/55321\/revisions\/55347"}],"wp:featuredmedia":[{"embeddable":true,"href":"https:\/\/ifamnews.com\/es\/wp-json\/wp\/v2\/media\/55339"}],"wp:attachment":[{"href":"https:\/\/ifamnews.com\/es\/wp-json\/wp\/v2\/media?parent=55321"}],"wp:term":[{"taxonomy":"category","embeddable":true,"href":"https:\/\/ifamnews.com\/es\/wp-json\/wp\/v2\/categories?post=55321"},{"taxonomy":"post_tag","embeddable":true,"href":"https:\/\/ifamnews.com\/es\/wp-json\/wp\/v2\/tags?post=55321"}],"curies":[{"name":"wp","href":"https:\/\/api.w.org\/{rel}","templated":true}]}}