{"id":44581,"date":"2021-01-03T09:05:32","date_gmt":"2021-01-03T14:05:32","guid":{"rendered":"https:\/\/ifamnews.com\/?p=44581"},"modified":"2021-01-03T09:05:35","modified_gmt":"2021-01-03T14:05:35","slug":"entre-r-os-argentina-entre-el-estado-de-derecho-y-el-estado-autoritario","status":"publish","type":"post","link":"https:\/\/ifamnews.com\/es\/entre-r-os-argentina-entre-el-estado-de-derecho-y-el-estado-autoritario","title":{"rendered":"Entre R\u00edos, Argentina: Entre el estado de derecho y el estado autoritario"},"content":{"rendered":"\n<p><strong>El prohombre de Entre R\u00edos<\/strong><\/p>\n\n\n\n<p>El 25 de octubre de 2020, el gobernador de la provincia de Entre R\u00edos, <strong>Gustavo Bordet<\/strong>, se ufanaba en Twitter de que en ese territorio \u201c<em>las instituciones y el estado de derecho est\u00e1n plenamente vigentes<\/em>\u201d.\u00a0 Adem\u00e1s, agregaba que en Entre R\u00edos debemos \u201c<em>ajustarnos a derecho y respetar las decisiones del poder judicial<\/em>\u201d. Tambi\u00e9n daba c\u00e1tedra se\u00f1alando que \u201c<em>Somos una provincia que respeta la ley desde la historia y las instituciones<\/em>\u201d y que \u201c<em>No nos toca a nosotros expedirnos sobre hechos judicializados<\/em>\u201d.<br><\/p>\n\n\n\n<figure class=\"wp-block-image size-large\"><img decoding=\"async\" width=\"1024\" height=\"948\" src=\"https:\/\/ifamnews.com\/wp-content\/uploads\/2021\/01\/1-1-1024x948.jpg\" alt=\"\" class=\"wp-image-44601\" srcset=\"https:\/\/ifamnews.com\/wp-content\/uploads\/2021\/01\/1-1-1024x948.jpg 1024w, https:\/\/ifamnews.com\/wp-content\/uploads\/2021\/01\/1-1-768x711.jpg 768w, https:\/\/ifamnews.com\/wp-content\/uploads\/2021\/01\/1-1-1536x1422.jpg 1536w, https:\/\/ifamnews.com\/wp-content\/uploads\/2021\/01\/1-1-750x695.jpg 750w, https:\/\/ifamnews.com\/wp-content\/uploads\/2021\/01\/1-1-1140x1056.jpg 1140w, https:\/\/ifamnews.com\/wp-content\/uploads\/2021\/01\/1-1.jpg 1677w\" sizes=\"(max-width: 1024px) 100vw, 1024px\" \/><\/figure>\n\n\n\n<p><strong>Gustavo Bordet<\/strong> aprovech\u00f3 las redes tambi\u00e9n para pedirle a la Virgen Mar\u00eda que lo gu\u00ede \u201c<em>para seguir cuidando la vida y la salud de nuestro pueblo<\/em>\u201d y en el d\u00eda mundial del SIDA para proclamar que trabajar\u00eda en \u201c<em>una sociedad sin prejuicios<\/em>\u201d.<\/p>\n\n\n\n<p>De un plumazo, hace pocos d\u00edas el Gobernador <strong>Bordet<\/strong> se ocup\u00f3 de tirar por la borda su autoridad moral, su defensa del estado de derecho, su respeto a la justicia, sus plegarias a la Virgen y sus proclamas de trabajo en pos de una sociedad <em>sin prejuicios<\/em>.<\/p>\n\n\n\n<p><strong>\u00bfC\u00f3mo es posible? \u00bfQu\u00e9 pas\u00f3?<\/strong><\/p>\n\n\n\n<p>En una carta dirigida al gobernador <strong>Bordet<\/strong> un reducido grupo de abortista \u2013 no representativo de la poblaci\u00f3n entrerriana \u2013 le reclam\u00f3 por la habilitaci\u00f3n profesional del m\u00e9dico ginec\u00f3logo y le pidi\u00f3 la suspensi\u00f3n de su licencia para ejercer medicina en esa provincia.<\/p>\n\n\n\n<p>Fundaron su pedido en la persecuci\u00f3n penal que existe en la Provincia de Entre R\u00edos contra este m\u00e9dico, objetor de conciencia para practicar abortos.<\/p>\n\n\n\n<p>A ra\u00edz de ello, el s\u00e1bado 21 de noviembre el Ministerio de Salud de Entre R\u00edos, por Resoluci\u00f3n N\u00b0 4649, le suspendi\u00f3 la matr\u00edcula profesional a <strong>Leandro Javier Rodr\u00edguez Lastra<\/strong> para el ejercer como m\u00e9dico tocoginec\u00f3logo en territorio entrerriano. Por lo tanto, el m\u00e9dico deber\u00eda cerrar su consultorio privado y abstenerse de ejercer la medicina en Entre R\u00edos.<\/p>\n\n\n\n<p>As\u00ed de extra\u00f1o como suena: en Entre R\u00edos, donde seg\u00fan el gobernador impera el respeto a la ley y el estado de derecho, pareciera que esta ser\u00eda la excepci\u00f3n a la regla\u2026<\/p>\n\n\n\n<p><strong>Politizaci\u00f3n de la Justicia<\/strong><\/p>\n\n\n\n<p>Lo cierto es que la condena al m\u00e9dico Rodr\u00edguez Lastra en la provincia de R\u00edo Negro todav\u00eda no ha sido resuelta en forma definitiva. Por lo tanto, hasta que exista condena firme, se presume su inocencia. O al menos debiera presumirse. Tambi\u00e9n es cierto que, a\u00fan si se lo condenara, la eventual pena (prisi\u00f3n en suspenso e inhabilitaci\u00f3n para ejercer un cargo p\u00fablico) no abarcar\u00eda nunca el ejercicio profesional de la medicina en forma privada.<\/p>\n\n\n\n<p>Sin embargo en Entre R\u00edos, en forma autoritaria e ilegal, se le ha impuesto a este m\u00e9dico una <em>condena<\/em> <em>creada a medida<\/em> por resoluci\u00f3n ministerial y que no est\u00e1 prevista en ninguna ley. Sin derecho a defensa y sin considerar la presunci\u00f3n de inocencia de todo argentino prevista en la Constituci\u00f3n.<\/p>\n\n\n\n<p>Al parecer, s\u00f3lo interesa al poder pol\u00edtico perseguir a quienes defienden lo que el art\u00edculo 16 de la Constituci\u00f3n de Entre R\u00edos dice expresamente:<\/p>\n\n\n\n<p><em>\u201cLa Provincia reconoce y garantiza a las personas el derecho a la vida y, en general, desde la concepci\u00f3n hasta la muerte digna. Nadie puede ser privado de ella arbitrariamente\u201d<\/em><\/p>\n\n\n\n<p>Todo indicar\u00eda que, arbitrariamente, el Gobernador s\u00ed puede privar a un m\u00e9dico de trabajar en Entre R\u00edos.<\/p>\n\n\n\n<p><strong>El l\u00edder asustadizo<\/strong><\/p>\n\n\n\n<p>Esta sucesi\u00f3n de hechos demuestra que quien pretendi\u00f3 erigirse en adalid de la justicia y el derecho pudo dejar r\u00e1pidamente de lado sus altos ideales de gobierno. \u00bfA causa de la invasi\u00f3n &nbsp;de un ej\u00e9rcito extranjero? \u00bfUna resoluci\u00f3n de un tribunal internacional? No. Bast\u00f3 una simple nota firmada por algunas se\u00f1oras.<\/p>\n\n\n\n<p>\u00a1S\u00ed, estimado lector!, este caudillo asustadizo es el sucesor de Justo Jos\u00e9 de Urquiza. As\u00ed defiende las instituciones y el derecho a trabajar honestamente a quienes desean habitar en tierra entrerriana. As\u00ed estamos\u2026<\/p>\n\n\n\n<p><strong>Oportunidad y m\u00e9rito o cobard\u00eda pol\u00edtica y conveniencia.<\/strong><\/p>\n\n\n\n<p>Frente a este hecho jur\u00eddicamente vergonzoso, resulta llamativo el silencio de los pol\u00edticos tanto nacionales como de esa provincia. Cuando se avasallan los derechos de un ciudadano de modo tan p\u00fablico y flagrante, la indiferencia (o la cobard\u00eda) es la que impera. Nadie dice nada.<\/p>\n\n\n\n<p>Por su parte, los medios apenas se animan a mencionar el episodio. Despu\u00e9s de todo, atropellar el derecho a trabajar de un m\u00e9dico, no es atropellar un periodista.<\/p>\n\n\n\n<p>Finalmente, resulta oportuno destacar que en nuestro pa\u00eds, solamente el 2,5% de los graduados de medicina provienen la Provincia de Entre R\u00edos. Es m\u00e1s, el d\u00e9ficit de personal sanitario en Entre r\u00edos viene desde mucho tiempo atr\u00e1s. Mucho antes de la aparici\u00f3n del coronavirus. \u00bfCausa probable? La falta de pol\u00edticas p\u00fablicas de salud en la provincia, los bajos salarios y la falta de incentivos. El resultado evidente es la proliferaci\u00f3n de pueblos y salas de atenci\u00f3n sanitaria sin profesionales.<\/p>\n\n\n\n<p>Hoy, los m\u00e9dicos y los enfermeros son los profesionales m\u00e1s demandados y m\u00e1s escasos en Entre R\u00edos. As\u00ed y todo, el gobernador <strong>Bordet<\/strong> puede darse el lujo de impedirle trabajar a un ginec\u00f3logo para perseguir y adoctrinar ideol\u00f3gicamente al personal de salud provincial.<\/p>\n\n\n\n<p>\u00a1Qu\u00e9 loco! \u00bfno?<\/p>\n","protected":false},"excerpt":{"rendered":"<p>En Entre R\u00edos, en forma autoritaria e ilegal, se le ha impuesto al m\u00e9dico Rodr\u00edguez Lastra una condena creada a medida por resoluci\u00f3n ministerial y que no est\u00e1 prevista en ninguna ley. Sin derecho a defensa y sin considerar la presunci\u00f3n de inocencia de todo argentino prevista en la Constituci\u00f3n.<\/p>\n","protected":false},"author":583,"featured_media":44614,"comment_status":"open","ping_status":"open","sticky":false,"template":"","format":"standard","meta":{"give_campaign_id":0,"om_disable_all_campaigns":false,"_monsterinsights_skip_tracking":false,"_monsterinsights_sitenote_active":false,"_monsterinsights_sitenote_note":"","_monsterinsights_sitenote_category":0,"mc4wp_mailchimp_campaign":[],"jnews-multi-image_gallery":[],"jnews_single_post":{"subtitle":"","format":"standard","video":"","gallery":"","source_name":"","source_url":"","via_name":"","via_url":"","override":[{"single_blog_custom":"","sidebar":"","second_sidebar":"","share_position":"","share_float_style":"","post_date_format":"","post_date_format_custom":"","post_reading_time_wpm":"","zoom_button_out_step":"1","zoom_button_in_step":"1","number_popup_post":"1"}],"image_override":[{"single_post_thumbnail_size":"","single_post_gallery_size":""}],"trending_post_position":"","trending_post_label":"","sponsored_post_label":"","sponsored_post_name":"","sponsored_post_url":"","sponsored_post_logo":"","sponsored_post_desc":""},"jnews_primary_category":{"id":"772"},"jnews_social_meta":{"fb_title":"","fb_description":"","fb_image":"","twitter_title":"","twitter_description":"","twitter_image":""},"jnews_override_counter":{"view_counter_number":"0","share_counter_number":"0","like_counter_number":"0","dislike_counter_number":"0"},"footnotes":""},"categories":[772,810,815,818],"tags":[831,6544],"class_list":["post-44581","post","type-post","status-publish","format-standard","has-post-thumbnail","hentry","category-ciencias","category-foreground-es","category-breaking-news-es","category-vida","tag-aborto-2","tag-argentina-2"],"yoast_head":"<!-- This site is optimized with the Yoast SEO Premium plugin v25.9 (Yoast SEO v27.3) - https:\/\/yoast.com\/product\/yoast-seo-premium-wordpress\/ -->\n<title>Entre R\u00edos, Argentina: Entre el estado de derecho y el estado autoritario - IFN<\/title>\n<meta name=\"description\" content=\"Al parecer, s\u00f3lo interesa al poder pol\u00edtico perseguir a quienes defienden lo que el art\u00edculo 16 de la Constituci\u00f3n de Entre R\u00edos dice.\" \/>\n<meta name=\"robots\" content=\"index, follow, max-snippet:-1, max-image-preview:large, max-video-preview:-1\" \/>\n<link rel=\"canonical\" href=\"https:\/\/ifamnews.com\/es\/entre-r-os-argentina-entre-el-estado-de-derecho-y-el-estado-autoritario\" \/>\n<meta property=\"og:locale\" content=\"es_ES\" \/>\n<meta property=\"og:type\" content=\"article\" \/>\n<meta property=\"og:title\" content=\"Entre R\u00edos, Argentina: Entre el estado de derecho y el estado autoritario\" \/>\n<meta property=\"og:description\" content=\"Al parecer, s\u00f3lo interesa al poder pol\u00edtico perseguir a quienes defienden lo que el art\u00edculo 16 de la Constituci\u00f3n de Entre R\u00edos dice.\" \/>\n<meta property=\"og:url\" content=\"https:\/\/ifamnews.com\/es\/entre-r-os-argentina-entre-el-estado-de-derecho-y-el-estado-autoritario\" \/>\n<meta property=\"og:site_name\" content=\"IFN\" \/>\n<meta property=\"article:publisher\" content=\"https:\/\/www.facebook.com\/iFamNews\" \/>\n<meta property=\"article:author\" content=\"https:\/\/facebook.com\/Martn-Zeballos-Ayerza-102756821496570\" \/>\n<meta property=\"article:published_time\" content=\"2021-01-03T14:05:32+00:00\" \/>\n<meta property=\"article:modified_time\" content=\"2021-01-03T14:05:35+00:00\" \/>\n<meta property=\"og:image\" content=\"https:\/\/ifamnews.com\/wp-content\/uploads\/2021\/01\/Leandro-Javier-Rodriguez-Lastra.png\" \/>\n\t<meta property=\"og:image:width\" content=\"1200\" \/>\n\t<meta property=\"og:image:height\" content=\"674\" \/>\n\t<meta property=\"og:image:type\" content=\"image\/png\" \/>\n<meta name=\"author\" content=\"Mart\u00edn Zeballos Ayerza\" \/>\n<meta name=\"twitter:card\" content=\"summary_large_image\" \/>\n<meta name=\"twitter:creator\" content=\"@https:\/\/twitter.com\/martincho46\" \/>\n<meta name=\"twitter:site\" content=\"@iFamNewsEN\" \/>\n<meta name=\"twitter:label1\" content=\"Escrito por\" \/>\n\t<meta name=\"twitter:data1\" content=\"Mart\u00edn Zeballos Ayerza\" \/>\n\t<meta name=\"twitter:label2\" content=\"Tiempo de lectura\" \/>\n\t<meta name=\"twitter:data2\" content=\"5 minutos\" \/>\n<!-- \/ Yoast SEO Premium plugin. -->","yoast_head_json":{"title":"Entre R\u00edos, Argentina: Entre el estado de derecho y el estado autoritario - IFN","description":"Al parecer, s\u00f3lo interesa al poder pol\u00edtico perseguir a quienes defienden lo que el art\u00edculo 16 de la Constituci\u00f3n de Entre R\u00edos dice.","robots":{"index":"index","follow":"follow","max-snippet":"max-snippet:-1","max-image-preview":"max-image-preview:large","max-video-preview":"max-video-preview:-1"},"canonical":"https:\/\/ifamnews.com\/es\/entre-r-os-argentina-entre-el-estado-de-derecho-y-el-estado-autoritario","og_locale":"es_ES","og_type":"article","og_title":"Entre R\u00edos, Argentina: Entre el estado de derecho y el estado autoritario","og_description":"Al parecer, s\u00f3lo interesa al poder pol\u00edtico perseguir a quienes defienden lo que el art\u00edculo 16 de la Constituci\u00f3n de Entre R\u00edos dice.","og_url":"https:\/\/ifamnews.com\/es\/entre-r-os-argentina-entre-el-estado-de-derecho-y-el-estado-autoritario","og_site_name":"IFN","article_publisher":"https:\/\/www.facebook.com\/iFamNews","article_author":"https:\/\/facebook.com\/Martn-Zeballos-Ayerza-102756821496570","article_published_time":"2021-01-03T14:05:32+00:00","article_modified_time":"2021-01-03T14:05:35+00:00","og_image":[{"width":1200,"height":674,"url":"https:\/\/ifamnews.com\/wp-content\/uploads\/2021\/01\/Leandro-Javier-Rodriguez-Lastra.png","type":"image\/png"}],"author":"Mart\u00edn Zeballos Ayerza","twitter_card":"summary_large_image","twitter_creator":"@https:\/\/twitter.com\/martincho46","twitter_site":"@iFamNewsEN","twitter_misc":{"Escrito por":"Mart\u00edn Zeballos Ayerza","Tiempo de lectura":"5 minutos"},"schema":{"@context":"https:\/\/schema.org","@graph":[{"@type":"NewsArticle","@id":"https:\/\/ifamnews.com\/es\/entre-r-os-argentina-entre-el-estado-de-derecho-y-el-estado-autoritario#article","isPartOf":{"@id":"https:\/\/ifamnews.com\/es\/entre-r-os-argentina-entre-el-estado-de-derecho-y-el-estado-autoritario"},"author":{"name":"Mart\u00edn Zeballos Ayerza","@id":"https:\/\/ifamnews.com\/en\/#\/schema\/person\/dc6ca652cc8373db7035f6eef93f51a5"},"headline":"Entre R\u00edos, Argentina: Entre el estado de derecho y el estado autoritario","datePublished":"2021-01-03T14:05:32+00:00","dateModified":"2021-01-03T14:05:35+00:00","mainEntityOfPage":{"@id":"https:\/\/ifamnews.com\/es\/entre-r-os-argentina-entre-el-estado-de-derecho-y-el-estado-autoritario"},"wordCount":934,"commentCount":0,"publisher":{"@id":"https:\/\/ifamnews.com\/en\/#organization"},"image":{"@id":"https:\/\/ifamnews.com\/es\/entre-r-os-argentina-entre-el-estado-de-derecho-y-el-estado-autoritario#primaryimage"},"thumbnailUrl":"https:\/\/ifamnews.com\/wp-content\/uploads\/2021\/01\/Leandro-Javier-Rodriguez-Lastra.png","keywords":["aborto","argentina"],"articleSection":["Ciencia","Foreground","\u00daLTIMAS NOTICIAS","Vida"],"inLanguage":"es","potentialAction":[{"@type":"CommentAction","name":"Comment","target":["https:\/\/ifamnews.com\/es\/entre-r-os-argentina-entre-el-estado-de-derecho-y-el-estado-autoritario#respond"]}]},{"@type":"WebPage","@id":"https:\/\/ifamnews.com\/es\/entre-r-os-argentina-entre-el-estado-de-derecho-y-el-estado-autoritario","url":"https:\/\/ifamnews.com\/es\/entre-r-os-argentina-entre-el-estado-de-derecho-y-el-estado-autoritario","name":"Entre R\u00edos, Argentina: Entre el estado de derecho y el estado autoritario - IFN","isPartOf":{"@id":"https:\/\/ifamnews.com\/en\/#website"},"primaryImageOfPage":{"@id":"https:\/\/ifamnews.com\/es\/entre-r-os-argentina-entre-el-estado-de-derecho-y-el-estado-autoritario#primaryimage"},"image":{"@id":"https:\/\/ifamnews.com\/es\/entre-r-os-argentina-entre-el-estado-de-derecho-y-el-estado-autoritario#primaryimage"},"thumbnailUrl":"https:\/\/ifamnews.com\/wp-content\/uploads\/2021\/01\/Leandro-Javier-Rodriguez-Lastra.png","datePublished":"2021-01-03T14:05:32+00:00","dateModified":"2021-01-03T14:05:35+00:00","description":"Al parecer, s\u00f3lo interesa al poder pol\u00edtico perseguir a quienes defienden lo que el art\u00edculo 16 de la Constituci\u00f3n de Entre R\u00edos dice.","breadcrumb":{"@id":"https:\/\/ifamnews.com\/es\/entre-r-os-argentina-entre-el-estado-de-derecho-y-el-estado-autoritario#breadcrumb"},"inLanguage":"es","potentialAction":[{"@type":"ReadAction","target":["https:\/\/ifamnews.com\/es\/entre-r-os-argentina-entre-el-estado-de-derecho-y-el-estado-autoritario"]}]},{"@type":"ImageObject","inLanguage":"es","@id":"https:\/\/ifamnews.com\/es\/entre-r-os-argentina-entre-el-estado-de-derecho-y-el-estado-autoritario#primaryimage","url":"https:\/\/ifamnews.com\/wp-content\/uploads\/2021\/01\/Leandro-Javier-Rodriguez-Lastra.png","contentUrl":"https:\/\/ifamnews.com\/wp-content\/uploads\/2021\/01\/Leandro-Javier-Rodriguez-Lastra.png","width":1200,"height":674},{"@type":"BreadcrumbList","@id":"https:\/\/ifamnews.com\/es\/entre-r-os-argentina-entre-el-estado-de-derecho-y-el-estado-autoritario#breadcrumb","itemListElement":[{"@type":"ListItem","position":1,"name":"Home","item":"https:\/\/ifamnews.com\/de"},{"@type":"ListItem","position":2,"name":"Science","item":"https:\/\/ifamnews.com\/en\/category\/science"},{"@type":"ListItem","position":3,"name":"Entre R\u00edos, Argentina: Entre el estado de derecho y el estado autoritario"}]},{"@type":"WebSite","@id":"https:\/\/ifamnews.com\/en\/#website","url":"https:\/\/ifamnews.com\/en\/","name":"IFN","description":"International Family News Network","publisher":{"@id":"https:\/\/ifamnews.com\/en\/#organization"},"potentialAction":[{"@type":"SearchAction","target":{"@type":"EntryPoint","urlTemplate":"https:\/\/ifamnews.com\/en\/?s={search_term_string}"},"query-input":{"@type":"PropertyValueSpecification","valueRequired":true,"valueName":"search_term_string"}}],"inLanguage":"es"},{"@type":"Organization","@id":"https:\/\/ifamnews.com\/en\/#organization","name":"iFamNews","url":"https:\/\/ifamnews.com\/en\/","logo":{"@type":"ImageObject","inLanguage":"es","@id":"https:\/\/ifamnews.com\/en\/#\/schema\/logo\/image\/","url":"https:\/\/ifamnews.com\/wp-content\/uploads\/2020\/01\/Share-logo.png","contentUrl":"https:\/\/ifamnews.com\/wp-content\/uploads\/2020\/01\/Share-logo.png","width":200,"height":200,"caption":"iFamNews"},"image":{"@id":"https:\/\/ifamnews.com\/en\/#\/schema\/logo\/image\/"},"sameAs":["https:\/\/www.facebook.com\/iFamNews","https:\/\/x.com\/iFamNewsEN"]},{"@type":"Person","@id":"https:\/\/ifamnews.com\/en\/#\/schema\/person\/dc6ca652cc8373db7035f6eef93f51a5","name":"Mart\u00edn Zeballos Ayerza","image":{"@type":"ImageObject","inLanguage":"es","@id":"https:\/\/secure.gravatar.com\/avatar\/8babcf13b6175f878ec5d9d2f1f16611321e88c4443257ba7f6ffdc50cf204a3?s=96&d=mm&r=g","url":"https:\/\/secure.gravatar.com\/avatar\/8babcf13b6175f878ec5d9d2f1f16611321e88c4443257ba7f6ffdc50cf204a3?s=96&d=mm&r=g","contentUrl":"https:\/\/secure.gravatar.com\/avatar\/8babcf13b6175f878ec5d9d2f1f16611321e88c4443257ba7f6ffdc50cf204a3?s=96&d=mm&r=g","caption":"Mart\u00edn Zeballos Ayerza"},"description":"Mart\u00edn Zeballos Ayerza holds a Master's degree in Administration and Public Policy, is a member of the ReLeaS-E division of the Population Research Institute and a member of Fundaci\u00f3n Contempor\u00e1nea, Abogados por la Vida and the cuidarlavida.org network. He was Candidate for Councilor of the Judiciary in Argentina. He is a member of the Lobbying Commission of Unidad ProVida Argentina. He is also a member of the Argentine Pro-Life Unity Lobbying Commission. He has been a speaker at several international events on legal and political issues. He has written articles for La Naci\u00f3n, Clar\u00edn and other national and international media. He is in permanent contact with national and international political actors interested in family, life and education. Has been a speaker at several international events on legal and political issues.","sameAs":["https:\/\/facebook.com\/Martn-Zeballos-Ayerza-102756821496570","https:\/\/x.com\/https:\/\/twitter.com\/martincho46"],"url":"https:\/\/ifamnews.com\/es\/author\/martin-zeballos"}]}},"amp_enabled":true,"_links":{"self":[{"href":"https:\/\/ifamnews.com\/es\/wp-json\/wp\/v2\/posts\/44581","targetHints":{"allow":["GET"]}}],"collection":[{"href":"https:\/\/ifamnews.com\/es\/wp-json\/wp\/v2\/posts"}],"about":[{"href":"https:\/\/ifamnews.com\/es\/wp-json\/wp\/v2\/types\/post"}],"author":[{"embeddable":true,"href":"https:\/\/ifamnews.com\/es\/wp-json\/wp\/v2\/users\/583"}],"replies":[{"embeddable":true,"href":"https:\/\/ifamnews.com\/es\/wp-json\/wp\/v2\/comments?post=44581"}],"version-history":[{"count":1,"href":"https:\/\/ifamnews.com\/es\/wp-json\/wp\/v2\/posts\/44581\/revisions"}],"predecessor-version":[{"id":44622,"href":"https:\/\/ifamnews.com\/es\/wp-json\/wp\/v2\/posts\/44581\/revisions\/44622"}],"wp:featuredmedia":[{"embeddable":true,"href":"https:\/\/ifamnews.com\/es\/wp-json\/wp\/v2\/media\/44614"}],"wp:attachment":[{"href":"https:\/\/ifamnews.com\/es\/wp-json\/wp\/v2\/media?parent=44581"}],"wp:term":[{"taxonomy":"category","embeddable":true,"href":"https:\/\/ifamnews.com\/es\/wp-json\/wp\/v2\/categories?post=44581"},{"taxonomy":"post_tag","embeddable":true,"href":"https:\/\/ifamnews.com\/es\/wp-json\/wp\/v2\/tags?post=44581"}],"curies":[{"name":"wp","href":"https:\/\/api.w.org\/{rel}","templated":true}]}}