{"id":39962,"date":"2020-12-09T01:00:00","date_gmt":"2020-12-09T06:00:00","guid":{"rendered":"https:\/\/ifamnews.com\/?p=39962"},"modified":"2020-12-08T14:44:43","modified_gmt":"2020-12-08T19:44:43","slug":"el-no-nacido-es-un-fen-meno","status":"publish","type":"post","link":"https:\/\/ifamnews.com\/es\/el-no-nacido-es-un-fen-meno","title":{"rendered":"El no nacido es un fen\u00f3meno"},"content":{"rendered":"\n<p>El no nacido es un \u201cfen\u00f3meno\u201d. Lo dice el ministro de Salud argentino, Gin\u00e9s Gonz\u00e1lez Garc\u00eda ha dicho que el beb\u00e9 no nacido no es un ser vivo sino un \u201cfen\u00f3meno\u201d.<\/p>\n\n\n\n<p>Exactamente estas fueron sus palabras:<\/p>\n\n\n\n<p class=\"has-text-align-center\"><em>\u201cAc\u00e1 no hay dos vidas como lo dicen algunos, ac\u00e1 claramente es una sola vida y<strong> lo otro es un fen\u00f3meno<\/strong> (&#8230;) Si no fuera as\u00ed, <strong>estar\u00edamos ante el mayor genocidio universal<\/strong>, que es el que hace m\u00e1s de la mitad del mundo civilizado, mucho m\u00e1s de la mitad\u201d.<\/em><\/p>\n\n\n\n<p>Las pol\u00e9micas declaraciones se producen en medio de un intenso debate sobre el aborto en Argentina.<\/p>\n\n\n\n<p>Varias son las conclusiones de las palabras del ministro. En primer lugar, el <strong>intento de deshumanizar al feto<\/strong>. Es la misma estrategia seguida por los nazis con los jud\u00edos. No son humanos. Y por lo tanto se les puede exterminar.<\/p>\n\n\n\n<p>Llamativo que un cirujano -como es el ministro de Salud argentino- realice estas declaraciones. Porque la totalidad de los m\u00e9dicos saben que existe vida desde el momento de la concepci\u00f3n. Y <strong>esa vida es humana. Y adem\u00e1s es \u00fanica e irrepetible.<\/strong> As\u00ed lo afirman el 100% de los libros de embriolog\u00eda que se estudian en todas las facultades de Medicina.<\/p>\n\n\n\n<p>Pero es que adem\u00e1s, el Dr. Gonz\u00e1lez Garc\u00eda pone el dedo en la llaga. Porque s\u00ed, <strong>estamos hablando del mayor genocidio mundial<\/strong>. Cientos de miles de vidas de no nacidos son truncadas antes de que puedan ver la luz. Y un licenciado en Medicina indigno viola su juramento hipocr\u00e1tico y colabora en dar muerte a su paciente\u2026<\/p>\n\n\n\n<p>Las incoherencias del doctor metido a pol\u00edtico no son sino el reflejo de la presi\u00f3n pol\u00edtica para aprobar el aborto en Argentina. <strong>El gobierno pretender\u00eda que el texto de muerte fuera aprobado el jueves 10 de diciembre, d\u00eda internacional de los Derechos Humanos.<\/strong><\/p>\n\n\n\n<p>El simbolismo es evidente: pretender\u00eda lanzar el mensaje al mundo de que el aborto es un \u201cderecho humano\u201d.<\/p>\n\n\n\n<p>Lo que quiz\u00e1s no sepa el gobierno argentino es que el 10 de diciembre es tambi\u00e9n la festividad de la Virgen de Loreto. Los milagros existen. La Ola Celeste tambi\u00e9n. Y hace apenas unos d\u00edas se manifest\u00f3 con fuerza en 500 ciudades argentinas y en varios pa\u00edses de Hispanoam\u00e9rica y del mundo&#8230; \u00a1S\u00ed se puede!<\/p>\n","protected":false},"excerpt":{"rendered":"<p>Es un intento m\u00e1s de deshumanizar al feto. Es la misma estrategia seguida por los nazis con los jud\u00edos. \u00abNo son humanos\u00bb. Y por lo tanto se les puede exterminar.<\/p>\n","protected":false},"author":566,"featured_media":39967,"comment_status":"open","ping_status":"open","sticky":false,"template":"","format":"standard","meta":{"give_campaign_id":0,"om_disable_all_campaigns":false,"_monsterinsights_skip_tracking":false,"_monsterinsights_sitenote_active":false,"_monsterinsights_sitenote_note":"","_monsterinsights_sitenote_category":0,"mc4wp_mailchimp_campaign":[],"jnews-multi-image_gallery":[],"jnews_single_post":{"subtitle":"","format":"standard","video":"","gallery":"","source_name":"","source_url":"","via_name":"","via_url":"","override":[{"single_blog_custom":"","sidebar":"","second_sidebar":"","share_position":"","share_float_style":"","post_date_format":"","post_date_format_custom":"","post_reading_time_wpm":"","zoom_button_out_step":"1","zoom_button_in_step":"1","number_popup_post":"1"}],"image_override":[{"single_post_thumbnail_size":"","single_post_gallery_size":""}],"trending_post_position":"","trending_post_label":"","sponsored_post_label":"","sponsored_post_name":"","sponsored_post_url":"","sponsored_post_logo":"","sponsored_post_desc":""},"jnews_primary_category":{"id":"818"},"jnews_social_meta":{"fb_title":"","fb_description":"","fb_image":"","twitter_title":"","twitter_description":"","twitter_image":""},"jnews_override_counter":{"view_counter_number":"0","share_counter_number":"0","like_counter_number":"0","dislike_counter_number":"0"},"footnotes":""},"categories":[772,810,815,818],"tags":[831,6544,6545],"class_list":["post-39962","post","type-post","status-publish","format-standard","has-post-thumbnail","hentry","category-ciencias","category-foreground-es","category-breaking-news-es","category-vida","tag-aborto-2","tag-argentina-2","tag-luislosada"],"yoast_head":"<!-- This site is optimized with the Yoast SEO Premium plugin v25.9 (Yoast SEO v27.3) - https:\/\/yoast.com\/product\/yoast-seo-premium-wordpress\/ -->\n<title>El no nacido es un fen\u00f3meno - IFN<\/title>\n<meta name=\"description\" content=\"Es un intento m\u00e1s de deshumanizar al feto. Es la misma estrategia seguida por los nazis con los jud\u00edos. &quot;No son humanos&quot;. Y as\u00ed vale todo.\" \/>\n<meta name=\"robots\" content=\"index, follow, max-snippet:-1, max-image-preview:large, max-video-preview:-1\" \/>\n<link rel=\"canonical\" href=\"https:\/\/ifamnews.com\/es\/el-no-nacido-es-un-fen-meno\" \/>\n<meta property=\"og:locale\" content=\"es_ES\" \/>\n<meta property=\"og:type\" content=\"article\" \/>\n<meta property=\"og:title\" content=\"El no nacido es un fen\u00f3meno\" \/>\n<meta property=\"og:description\" content=\"Es un intento m\u00e1s de deshumanizar al feto. Es la misma estrategia seguida por los nazis con los jud\u00edos. &quot;No son humanos&quot;. Y as\u00ed vale todo.\" \/>\n<meta property=\"og:url\" content=\"https:\/\/ifamnews.com\/es\/el-no-nacido-es-un-fen-meno\" \/>\n<meta property=\"og:site_name\" content=\"IFN\" \/>\n<meta property=\"article:publisher\" content=\"https:\/\/www.facebook.com\/iFamNews\" \/>\n<meta property=\"article:author\" content=\"https:\/\/facebook.com\/luis.losadapescador\" \/>\n<meta property=\"article:published_time\" content=\"2020-12-09T06:00:00+00:00\" \/>\n<meta property=\"og:image\" content=\"https:\/\/ifamnews.com\/wp-content\/uploads\/2020\/12\/Embarazada.png\" \/>\n\t<meta property=\"og:image:width\" content=\"1200\" \/>\n\t<meta property=\"og:image:height\" content=\"675\" \/>\n\t<meta property=\"og:image:type\" content=\"image\/png\" \/>\n<meta name=\"author\" content=\"Luis Losada\" \/>\n<meta name=\"twitter:card\" content=\"summary_large_image\" \/>\n<meta name=\"twitter:creator\" content=\"@https:\/\/twitter.com\/losadapescador\" \/>\n<meta name=\"twitter:site\" content=\"@iFamNewsEN\" \/>\n<meta name=\"twitter:label1\" content=\"Escrito por\" \/>\n\t<meta name=\"twitter:data1\" content=\"Luis Losada\" \/>\n\t<meta name=\"twitter:label2\" content=\"Tiempo de lectura\" \/>\n\t<meta name=\"twitter:data2\" content=\"2 minutos\" \/>\n<!-- \/ Yoast SEO Premium plugin. -->","yoast_head_json":{"title":"El no nacido es un fen\u00f3meno - IFN","description":"Es un intento m\u00e1s de deshumanizar al feto. Es la misma estrategia seguida por los nazis con los jud\u00edos. \"No son humanos\". Y as\u00ed vale todo.","robots":{"index":"index","follow":"follow","max-snippet":"max-snippet:-1","max-image-preview":"max-image-preview:large","max-video-preview":"max-video-preview:-1"},"canonical":"https:\/\/ifamnews.com\/es\/el-no-nacido-es-un-fen-meno","og_locale":"es_ES","og_type":"article","og_title":"El no nacido es un fen\u00f3meno","og_description":"Es un intento m\u00e1s de deshumanizar al feto. Es la misma estrategia seguida por los nazis con los jud\u00edos. \"No son humanos\". Y as\u00ed vale todo.","og_url":"https:\/\/ifamnews.com\/es\/el-no-nacido-es-un-fen-meno","og_site_name":"IFN","article_publisher":"https:\/\/www.facebook.com\/iFamNews","article_author":"https:\/\/facebook.com\/luis.losadapescador","article_published_time":"2020-12-09T06:00:00+00:00","og_image":[{"width":1200,"height":675,"url":"https:\/\/ifamnews.com\/wp-content\/uploads\/2020\/12\/Embarazada.png","type":"image\/png"}],"author":"Luis Losada","twitter_card":"summary_large_image","twitter_creator":"@https:\/\/twitter.com\/losadapescador","twitter_site":"@iFamNewsEN","twitter_misc":{"Escrito por":"Luis Losada","Tiempo de lectura":"2 minutos"},"schema":{"@context":"https:\/\/schema.org","@graph":[{"@type":"NewsArticle","@id":"https:\/\/ifamnews.com\/es\/el-no-nacido-es-un-fen-meno#article","isPartOf":{"@id":"https:\/\/ifamnews.com\/es\/el-no-nacido-es-un-fen-meno"},"author":{"name":"Luis Losada","@id":"https:\/\/ifamnews.com\/en\/#\/schema\/person\/3c74d6bba4ee5d844f5b59791fe04f30"},"headline":"El no nacido es un fen\u00f3meno","datePublished":"2020-12-09T06:00:00+00:00","mainEntityOfPage":{"@id":"https:\/\/ifamnews.com\/es\/el-no-nacido-es-un-fen-meno"},"wordCount":407,"commentCount":0,"publisher":{"@id":"https:\/\/ifamnews.com\/en\/#organization"},"image":{"@id":"https:\/\/ifamnews.com\/es\/el-no-nacido-es-un-fen-meno#primaryimage"},"thumbnailUrl":"https:\/\/ifamnews.com\/wp-content\/uploads\/2020\/12\/Embarazada.png","keywords":["aborto","argentina","luislosada"],"articleSection":["Ciencia","Foreground","\u00daLTIMAS NOTICIAS","Vida"],"inLanguage":"es","potentialAction":[{"@type":"CommentAction","name":"Comment","target":["https:\/\/ifamnews.com\/es\/el-no-nacido-es-un-fen-meno#respond"]}]},{"@type":"WebPage","@id":"https:\/\/ifamnews.com\/es\/el-no-nacido-es-un-fen-meno","url":"https:\/\/ifamnews.com\/es\/el-no-nacido-es-un-fen-meno","name":"El no nacido es un fen\u00f3meno - IFN","isPartOf":{"@id":"https:\/\/ifamnews.com\/en\/#website"},"primaryImageOfPage":{"@id":"https:\/\/ifamnews.com\/es\/el-no-nacido-es-un-fen-meno#primaryimage"},"image":{"@id":"https:\/\/ifamnews.com\/es\/el-no-nacido-es-un-fen-meno#primaryimage"},"thumbnailUrl":"https:\/\/ifamnews.com\/wp-content\/uploads\/2020\/12\/Embarazada.png","datePublished":"2020-12-09T06:00:00+00:00","description":"Es un intento m\u00e1s de deshumanizar al feto. Es la misma estrategia seguida por los nazis con los jud\u00edos. \"No son humanos\". Y as\u00ed vale todo.","breadcrumb":{"@id":"https:\/\/ifamnews.com\/es\/el-no-nacido-es-un-fen-meno#breadcrumb"},"inLanguage":"es","potentialAction":[{"@type":"ReadAction","target":["https:\/\/ifamnews.com\/es\/el-no-nacido-es-un-fen-meno"]}]},{"@type":"ImageObject","inLanguage":"es","@id":"https:\/\/ifamnews.com\/es\/el-no-nacido-es-un-fen-meno#primaryimage","url":"https:\/\/ifamnews.com\/wp-content\/uploads\/2020\/12\/Embarazada.png","contentUrl":"https:\/\/ifamnews.com\/wp-content\/uploads\/2020\/12\/Embarazada.png","width":1200,"height":675},{"@type":"BreadcrumbList","@id":"https:\/\/ifamnews.com\/es\/el-no-nacido-es-un-fen-meno#breadcrumb","itemListElement":[{"@type":"ListItem","position":1,"name":"Home","item":"https:\/\/ifamnews.com\/de"},{"@type":"ListItem","position":2,"name":"Vida","item":"https:\/\/ifamnews.com\/es\/categoria\/vida"},{"@type":"ListItem","position":3,"name":"El no nacido es un fen\u00f3meno"}]},{"@type":"WebSite","@id":"https:\/\/ifamnews.com\/en\/#website","url":"https:\/\/ifamnews.com\/en\/","name":"IFN","description":"International Family News Network","publisher":{"@id":"https:\/\/ifamnews.com\/en\/#organization"},"potentialAction":[{"@type":"SearchAction","target":{"@type":"EntryPoint","urlTemplate":"https:\/\/ifamnews.com\/en\/?s={search_term_string}"},"query-input":{"@type":"PropertyValueSpecification","valueRequired":true,"valueName":"search_term_string"}}],"inLanguage":"es"},{"@type":"Organization","@id":"https:\/\/ifamnews.com\/en\/#organization","name":"iFamNews","url":"https:\/\/ifamnews.com\/en\/","logo":{"@type":"ImageObject","inLanguage":"es","@id":"https:\/\/ifamnews.com\/en\/#\/schema\/logo\/image\/","url":"https:\/\/ifamnews.com\/wp-content\/uploads\/2020\/01\/Share-logo.png","contentUrl":"https:\/\/ifamnews.com\/wp-content\/uploads\/2020\/01\/Share-logo.png","width":200,"height":200,"caption":"iFamNews"},"image":{"@id":"https:\/\/ifamnews.com\/en\/#\/schema\/logo\/image\/"},"sameAs":["https:\/\/www.facebook.com\/iFamNews","https:\/\/x.com\/iFamNewsEN"]},{"@type":"Person","@id":"https:\/\/ifamnews.com\/en\/#\/schema\/person\/3c74d6bba4ee5d844f5b59791fe04f30","name":"Luis Losada","image":{"@type":"ImageObject","inLanguage":"es","@id":"https:\/\/secure.gravatar.com\/avatar\/90fa6f4b948f9f6913b35f877ead6d7f3a307f2e51136a592b41e27537480d69?s=96&d=mm&r=g","url":"https:\/\/secure.gravatar.com\/avatar\/90fa6f4b948f9f6913b35f877ead6d7f3a307f2e51136a592b41e27537480d69?s=96&d=mm&r=g","contentUrl":"https:\/\/secure.gravatar.com\/avatar\/90fa6f4b948f9f6913b35f877ead6d7f3a307f2e51136a592b41e27537480d69?s=96&d=mm&r=g","caption":"Luis Losada"},"description":"Luis Losada Pescador,\u00a0economist and journalist. After 20 years\u00a0in media he is managing consultancy in comunication\u00a0of business and entreprises. He is also campaigns editor of CitizenGO in Latam.","sameAs":["https:\/\/facebook.com\/luis.losadapescador","https:\/\/x.com\/https:\/\/twitter.com\/losadapescador"],"url":"https:\/\/ifamnews.com\/es\/author\/luis-losada"}]}},"amp_enabled":true,"_links":{"self":[{"href":"https:\/\/ifamnews.com\/es\/wp-json\/wp\/v2\/posts\/39962","targetHints":{"allow":["GET"]}}],"collection":[{"href":"https:\/\/ifamnews.com\/es\/wp-json\/wp\/v2\/posts"}],"about":[{"href":"https:\/\/ifamnews.com\/es\/wp-json\/wp\/v2\/types\/post"}],"author":[{"embeddable":true,"href":"https:\/\/ifamnews.com\/es\/wp-json\/wp\/v2\/users\/566"}],"replies":[{"embeddable":true,"href":"https:\/\/ifamnews.com\/es\/wp-json\/wp\/v2\/comments?post=39962"}],"version-history":[{"count":2,"href":"https:\/\/ifamnews.com\/es\/wp-json\/wp\/v2\/posts\/39962\/revisions"}],"predecessor-version":[{"id":39976,"href":"https:\/\/ifamnews.com\/es\/wp-json\/wp\/v2\/posts\/39962\/revisions\/39976"}],"wp:featuredmedia":[{"embeddable":true,"href":"https:\/\/ifamnews.com\/es\/wp-json\/wp\/v2\/media\/39967"}],"wp:attachment":[{"href":"https:\/\/ifamnews.com\/es\/wp-json\/wp\/v2\/media?parent=39962"}],"wp:term":[{"taxonomy":"category","embeddable":true,"href":"https:\/\/ifamnews.com\/es\/wp-json\/wp\/v2\/categories?post=39962"},{"taxonomy":"post_tag","embeddable":true,"href":"https:\/\/ifamnews.com\/es\/wp-json\/wp\/v2\/tags?post=39962"}],"curies":[{"name":"wp","href":"https:\/\/api.w.org\/{rel}","templated":true}]}}