{"id":38634,"date":"2020-12-01T19:27:11","date_gmt":"2020-12-02T00:27:11","guid":{"rendered":"https:\/\/ifamnews.com\/?p=38634"},"modified":"2020-12-01T19:27:13","modified_gmt":"2020-12-02T00:27:13","slug":"aborto-por-violaci-n-defender-la-vida-frente-a-un-tradicional-argumento-abortista-el-violinista-","status":"publish","type":"post","link":"https:\/\/ifamnews.com\/es\/aborto-por-violaci-n-defender-la-vida-frente-a-un-tradicional-argumento-abortista-el-violinista-","title":{"rendered":"Aborto por violaci\u00f3n: Defender la vida frente a un tradicional argumento abortista: El violinista."},"content":{"rendered":"\n<p>A pocos d\u00edas de la muerte de la fil\u00f3sofa Judith Thomson, feminista, catedr\u00e1tica del famoso Instituto Tecnol\u00f3gico de Massachusetts (MIT) y autora de uno de los m\u00e1s conocidos argumentos \u00e9ticos a favor del aborto. Estudiemos este argumento y c\u00f3mo responderle de forma sencilla.<\/p>\n\n\n\n<p><strong>\u00c9ste el famoso argumento<\/strong>: <em>\u201cSupongamos que usted se despierta una ma\u00f1ana y se encuentra en la cama con un violinista inconsciente. Un famoso violinista inconsciente. Se le ha descubierto una enfermedad renal mortal y la Sociedad de Amantes de la M\u00fasica ha consultado todos los registros m\u00e9dicos y ha descubierto que solo usted tiene el grupo sangu\u00edneo adecuado para ayudarle. Por consiguiente, le han secuestrado y por la noche han conectado el sistema circulatorio del violinista al suyo para que sus ri\u00f1ones puedan purificar la sangre del violinista adem\u00e1s de la suya propia. Y el director del hospital le dice ahora a usted: \u00abMire, sentimos mucho que la Sociedad de Amantes de la M\u00fasica le haya hecho esto. Nosotros nunca lo hubi\u00e9ramos permitido de haberlo sabido. Pero, en fin, lo han hecho, y el violinista est\u00e1 ahora conectado a usted. Desconectarlo significar\u00eda matarlo. De todos modos, no se preocupe, solo es por nueve meses. Para entonces se habr\u00e1 recuperado de su enfermedad y podr\u00e1 ser desconectado de usted sin ning\u00fan peligro\u00bb<\/em> [J. Thomson, <em>Una Defensa del Aborto<\/em>, 1971]<\/p>\n\n\n\n<p>Este ejemplo ficticio de Thomson sugiere que el derecho de una persona a no ser asesinado puede ser superado por el derecho de otra persona a controlar su propio cuerpo, cuando hay conflicto entre estos dos derechos humanos fundamentales.<\/p>\n\n\n\n<p>Esta analog\u00eda nos habla en realidad de la posibilidad de abortar en caso de un embarazo forzado. Evidentemente, lo relevante para esta analog\u00eda no es que se trate de un violinista, sino que sea una persona, ya que la autora ha asumido que el no-nacido lo es para su argumentaci\u00f3n. Hay evidentemente mucho en com\u00fan entre el violinista del argumento y el ni\u00f1o por nacer.<\/p>\n\n\n\n<p>La analog\u00eda del violinista es estructurada de la siguiente manera:<\/p>\n\n\n\n<p>&nbsp;1. Una mujer que lleve en su vientre un feto concebido por causa de una violaci\u00f3n es como una persona obligada a permanecer conectada al sistema circulatorio (cuerpo) de otra persona inconsciente con el fin de mantenerla con vida.<\/p>\n\n\n\n<p>2. En virtud de que una persona ha sido obligada a permanecer conectada al sistema circulatorio (cuerpo) de otra, esa persona tiene derecho a desconectarse de esta. No es un comportamiento heroico, pero es su derecho.<\/p>\n\n\n\n<p>Conclusi\u00f3n: Por lo tanto, una mujer que lleve en su vientre un feto concebido por causa de una violaci\u00f3n tiene derecho a desconectarse de este.<\/p>\n\n\n\n<p><strong>\u00bfC\u00f3mo responder a este argumento que defiende el derecho al aborto en caso de violaci\u00f3n?<\/strong><\/p>\n\n\n\n<p>Seguir\u00e9 con este fin el camino trazado por la fil\u00f3sofa brit\u00e1nica Phillipa Foot y el fil\u00f3sofo australiano\/estadounidense John Finnis.<\/p>\n\n\n\n<p>Ac\u00e1 no discutimos para saber si el feto es persona o no, porque la misma analog\u00eda del violinista lo establece como tal. Es un buen punto a guardar en mente en un debate contra un defensor del aborto que le cita este argumento, para poder usarlo contra \u00e9l si la ocasi\u00f3n se presenta m\u00e1s adelante.<\/p>\n\n\n\n<p>Para desestimar el argumento del violinista, se debe establecer que HAY UNA DIFERENCIA FUNDAMENTAL ENTRE EL VIOLINISTA Y EL NI\u00d1O POR NACER. En el caso del violinista, si la mujer decide desconectarse, NO LO EST\u00c1 ASESINANDO. Ella permite que la vida siga su curso sin m\u00e1s intervenci\u00f3n humana, y \u00e9sta resultar\u00e1 en la muerte del violinista POR CAUSA DE SU ENFERMEDAD. La mujer del ejemplo no ha sido heroica, pudiendo salvar una vida, pero no puede ser obligada a curar la enfermedad de un extra\u00f1o. De la misma manera que nadie le puede obligar a dar un ri\u00f1\u00f3n, o incluso a dar su sangre con fin de transfusi\u00f3n, incluso si este fuera por su propio hijo. Es un acto bueno, virtuoso y recomendable, pero no obligatorio.<\/p>\n\n\n\n<p>A cambio, el aborto requiere la intervenci\u00f3n directa de un ser humano cuyo objetivo es poner fin a la vida de otro (ya que establecemos que el feto es una persona). En otra palabra: es un asesinato. El curso natural del embarazo sano es el nacimiento, no la muerte del ni\u00f1o.<\/p>\n\n\n\n<p>En resumen, una cosa es NO TE VOY A SALVAR LA VIDA (negaci\u00f3n de prestaci\u00f3n de servicio) como en la analog\u00eda del violinista. Otra cosa es TE VOY A QUITAR LA VIDA (acto voluntario de interrumpir la vida natural de una persona). El primer caso no es virtuoso, pero es l\u00edcito. El segundo es criminal e il\u00edcito.<\/p>\n\n\n\n<p>Espero haberles ayudado en vista a su pr\u00f3ximo debate a favor de la vida.<\/p>\n","protected":false},"excerpt":{"rendered":"<p>Estudiemos el dilema del violinista y c\u00f3mo responderlo de forma sencilla.<\/p>\n","protected":false},"author":576,"featured_media":38635,"comment_status":"open","ping_status":"open","sticky":false,"template":"","format":"standard","meta":{"give_campaign_id":0,"om_disable_all_campaigns":false,"_monsterinsights_skip_tracking":false,"_monsterinsights_sitenote_active":false,"_monsterinsights_sitenote_note":"","_monsterinsights_sitenote_category":0,"mc4wp_mailchimp_campaign":[],"jnews-multi-image_gallery":[],"jnews_single_post":{"subtitle":"","format":"standard","video":"","gallery":"","source_name":"","source_url":"","via_name":"","via_url":"","override":[{"single_blog_custom":"","sidebar":"","second_sidebar":"","share_position":"","share_float_style":"","post_date_format":"","post_date_format_custom":"","post_reading_time_wpm":"","zoom_button_out_step":"1","zoom_button_in_step":"1","number_popup_post":"1"}],"image_override":[{"single_post_thumbnail_size":"","single_post_gallery_size":""}],"trending_post_position":"","trending_post_label":"","sponsored_post_label":"","sponsored_post_name":"","sponsored_post_url":"","sponsored_post_logo":"","sponsored_post_desc":""},"jnews_primary_category":{"id":"772"},"jnews_social_meta":{"fb_title":"","fb_description":"","fb_image":"","twitter_title":"","twitter_description":"","twitter_image":""},"jnews_override_counter":{"view_counter_number":"0","share_counter_number":"0","like_counter_number":"0","dislike_counter_number":"0"},"footnotes":""},"categories":[772,810,815],"tags":[831,6691,6692],"class_list":["post-38634","post","type-post","status-publish","format-standard","has-post-thumbnail","hentry","category-ciencias","category-foreground-es","category-breaking-news-es","tag-aborto-2","tag-dilema-moral","tag-etica"],"yoast_head":"<!-- This site is optimized with the Yoast SEO Premium plugin v25.9 (Yoast SEO v27.3) - https:\/\/yoast.com\/product\/yoast-seo-premium-wordpress\/ -->\n<title>Aborto por violaci\u00f3n: Defender la vida frente a un tradicional argumento abortista: El violinista. - IFN<\/title>\n<meta name=\"robots\" content=\"index, follow, max-snippet:-1, max-image-preview:large, max-video-preview:-1\" \/>\n<link rel=\"canonical\" href=\"https:\/\/ifamnews.com\/es\/aborto-por-violaci-n-defender-la-vida-frente-a-un-tradicional-argumento-abortista-el-violinista-\" \/>\n<meta property=\"og:locale\" content=\"es_ES\" \/>\n<meta property=\"og:type\" content=\"article\" \/>\n<meta property=\"og:title\" content=\"Aborto por violaci\u00f3n: Defender la vida frente a un tradicional argumento abortista: El violinista.\" \/>\n<meta property=\"og:description\" content=\"Estudiemos el dilema del violinista y c\u00f3mo responderlo de forma sencilla.\" \/>\n<meta property=\"og:url\" content=\"https:\/\/ifamnews.com\/es\/aborto-por-violaci-n-defender-la-vida-frente-a-un-tradicional-argumento-abortista-el-violinista-\" \/>\n<meta property=\"og:site_name\" content=\"IFN\" \/>\n<meta property=\"article:publisher\" content=\"https:\/\/www.facebook.com\/iFamNews\" \/>\n<meta property=\"article:published_time\" content=\"2020-12-02T00:27:11+00:00\" \/>\n<meta property=\"article:modified_time\" content=\"2020-12-02T00:27:13+00:00\" \/>\n<meta property=\"og:image\" content=\"https:\/\/ifamnews.com\/wp-content\/uploads\/2020\/12\/Transfusion.png\" \/>\n\t<meta property=\"og:image:width\" content=\"1200\" \/>\n\t<meta property=\"og:image:height\" content=\"675\" \/>\n\t<meta property=\"og:image:type\" content=\"image\/png\" \/>\n<meta name=\"author\" content=\"Cedric Lenners\" \/>\n<meta name=\"twitter:card\" content=\"summary_large_image\" \/>\n<meta name=\"twitter:creator\" content=\"@iFamNewsEN\" \/>\n<meta name=\"twitter:site\" content=\"@iFamNewsEN\" \/>\n<meta name=\"twitter:label1\" content=\"Escrito por\" \/>\n\t<meta name=\"twitter:data1\" content=\"Cedric Lenners\" \/>\n\t<meta name=\"twitter:label2\" content=\"Tiempo de lectura\" \/>\n\t<meta name=\"twitter:data2\" content=\"4 minutos\" \/>\n<!-- \/ Yoast SEO Premium plugin. -->","yoast_head_json":{"title":"Aborto por violaci\u00f3n: Defender la vida frente a un tradicional argumento abortista: El violinista. - IFN","robots":{"index":"index","follow":"follow","max-snippet":"max-snippet:-1","max-image-preview":"max-image-preview:large","max-video-preview":"max-video-preview:-1"},"canonical":"https:\/\/ifamnews.com\/es\/aborto-por-violaci-n-defender-la-vida-frente-a-un-tradicional-argumento-abortista-el-violinista-","og_locale":"es_ES","og_type":"article","og_title":"Aborto por violaci\u00f3n: Defender la vida frente a un tradicional argumento abortista: El violinista.","og_description":"Estudiemos el dilema del violinista y c\u00f3mo responderlo de forma sencilla.","og_url":"https:\/\/ifamnews.com\/es\/aborto-por-violaci-n-defender-la-vida-frente-a-un-tradicional-argumento-abortista-el-violinista-","og_site_name":"IFN","article_publisher":"https:\/\/www.facebook.com\/iFamNews","article_published_time":"2020-12-02T00:27:11+00:00","article_modified_time":"2020-12-02T00:27:13+00:00","og_image":[{"width":1200,"height":675,"url":"https:\/\/ifamnews.com\/wp-content\/uploads\/2020\/12\/Transfusion.png","type":"image\/png"}],"author":"Cedric Lenners","twitter_card":"summary_large_image","twitter_creator":"@iFamNewsEN","twitter_site":"@iFamNewsEN","twitter_misc":{"Escrito por":"Cedric Lenners","Tiempo de lectura":"4 minutos"},"schema":{"@context":"https:\/\/schema.org","@graph":[{"@type":"NewsArticle","@id":"https:\/\/ifamnews.com\/es\/aborto-por-violaci-n-defender-la-vida-frente-a-un-tradicional-argumento-abortista-el-violinista-#article","isPartOf":{"@id":"https:\/\/ifamnews.com\/es\/aborto-por-violaci-n-defender-la-vida-frente-a-un-tradicional-argumento-abortista-el-violinista-"},"author":{"name":"Cedric Lenners","@id":"https:\/\/ifamnews.com\/en\/#\/schema\/person\/73366277df7b3482ebc184bb8f40def2"},"headline":"Aborto por violaci\u00f3n: Defender la vida frente a un tradicional argumento abortista: El violinista.","datePublished":"2020-12-02T00:27:11+00:00","dateModified":"2020-12-02T00:27:13+00:00","mainEntityOfPage":{"@id":"https:\/\/ifamnews.com\/es\/aborto-por-violaci-n-defender-la-vida-frente-a-un-tradicional-argumento-abortista-el-violinista-"},"wordCount":833,"commentCount":0,"publisher":{"@id":"https:\/\/ifamnews.com\/en\/#organization"},"image":{"@id":"https:\/\/ifamnews.com\/es\/aborto-por-violaci-n-defender-la-vida-frente-a-un-tradicional-argumento-abortista-el-violinista-#primaryimage"},"thumbnailUrl":"https:\/\/ifamnews.com\/wp-content\/uploads\/2020\/12\/Transfusion.png","keywords":["aborto","dilema moral","etica"],"articleSection":["Ciencia","Foreground","\u00daLTIMAS NOTICIAS"],"inLanguage":"es","potentialAction":[{"@type":"CommentAction","name":"Comment","target":["https:\/\/ifamnews.com\/es\/aborto-por-violaci-n-defender-la-vida-frente-a-un-tradicional-argumento-abortista-el-violinista-#respond"]}]},{"@type":"WebPage","@id":"https:\/\/ifamnews.com\/es\/aborto-por-violaci-n-defender-la-vida-frente-a-un-tradicional-argumento-abortista-el-violinista-","url":"https:\/\/ifamnews.com\/es\/aborto-por-violaci-n-defender-la-vida-frente-a-un-tradicional-argumento-abortista-el-violinista-","name":"Aborto por violaci\u00f3n: Defender la vida frente a un tradicional argumento abortista: El violinista. - IFN","isPartOf":{"@id":"https:\/\/ifamnews.com\/en\/#website"},"primaryImageOfPage":{"@id":"https:\/\/ifamnews.com\/es\/aborto-por-violaci-n-defender-la-vida-frente-a-un-tradicional-argumento-abortista-el-violinista-#primaryimage"},"image":{"@id":"https:\/\/ifamnews.com\/es\/aborto-por-violaci-n-defender-la-vida-frente-a-un-tradicional-argumento-abortista-el-violinista-#primaryimage"},"thumbnailUrl":"https:\/\/ifamnews.com\/wp-content\/uploads\/2020\/12\/Transfusion.png","datePublished":"2020-12-02T00:27:11+00:00","dateModified":"2020-12-02T00:27:13+00:00","breadcrumb":{"@id":"https:\/\/ifamnews.com\/es\/aborto-por-violaci-n-defender-la-vida-frente-a-un-tradicional-argumento-abortista-el-violinista-#breadcrumb"},"inLanguage":"es","potentialAction":[{"@type":"ReadAction","target":["https:\/\/ifamnews.com\/es\/aborto-por-violaci-n-defender-la-vida-frente-a-un-tradicional-argumento-abortista-el-violinista-"]}]},{"@type":"ImageObject","inLanguage":"es","@id":"https:\/\/ifamnews.com\/es\/aborto-por-violaci-n-defender-la-vida-frente-a-un-tradicional-argumento-abortista-el-violinista-#primaryimage","url":"https:\/\/ifamnews.com\/wp-content\/uploads\/2020\/12\/Transfusion.png","contentUrl":"https:\/\/ifamnews.com\/wp-content\/uploads\/2020\/12\/Transfusion.png","width":1200,"height":675},{"@type":"BreadcrumbList","@id":"https:\/\/ifamnews.com\/es\/aborto-por-violaci-n-defender-la-vida-frente-a-un-tradicional-argumento-abortista-el-violinista-#breadcrumb","itemListElement":[{"@type":"ListItem","position":1,"name":"Home","item":"https:\/\/ifamnews.com\/de"},{"@type":"ListItem","position":2,"name":"Science","item":"https:\/\/ifamnews.com\/en\/category\/science"},{"@type":"ListItem","position":3,"name":"Aborto por violaci\u00f3n: Defender la vida frente a un tradicional argumento abortista: El violinista."}]},{"@type":"WebSite","@id":"https:\/\/ifamnews.com\/en\/#website","url":"https:\/\/ifamnews.com\/en\/","name":"IFN","description":"International Family News Network","publisher":{"@id":"https:\/\/ifamnews.com\/en\/#organization"},"potentialAction":[{"@type":"SearchAction","target":{"@type":"EntryPoint","urlTemplate":"https:\/\/ifamnews.com\/en\/?s={search_term_string}"},"query-input":{"@type":"PropertyValueSpecification","valueRequired":true,"valueName":"search_term_string"}}],"inLanguage":"es"},{"@type":"Organization","@id":"https:\/\/ifamnews.com\/en\/#organization","name":"iFamNews","url":"https:\/\/ifamnews.com\/en\/","logo":{"@type":"ImageObject","inLanguage":"es","@id":"https:\/\/ifamnews.com\/en\/#\/schema\/logo\/image\/","url":"https:\/\/ifamnews.com\/wp-content\/uploads\/2020\/01\/Share-logo.png","contentUrl":"https:\/\/ifamnews.com\/wp-content\/uploads\/2020\/01\/Share-logo.png","width":200,"height":200,"caption":"iFamNews"},"image":{"@id":"https:\/\/ifamnews.com\/en\/#\/schema\/logo\/image\/"},"sameAs":["https:\/\/www.facebook.com\/iFamNews","https:\/\/x.com\/iFamNewsEN"]},{"@type":"Person","@id":"https:\/\/ifamnews.com\/en\/#\/schema\/person\/73366277df7b3482ebc184bb8f40def2","name":"Cedric Lenners","image":{"@type":"ImageObject","inLanguage":"es","@id":"https:\/\/secure.gravatar.com\/avatar\/bdac3284aa50463573957490dbb609012f59949b6b777ba5cf3ea6c85bbddb3a?s=96&d=mm&r=g","url":"https:\/\/secure.gravatar.com\/avatar\/bdac3284aa50463573957490dbb609012f59949b6b777ba5cf3ea6c85bbddb3a?s=96&d=mm&r=g","contentUrl":"https:\/\/secure.gravatar.com\/avatar\/bdac3284aa50463573957490dbb609012f59949b6b777ba5cf3ea6c85bbddb3a?s=96&d=mm&r=g","caption":"Cedric Lenners"},"description":"Master of Science in Physics, with minors in Philosophy and Theology. Born and raised in Belgium, he has been living in Peru for many years. Lecturer and Professor, he has also been a professional poker player. He has done pro-life works in Latin America. Among those is the articulation for pro-life and pro-family organizations in Lima. He made an investigation showing the financing by Planned Parenthood of Latin American NGOs illegally promoting and encouraging abortions. Advise families to ease and promote foster care of children in an abandonment situation in Peru.","url":"https:\/\/ifamnews.com\/es\/author\/cedric-lenners"}]}},"amp_enabled":true,"_links":{"self":[{"href":"https:\/\/ifamnews.com\/es\/wp-json\/wp\/v2\/posts\/38634","targetHints":{"allow":["GET"]}}],"collection":[{"href":"https:\/\/ifamnews.com\/es\/wp-json\/wp\/v2\/posts"}],"about":[{"href":"https:\/\/ifamnews.com\/es\/wp-json\/wp\/v2\/types\/post"}],"author":[{"embeddable":true,"href":"https:\/\/ifamnews.com\/es\/wp-json\/wp\/v2\/users\/576"}],"replies":[{"embeddable":true,"href":"https:\/\/ifamnews.com\/es\/wp-json\/wp\/v2\/comments?post=38634"}],"version-history":[{"count":1,"href":"https:\/\/ifamnews.com\/es\/wp-json\/wp\/v2\/posts\/38634\/revisions"}],"predecessor-version":[{"id":38643,"href":"https:\/\/ifamnews.com\/es\/wp-json\/wp\/v2\/posts\/38634\/revisions\/38643"}],"wp:featuredmedia":[{"embeddable":true,"href":"https:\/\/ifamnews.com\/es\/wp-json\/wp\/v2\/media\/38635"}],"wp:attachment":[{"href":"https:\/\/ifamnews.com\/es\/wp-json\/wp\/v2\/media?parent=38634"}],"wp:term":[{"taxonomy":"category","embeddable":true,"href":"https:\/\/ifamnews.com\/es\/wp-json\/wp\/v2\/categories?post=38634"},{"taxonomy":"post_tag","embeddable":true,"href":"https:\/\/ifamnews.com\/es\/wp-json\/wp\/v2\/tags?post=38634"}],"curies":[{"name":"wp","href":"https:\/\/api.w.org\/{rel}","templated":true}]}}