{"id":273212,"date":"2026-01-22T10:00:00","date_gmt":"2026-01-22T15:00:00","guid":{"rendered":"https:\/\/ifamnews.com\/milei-promueve-los-valores-tradicionales-occidentales-en-davos"},"modified":"2026-01-22T12:52:34","modified_gmt":"2026-01-22T17:52:34","slug":"milei-promueve-los-valores-tradicionales-occidentales-en-davos","status":"publish","type":"post","link":"https:\/\/ifamnews.com\/es\/milei-promueve-los-valores-tradicionales-occidentales-en-davos","title":{"rendered":"Milei promueve los valores tradicionales occidentales en Davos"},"content":{"rendered":"\n<p>El presidente argentino Javier Milei pronunci\u00f3 un en\u00e9rgico discurso en el Foro Econ\u00f3mico Mundial de 2026 en Davos, pidiendo un retorno a los pilares fundacionales de Occidente \u2014la filosof\u00eda griega, el derecho romano y los valores judeocristianos\u2014 para rescatar a la civilizaci\u00f3n del colapso. Arremeti\u00f3 contra el socialismo como una ideolog\u00eda ruinosa, se\u00f1alando la ca\u00edda del 80% del PIB de Venezuela en una narcodictadura como prueba de sus inevitables fracasos. <\/p>\n\n<p>Milei promocion\u00f3 el cambio radical de Argentina bajo sus reformas impulsadas por la libertad: reduciendo un d\u00e9ficit fiscal del 15% del PIB a cero, desplomando la inflaci\u00f3n del 300% al 30%, reduciendo a la mitad la pobreza del 57% al 27% e impulsando el crecimiento a trav\u00e9s de 13.500 reformas estatales encabezadas por Federico Sturzenegger. Estas victorias provienen de pol\u00edticas arraigadas en la \u00e9tica, no solo en la econom\u00eda. Desacredit\u00f3 el mito de la eficiencia frente a la equidad: \u201cLa oposici\u00f3n entre las dimensiones de eficiencia y equidad es falsa y err\u00f3nea. Es decir, lo que es justo no puede ser ineficiente, ni lo que es eficiente puede ser injusto. Desde la perspectiva del an\u00e1lisis din\u00e1mico, la equidad y la eficiencia son dos caras de la misma moneda\u201d.  <\/p>\n\n<p>Proclamando que \u201cMaquiavelo est\u00e1 muerto\u201d, Milei insisti\u00f3 en que abandonar los valores morales engendra injusticia y la ca\u00edda de la sociedad. Defendi\u00f3 el capitalismo de libre empresa como \u00e9ticamente superior, denunciando las trampas socialistas como el wokismo por erosionar la moral. Haci\u00e9ndose eco de sus cr\u00edticas de 2024 y 2025 en Davos contra el socialismo y el \u00abc\u00e1ncer\u00bb woke, Milei celebr\u00f3 la marea global de 2026 hacia la libertad, especialmente el resurgimiento de Estados Unidos.   <\/p>\n\n<p>Milei termin\u00f3 con una nota triunfal: \u201cEstados Unidos ser\u00e1 el faro de luz que reavivar\u00e1 a todo el mundo occidental&#8230; Tenemos un futuro mejor por delante, pero ese futuro mejor solo existir\u00e1 si volvemos a las ra\u00edces de Occidente, es decir, volviendo a las ideas de la libertad\u201d.<\/p>\n","protected":false},"excerpt":{"rendered":"<p>El presidente argentino Javier Milei pronunci\u00f3 un en\u00e9rgico discurso en el Foro Econ\u00f3mico Mundial de 2026 en Davos, pidiendo un retorno a los pilares fundacionales de Occidente \u2014la filosof\u00eda griega, el derecho romano y los valores judeocristianos\u2014 para rescatar a la civilizaci\u00f3n del colapso. Arremeti\u00f3 contra el socialismo como una ideolog\u00eda ruinosa, se\u00f1alando la ca\u00edda [&hellip;]<\/p>\n","protected":false},"author":593,"featured_media":105649,"comment_status":"open","ping_status":"open","sticky":false,"template":"","format":"standard","meta":{"give_campaign_id":0,"om_disable_all_campaigns":false,"_monsterinsights_skip_tracking":false,"_monsterinsights_sitenote_active":false,"_monsterinsights_sitenote_note":"","_monsterinsights_sitenote_category":0,"mc4wp_mailchimp_campaign":[],"jnews-multi-image_gallery":[],"jnews_single_post":[],"jnews_primary_category":[],"jnews_social_meta":[],"jnews_override_counter":[],"footnotes":""},"categories":[810,773,815],"tags":[7249,23182,13352],"class_list":["post-273212","post","type-post","status-publish","format-standard","has-post-thumbnail","hentry","category-foreground-es","category-politica","category-breaking-news-es","tag-argentina-es","tag-civilizacion-occidental","tag-familia-es-2"],"yoast_head":"<!-- This site is optimized with the Yoast SEO Premium plugin v25.9 (Yoast SEO v27.3) - https:\/\/yoast.com\/product\/yoast-seo-premium-wordpress\/ -->\n<title>Milei promueve los valores tradicionales occidentales en Davos - IFN<\/title>\n<meta name=\"description\" content=\"El presidente argentino Javier Milei pronunci\u00f3 un en\u00e9rgico discurso en el Foro Econ\u00f3mico Mundial de 2026 en Davos, pidiendo un retorno a los pilares fundacionales de Occidente \u2014la filosof\u00eda griega, el derecho romano y los valores judeocristianos\u2014 para rescatar a la civilizaci\u00f3n del colapso.\" \/>\n<meta name=\"robots\" content=\"index, follow, max-snippet:-1, max-image-preview:large, max-video-preview:-1\" \/>\n<link rel=\"canonical\" href=\"https:\/\/ifamnews.com\/es\/milei-promueve-los-valores-tradicionales-occidentales-en-davos\" \/>\n<meta property=\"og:locale\" content=\"es_ES\" \/>\n<meta property=\"og:type\" content=\"article\" \/>\n<meta property=\"og:title\" content=\"Milei promueve los valores tradicionales occidentales en Davos\" \/>\n<meta property=\"og:description\" content=\"El presidente argentino Javier Milei pronunci\u00f3 un en\u00e9rgico discurso en el Foro Econ\u00f3mico Mundial de 2026 en Davos, pidiendo un retorno a los pilares fundacionales de Occidente \u2014la filosof\u00eda griega, el derecho romano y los valores judeocristianos\u2014 para rescatar a la civilizaci\u00f3n del colapso.\" \/>\n<meta property=\"og:url\" content=\"https:\/\/ifamnews.com\/es\/milei-promueve-los-valores-tradicionales-occidentales-en-davos\" \/>\n<meta property=\"og:site_name\" content=\"IFN\" \/>\n<meta property=\"article:publisher\" content=\"https:\/\/www.facebook.com\/iFamNews\" \/>\n<meta property=\"article:author\" content=\"https:\/\/www.facebook.com\/iFamNews\/\" \/>\n<meta property=\"article:published_time\" content=\"2026-01-22T15:00:00+00:00\" \/>\n<meta property=\"article:modified_time\" content=\"2026-01-22T17:52:34+00:00\" \/>\n<meta property=\"og:image\" content=\"https:\/\/ifamnews.com\/wp-content\/uploads\/2021\/11\/Milei.png\" \/>\n\t<meta property=\"og:image:width\" content=\"1200\" \/>\n\t<meta property=\"og:image:height\" content=\"675\" \/>\n\t<meta property=\"og:image:type\" content=\"image\/png\" \/>\n<meta name=\"author\" content=\"IFN English\" \/>\n<meta name=\"twitter:card\" content=\"summary_large_image\" \/>\n<meta name=\"twitter:creator\" content=\"@https:\/\/twitter.com\/iFamNewsEN\" \/>\n<meta name=\"twitter:site\" content=\"@iFamNewsEN\" \/>\n<meta name=\"twitter:label1\" content=\"Escrito por\" \/>\n\t<meta name=\"twitter:data1\" content=\"iFamNews\" \/>\n\t<meta name=\"twitter:label2\" content=\"Tiempo de lectura\" \/>\n\t<meta name=\"twitter:data2\" content=\"2 minutos\" \/>\n<!-- \/ Yoast SEO Premium plugin. -->","yoast_head_json":{"title":"Milei promueve los valores tradicionales occidentales en Davos - IFN","description":"El presidente argentino Javier Milei pronunci\u00f3 un en\u00e9rgico discurso en el Foro Econ\u00f3mico Mundial de 2026 en Davos, pidiendo un retorno a los pilares fundacionales de Occidente \u2014la filosof\u00eda griega, el derecho romano y los valores judeocristianos\u2014 para rescatar a la civilizaci\u00f3n del colapso.","robots":{"index":"index","follow":"follow","max-snippet":"max-snippet:-1","max-image-preview":"max-image-preview:large","max-video-preview":"max-video-preview:-1"},"canonical":"https:\/\/ifamnews.com\/es\/milei-promueve-los-valores-tradicionales-occidentales-en-davos","og_locale":"es_ES","og_type":"article","og_title":"Milei promueve los valores tradicionales occidentales en Davos","og_description":"El presidente argentino Javier Milei pronunci\u00f3 un en\u00e9rgico discurso en el Foro Econ\u00f3mico Mundial de 2026 en Davos, pidiendo un retorno a los pilares fundacionales de Occidente \u2014la filosof\u00eda griega, el derecho romano y los valores judeocristianos\u2014 para rescatar a la civilizaci\u00f3n del colapso.","og_url":"https:\/\/ifamnews.com\/es\/milei-promueve-los-valores-tradicionales-occidentales-en-davos","og_site_name":"IFN","article_publisher":"https:\/\/www.facebook.com\/iFamNews","article_author":"https:\/\/www.facebook.com\/iFamNews\/","article_published_time":"2026-01-22T15:00:00+00:00","article_modified_time":"2026-01-22T17:52:34+00:00","og_image":[{"width":1200,"height":675,"url":"https:\/\/ifamnews.com\/wp-content\/uploads\/2021\/11\/Milei.png","type":"image\/png"}],"author":"IFN English","twitter_card":"summary_large_image","twitter_creator":"@https:\/\/twitter.com\/iFamNewsEN","twitter_site":"@iFamNewsEN","twitter_misc":{"Escrito por":"iFamNews","Tiempo de lectura":"2 minutos"},"schema":{"@context":"https:\/\/schema.org","@graph":[{"@type":"NewsArticle","@id":"https:\/\/ifamnews.com\/es\/milei-promueve-los-valores-tradicionales-occidentales-en-davos#article","isPartOf":{"@id":"https:\/\/ifamnews.com\/es\/milei-promueve-los-valores-tradicionales-occidentales-en-davos"},"author":{"name":"IFN English","@id":"https:\/\/ifamnews.com\/en\/#\/schema\/person\/633bdb7ac2496c9b9304ce62d071cdfa"},"headline":"Milei promueve los valores tradicionales occidentales en Davos","datePublished":"2026-01-22T15:00:00+00:00","dateModified":"2026-01-22T17:52:34+00:00","mainEntityOfPage":{"@id":"https:\/\/ifamnews.com\/es\/milei-promueve-los-valores-tradicionales-occidentales-en-davos"},"wordCount":339,"commentCount":0,"publisher":{"@id":"https:\/\/ifamnews.com\/en\/#organization"},"image":{"@id":"https:\/\/ifamnews.com\/es\/milei-promueve-los-valores-tradicionales-occidentales-en-davos#primaryimage"},"thumbnailUrl":"https:\/\/ifamnews.com\/wp-content\/uploads\/2021\/11\/Milei.png","keywords":["Argentina","Civilizaci\u00f3n occidental","familia"],"articleSection":["Foreground","Pol\u00edtica","\u00daLTIMAS NOTICIAS"],"inLanguage":"es","potentialAction":[{"@type":"CommentAction","name":"Comment","target":["https:\/\/ifamnews.com\/es\/milei-promueve-los-valores-tradicionales-occidentales-en-davos#respond"]}]},{"@type":"WebPage","@id":"https:\/\/ifamnews.com\/es\/milei-promueve-los-valores-tradicionales-occidentales-en-davos","url":"https:\/\/ifamnews.com\/es\/milei-promueve-los-valores-tradicionales-occidentales-en-davos","name":"Milei promueve los valores tradicionales occidentales en Davos - IFN","isPartOf":{"@id":"https:\/\/ifamnews.com\/en\/#website"},"primaryImageOfPage":{"@id":"https:\/\/ifamnews.com\/es\/milei-promueve-los-valores-tradicionales-occidentales-en-davos#primaryimage"},"image":{"@id":"https:\/\/ifamnews.com\/es\/milei-promueve-los-valores-tradicionales-occidentales-en-davos#primaryimage"},"thumbnailUrl":"https:\/\/ifamnews.com\/wp-content\/uploads\/2021\/11\/Milei.png","datePublished":"2026-01-22T15:00:00+00:00","dateModified":"2026-01-22T17:52:34+00:00","description":"El presidente argentino Javier Milei pronunci\u00f3 un en\u00e9rgico discurso en el Foro Econ\u00f3mico Mundial de 2026 en Davos, pidiendo un retorno a los pilares fundacionales de Occidente \u2014la filosof\u00eda griega, el derecho romano y los valores judeocristianos\u2014 para rescatar a la civilizaci\u00f3n del colapso.","breadcrumb":{"@id":"https:\/\/ifamnews.com\/es\/milei-promueve-los-valores-tradicionales-occidentales-en-davos#breadcrumb"},"inLanguage":"es","potentialAction":[{"@type":"ReadAction","target":["https:\/\/ifamnews.com\/es\/milei-promueve-los-valores-tradicionales-occidentales-en-davos"]}]},{"@type":"ImageObject","inLanguage":"es","@id":"https:\/\/ifamnews.com\/es\/milei-promueve-los-valores-tradicionales-occidentales-en-davos#primaryimage","url":"https:\/\/ifamnews.com\/wp-content\/uploads\/2021\/11\/Milei.png","contentUrl":"https:\/\/ifamnews.com\/wp-content\/uploads\/2021\/11\/Milei.png","width":1200,"height":675},{"@type":"BreadcrumbList","@id":"https:\/\/ifamnews.com\/es\/milei-promueve-los-valores-tradicionales-occidentales-en-davos#breadcrumb","itemListElement":[{"@type":"ListItem","position":1,"name":"Home","item":"https:\/\/ifamnews.com\/de"},{"@type":"ListItem","position":2,"name":"Foreground","item":"https:\/\/ifamnews.com\/es\/categoria\/foreground-es"},{"@type":"ListItem","position":3,"name":"Milei promueve los valores tradicionales occidentales en Davos"}]},{"@type":"WebSite","@id":"https:\/\/ifamnews.com\/en\/#website","url":"https:\/\/ifamnews.com\/en\/","name":"IFN","description":"International Family News Network","publisher":{"@id":"https:\/\/ifamnews.com\/en\/#organization"},"potentialAction":[{"@type":"SearchAction","target":{"@type":"EntryPoint","urlTemplate":"https:\/\/ifamnews.com\/en\/?s={search_term_string}"},"query-input":{"@type":"PropertyValueSpecification","valueRequired":true,"valueName":"search_term_string"}}],"inLanguage":"es"},{"@type":"Organization","@id":"https:\/\/ifamnews.com\/en\/#organization","name":"iFamNews","url":"https:\/\/ifamnews.com\/en\/","logo":{"@type":"ImageObject","inLanguage":"es","@id":"https:\/\/ifamnews.com\/en\/#\/schema\/logo\/image\/","url":"https:\/\/ifamnews.com\/wp-content\/uploads\/2020\/01\/Share-logo.png","contentUrl":"https:\/\/ifamnews.com\/wp-content\/uploads\/2020\/01\/Share-logo.png","width":200,"height":200,"caption":"iFamNews"},"image":{"@id":"https:\/\/ifamnews.com\/en\/#\/schema\/logo\/image\/"},"sameAs":["https:\/\/www.facebook.com\/iFamNews","https:\/\/x.com\/iFamNewsEN"]},{"@type":"Person","@id":"https:\/\/ifamnews.com\/en\/#\/schema\/person\/633bdb7ac2496c9b9304ce62d071cdfa","name":"IFN English","image":{"@type":"ImageObject","inLanguage":"es","@id":"https:\/\/secure.gravatar.com\/avatar\/6f16ce95b558ae6f6eb9ae2f68122482a2c61696af2a8fc343c2e10f981a959d?s=96&d=mm&r=g","url":"https:\/\/secure.gravatar.com\/avatar\/6f16ce95b558ae6f6eb9ae2f68122482a2c61696af2a8fc343c2e10f981a959d?s=96&d=mm&r=g","contentUrl":"https:\/\/secure.gravatar.com\/avatar\/6f16ce95b558ae6f6eb9ae2f68122482a2c61696af2a8fc343c2e10f981a959d?s=96&d=mm&r=g","caption":"IFN English"},"description":"Articles published by the English iFamNews editorial team.","sameAs":["https:\/\/ifamnews.com\/en","https:\/\/www.facebook.com\/iFamNews\/","https:\/\/x.com\/https:\/\/twitter.com\/iFamNewsEN","https:\/\/www.youtube.com\/channel\/UCMVyIt4z9BANW3d09kwfUpw"],"url":"https:\/\/ifamnews.com\/es\/author\/ifamnews-staff"}]}},"amp_enabled":true,"_links":{"self":[{"href":"https:\/\/ifamnews.com\/es\/wp-json\/wp\/v2\/posts\/273212","targetHints":{"allow":["GET"]}}],"collection":[{"href":"https:\/\/ifamnews.com\/es\/wp-json\/wp\/v2\/posts"}],"about":[{"href":"https:\/\/ifamnews.com\/es\/wp-json\/wp\/v2\/types\/post"}],"author":[{"embeddable":true,"href":"https:\/\/ifamnews.com\/es\/wp-json\/wp\/v2\/users\/593"}],"replies":[{"embeddable":true,"href":"https:\/\/ifamnews.com\/es\/wp-json\/wp\/v2\/comments?post=273212"}],"version-history":[{"count":1,"href":"https:\/\/ifamnews.com\/es\/wp-json\/wp\/v2\/posts\/273212\/revisions"}],"predecessor-version":[{"id":273213,"href":"https:\/\/ifamnews.com\/es\/wp-json\/wp\/v2\/posts\/273212\/revisions\/273213"}],"wp:featuredmedia":[{"embeddable":true,"href":"https:\/\/ifamnews.com\/es\/wp-json\/wp\/v2\/media\/105649"}],"wp:attachment":[{"href":"https:\/\/ifamnews.com\/es\/wp-json\/wp\/v2\/media?parent=273212"}],"wp:term":[{"taxonomy":"category","embeddable":true,"href":"https:\/\/ifamnews.com\/es\/wp-json\/wp\/v2\/categories?post=273212"},{"taxonomy":"post_tag","embeddable":true,"href":"https:\/\/ifamnews.com\/es\/wp-json\/wp\/v2\/tags?post=273212"}],"curies":[{"name":"wp","href":"https:\/\/api.w.org\/{rel}","templated":true}]}}