{"id":250310,"date":"2024-10-27T01:00:00","date_gmt":"2024-10-27T05:00:00","guid":{"rendered":"https:\/\/ifamnews.com\/?p=250310"},"modified":"2024-10-14T17:12:55","modified_gmt":"2024-10-14T21:12:55","slug":"donald-trump-honra-el-cumplea-os-de-la-virgen-mar-a-en-la-plataforma-truth-social","status":"publish","type":"post","link":"https:\/\/ifamnews.com\/es\/donald-trump-honra-el-cumplea-os-de-la-virgen-mar-a-en-la-plataforma-truth-social","title":{"rendered":"Donald Trump honra el cumplea\u00f1os de la Virgen Mar\u00eda en la plataforma \u00abTruth Social\u00bb"},"content":{"rendered":"<p>El ex presidente Donald Trump se tom\u00f3 un tiempo durante el fin de semana para honrar un d\u00eda significativo en el calendario cristiano: el cumplea\u00f1os de Mar\u00eda, madre de Jesucristo.<\/p>\n<p>Trump marc\u00f3 la ocasi\u00f3n con un post en su plataforma de medios sociales, <strong>Truth Social<\/strong>, compartiendo una foto de \u00abNuestra Se\u00f1ora de Guadalupe\u00bb, una imagen tenida en alta veneraci\u00f3n particularmente entre los cat\u00f3licos mexicanos.<\/p>\n<p>La imagen tiene sus ra\u00edces en el siglo XVI, cuando Mar\u00eda se apareci\u00f3 en visiones a un hombre azteca llamado Juan Diego en 1531.<br \/>\nDurante estas apariciones, Mar\u00eda pidi\u00f3 a Diego que erigiera un santuario dedicado a ella en el cerro de Tepayac, en el actual suburbio de Ciudad de M\u00e9xico.<\/p>\n<p>Cuando Diego comunic\u00f3 esto a su obispo, \u00e9ste le pidi\u00f3 pruebas tangibles. Diego tuvo entonces otra visi\u00f3n de Mar\u00eda en la que ella le ped\u00eda que recogiera rosas.<br \/>\nAl presentar estas rosas al obispo, surgi\u00f3 una huella de Mar\u00eda en su manto.<\/p>\n<p>Trump comparti\u00f3 la misma imagen, que ahora se encuentra en la Bas\u00edlica de Guadalupe y se considera un signo milagroso del amor y la protecci\u00f3n de Mar\u00eda por las Am\u00e9ricas.<br \/>\nEl homenaje de Trump se produjo la misma semana en que anunci\u00f3 la formaci\u00f3n de \u00abCat\u00f3licos por Trump\u00bb, una coalici\u00f3n comprometida con la preservaci\u00f3n de la libertad religiosa y los valores familiares.<\/p>\n<p>Su campa\u00f1a define su r\u00e9gimen como un periodo de apoyo inquebrantable a la libertad religiosa, marcado por avances victoriosos tanto dentro del pa\u00eds como en el extranjero.<\/p>\n<p>Trump contrast\u00f3 su administraci\u00f3n con el r\u00e9gimen de Harris-Biden, al que acus\u00f3 de socavar los derechos religiosos.<br \/>\nLa campa\u00f1a del ex presidente afirm\u00f3 su comprensi\u00f3n de la importancia de las libertades religiosas para todos y su respeto por el poder de la fe.<\/p>\n","protected":false},"excerpt":{"rendered":"<p>El ex presidente Donald Trump se tom\u00f3 tiempo durante el fin de semana para honrar un d\u00eda significativo en el calendario cristiano: el cumplea\u00f1os de Mar\u00eda, madre de Jesucristo.<\/p>\n","protected":false},"author":593,"featured_media":250303,"comment_status":"open","ping_status":"open","sticky":false,"template":"","format":"standard","meta":{"give_campaign_id":0,"om_disable_all_campaigns":false,"_monsterinsights_skip_tracking":false,"_monsterinsights_sitenote_active":false,"_monsterinsights_sitenote_note":"","_monsterinsights_sitenote_category":0,"mc4wp_mailchimp_campaign":[],"jnews-multi-image_gallery":[],"jnews_single_post":{"subtitle":"Trump marc\u00f3 la ocasi\u00f3n con un post en su plataforma de medios sociales, Truth Social, compartiendo una foto de \"Nuestra Se\u00f1ora de Guadalupe\",  una imagen tenida en alta veneraci\u00f3n particularmente entre los cat\u00f3licos mexicanos","format":"standard","video":"","gallery":"","source_name":"","source_url":"","via_name":"","via_url":"","override_template":"0","override":[{"template":"2","single_blog_custom":"","parallax":"1","fullscreen":"1","layout":"right-sidebar-narrow","sidebar":"default-sidebar","second_sidebar":"default-sidebar","sticky_sidebar":"1","share_position":"float","share_float_style":"share-normal","show_share_counter":"1","show_view_counter":"1","show_featured":"1","show_post_meta":"1","show_post_author":"1","show_post_author_image":"1","show_post_date":"1","post_date_format":"default","post_date_format_custom":"Y\/m\/d","show_post_category":"1","show_post_reading_time":"1","post_reading_time_wpm":"300","show_zoom_button":"0","zoom_button_out_step":"2","zoom_button_in_step":"3","show_post_tag":"1","show_prev_next_post":"0","show_popup_post":"0","number_popup_post":"1","show_author_box":"1","show_post_related":"0","show_inline_post_related":"0"}],"override_image_size":"0","image_override":[{"single_post_thumbnail_size":"crop-715","single_post_gallery_size":"crop-715"}],"trending_post":"0","trending_post_position":"meta","trending_post_label":"Trending","sponsored_post":"0","sponsored_post_label":"Sponsored by","sponsored_post_name":"","sponsored_post_url":"","sponsored_post_logo_enable":"0","sponsored_post_logo":"","sponsored_post_desc":"","disable_ad":"0"},"jnews_primary_category":{"id":"765","hide":""},"jnews_social_meta":[],"jnews_override_counter":[],"footnotes":""},"categories":[765,810,815],"tags":[17346,13173,29236,13867],"class_list":["post-250310","post","type-post","status-publish","format-standard","has-post-thumbnail","hentry","category-cultura-es","category-foreground-es","category-breaking-news-es","tag-guadalupe","tag-mexico-es","tag-trump-es","tag-virgen-maria"],"yoast_head":"<!-- This site is optimized with the Yoast SEO Premium plugin v25.9 (Yoast SEO v27.3) - https:\/\/yoast.com\/product\/yoast-seo-premium-wordpress\/ -->\n<title>Donald Trump honra el cumplea\u00f1os de la Virgen Mar\u00eda en la plataforma &quot;Truth Social&quot; - IFN<\/title>\n<meta name=\"description\" content=\"La campa\u00f1a del ex presidente afirm\u00f3 su comprensi\u00f3n de la importancia de la libertad religiosa para todos y su respeto por el poder de la fe\" \/>\n<meta name=\"robots\" content=\"index, follow, max-snippet:-1, max-image-preview:large, max-video-preview:-1\" \/>\n<link rel=\"canonical\" href=\"https:\/\/ifamnews.com\/en\/donald-trump-honors-virgin-mary-s-birthday-on-social-media-platform-truth-social\" \/>\n<meta property=\"og:locale\" content=\"es_ES\" \/>\n<meta property=\"og:type\" content=\"article\" \/>\n<meta property=\"og:title\" content=\"Donald Trump honra el cumplea\u00f1os de la Virgen Mar\u00eda en la plataforma &quot;Truth Social&quot;\" \/>\n<meta property=\"og:description\" content=\"La campa\u00f1a del ex presidente afirm\u00f3 su comprensi\u00f3n de la importancia de la libertad religiosa para todos y su respeto por el poder de la fe\" \/>\n<meta property=\"og:url\" content=\"https:\/\/ifamnews.com\/en\/donald-trump-honors-virgin-mary-s-birthday-on-social-media-platform-truth-social\" \/>\n<meta property=\"og:site_name\" content=\"IFN\" \/>\n<meta property=\"article:publisher\" content=\"https:\/\/www.facebook.com\/iFamNews\" \/>\n<meta property=\"article:author\" content=\"https:\/\/www.facebook.com\/iFamNews\/\" \/>\n<meta property=\"article:published_time\" content=\"2024-10-27T05:00:00+00:00\" \/>\n<meta property=\"og:image\" content=\"https:\/\/ifamnews.com\/wp-content\/uploads\/2024\/10\/Untitled-design-2024-10-02T125703.688.png\" \/>\n\t<meta property=\"og:image:width\" content=\"1200\" \/>\n\t<meta property=\"og:image:height\" content=\"675\" \/>\n\t<meta property=\"og:image:type\" content=\"image\/png\" \/>\n<meta name=\"author\" content=\"IFN English\" \/>\n<meta name=\"twitter:card\" content=\"summary_large_image\" \/>\n<meta name=\"twitter:creator\" content=\"@https:\/\/twitter.com\/iFamNewsEN\" \/>\n<meta name=\"twitter:site\" content=\"@iFamNewsEN\" \/>\n<meta name=\"twitter:label1\" content=\"Escrito por\" \/>\n\t<meta name=\"twitter:data1\" content=\"iFamNews\" \/>\n\t<meta name=\"twitter:label2\" content=\"Tiempo de lectura\" \/>\n\t<meta name=\"twitter:data2\" content=\"2 minutos\" \/>\n<!-- \/ Yoast SEO Premium plugin. -->","yoast_head_json":{"title":"Donald Trump honra el cumplea\u00f1os de la Virgen Mar\u00eda en la plataforma \"Truth Social\" - IFN","description":"La campa\u00f1a del ex presidente afirm\u00f3 su comprensi\u00f3n de la importancia de la libertad religiosa para todos y su respeto por el poder de la fe","robots":{"index":"index","follow":"follow","max-snippet":"max-snippet:-1","max-image-preview":"max-image-preview:large","max-video-preview":"max-video-preview:-1"},"canonical":"https:\/\/ifamnews.com\/en\/donald-trump-honors-virgin-mary-s-birthday-on-social-media-platform-truth-social","og_locale":"es_ES","og_type":"article","og_title":"Donald Trump honra el cumplea\u00f1os de la Virgen Mar\u00eda en la plataforma \"Truth Social\"","og_description":"La campa\u00f1a del ex presidente afirm\u00f3 su comprensi\u00f3n de la importancia de la libertad religiosa para todos y su respeto por el poder de la fe","og_url":"https:\/\/ifamnews.com\/en\/donald-trump-honors-virgin-mary-s-birthday-on-social-media-platform-truth-social","og_site_name":"IFN","article_publisher":"https:\/\/www.facebook.com\/iFamNews","article_author":"https:\/\/www.facebook.com\/iFamNews\/","article_published_time":"2024-10-27T05:00:00+00:00","og_image":[{"width":1200,"height":675,"url":"https:\/\/ifamnews.com\/wp-content\/uploads\/2024\/10\/Untitled-design-2024-10-02T125703.688.png","type":"image\/png"}],"author":"IFN English","twitter_card":"summary_large_image","twitter_creator":"@https:\/\/twitter.com\/iFamNewsEN","twitter_site":"@iFamNewsEN","twitter_misc":{"Escrito por":"iFamNews","Tiempo de lectura":"2 minutos"},"schema":{"@context":"https:\/\/schema.org","@graph":[{"@type":"NewsArticle","@id":"https:\/\/ifamnews.com\/en\/donald-trump-honors-virgin-mary-s-birthday-on-social-media-platform-truth-social#article","isPartOf":{"@id":"https:\/\/ifamnews.com\/en\/donald-trump-honors-virgin-mary-s-birthday-on-social-media-platform-truth-social"},"author":{"name":"IFN English","@id":"https:\/\/ifamnews.com\/en\/#\/schema\/person\/633bdb7ac2496c9b9304ce62d071cdfa"},"headline":"Donald Trump honra el cumplea\u00f1os de la Virgen Mar\u00eda en la plataforma \u00abTruth Social\u00bb","datePublished":"2024-10-27T05:00:00+00:00","mainEntityOfPage":{"@id":"https:\/\/ifamnews.com\/en\/donald-trump-honors-virgin-mary-s-birthday-on-social-media-platform-truth-social"},"wordCount":334,"commentCount":0,"publisher":{"@id":"https:\/\/ifamnews.com\/en\/#organization"},"image":{"@id":"https:\/\/ifamnews.com\/en\/donald-trump-honors-virgin-mary-s-birthday-on-social-media-platform-truth-social#primaryimage"},"thumbnailUrl":"https:\/\/ifamnews.com\/wp-content\/uploads\/2024\/10\/Untitled-design-2024-10-02T125703.688.png","keywords":["guadalupe","M\u00e9xico","Trump","Virgen Mar\u00eda"],"articleSection":["Cultura","Foreground","\u00daLTIMAS NOTICIAS"],"inLanguage":"es","potentialAction":[{"@type":"CommentAction","name":"Comment","target":["https:\/\/ifamnews.com\/en\/donald-trump-honors-virgin-mary-s-birthday-on-social-media-platform-truth-social#respond"]}]},{"@type":"WebPage","@id":"https:\/\/ifamnews.com\/en\/donald-trump-honors-virgin-mary-s-birthday-on-social-media-platform-truth-social","url":"https:\/\/ifamnews.com\/en\/donald-trump-honors-virgin-mary-s-birthday-on-social-media-platform-truth-social","name":"Donald Trump honra el cumplea\u00f1os de la Virgen Mar\u00eda en la plataforma \"Truth Social\" - IFN","isPartOf":{"@id":"https:\/\/ifamnews.com\/en\/#website"},"primaryImageOfPage":{"@id":"https:\/\/ifamnews.com\/en\/donald-trump-honors-virgin-mary-s-birthday-on-social-media-platform-truth-social#primaryimage"},"image":{"@id":"https:\/\/ifamnews.com\/en\/donald-trump-honors-virgin-mary-s-birthday-on-social-media-platform-truth-social#primaryimage"},"thumbnailUrl":"https:\/\/ifamnews.com\/wp-content\/uploads\/2024\/10\/Untitled-design-2024-10-02T125703.688.png","datePublished":"2024-10-27T05:00:00+00:00","description":"La campa\u00f1a del ex presidente afirm\u00f3 su comprensi\u00f3n de la importancia de la libertad religiosa para todos y su respeto por el poder de la fe","breadcrumb":{"@id":"https:\/\/ifamnews.com\/en\/donald-trump-honors-virgin-mary-s-birthday-on-social-media-platform-truth-social#breadcrumb"},"inLanguage":"es","potentialAction":[{"@type":"ReadAction","target":["https:\/\/ifamnews.com\/en\/donald-trump-honors-virgin-mary-s-birthday-on-social-media-platform-truth-social"]}]},{"@type":"ImageObject","inLanguage":"es","@id":"https:\/\/ifamnews.com\/en\/donald-trump-honors-virgin-mary-s-birthday-on-social-media-platform-truth-social#primaryimage","url":"https:\/\/ifamnews.com\/wp-content\/uploads\/2024\/10\/Untitled-design-2024-10-02T125703.688.png","contentUrl":"https:\/\/ifamnews.com\/wp-content\/uploads\/2024\/10\/Untitled-design-2024-10-02T125703.688.png","width":1200,"height":675},{"@type":"BreadcrumbList","@id":"https:\/\/ifamnews.com\/en\/donald-trump-honors-virgin-mary-s-birthday-on-social-media-platform-truth-social#breadcrumb","itemListElement":[{"@type":"ListItem","position":1,"name":"Home","item":"https:\/\/ifamnews.com\/de"},{"@type":"ListItem","position":2,"name":"Politics","item":"https:\/\/ifamnews.com\/en\/category\/politics"},{"@type":"ListItem","position":3,"name":"Donald Trump honra el cumplea\u00f1os de la Virgen Mar\u00eda en la plataforma &#8220;Truth Social&#8221;"}]},{"@type":"WebSite","@id":"https:\/\/ifamnews.com\/en\/#website","url":"https:\/\/ifamnews.com\/en\/","name":"IFN","description":"International Family News Network","publisher":{"@id":"https:\/\/ifamnews.com\/en\/#organization"},"potentialAction":[{"@type":"SearchAction","target":{"@type":"EntryPoint","urlTemplate":"https:\/\/ifamnews.com\/en\/?s={search_term_string}"},"query-input":{"@type":"PropertyValueSpecification","valueRequired":true,"valueName":"search_term_string"}}],"inLanguage":"es"},{"@type":"Organization","@id":"https:\/\/ifamnews.com\/en\/#organization","name":"iFamNews","url":"https:\/\/ifamnews.com\/en\/","logo":{"@type":"ImageObject","inLanguage":"es","@id":"https:\/\/ifamnews.com\/en\/#\/schema\/logo\/image\/","url":"https:\/\/ifamnews.com\/wp-content\/uploads\/2020\/01\/Share-logo.png","contentUrl":"https:\/\/ifamnews.com\/wp-content\/uploads\/2020\/01\/Share-logo.png","width":200,"height":200,"caption":"iFamNews"},"image":{"@id":"https:\/\/ifamnews.com\/en\/#\/schema\/logo\/image\/"},"sameAs":["https:\/\/www.facebook.com\/iFamNews","https:\/\/x.com\/iFamNewsEN"]},{"@type":"Person","@id":"https:\/\/ifamnews.com\/en\/#\/schema\/person\/633bdb7ac2496c9b9304ce62d071cdfa","name":"IFN English","image":{"@type":"ImageObject","inLanguage":"es","@id":"https:\/\/secure.gravatar.com\/avatar\/6f16ce95b558ae6f6eb9ae2f68122482a2c61696af2a8fc343c2e10f981a959d?s=96&d=mm&r=g","url":"https:\/\/secure.gravatar.com\/avatar\/6f16ce95b558ae6f6eb9ae2f68122482a2c61696af2a8fc343c2e10f981a959d?s=96&d=mm&r=g","contentUrl":"https:\/\/secure.gravatar.com\/avatar\/6f16ce95b558ae6f6eb9ae2f68122482a2c61696af2a8fc343c2e10f981a959d?s=96&d=mm&r=g","caption":"IFN English"},"description":"Articles published by the English iFamNews editorial team.","sameAs":["https:\/\/ifamnews.com\/en","https:\/\/www.facebook.com\/iFamNews\/","https:\/\/x.com\/https:\/\/twitter.com\/iFamNewsEN","https:\/\/www.youtube.com\/channel\/UCMVyIt4z9BANW3d09kwfUpw"],"url":"https:\/\/ifamnews.com\/es\/author\/ifamnews-staff"}]}},"amp_enabled":true,"_links":{"self":[{"href":"https:\/\/ifamnews.com\/es\/wp-json\/wp\/v2\/posts\/250310","targetHints":{"allow":["GET"]}}],"collection":[{"href":"https:\/\/ifamnews.com\/es\/wp-json\/wp\/v2\/posts"}],"about":[{"href":"https:\/\/ifamnews.com\/es\/wp-json\/wp\/v2\/types\/post"}],"author":[{"embeddable":true,"href":"https:\/\/ifamnews.com\/es\/wp-json\/wp\/v2\/users\/593"}],"replies":[{"embeddable":true,"href":"https:\/\/ifamnews.com\/es\/wp-json\/wp\/v2\/comments?post=250310"}],"version-history":[{"count":2,"href":"https:\/\/ifamnews.com\/es\/wp-json\/wp\/v2\/posts\/250310\/revisions"}],"predecessor-version":[{"id":250823,"href":"https:\/\/ifamnews.com\/es\/wp-json\/wp\/v2\/posts\/250310\/revisions\/250823"}],"wp:featuredmedia":[{"embeddable":true,"href":"https:\/\/ifamnews.com\/es\/wp-json\/wp\/v2\/media\/250303"}],"wp:attachment":[{"href":"https:\/\/ifamnews.com\/es\/wp-json\/wp\/v2\/media?parent=250310"}],"wp:term":[{"taxonomy":"category","embeddable":true,"href":"https:\/\/ifamnews.com\/es\/wp-json\/wp\/v2\/categories?post=250310"},{"taxonomy":"post_tag","embeddable":true,"href":"https:\/\/ifamnews.com\/es\/wp-json\/wp\/v2\/tags?post=250310"}],"curies":[{"name":"wp","href":"https:\/\/api.w.org\/{rel}","templated":true}]}}