{"id":248903,"date":"2024-09-11T01:00:00","date_gmt":"2024-09-11T05:00:00","guid":{"rendered":"https:\/\/ifamnews.com\/?p=248903"},"modified":"2024-08-27T17:01:15","modified_gmt":"2024-08-27T21:01:15","slug":"la-justicia-da-la-raz-n-a-abogados-cristianos-y-ratifica-la-suspensi-n-de-la-eutanasia-a-una-joven-en-barcelona","status":"publish","type":"post","link":"https:\/\/ifamnews.com\/es\/la-justicia-da-la-raz-n-a-abogados-cristianos-y-ratifica-la-suspensi-n-de-la-eutanasia-a-una-joven-en-barcelona","title":{"rendered":"La justicia da la raz\u00f3n a Abogados Cristianos y ratifica la suspensi\u00f3n de la eutanasia a una joven en Barcelona"},"content":{"rendered":"\n<p><br>En su auto, la juez subraya que<strong>\u00a0<em>\u00abno considero que concurra un padecimiento grave, cr\u00f3nico e imposibilitante que como nos describe la Ley es la situaci\u00f3n que hace referencia a limitaciones que inciden directamente sobre la autonom\u00eda f\u00edsica y actividades de la vida diaria, de manera que no permite valerse por s\u00ed mismo, as\u00ed como sobre la capacidad de expresi\u00f3n y relaci\u00f3n, y que llevan asociado un sufrimiento f\u00edsico o ps\u00edquico constante e intolerable para quien lo padece, existiendo seguridad o gran probabilidad de que tales limitaciones vayan a persistir en el tiempo sin posibilidad de curaci\u00f3n o mejor\u00eda apreciable\u00bb<\/em>.<\/strong><br><br>Hace tambi\u00e9n referencia a un v\u00eddeo donde se visiona a la joven <strong>caminando con muletas<\/strong>\u00a0<em>\u00abluego la lesi\u00f3n medular que refieren los informes en cuanto que es irreversible su situaci\u00f3n funcional <strong>genera dudas <\/strong>a esta proveyente, y en cuanto a su \u00a0patolog\u00eda ps\u00edquica no entiendo que pueda ser irreversible pues se alude en los informes sobre el tratamiento que se est\u00e1 siguiendo\u00bb.<\/em><br><br>La presidente de Abogados Cristianos,\u00a0<strong>Polonia Castellanos<\/strong>, celebra el auto y asegura que\u00a0<em>\u00ab<strong>la Ley de Eutanasia no ayuda a nadie<\/strong>, todo lo contrario. Abogados Cristianos defender\u00e1 en los tribunales a las familias que necesiten ayuda para que esta ley no acabe con sus seres queridos\u00bb.<\/em><\/p>\n\n\n\n<p>Se adjunta auto<\/p>\n\n\n\n<div data-wp-interactive=\"core\/file\" class=\"wp-block-file\"><object data-wp-bind--hidden=\"!state.hasPdfPreview\" hidden class=\"wp-block-file__embed\" data=\"https:\/\/ifamnews.com\/wp-content\/uploads\/2024\/08\/AUTO-Censurado.pdf\" type=\"application\/pdf\" style=\"width:100%;height:600px\" aria-label=\"Incrustado de AUTO-Censurado.\"><\/object><a id=\"wp-block-file--media-cc24181a-d22b-41ab-89df-d452bce86032\" href=\"https:\/\/ifamnews.com\/wp-content\/uploads\/2024\/08\/AUTO-Censurado.pdf\">AUTO-Censurado<\/a><a href=\"https:\/\/ifamnews.com\/wp-content\/uploads\/2024\/08\/AUTO-Censurado.pdf\" class=\"wp-block-file__button wp-element-button\" download aria-describedby=\"wp-block-file--media-cc24181a-d22b-41ab-89df-d452bce86032\">Download<\/a><\/div>\n","protected":false},"excerpt":{"rendered":"<p>REMITIDO. En su auto, la juez considera que no concurre un padecimiento grave, cr\u00f3nico e imposibilitante que es la situaci\u00f3n que hace referencia a limitaciones que inciden directamente sobre la autonom\u00eda f\u00edsica y actividades de la vida diaria, de manera que no permite valerse por s\u00ed misma<\/p>\n","protected":false},"author":963,"featured_media":248944,"comment_status":"open","ping_status":"open","sticky":false,"template":"","format":"standard","meta":{"give_campaign_id":0,"om_disable_all_campaigns":false,"_monsterinsights_skip_tracking":false,"_monsterinsights_sitenote_active":false,"_monsterinsights_sitenote_note":"","_monsterinsights_sitenote_category":0,"mc4wp_mailchimp_campaign":[],"jnews-multi-image_gallery":[],"jnews_single_post":{"subtitle":"REMITIDO. Existe un v\u00eddeo donde se puede ver a la chica de 23 a\u00f1os caminando con muletas, lo que  hace dudar sobre lo referido en los informes aludiendo a la irreversibilidad de su lesi\u00f3n","format":"standard","video":"","gallery":"","source_name":"","source_url":"","via_name":"","via_url":"","override_template":"0","override":[{"template":"2","single_blog_custom":"","parallax":"1","fullscreen":"1","layout":"right-sidebar-narrow","sidebar":"default-sidebar","second_sidebar":"default-sidebar","sticky_sidebar":"1","share_position":"float","share_float_style":"share-normal","show_share_counter":"1","show_view_counter":"1","show_featured":"1","show_post_meta":"1","show_post_author":"1","show_post_author_image":"1","show_post_date":"1","post_date_format":"default","post_date_format_custom":"Y\/m\/d","show_post_category":"1","show_post_reading_time":"1","post_reading_time_wpm":"300","show_zoom_button":"0","zoom_button_out_step":"2","zoom_button_in_step":"3","show_post_tag":"1","show_prev_next_post":"0","show_popup_post":"0","number_popup_post":"1","show_author_box":"1","show_post_related":"0","show_inline_post_related":"0"}],"override_image_size":"0","image_override":[{"single_post_thumbnail_size":"crop-715","single_post_gallery_size":"crop-715"}],"trending_post":"0","trending_post_position":"meta","trending_post_label":"Trending","sponsored_post":"0","sponsored_post_label":"Sponsored by","sponsored_post_name":"","sponsored_post_url":"","sponsored_post_logo_enable":"0","sponsored_post_logo":"","sponsored_post_desc":"","disable_ad":"0"},"jnews_primary_category":{"id":"818","hide":""},"jnews_social_meta":[],"jnews_override_counter":[],"footnotes":""},"categories":[810,815,818],"tags":[20631,30099,7101],"class_list":["post-248903","post","type-post","status-publish","format-standard","has-post-thumbnail","hentry","category-foreground-es","category-breaking-news-es","category-vida","tag-abogados-cristinanos","tag-barcelona","tag-eutanasia-es"],"yoast_head":"<!-- This site is optimized with the Yoast SEO Premium plugin v25.9 (Yoast SEO v27.3) - https:\/\/yoast.com\/product\/yoast-seo-premium-wordpress\/ -->\n<title>La justicia da la raz\u00f3n a Abogados Cristianos y ratifica la suspensi\u00f3n de la eutanasia a una joven en Barcelona - IFN<\/title>\n<meta name=\"description\" content=\"REMITIDO. Existe un v\u00eddeo donde se puede ver a la chica caminando con muletas, lo que hace dudar sobre la irreversibilidad de su lesi\u00f3n\" \/>\n<meta name=\"robots\" content=\"index, follow, max-snippet:-1, max-image-preview:large, max-video-preview:-1\" \/>\n<link rel=\"canonical\" href=\"https:\/\/ifamnews.com\/es\/la-justicia-da-la-raz-n-a-abogados-cristianos-y-ratifica-la-suspensi-n-de-la-eutanasia-a-una-joven-en-barcelona\" \/>\n<meta property=\"og:locale\" content=\"es_ES\" \/>\n<meta property=\"og:type\" content=\"article\" \/>\n<meta property=\"og:title\" content=\"La justicia da la raz\u00f3n a Abogados Cristianos y ratifica la suspensi\u00f3n de la eutanasia a una joven en Barcelona\" \/>\n<meta property=\"og:description\" content=\"REMITIDO. Existe un v\u00eddeo donde se puede ver a la chica caminando con muletas, lo que hace dudar sobre la irreversibilidad de su lesi\u00f3n\" \/>\n<meta property=\"og:url\" content=\"https:\/\/ifamnews.com\/es\/la-justicia-da-la-raz-n-a-abogados-cristianos-y-ratifica-la-suspensi-n-de-la-eutanasia-a-una-joven-en-barcelona\" \/>\n<meta property=\"og:site_name\" content=\"IFN\" \/>\n<meta property=\"article:publisher\" content=\"https:\/\/www.facebook.com\/iFamNews\" \/>\n<meta property=\"article:author\" content=\"https:\/\/www.facebook.com\/iFamNews\/\" \/>\n<meta property=\"article:published_time\" content=\"2024-09-11T05:00:00+00:00\" \/>\n<meta property=\"og:image\" content=\"https:\/\/ifamnews.com\/wp-content\/uploads\/2024\/09\/image-29.png\" \/>\n\t<meta property=\"og:image:width\" content=\"1199\" \/>\n\t<meta property=\"og:image:height\" content=\"674\" \/>\n\t<meta property=\"og:image:type\" content=\"image\/png\" \/>\n<meta name=\"author\" content=\"iFamNews Spain\" \/>\n<meta name=\"twitter:card\" content=\"summary_large_image\" \/>\n<meta name=\"twitter:creator\" content=\"@https:\/\/twitter.com\/iFamNewsES\" \/>\n<meta name=\"twitter:site\" content=\"@iFamNewsEN\" \/>\n<meta name=\"twitter:label1\" content=\"Escrito por\" \/>\n\t<meta name=\"twitter:data1\" content=\"iFamNews Spain\" \/>\n\t<meta name=\"twitter:label2\" content=\"Tiempo de lectura\" \/>\n\t<meta name=\"twitter:data2\" content=\"1 minuto\" \/>\n<!-- \/ Yoast SEO Premium plugin. -->","yoast_head_json":{"title":"La justicia da la raz\u00f3n a Abogados Cristianos y ratifica la suspensi\u00f3n de la eutanasia a una joven en Barcelona - IFN","description":"REMITIDO. Existe un v\u00eddeo donde se puede ver a la chica caminando con muletas, lo que hace dudar sobre la irreversibilidad de su lesi\u00f3n","robots":{"index":"index","follow":"follow","max-snippet":"max-snippet:-1","max-image-preview":"max-image-preview:large","max-video-preview":"max-video-preview:-1"},"canonical":"https:\/\/ifamnews.com\/es\/la-justicia-da-la-raz-n-a-abogados-cristianos-y-ratifica-la-suspensi-n-de-la-eutanasia-a-una-joven-en-barcelona","og_locale":"es_ES","og_type":"article","og_title":"La justicia da la raz\u00f3n a Abogados Cristianos y ratifica la suspensi\u00f3n de la eutanasia a una joven en Barcelona","og_description":"REMITIDO. Existe un v\u00eddeo donde se puede ver a la chica caminando con muletas, lo que hace dudar sobre la irreversibilidad de su lesi\u00f3n","og_url":"https:\/\/ifamnews.com\/es\/la-justicia-da-la-raz-n-a-abogados-cristianos-y-ratifica-la-suspensi-n-de-la-eutanasia-a-una-joven-en-barcelona","og_site_name":"IFN","article_publisher":"https:\/\/www.facebook.com\/iFamNews","article_author":"https:\/\/www.facebook.com\/iFamNews\/","article_published_time":"2024-09-11T05:00:00+00:00","og_image":[{"width":1199,"height":674,"url":"https:\/\/ifamnews.com\/wp-content\/uploads\/2024\/09\/image-29.png","type":"image\/png"}],"author":"iFamNews Spain","twitter_card":"summary_large_image","twitter_creator":"@https:\/\/twitter.com\/iFamNewsES","twitter_site":"@iFamNewsEN","twitter_misc":{"Escrito por":"iFamNews Spain","Tiempo de lectura":"1 minuto"},"schema":{"@context":"https:\/\/schema.org","@graph":[{"@type":"NewsArticle","@id":"https:\/\/ifamnews.com\/es\/la-justicia-da-la-raz-n-a-abogados-cristianos-y-ratifica-la-suspensi-n-de-la-eutanasia-a-una-joven-en-barcelona#article","isPartOf":{"@id":"https:\/\/ifamnews.com\/es\/la-justicia-da-la-raz-n-a-abogados-cristianos-y-ratifica-la-suspensi-n-de-la-eutanasia-a-una-joven-en-barcelona"},"author":{"name":"iFamNews Spain","@id":"https:\/\/ifamnews.com\/en\/#\/schema\/person\/f65a5bd5c004ecdde67fb9f0344ba660"},"headline":"La justicia da la raz\u00f3n a Abogados Cristianos y ratifica la suspensi\u00f3n de la eutanasia a una joven en Barcelona","datePublished":"2024-09-11T05:00:00+00:00","mainEntityOfPage":{"@id":"https:\/\/ifamnews.com\/es\/la-justicia-da-la-raz-n-a-abogados-cristianos-y-ratifica-la-suspensi-n-de-la-eutanasia-a-una-joven-en-barcelona"},"wordCount":251,"commentCount":0,"publisher":{"@id":"https:\/\/ifamnews.com\/en\/#organization"},"image":{"@id":"https:\/\/ifamnews.com\/es\/la-justicia-da-la-raz-n-a-abogados-cristianos-y-ratifica-la-suspensi-n-de-la-eutanasia-a-una-joven-en-barcelona#primaryimage"},"thumbnailUrl":"https:\/\/ifamnews.com\/wp-content\/uploads\/2024\/09\/image-29.png","keywords":["Abogados Cristinanos","Barcelona","Eutanasia"],"articleSection":["Foreground","\u00daLTIMAS NOTICIAS","Vida"],"inLanguage":"es","potentialAction":[{"@type":"CommentAction","name":"Comment","target":["https:\/\/ifamnews.com\/es\/la-justicia-da-la-raz-n-a-abogados-cristianos-y-ratifica-la-suspensi-n-de-la-eutanasia-a-una-joven-en-barcelona#respond"]}]},{"@type":"WebPage","@id":"https:\/\/ifamnews.com\/es\/la-justicia-da-la-raz-n-a-abogados-cristianos-y-ratifica-la-suspensi-n-de-la-eutanasia-a-una-joven-en-barcelona","url":"https:\/\/ifamnews.com\/es\/la-justicia-da-la-raz-n-a-abogados-cristianos-y-ratifica-la-suspensi-n-de-la-eutanasia-a-una-joven-en-barcelona","name":"La justicia da la raz\u00f3n a Abogados Cristianos y ratifica la suspensi\u00f3n de la eutanasia a una joven en Barcelona - IFN","isPartOf":{"@id":"https:\/\/ifamnews.com\/en\/#website"},"primaryImageOfPage":{"@id":"https:\/\/ifamnews.com\/es\/la-justicia-da-la-raz-n-a-abogados-cristianos-y-ratifica-la-suspensi-n-de-la-eutanasia-a-una-joven-en-barcelona#primaryimage"},"image":{"@id":"https:\/\/ifamnews.com\/es\/la-justicia-da-la-raz-n-a-abogados-cristianos-y-ratifica-la-suspensi-n-de-la-eutanasia-a-una-joven-en-barcelona#primaryimage"},"thumbnailUrl":"https:\/\/ifamnews.com\/wp-content\/uploads\/2024\/09\/image-29.png","datePublished":"2024-09-11T05:00:00+00:00","description":"REMITIDO. Existe un v\u00eddeo donde se puede ver a la chica caminando con muletas, lo que hace dudar sobre la irreversibilidad de su lesi\u00f3n","breadcrumb":{"@id":"https:\/\/ifamnews.com\/es\/la-justicia-da-la-raz-n-a-abogados-cristianos-y-ratifica-la-suspensi-n-de-la-eutanasia-a-una-joven-en-barcelona#breadcrumb"},"inLanguage":"es","potentialAction":[{"@type":"ReadAction","target":["https:\/\/ifamnews.com\/es\/la-justicia-da-la-raz-n-a-abogados-cristianos-y-ratifica-la-suspensi-n-de-la-eutanasia-a-una-joven-en-barcelona"]}]},{"@type":"ImageObject","inLanguage":"es","@id":"https:\/\/ifamnews.com\/es\/la-justicia-da-la-raz-n-a-abogados-cristianos-y-ratifica-la-suspensi-n-de-la-eutanasia-a-una-joven-en-barcelona#primaryimage","url":"https:\/\/ifamnews.com\/wp-content\/uploads\/2024\/09\/image-29.png","contentUrl":"https:\/\/ifamnews.com\/wp-content\/uploads\/2024\/09\/image-29.png","width":1199,"height":674},{"@type":"BreadcrumbList","@id":"https:\/\/ifamnews.com\/es\/la-justicia-da-la-raz-n-a-abogados-cristianos-y-ratifica-la-suspensi-n-de-la-eutanasia-a-una-joven-en-barcelona#breadcrumb","itemListElement":[{"@type":"ListItem","position":1,"name":"Home","item":"https:\/\/ifamnews.com\/de"},{"@type":"ListItem","position":2,"name":"Vida","item":"https:\/\/ifamnews.com\/es\/categoria\/vida"},{"@type":"ListItem","position":3,"name":"La justicia da la raz\u00f3n a Abogados Cristianos y ratifica la suspensi\u00f3n de la eutanasia a una joven en Barcelona"}]},{"@type":"WebSite","@id":"https:\/\/ifamnews.com\/en\/#website","url":"https:\/\/ifamnews.com\/en\/","name":"IFN","description":"International Family News Network","publisher":{"@id":"https:\/\/ifamnews.com\/en\/#organization"},"potentialAction":[{"@type":"SearchAction","target":{"@type":"EntryPoint","urlTemplate":"https:\/\/ifamnews.com\/en\/?s={search_term_string}"},"query-input":{"@type":"PropertyValueSpecification","valueRequired":true,"valueName":"search_term_string"}}],"inLanguage":"es"},{"@type":"Organization","@id":"https:\/\/ifamnews.com\/en\/#organization","name":"iFamNews","url":"https:\/\/ifamnews.com\/en\/","logo":{"@type":"ImageObject","inLanguage":"es","@id":"https:\/\/ifamnews.com\/en\/#\/schema\/logo\/image\/","url":"https:\/\/ifamnews.com\/wp-content\/uploads\/2020\/01\/Share-logo.png","contentUrl":"https:\/\/ifamnews.com\/wp-content\/uploads\/2020\/01\/Share-logo.png","width":200,"height":200,"caption":"iFamNews"},"image":{"@id":"https:\/\/ifamnews.com\/en\/#\/schema\/logo\/image\/"},"sameAs":["https:\/\/www.facebook.com\/iFamNews","https:\/\/x.com\/iFamNewsEN"]},{"@type":"Person","@id":"https:\/\/ifamnews.com\/en\/#\/schema\/person\/f65a5bd5c004ecdde67fb9f0344ba660","name":"iFamNews Spain","image":{"@type":"ImageObject","inLanguage":"es","@id":"https:\/\/secure.gravatar.com\/avatar\/5003240cb58aea51e193ae011d1569f3f8452b9369ac236c2826f05639bf542e?s=96&d=mm&r=g","url":"https:\/\/secure.gravatar.com\/avatar\/5003240cb58aea51e193ae011d1569f3f8452b9369ac236c2826f05639bf542e?s=96&d=mm&r=g","contentUrl":"https:\/\/secure.gravatar.com\/avatar\/5003240cb58aea51e193ae011d1569f3f8452b9369ac236c2826f05639bf542e?s=96&d=mm&r=g","caption":"iFamNews Spain"},"description":"Articles published by the Spanish iFamNews editorial team.","sameAs":["https:\/\/ifamnews.com\/es","https:\/\/www.facebook.com\/iFamNews\/","https:\/\/x.com\/https:\/\/twitter.com\/iFamNewsES","https:\/\/www.youtube.com\/channel\/UCMVyIt4z9BANW3d09kwfUpw"],"url":"https:\/\/ifamnews.com\/es\/author\/equipo-de-ifamnews"}]}},"amp_enabled":true,"_links":{"self":[{"href":"https:\/\/ifamnews.com\/es\/wp-json\/wp\/v2\/posts\/248903","targetHints":{"allow":["GET"]}}],"collection":[{"href":"https:\/\/ifamnews.com\/es\/wp-json\/wp\/v2\/posts"}],"about":[{"href":"https:\/\/ifamnews.com\/es\/wp-json\/wp\/v2\/types\/post"}],"author":[{"embeddable":true,"href":"https:\/\/ifamnews.com\/es\/wp-json\/wp\/v2\/users\/963"}],"replies":[{"embeddable":true,"href":"https:\/\/ifamnews.com\/es\/wp-json\/wp\/v2\/comments?post=248903"}],"version-history":[{"count":2,"href":"https:\/\/ifamnews.com\/es\/wp-json\/wp\/v2\/posts\/248903\/revisions"}],"predecessor-version":[{"id":248924,"href":"https:\/\/ifamnews.com\/es\/wp-json\/wp\/v2\/posts\/248903\/revisions\/248924"}],"wp:featuredmedia":[{"embeddable":true,"href":"https:\/\/ifamnews.com\/es\/wp-json\/wp\/v2\/media\/248944"}],"wp:attachment":[{"href":"https:\/\/ifamnews.com\/es\/wp-json\/wp\/v2\/media?parent=248903"}],"wp:term":[{"taxonomy":"category","embeddable":true,"href":"https:\/\/ifamnews.com\/es\/wp-json\/wp\/v2\/categories?post=248903"},{"taxonomy":"post_tag","embeddable":true,"href":"https:\/\/ifamnews.com\/es\/wp-json\/wp\/v2\/tags?post=248903"}],"curies":[{"name":"wp","href":"https:\/\/api.w.org\/{rel}","templated":true}]}}