{"id":248803,"date":"2024-08-26T10:45:50","date_gmt":"2024-08-26T14:45:50","guid":{"rendered":"https:\/\/ifamnews.com\/?p=248803"},"modified":"2024-08-26T10:45:54","modified_gmt":"2024-08-26T14:45:54","slug":"la-detenci-n-del-fundador-de-telegram-pavel-durov-desata-la-indignaci-n-y-el-apoyo-a-la-libertad-de-expresi-n","status":"publish","type":"post","link":"https:\/\/ifamnews.com\/es\/la-detenci-n-del-fundador-de-telegram-pavel-durov-desata-la-indignaci-n-y-el-apoyo-a-la-libertad-de-expresi-n","title":{"rendered":"La detenci\u00f3n del fundador de Telegram, Pavel Durov, desata la indignaci\u00f3n y el apoyo a la libertad de expresi\u00f3n"},"content":{"rendered":"<p>Las autoridades judiciales francesas han prorrogado recientemente la detenci\u00f3n de Pavel Durov, el multimillonario fundador de la aplicaci\u00f3n de mensajer\u00eda Telegram, tras su arresto el s\u00e1bado por la noche al aterrizar en Par\u00eds.<br \/>\nDurov est\u00e1 acusado de permitir actividades delictivas en su plataforma de medios sociales orientada a la libertad de expresi\u00f3n, una acusaci\u00f3n que su abogado ha calificado de \u00ababsolutamente rid\u00edcula\u00bb.<br \/>\nSe cree que la pr\u00f3rroga de su detenci\u00f3n preliminar podr\u00eda durar hasta 96 horas, tras las cuales un juez tomar\u00e1 la decisi\u00f3n de presentar cargos formales contra Durov o dejarlo en libertad.<br \/>\nEn reacci\u00f3n a la detenci\u00f3n, Dmitry Agranovsky, abogado de Durov, compar\u00f3 la situaci\u00f3n con culpar a un fabricante de autom\u00f3viles de que un coche se utilice con fines delictivos.<br \/>\nMientras tanto, Telegram emiti\u00f3 un comunicado tras la detenci\u00f3n de Durov en el que afirmaba que el director ejecutivo \u00abno tiene nada que ocultar\u00bb y afirmaba que Telegram respeta las leyes de la UE, incluida la Ley de Servicios Digitales, y se ajusta a las normas internacionales de moderaci\u00f3n.<br \/>\nAdem\u00e1s, ha ido atrayendo a cada vez m\u00e1s usuarios debido a su postura sobre la libertad de expresi\u00f3n y los servicios de mensajer\u00eda encriptados.<br \/>\nElon Musk, con su caracter\u00edstico humor mordaz, critic\u00f3 la detenci\u00f3n de Durov, compartiendo despu\u00e9s un fragmento de una entrevista de Tucker Carlson a Durov en abril de 2024.<br \/>\nEn la entrevista, Durov revel\u00f3 que las agencias de inteligencia occidentales han estado intentando infiltrarse en Telegram o presionarle para que colabore.<br \/>\nRobert F. Kennedy Jr, ex candidato presidencial estadounidense, subray\u00f3 la urgencia de proteger la libertad de expresi\u00f3n tras la detenci\u00f3n de Durov.<br \/>\nDurov, que empez\u00f3 a experimentar la violaci\u00f3n de la libertad de expresi\u00f3n en Rusia, hab\u00eda elegido Dubai para establecer la sede de Telegram, creyendo que all\u00ed encontrar\u00eda m\u00e1s libertad que en Rusia.<br \/>\nEl Kremlin, a pesar de su tensa relaci\u00f3n inicial con Durov debido al uso de sus aplicaciones en las protestas del Maid\u00e1n ucraniano de 2014, le ha apoyado p\u00fablicamente tras su detenci\u00f3n, exigiendo que las autoridades francesas expliquen los motivos de la misma.<br \/>\nSe han organizado protestas ante la embajada francesa en Mosc\u00fa, exigiendo la liberaci\u00f3n de Durov.<\/p>\n","protected":false},"excerpt":{"rendered":"<p>Las autoridades judiciales francesas han prorrogado recientemente la detenci\u00f3n de Pavel Durov, el multimillonario fundador de la aplicaci\u00f3n de mensajer\u00eda Telegram, tras su arresto el s\u00e1bado por la noche al aterrizar en Par\u00eds.<\/p>\n","protected":false},"author":593,"featured_media":248796,"comment_status":"open","ping_status":"open","sticky":false,"template":"","format":"standard","meta":{"give_campaign_id":0,"om_disable_all_campaigns":false,"_monsterinsights_skip_tracking":false,"_monsterinsights_sitenote_active":false,"_monsterinsights_sitenote_note":"","_monsterinsights_sitenote_category":0,"mc4wp_mailchimp_campaign":[],"jnews-multi-image_gallery":[],"jnews_single_post":{"subtitle":"","format":"standard","video":"","gallery":"","source_name":"","source_url":"","via_name":"","via_url":"","override_template":"0","override":[{"template":"2","single_blog_custom":"","parallax":"1","fullscreen":"1","layout":"right-sidebar-narrow","sidebar":"default-sidebar","second_sidebar":"default-sidebar","sticky_sidebar":"1","share_position":"float","share_float_style":"share-normal","show_share_counter":"1","show_view_counter":"1","show_featured":"1","show_post_meta":"1","show_post_author":"1","show_post_author_image":"1","show_post_date":"1","post_date_format":"default","post_date_format_custom":"Y\/m\/d","show_post_category":"1","show_post_reading_time":"1","post_reading_time_wpm":"300","show_zoom_button":"0","zoom_button_out_step":"2","zoom_button_in_step":"3","show_post_tag":"1","show_prev_next_post":"0","show_popup_post":"0","number_popup_post":"1","show_author_box":"1","show_post_related":"0","show_inline_post_related":"0"}],"override_image_size":"0","image_override":[{"single_post_thumbnail_size":"crop-715","single_post_gallery_size":"crop-715"}],"trending_post":"0","trending_post_position":"meta","trending_post_label":"Trending","sponsored_post":"0","sponsored_post_label":"Sponsored by","sponsored_post_name":"","sponsored_post_url":"","sponsored_post_logo_enable":"0","sponsored_post_logo":"","sponsored_post_desc":"","disable_ad":"0"},"jnews_primary_category":{"id":"773","hide":""},"jnews_social_meta":[],"jnews_override_counter":[],"footnotes":""},"categories":[810,773,815],"tags":[27579,27277],"class_list":["post-248803","post","type-post","status-publish","format-standard","has-post-thumbnail","hentry","category-foreground-es","category-politica","category-breaking-news-es","tag-libertad-de-expresion-es-3","tag-redes-sociales-es"],"yoast_head":"<!-- This site is optimized with the Yoast SEO Premium plugin v25.9 (Yoast SEO v27.3) - https:\/\/yoast.com\/product\/yoast-seo-premium-wordpress\/ -->\n<title>La detenci\u00f3n del fundador de Telegram, Pavel Durov, desata la indignaci\u00f3n y el apoyo a la libertad de expresi\u00f3n - IFN<\/title>\n<meta name=\"description\" content=\"Las autoridades judiciales francesas han prorrogado recientemente la detenci\u00f3n de Pavel Durov, el multimillonario fundador de la aplicaci\u00f3n de mensajer\u00eda Telegram, tras su arresto el s\u00e1bado por la noche al aterrizar en Par\u00eds.\" \/>\n<meta name=\"robots\" content=\"index, follow, max-snippet:-1, max-image-preview:large, max-video-preview:-1\" \/>\n<link rel=\"canonical\" href=\"https:\/\/ifamnews.com\/es\/la-detenci-n-del-fundador-de-telegram-pavel-durov-desata-la-indignaci-n-y-el-apoyo-a-la-libertad-de-expresi-n\" \/>\n<meta property=\"og:locale\" content=\"es_ES\" \/>\n<meta property=\"og:type\" content=\"article\" \/>\n<meta property=\"og:title\" content=\"La detenci\u00f3n del fundador de Telegram, Pavel Durov, desata la indignaci\u00f3n y el apoyo a la libertad de expresi\u00f3n\" \/>\n<meta property=\"og:description\" content=\"Las autoridades judiciales francesas han prorrogado recientemente la detenci\u00f3n de Pavel Durov, el multimillonario fundador de la aplicaci\u00f3n de mensajer\u00eda Telegram, tras su arresto el s\u00e1bado por la noche al aterrizar en Par\u00eds.\" \/>\n<meta property=\"og:url\" content=\"https:\/\/ifamnews.com\/es\/la-detenci-n-del-fundador-de-telegram-pavel-durov-desata-la-indignaci-n-y-el-apoyo-a-la-libertad-de-expresi-n\" \/>\n<meta property=\"og:site_name\" content=\"IFN\" \/>\n<meta property=\"article:publisher\" content=\"https:\/\/www.facebook.com\/iFamNews\" \/>\n<meta property=\"article:author\" content=\"https:\/\/www.facebook.com\/iFamNews\/\" \/>\n<meta property=\"article:published_time\" content=\"2024-08-26T14:45:50+00:00\" \/>\n<meta property=\"article:modified_time\" content=\"2024-08-26T14:45:54+00:00\" \/>\n<meta property=\"og:image\" content=\"https:\/\/ifamnews.com\/wp-content\/uploads\/2024\/08\/Untitled-design-2024-08-26T102216.086.png\" \/>\n\t<meta property=\"og:image:width\" content=\"1200\" \/>\n\t<meta property=\"og:image:height\" content=\"675\" \/>\n\t<meta property=\"og:image:type\" content=\"image\/png\" \/>\n<meta name=\"author\" content=\"IFN English\" \/>\n<meta name=\"twitter:card\" content=\"summary_large_image\" \/>\n<meta name=\"twitter:creator\" content=\"@https:\/\/twitter.com\/iFamNewsEN\" \/>\n<meta name=\"twitter:site\" content=\"@iFamNewsEN\" \/>\n<meta name=\"twitter:label1\" content=\"Escrito por\" \/>\n\t<meta name=\"twitter:data1\" content=\"iFamNews\" \/>\n\t<meta name=\"twitter:label2\" content=\"Tiempo de lectura\" \/>\n\t<meta name=\"twitter:data2\" content=\"2 minutos\" \/>\n<!-- \/ Yoast SEO Premium plugin. -->","yoast_head_json":{"title":"La detenci\u00f3n del fundador de Telegram, Pavel Durov, desata la indignaci\u00f3n y el apoyo a la libertad de expresi\u00f3n - IFN","description":"Las autoridades judiciales francesas han prorrogado recientemente la detenci\u00f3n de Pavel Durov, el multimillonario fundador de la aplicaci\u00f3n de mensajer\u00eda Telegram, tras su arresto el s\u00e1bado por la noche al aterrizar en Par\u00eds.","robots":{"index":"index","follow":"follow","max-snippet":"max-snippet:-1","max-image-preview":"max-image-preview:large","max-video-preview":"max-video-preview:-1"},"canonical":"https:\/\/ifamnews.com\/es\/la-detenci-n-del-fundador-de-telegram-pavel-durov-desata-la-indignaci-n-y-el-apoyo-a-la-libertad-de-expresi-n","og_locale":"es_ES","og_type":"article","og_title":"La detenci\u00f3n del fundador de Telegram, Pavel Durov, desata la indignaci\u00f3n y el apoyo a la libertad de expresi\u00f3n","og_description":"Las autoridades judiciales francesas han prorrogado recientemente la detenci\u00f3n de Pavel Durov, el multimillonario fundador de la aplicaci\u00f3n de mensajer\u00eda Telegram, tras su arresto el s\u00e1bado por la noche al aterrizar en Par\u00eds.","og_url":"https:\/\/ifamnews.com\/es\/la-detenci-n-del-fundador-de-telegram-pavel-durov-desata-la-indignaci-n-y-el-apoyo-a-la-libertad-de-expresi-n","og_site_name":"IFN","article_publisher":"https:\/\/www.facebook.com\/iFamNews","article_author":"https:\/\/www.facebook.com\/iFamNews\/","article_published_time":"2024-08-26T14:45:50+00:00","article_modified_time":"2024-08-26T14:45:54+00:00","og_image":[{"width":1200,"height":675,"url":"https:\/\/ifamnews.com\/wp-content\/uploads\/2024\/08\/Untitled-design-2024-08-26T102216.086.png","type":"image\/png"}],"author":"IFN English","twitter_card":"summary_large_image","twitter_creator":"@https:\/\/twitter.com\/iFamNewsEN","twitter_site":"@iFamNewsEN","twitter_misc":{"Escrito por":"iFamNews","Tiempo de lectura":"2 minutos"},"schema":{"@context":"https:\/\/schema.org","@graph":[{"@type":"NewsArticle","@id":"https:\/\/ifamnews.com\/es\/la-detenci-n-del-fundador-de-telegram-pavel-durov-desata-la-indignaci-n-y-el-apoyo-a-la-libertad-de-expresi-n#article","isPartOf":{"@id":"https:\/\/ifamnews.com\/es\/la-detenci-n-del-fundador-de-telegram-pavel-durov-desata-la-indignaci-n-y-el-apoyo-a-la-libertad-de-expresi-n"},"author":{"name":"IFN English","@id":"https:\/\/ifamnews.com\/en\/#\/schema\/person\/633bdb7ac2496c9b9304ce62d071cdfa"},"headline":"La detenci\u00f3n del fundador de Telegram, Pavel Durov, desata la indignaci\u00f3n y el apoyo a la libertad de expresi\u00f3n","datePublished":"2024-08-26T14:45:50+00:00","dateModified":"2024-08-26T14:45:54+00:00","mainEntityOfPage":{"@id":"https:\/\/ifamnews.com\/es\/la-detenci-n-del-fundador-de-telegram-pavel-durov-desata-la-indignaci-n-y-el-apoyo-a-la-libertad-de-expresi-n"},"wordCount":414,"commentCount":0,"publisher":{"@id":"https:\/\/ifamnews.com\/en\/#organization"},"image":{"@id":"https:\/\/ifamnews.com\/es\/la-detenci-n-del-fundador-de-telegram-pavel-durov-desata-la-indignaci-n-y-el-apoyo-a-la-libertad-de-expresi-n#primaryimage"},"thumbnailUrl":"https:\/\/ifamnews.com\/wp-content\/uploads\/2024\/08\/Untitled-design-2024-08-26T102216.086.png","keywords":["libertad de expresi\u00f3n","redes sociales"],"articleSection":["Foreground","Pol\u00edtica","\u00daLTIMAS NOTICIAS"],"inLanguage":"es","potentialAction":[{"@type":"CommentAction","name":"Comment","target":["https:\/\/ifamnews.com\/es\/la-detenci-n-del-fundador-de-telegram-pavel-durov-desata-la-indignaci-n-y-el-apoyo-a-la-libertad-de-expresi-n#respond"]}]},{"@type":"WebPage","@id":"https:\/\/ifamnews.com\/es\/la-detenci-n-del-fundador-de-telegram-pavel-durov-desata-la-indignaci-n-y-el-apoyo-a-la-libertad-de-expresi-n","url":"https:\/\/ifamnews.com\/es\/la-detenci-n-del-fundador-de-telegram-pavel-durov-desata-la-indignaci-n-y-el-apoyo-a-la-libertad-de-expresi-n","name":"La detenci\u00f3n del fundador de Telegram, Pavel Durov, desata la indignaci\u00f3n y el apoyo a la libertad de expresi\u00f3n - IFN","isPartOf":{"@id":"https:\/\/ifamnews.com\/en\/#website"},"primaryImageOfPage":{"@id":"https:\/\/ifamnews.com\/es\/la-detenci-n-del-fundador-de-telegram-pavel-durov-desata-la-indignaci-n-y-el-apoyo-a-la-libertad-de-expresi-n#primaryimage"},"image":{"@id":"https:\/\/ifamnews.com\/es\/la-detenci-n-del-fundador-de-telegram-pavel-durov-desata-la-indignaci-n-y-el-apoyo-a-la-libertad-de-expresi-n#primaryimage"},"thumbnailUrl":"https:\/\/ifamnews.com\/wp-content\/uploads\/2024\/08\/Untitled-design-2024-08-26T102216.086.png","datePublished":"2024-08-26T14:45:50+00:00","dateModified":"2024-08-26T14:45:54+00:00","description":"Las autoridades judiciales francesas han prorrogado recientemente la detenci\u00f3n de Pavel Durov, el multimillonario fundador de la aplicaci\u00f3n de mensajer\u00eda Telegram, tras su arresto el s\u00e1bado por la noche al aterrizar en Par\u00eds.","breadcrumb":{"@id":"https:\/\/ifamnews.com\/es\/la-detenci-n-del-fundador-de-telegram-pavel-durov-desata-la-indignaci-n-y-el-apoyo-a-la-libertad-de-expresi-n#breadcrumb"},"inLanguage":"es","potentialAction":[{"@type":"ReadAction","target":["https:\/\/ifamnews.com\/es\/la-detenci-n-del-fundador-de-telegram-pavel-durov-desata-la-indignaci-n-y-el-apoyo-a-la-libertad-de-expresi-n"]}]},{"@type":"ImageObject","inLanguage":"es","@id":"https:\/\/ifamnews.com\/es\/la-detenci-n-del-fundador-de-telegram-pavel-durov-desata-la-indignaci-n-y-el-apoyo-a-la-libertad-de-expresi-n#primaryimage","url":"https:\/\/ifamnews.com\/wp-content\/uploads\/2024\/08\/Untitled-design-2024-08-26T102216.086.png","contentUrl":"https:\/\/ifamnews.com\/wp-content\/uploads\/2024\/08\/Untitled-design-2024-08-26T102216.086.png","width":1200,"height":675,"caption":"Creator: Steve Jennings | Credit: Getty Images for TechCrunch Copyright: 2015 Getty Images"},{"@type":"BreadcrumbList","@id":"https:\/\/ifamnews.com\/es\/la-detenci-n-del-fundador-de-telegram-pavel-durov-desata-la-indignaci-n-y-el-apoyo-a-la-libertad-de-expresi-n#breadcrumb","itemListElement":[{"@type":"ListItem","position":1,"name":"Home","item":"https:\/\/ifamnews.com\/de"},{"@type":"ListItem","position":2,"name":"Politics","item":"https:\/\/ifamnews.com\/en\/category\/politics"},{"@type":"ListItem","position":3,"name":"La detenci\u00f3n del fundador de Telegram, Pavel Durov, desata la indignaci\u00f3n y el apoyo a la libertad de expresi\u00f3n"}]},{"@type":"WebSite","@id":"https:\/\/ifamnews.com\/en\/#website","url":"https:\/\/ifamnews.com\/en\/","name":"IFN","description":"International Family News Network","publisher":{"@id":"https:\/\/ifamnews.com\/en\/#organization"},"potentialAction":[{"@type":"SearchAction","target":{"@type":"EntryPoint","urlTemplate":"https:\/\/ifamnews.com\/en\/?s={search_term_string}"},"query-input":{"@type":"PropertyValueSpecification","valueRequired":true,"valueName":"search_term_string"}}],"inLanguage":"es"},{"@type":"Organization","@id":"https:\/\/ifamnews.com\/en\/#organization","name":"iFamNews","url":"https:\/\/ifamnews.com\/en\/","logo":{"@type":"ImageObject","inLanguage":"es","@id":"https:\/\/ifamnews.com\/en\/#\/schema\/logo\/image\/","url":"https:\/\/ifamnews.com\/wp-content\/uploads\/2020\/01\/Share-logo.png","contentUrl":"https:\/\/ifamnews.com\/wp-content\/uploads\/2020\/01\/Share-logo.png","width":200,"height":200,"caption":"iFamNews"},"image":{"@id":"https:\/\/ifamnews.com\/en\/#\/schema\/logo\/image\/"},"sameAs":["https:\/\/www.facebook.com\/iFamNews","https:\/\/x.com\/iFamNewsEN"]},{"@type":"Person","@id":"https:\/\/ifamnews.com\/en\/#\/schema\/person\/633bdb7ac2496c9b9304ce62d071cdfa","name":"IFN English","image":{"@type":"ImageObject","inLanguage":"es","@id":"https:\/\/secure.gravatar.com\/avatar\/6f16ce95b558ae6f6eb9ae2f68122482a2c61696af2a8fc343c2e10f981a959d?s=96&d=mm&r=g","url":"https:\/\/secure.gravatar.com\/avatar\/6f16ce95b558ae6f6eb9ae2f68122482a2c61696af2a8fc343c2e10f981a959d?s=96&d=mm&r=g","contentUrl":"https:\/\/secure.gravatar.com\/avatar\/6f16ce95b558ae6f6eb9ae2f68122482a2c61696af2a8fc343c2e10f981a959d?s=96&d=mm&r=g","caption":"IFN English"},"description":"Articles published by the English iFamNews editorial team.","sameAs":["https:\/\/ifamnews.com\/en","https:\/\/www.facebook.com\/iFamNews\/","https:\/\/x.com\/https:\/\/twitter.com\/iFamNewsEN","https:\/\/www.youtube.com\/channel\/UCMVyIt4z9BANW3d09kwfUpw"],"url":"https:\/\/ifamnews.com\/es\/author\/ifamnews-staff"}]}},"amp_enabled":true,"_links":{"self":[{"href":"https:\/\/ifamnews.com\/es\/wp-json\/wp\/v2\/posts\/248803","targetHints":{"allow":["GET"]}}],"collection":[{"href":"https:\/\/ifamnews.com\/es\/wp-json\/wp\/v2\/posts"}],"about":[{"href":"https:\/\/ifamnews.com\/es\/wp-json\/wp\/v2\/types\/post"}],"author":[{"embeddable":true,"href":"https:\/\/ifamnews.com\/es\/wp-json\/wp\/v2\/users\/593"}],"replies":[{"embeddable":true,"href":"https:\/\/ifamnews.com\/es\/wp-json\/wp\/v2\/comments?post=248803"}],"version-history":[{"count":1,"href":"https:\/\/ifamnews.com\/es\/wp-json\/wp\/v2\/posts\/248803\/revisions"}],"predecessor-version":[{"id":248807,"href":"https:\/\/ifamnews.com\/es\/wp-json\/wp\/v2\/posts\/248803\/revisions\/248807"}],"wp:featuredmedia":[{"embeddable":true,"href":"https:\/\/ifamnews.com\/es\/wp-json\/wp\/v2\/media\/248796"}],"wp:attachment":[{"href":"https:\/\/ifamnews.com\/es\/wp-json\/wp\/v2\/media?parent=248803"}],"wp:term":[{"taxonomy":"category","embeddable":true,"href":"https:\/\/ifamnews.com\/es\/wp-json\/wp\/v2\/categories?post=248803"},{"taxonomy":"post_tag","embeddable":true,"href":"https:\/\/ifamnews.com\/es\/wp-json\/wp\/v2\/tags?post=248803"}],"curies":[{"name":"wp","href":"https:\/\/api.w.org\/{rel}","templated":true}]}}