{"id":242847,"date":"2024-07-19T01:00:00","date_gmt":"2024-07-19T05:00:00","guid":{"rendered":"https:\/\/ifamnews.com\/?p=242847"},"modified":"2024-07-08T12:39:53","modified_gmt":"2024-07-08T16:39:53","slug":"centrocampista-del-m-naco-suspendido-cuatro-partidos-por-negarse-a-apoyar-una-campa-a-lgtb-en-un-partido-de-la-ligue-1","status":"publish","type":"post","link":"https:\/\/ifamnews.com\/es\/centrocampista-del-m-naco-suspendido-cuatro-partidos-por-negarse-a-apoyar-una-campa-a-lgtb-en-un-partido-de-la-ligue-1","title":{"rendered":"Centrocampista del M\u00f3naco, suspendido cuatro partidos por negarse a apoyar una campa\u00f1a LGTB en un partido de la Ligue 1"},"content":{"rendered":"<p>El centrocampista del M\u00f3naco Mohamed <strong>Camara<\/strong> ha sido sancionado con cuatro partidos de suspensi\u00f3n por la Liga de F\u00fatbol Profesional (LFP) por cubrir un parche LGBT en su uniforme durante un partido.<\/p>\n<p>Adem\u00e1s de <strong>tapar con cinta adhesiva<\/strong> el distintivo de \u00ab<strong>homofobia<\/strong>\u00bb de su camiseta, Camara habr\u00eda optado por no participar en una foto de grupo previa al partido en la que hab\u00eda una pancarta con un mensaje similar contra la \u00abhomofobia\u00bb.<\/p>\n<p>El incidente dio lugar a un llamamiento de la ministra francesa de Deportes, <strong>Am\u00e9lie Oud\u00e9a-Cast\u00e9ra<\/strong>, para que la liga tomara medidas r\u00e1pidas, haciendo hincapi\u00e9 en la<strong> necesidad de sancionar al jugador.<\/strong><\/p>\n<p>Por el contrario, la Federaci\u00f3n Maliense de F\u00fatbol apoy\u00f3 a Camara, subrayando la necesidad de <strong>proteger los derechos fundamentales<\/strong> de los jugadores.<\/p>\n<p>Aunque el entrenador del M\u00f3naco, Adi Hutter, confirm\u00f3 el apoyo del club a la iniciativa de la liga contra la \u00abhomofobia\u00bb, se refiri\u00f3 a la acci\u00f3n de Camara como una iniciativa personal.<\/p>\n<p>Los detalles sobre las acciones del jugador no se dieron a conocer, y Hutter prometi\u00f3 una discusi\u00f3n interna sobre el incidente.<\/p>\n","protected":false},"excerpt":{"rendered":"<p>El centrocampista del M\u00f3naco Mohamed Camara ha sido sancionado con cuatro partidos de suspensi\u00f3n por la Liga de F\u00fatbol Profesional (LFP) por cubrir un parche LGBT en su uniforme durante un partido <\/p>\n","protected":false},"author":593,"featured_media":242822,"comment_status":"open","ping_status":"open","sticky":false,"template":"","format":"standard","meta":{"give_campaign_id":0,"om_disable_all_campaigns":false,"_monsterinsights_skip_tracking":false,"_monsterinsights_sitenote_active":false,"_monsterinsights_sitenote_note":"","_monsterinsights_sitenote_category":0,"mc4wp_mailchimp_campaign":[],"jnews-multi-image_gallery":[],"jnews_single_post":{"subtitle":"Adem\u00e1s de tapar con cinta adhesiva el distintivo de \"homofobia\" de su camiseta, Camara habr\u00eda optado por no participar en una foto de grupo previa al partido en la que hab\u00eda una pancarta con un mensaje similar contra la \"homofobia\"","format":"standard","video":"","gallery":"","source_name":"","source_url":"","via_name":"","via_url":"","override_template":"0","override":[{"template":"2","single_blog_custom":"","parallax":"1","fullscreen":"1","layout":"right-sidebar-narrow","sidebar":"default-sidebar","second_sidebar":"default-sidebar","sticky_sidebar":"1","share_position":"float","share_float_style":"share-normal","show_share_counter":"1","show_view_counter":"1","show_featured":"1","show_post_meta":"1","show_post_author":"1","show_post_author_image":"1","show_post_date":"1","post_date_format":"default","post_date_format_custom":"Y\/m\/d","show_post_category":"1","show_post_reading_time":"1","post_reading_time_wpm":"300","show_zoom_button":"0","zoom_button_out_step":"2","zoom_button_in_step":"3","show_post_tag":"1","show_prev_next_post":"0","show_popup_post":"0","number_popup_post":"1","show_author_box":"1","show_post_related":"0","show_inline_post_related":"0"}],"override_image_size":"0","image_override":[{"single_post_thumbnail_size":"crop-715","single_post_gallery_size":"crop-715"}],"trending_post":"0","trending_post_position":"meta","trending_post_label":"Trending","sponsored_post":"0","sponsored_post_label":"Sponsored by","sponsored_post_name":"","sponsored_post_url":"","sponsored_post_logo_enable":"0","sponsored_post_logo":"","sponsored_post_desc":"","disable_ad":"0"},"jnews_primary_category":{"id":"","hide":""},"jnews_social_meta":[],"jnews_override_counter":[],"footnotes":""},"categories":[776,810,815],"tags":[1816,11066,30052,30051],"class_list":["post-242847","post","type-post","status-publish","format-standard","has-post-thumbnail","hentry","category-entretenimiento","category-foreground-es","category-breaking-news-es","tag-homofobia","tag-ideologia-lgbt","tag-liga-de-futbol","tag-mohamed-camara"],"yoast_head":"<!-- This site is optimized with the Yoast SEO Premium plugin v25.9 (Yoast SEO v27.3) - https:\/\/yoast.com\/product\/yoast-seo-premium-wordpress\/ -->\n<title>Centrocampista del M\u00f3naco, suspendido cuatro partidos por negarse a apoyar una campa\u00f1a LGTB en un partido de la Ligue 1 - IFN<\/title>\n<meta name=\"description\" content=\"El centrocampista del M\u00f3naco ha sido sancionado con cuatro partidos de suspensi\u00f3n por cubrir un parche LGBT en su uniforme\" \/>\n<meta name=\"robots\" content=\"index, follow, max-snippet:-1, max-image-preview:large, max-video-preview:-1\" \/>\n<link rel=\"canonical\" href=\"https:\/\/ifamnews.com\/en\/monaco-midfielder-mohamed-camara-suspended-for-four-games-for-refusing-to-support-lgbt-campaign-in-ligue-1-match\" \/>\n<meta property=\"og:locale\" content=\"es_ES\" \/>\n<meta property=\"og:type\" content=\"article\" \/>\n<meta property=\"og:title\" content=\"Centrocampista del M\u00f3naco, suspendido cuatro partidos por negarse a apoyar una campa\u00f1a LGTB en un partido de la Ligue 1\" \/>\n<meta property=\"og:description\" content=\"El centrocampista del M\u00f3naco ha sido sancionado con cuatro partidos de suspensi\u00f3n por cubrir un parche LGBT en su uniforme\" \/>\n<meta property=\"og:url\" content=\"https:\/\/ifamnews.com\/en\/monaco-midfielder-mohamed-camara-suspended-for-four-games-for-refusing-to-support-lgbt-campaign-in-ligue-1-match\" \/>\n<meta property=\"og:site_name\" content=\"IFN\" \/>\n<meta property=\"article:publisher\" content=\"https:\/\/www.facebook.com\/iFamNews\" \/>\n<meta property=\"article:author\" content=\"https:\/\/www.facebook.com\/iFamNews\/\" \/>\n<meta property=\"article:published_time\" content=\"2024-07-19T05:00:00+00:00\" \/>\n<meta property=\"og:image\" content=\"https:\/\/ifamnews.com\/wp-content\/uploads\/2024\/05\/Untitled-design-2024-05-31T125505.299.png\" \/>\n\t<meta property=\"og:image:width\" content=\"1200\" \/>\n\t<meta property=\"og:image:height\" content=\"675\" \/>\n\t<meta property=\"og:image:type\" content=\"image\/png\" \/>\n<meta name=\"author\" content=\"IFN English\" \/>\n<meta name=\"twitter:card\" content=\"summary_large_image\" \/>\n<meta name=\"twitter:creator\" content=\"@https:\/\/twitter.com\/iFamNewsEN\" \/>\n<meta name=\"twitter:site\" content=\"@iFamNewsEN\" \/>\n<meta name=\"twitter:label1\" content=\"Escrito por\" \/>\n\t<meta name=\"twitter:data1\" content=\"iFamNews\" \/>\n\t<meta name=\"twitter:label2\" content=\"Tiempo de lectura\" \/>\n\t<meta name=\"twitter:data2\" content=\"1 minuto\" \/>\n<!-- \/ Yoast SEO Premium plugin. -->","yoast_head_json":{"title":"Centrocampista del M\u00f3naco, suspendido cuatro partidos por negarse a apoyar una campa\u00f1a LGTB en un partido de la Ligue 1 - IFN","description":"El centrocampista del M\u00f3naco ha sido sancionado con cuatro partidos de suspensi\u00f3n por cubrir un parche LGBT en su uniforme","robots":{"index":"index","follow":"follow","max-snippet":"max-snippet:-1","max-image-preview":"max-image-preview:large","max-video-preview":"max-video-preview:-1"},"canonical":"https:\/\/ifamnews.com\/en\/monaco-midfielder-mohamed-camara-suspended-for-four-games-for-refusing-to-support-lgbt-campaign-in-ligue-1-match","og_locale":"es_ES","og_type":"article","og_title":"Centrocampista del M\u00f3naco, suspendido cuatro partidos por negarse a apoyar una campa\u00f1a LGTB en un partido de la Ligue 1","og_description":"El centrocampista del M\u00f3naco ha sido sancionado con cuatro partidos de suspensi\u00f3n por cubrir un parche LGBT en su uniforme","og_url":"https:\/\/ifamnews.com\/en\/monaco-midfielder-mohamed-camara-suspended-for-four-games-for-refusing-to-support-lgbt-campaign-in-ligue-1-match","og_site_name":"IFN","article_publisher":"https:\/\/www.facebook.com\/iFamNews","article_author":"https:\/\/www.facebook.com\/iFamNews\/","article_published_time":"2024-07-19T05:00:00+00:00","og_image":[{"width":1200,"height":675,"url":"https:\/\/ifamnews.com\/wp-content\/uploads\/2024\/05\/Untitled-design-2024-05-31T125505.299.png","type":"image\/png"}],"author":"IFN English","twitter_card":"summary_large_image","twitter_creator":"@https:\/\/twitter.com\/iFamNewsEN","twitter_site":"@iFamNewsEN","twitter_misc":{"Escrito por":"iFamNews","Tiempo de lectura":"1 minuto"},"schema":{"@context":"https:\/\/schema.org","@graph":[{"@type":"NewsArticle","@id":"https:\/\/ifamnews.com\/en\/monaco-midfielder-mohamed-camara-suspended-for-four-games-for-refusing-to-support-lgbt-campaign-in-ligue-1-match#article","isPartOf":{"@id":"https:\/\/ifamnews.com\/en\/monaco-midfielder-mohamed-camara-suspended-for-four-games-for-refusing-to-support-lgbt-campaign-in-ligue-1-match"},"author":{"name":"IFN English","@id":"https:\/\/ifamnews.com\/en\/#\/schema\/person\/633bdb7ac2496c9b9304ce62d071cdfa"},"headline":"Centrocampista del M\u00f3naco, suspendido cuatro partidos por negarse a apoyar una campa\u00f1a LGTB en un partido de la Ligue 1","datePublished":"2024-07-19T05:00:00+00:00","mainEntityOfPage":{"@id":"https:\/\/ifamnews.com\/en\/monaco-midfielder-mohamed-camara-suspended-for-four-games-for-refusing-to-support-lgbt-campaign-in-ligue-1-match"},"wordCount":214,"commentCount":0,"publisher":{"@id":"https:\/\/ifamnews.com\/en\/#organization"},"image":{"@id":"https:\/\/ifamnews.com\/en\/monaco-midfielder-mohamed-camara-suspended-for-four-games-for-refusing-to-support-lgbt-campaign-in-ligue-1-match#primaryimage"},"thumbnailUrl":"https:\/\/ifamnews.com\/wp-content\/uploads\/2024\/05\/Untitled-design-2024-05-31T125505.299.png","keywords":["Homofobia","Ideolog\u00eda LGBT","Liga de f\u00fatbol","Mohamed Camara"],"articleSection":["Entretenimiento","Foreground","\u00daLTIMAS NOTICIAS"],"inLanguage":"es","potentialAction":[{"@type":"CommentAction","name":"Comment","target":["https:\/\/ifamnews.com\/en\/monaco-midfielder-mohamed-camara-suspended-for-four-games-for-refusing-to-support-lgbt-campaign-in-ligue-1-match#respond"]}]},{"@type":"WebPage","@id":"https:\/\/ifamnews.com\/en\/monaco-midfielder-mohamed-camara-suspended-for-four-games-for-refusing-to-support-lgbt-campaign-in-ligue-1-match","url":"https:\/\/ifamnews.com\/en\/monaco-midfielder-mohamed-camara-suspended-for-four-games-for-refusing-to-support-lgbt-campaign-in-ligue-1-match","name":"Centrocampista del M\u00f3naco, suspendido cuatro partidos por negarse a apoyar una campa\u00f1a LGTB en un partido de la Ligue 1 - IFN","isPartOf":{"@id":"https:\/\/ifamnews.com\/en\/#website"},"primaryImageOfPage":{"@id":"https:\/\/ifamnews.com\/en\/monaco-midfielder-mohamed-camara-suspended-for-four-games-for-refusing-to-support-lgbt-campaign-in-ligue-1-match#primaryimage"},"image":{"@id":"https:\/\/ifamnews.com\/en\/monaco-midfielder-mohamed-camara-suspended-for-four-games-for-refusing-to-support-lgbt-campaign-in-ligue-1-match#primaryimage"},"thumbnailUrl":"https:\/\/ifamnews.com\/wp-content\/uploads\/2024\/05\/Untitled-design-2024-05-31T125505.299.png","datePublished":"2024-07-19T05:00:00+00:00","description":"El centrocampista del M\u00f3naco ha sido sancionado con cuatro partidos de suspensi\u00f3n por cubrir un parche LGBT en su uniforme","breadcrumb":{"@id":"https:\/\/ifamnews.com\/en\/monaco-midfielder-mohamed-camara-suspended-for-four-games-for-refusing-to-support-lgbt-campaign-in-ligue-1-match#breadcrumb"},"inLanguage":"es","potentialAction":[{"@type":"ReadAction","target":["https:\/\/ifamnews.com\/en\/monaco-midfielder-mohamed-camara-suspended-for-four-games-for-refusing-to-support-lgbt-campaign-in-ligue-1-match"]}]},{"@type":"ImageObject","inLanguage":"es","@id":"https:\/\/ifamnews.com\/en\/monaco-midfielder-mohamed-camara-suspended-for-four-games-for-refusing-to-support-lgbt-campaign-in-ligue-1-match#primaryimage","url":"https:\/\/ifamnews.com\/wp-content\/uploads\/2024\/05\/Untitled-design-2024-05-31T125505.299.png","contentUrl":"https:\/\/ifamnews.com\/wp-content\/uploads\/2024\/05\/Untitled-design-2024-05-31T125505.299.png","width":1200,"height":675,"caption":"This file is licensed under the Creative Commons Attribution-Share Alike 4.0 International license."},{"@type":"BreadcrumbList","@id":"https:\/\/ifamnews.com\/en\/monaco-midfielder-mohamed-camara-suspended-for-four-games-for-refusing-to-support-lgbt-campaign-in-ligue-1-match#breadcrumb","itemListElement":[{"@type":"ListItem","position":1,"name":"Home","item":"https:\/\/ifamnews.com\/de"},{"@type":"ListItem","position":2,"name":"Entertainment","item":"https:\/\/ifamnews.com\/en\/category\/entertainment"},{"@type":"ListItem","position":3,"name":"Centrocampista del M\u00f3naco, suspendido cuatro partidos por negarse a apoyar una campa\u00f1a LGTB en un partido de la Ligue 1"}]},{"@type":"WebSite","@id":"https:\/\/ifamnews.com\/en\/#website","url":"https:\/\/ifamnews.com\/en\/","name":"IFN","description":"International Family News Network","publisher":{"@id":"https:\/\/ifamnews.com\/en\/#organization"},"potentialAction":[{"@type":"SearchAction","target":{"@type":"EntryPoint","urlTemplate":"https:\/\/ifamnews.com\/en\/?s={search_term_string}"},"query-input":{"@type":"PropertyValueSpecification","valueRequired":true,"valueName":"search_term_string"}}],"inLanguage":"es"},{"@type":"Organization","@id":"https:\/\/ifamnews.com\/en\/#organization","name":"iFamNews","url":"https:\/\/ifamnews.com\/en\/","logo":{"@type":"ImageObject","inLanguage":"es","@id":"https:\/\/ifamnews.com\/en\/#\/schema\/logo\/image\/","url":"https:\/\/ifamnews.com\/wp-content\/uploads\/2020\/01\/Share-logo.png","contentUrl":"https:\/\/ifamnews.com\/wp-content\/uploads\/2020\/01\/Share-logo.png","width":200,"height":200,"caption":"iFamNews"},"image":{"@id":"https:\/\/ifamnews.com\/en\/#\/schema\/logo\/image\/"},"sameAs":["https:\/\/www.facebook.com\/iFamNews","https:\/\/x.com\/iFamNewsEN"]},{"@type":"Person","@id":"https:\/\/ifamnews.com\/en\/#\/schema\/person\/633bdb7ac2496c9b9304ce62d071cdfa","name":"IFN English","image":{"@type":"ImageObject","inLanguage":"es","@id":"https:\/\/secure.gravatar.com\/avatar\/6f16ce95b558ae6f6eb9ae2f68122482a2c61696af2a8fc343c2e10f981a959d?s=96&d=mm&r=g","url":"https:\/\/secure.gravatar.com\/avatar\/6f16ce95b558ae6f6eb9ae2f68122482a2c61696af2a8fc343c2e10f981a959d?s=96&d=mm&r=g","contentUrl":"https:\/\/secure.gravatar.com\/avatar\/6f16ce95b558ae6f6eb9ae2f68122482a2c61696af2a8fc343c2e10f981a959d?s=96&d=mm&r=g","caption":"IFN English"},"description":"Articles published by the English iFamNews editorial team.","sameAs":["https:\/\/ifamnews.com\/en","https:\/\/www.facebook.com\/iFamNews\/","https:\/\/x.com\/https:\/\/twitter.com\/iFamNewsEN","https:\/\/www.youtube.com\/channel\/UCMVyIt4z9BANW3d09kwfUpw"],"url":"https:\/\/ifamnews.com\/es\/author\/ifamnews-staff"}]}},"amp_enabled":true,"_links":{"self":[{"href":"https:\/\/ifamnews.com\/es\/wp-json\/wp\/v2\/posts\/242847","targetHints":{"allow":["GET"]}}],"collection":[{"href":"https:\/\/ifamnews.com\/es\/wp-json\/wp\/v2\/posts"}],"about":[{"href":"https:\/\/ifamnews.com\/es\/wp-json\/wp\/v2\/types\/post"}],"author":[{"embeddable":true,"href":"https:\/\/ifamnews.com\/es\/wp-json\/wp\/v2\/users\/593"}],"replies":[{"embeddable":true,"href":"https:\/\/ifamnews.com\/es\/wp-json\/wp\/v2\/comments?post=242847"}],"version-history":[{"count":1,"href":"https:\/\/ifamnews.com\/es\/wp-json\/wp\/v2\/posts\/242847\/revisions"}],"predecessor-version":[{"id":245425,"href":"https:\/\/ifamnews.com\/es\/wp-json\/wp\/v2\/posts\/242847\/revisions\/245425"}],"wp:featuredmedia":[{"embeddable":true,"href":"https:\/\/ifamnews.com\/es\/wp-json\/wp\/v2\/media\/242822"}],"wp:attachment":[{"href":"https:\/\/ifamnews.com\/es\/wp-json\/wp\/v2\/media?parent=242847"}],"wp:term":[{"taxonomy":"category","embeddable":true,"href":"https:\/\/ifamnews.com\/es\/wp-json\/wp\/v2\/categories?post=242847"},{"taxonomy":"post_tag","embeddable":true,"href":"https:\/\/ifamnews.com\/es\/wp-json\/wp\/v2\/tags?post=242847"}],"curies":[{"name":"wp","href":"https:\/\/api.w.org\/{rel}","templated":true}]}}