{"id":242658,"date":"2024-05-29T10:00:23","date_gmt":"2024-05-29T14:00:23","guid":{"rendered":"https:\/\/ifamnews.com\/?p=242658"},"modified":"2024-05-29T10:00:30","modified_gmt":"2024-05-29T14:00:30","slug":"melinda-gates-donar-1-000-millones-de-d-lares-a-la-defensa-del-aborto-con-el-pretexto-de-promover-los-derechos-de-la-mujer","status":"publish","type":"post","link":"https:\/\/ifamnews.com\/es\/melinda-gates-donar-1-000-millones-de-d-lares-a-la-defensa-del-aborto-con-el-pretexto-de-promover-los-derechos-de-la-mujer","title":{"rendered":"Melinda Gates donar\u00e1 1.000 millones de d\u00f3lares a la defensa del aborto con el pretexto de promover los derechos de la mujer"},"content":{"rendered":"<p>Melinda French Gates ha anunciado su compromiso de donar 1.000 millones de d\u00f3lares en los pr\u00f3ximos dos a\u00f1os para promover lo que ella califica de \u00abderechos de la mujer\u00bb. Sin embargo, una parte importante de estos fondos se canalizar\u00e1 hacia la promoci\u00f3n del aborto. Esta medida llega despu\u00e9s de que Gates ya haya estado impulsando el aborto a escala mundial con sus anteriores iniciativas filantr\u00f3picas en la Fundaci\u00f3n Bill y Melinda Gates.<\/p>\n<p>Est\u00e1 previsto que los fondos se destinen a diversas organizaciones, como el Centro de Derechos Reproductivos y The 19th, entre otras. El Centro de Derechos Reproductivos es un destacado grupo proabortista conocido por sus luchas contra las leyes provida durante varias d\u00e9cadas.<\/p>\n<p>La \u00faltima donaci\u00f3n se produce tras la promesa de la Fundaci\u00f3n Bill y Melinda Gates de verter millones en campa\u00f1as radicales a favor del aborto. En 2024, el presupuesto aprobado de 8.600 millones de d\u00f3lares por la Fundaci\u00f3n Gates supondr\u00e1 un aumento respecto a los 8.300 millones de 2023 y los 7.000 millones de 2022.<\/p>\n<p>La Fundaci\u00f3n Gates tambi\u00e9n ha sido un donante constante de Planned Parenthood, aportando m\u00e1s de 94 millones de d\u00f3lares desde su creaci\u00f3n, incluidos 10,5 millones s\u00f3lo en 2022. La fundaci\u00f3n Gates tambi\u00e9n se ha comprometido a apoyar a otras organizaciones proabortistas, como el Foro Parlamentario Europeo por los Derechos Sexuales y Reproductivos y MSI Reproductive Choices, entre otras.<\/p>\n<p>Con su \u00faltimo anuncio de financiaci\u00f3n, Gates pretende impulsar su misi\u00f3n a favor del aborto, proyectando la iniciativa como una lucha por los derechos de la mujer. Su objetivo es situar la defensa del aborto en el primer plano de su labor filantr\u00f3pica.<\/p>\n","protected":false},"excerpt":{"rendered":"<p>Melinda French Gates ha anunciado su compromiso de donar 1.000 millones de d\u00f3lares en los pr\u00f3ximos dos a\u00f1os para promover lo que ella califica de \u00abderechos de la mujer\u00bb.<\/p>\n","protected":false},"author":593,"featured_media":242635,"comment_status":"open","ping_status":"open","sticky":false,"template":"","format":"standard","meta":{"give_campaign_id":0,"om_disable_all_campaigns":false,"_monsterinsights_skip_tracking":false,"_monsterinsights_sitenote_active":false,"_monsterinsights_sitenote_note":"","_monsterinsights_sitenote_category":0,"mc4wp_mailchimp_campaign":[],"jnews-multi-image_gallery":[],"jnews_single_post":{"subtitle":"","format":"standard","video":"","gallery":"","source_name":"","source_url":"","via_name":"","via_url":"","override_template":"0","override":[{"template":"2","single_blog_custom":"","parallax":"1","fullscreen":"1","layout":"right-sidebar-narrow","sidebar":"default-sidebar","second_sidebar":"default-sidebar","sticky_sidebar":"1","share_position":"float","share_float_style":"share-normal","show_share_counter":"1","show_view_counter":"1","show_featured":"1","show_post_meta":"1","show_post_author":"1","show_post_author_image":"1","show_post_date":"1","post_date_format":"default","post_date_format_custom":"Y\/m\/d","show_post_category":"1","show_post_reading_time":"1","post_reading_time_wpm":"300","show_zoom_button":"0","zoom_button_out_step":"2","zoom_button_in_step":"3","show_post_tag":"1","show_prev_next_post":"0","show_popup_post":"0","number_popup_post":"1","show_author_box":"1","show_post_related":"0","show_inline_post_related":"0"}],"override_image_size":"0","image_override":[{"single_post_thumbnail_size":"crop-715","single_post_gallery_size":"crop-715"}],"trending_post":"0","trending_post_position":"meta","trending_post_label":"Trending","sponsored_post":"0","sponsored_post_label":"Sponsored by","sponsored_post_name":"","sponsored_post_url":"","sponsored_post_logo_enable":"0","sponsored_post_logo":"","sponsored_post_desc":"","disable_ad":"0"},"jnews_primary_category":{"id":"818","hide":""},"jnews_social_meta":[],"jnews_override_counter":[],"footnotes":""},"categories":[810,815,818],"tags":[10519,13755,16506],"class_list":["post-242658","post","type-post","status-publish","format-standard","has-post-thumbnail","hentry","category-foreground-es","category-breaking-news-es","category-vida","tag-aborto-es-3","tag-derecho-a-la-vida","tag-pro-vida-es"],"yoast_head":"<!-- This site is optimized with the Yoast SEO Premium plugin v25.9 (Yoast SEO v27.3) - https:\/\/yoast.com\/product\/yoast-seo-premium-wordpress\/ -->\n<title>Melinda Gates donar\u00e1 1.000 millones de d\u00f3lares a la defensa del aborto con el pretexto de promover los derechos de la mujer - IFN<\/title>\n<meta name=\"description\" content=\"Melinda French Gates ha anunciado su compromiso de donar 1.000 millones de d\u00f3lares en los pr\u00f3ximos dos a\u00f1os para promover lo que ella califica de &quot;derechos de la mujer&quot;.\" \/>\n<meta name=\"robots\" content=\"index, follow, max-snippet:-1, max-image-preview:large, max-video-preview:-1\" \/>\n<link rel=\"canonical\" href=\"https:\/\/ifamnews.com\/es\/melinda-gates-donar-1-000-millones-de-d-lares-a-la-defensa-del-aborto-con-el-pretexto-de-promover-los-derechos-de-la-mujer\" \/>\n<meta property=\"og:locale\" content=\"es_ES\" \/>\n<meta property=\"og:type\" content=\"article\" \/>\n<meta property=\"og:title\" content=\"Melinda Gates donar\u00e1 1.000 millones de d\u00f3lares a la defensa del aborto con el pretexto de promover los derechos de la mujer\" \/>\n<meta property=\"og:description\" content=\"Melinda French Gates ha anunciado su compromiso de donar 1.000 millones de d\u00f3lares en los pr\u00f3ximos dos a\u00f1os para promover lo que ella califica de &quot;derechos de la mujer&quot;.\" \/>\n<meta property=\"og:url\" content=\"https:\/\/ifamnews.com\/es\/melinda-gates-donar-1-000-millones-de-d-lares-a-la-defensa-del-aborto-con-el-pretexto-de-promover-los-derechos-de-la-mujer\" \/>\n<meta property=\"og:site_name\" content=\"IFN\" \/>\n<meta property=\"article:publisher\" content=\"https:\/\/www.facebook.com\/iFamNews\" \/>\n<meta property=\"article:author\" content=\"https:\/\/www.facebook.com\/iFamNews\/\" \/>\n<meta property=\"article:published_time\" content=\"2024-05-29T14:00:23+00:00\" \/>\n<meta property=\"article:modified_time\" content=\"2024-05-29T14:00:30+00:00\" \/>\n<meta property=\"og:image\" content=\"https:\/\/ifamnews.com\/wp-content\/uploads\/2024\/05\/Untitled-design-2024-05-29T085353.916.png\" \/>\n\t<meta property=\"og:image:width\" content=\"1200\" \/>\n\t<meta property=\"og:image:height\" content=\"675\" \/>\n\t<meta property=\"og:image:type\" content=\"image\/png\" \/>\n<meta name=\"author\" content=\"IFN English\" \/>\n<meta name=\"twitter:card\" content=\"summary_large_image\" \/>\n<meta name=\"twitter:creator\" content=\"@https:\/\/twitter.com\/iFamNewsEN\" \/>\n<meta name=\"twitter:site\" content=\"@iFamNewsEN\" \/>\n<meta name=\"twitter:label1\" content=\"Escrito por\" \/>\n\t<meta name=\"twitter:data1\" content=\"iFamNews\" \/>\n\t<meta name=\"twitter:label2\" content=\"Tiempo de lectura\" \/>\n\t<meta name=\"twitter:data2\" content=\"2 minutos\" \/>\n<!-- \/ Yoast SEO Premium plugin. -->","yoast_head_json":{"title":"Melinda Gates donar\u00e1 1.000 millones de d\u00f3lares a la defensa del aborto con el pretexto de promover los derechos de la mujer - IFN","description":"Melinda French Gates ha anunciado su compromiso de donar 1.000 millones de d\u00f3lares en los pr\u00f3ximos dos a\u00f1os para promover lo que ella califica de \"derechos de la mujer\".","robots":{"index":"index","follow":"follow","max-snippet":"max-snippet:-1","max-image-preview":"max-image-preview:large","max-video-preview":"max-video-preview:-1"},"canonical":"https:\/\/ifamnews.com\/es\/melinda-gates-donar-1-000-millones-de-d-lares-a-la-defensa-del-aborto-con-el-pretexto-de-promover-los-derechos-de-la-mujer","og_locale":"es_ES","og_type":"article","og_title":"Melinda Gates donar\u00e1 1.000 millones de d\u00f3lares a la defensa del aborto con el pretexto de promover los derechos de la mujer","og_description":"Melinda French Gates ha anunciado su compromiso de donar 1.000 millones de d\u00f3lares en los pr\u00f3ximos dos a\u00f1os para promover lo que ella califica de \"derechos de la mujer\".","og_url":"https:\/\/ifamnews.com\/es\/melinda-gates-donar-1-000-millones-de-d-lares-a-la-defensa-del-aborto-con-el-pretexto-de-promover-los-derechos-de-la-mujer","og_site_name":"IFN","article_publisher":"https:\/\/www.facebook.com\/iFamNews","article_author":"https:\/\/www.facebook.com\/iFamNews\/","article_published_time":"2024-05-29T14:00:23+00:00","article_modified_time":"2024-05-29T14:00:30+00:00","og_image":[{"width":1200,"height":675,"url":"https:\/\/ifamnews.com\/wp-content\/uploads\/2024\/05\/Untitled-design-2024-05-29T085353.916.png","type":"image\/png"}],"author":"IFN English","twitter_card":"summary_large_image","twitter_creator":"@https:\/\/twitter.com\/iFamNewsEN","twitter_site":"@iFamNewsEN","twitter_misc":{"Escrito por":"iFamNews","Tiempo de lectura":"2 minutos"},"schema":{"@context":"https:\/\/schema.org","@graph":[{"@type":"NewsArticle","@id":"https:\/\/ifamnews.com\/es\/melinda-gates-donar-1-000-millones-de-d-lares-a-la-defensa-del-aborto-con-el-pretexto-de-promover-los-derechos-de-la-mujer#article","isPartOf":{"@id":"https:\/\/ifamnews.com\/es\/melinda-gates-donar-1-000-millones-de-d-lares-a-la-defensa-del-aborto-con-el-pretexto-de-promover-los-derechos-de-la-mujer"},"author":{"name":"IFN English","@id":"https:\/\/ifamnews.com\/en\/#\/schema\/person\/633bdb7ac2496c9b9304ce62d071cdfa"},"headline":"Melinda Gates donar\u00e1 1.000 millones de d\u00f3lares a la defensa del aborto con el pretexto de promover los derechos de la mujer","datePublished":"2024-05-29T14:00:23+00:00","dateModified":"2024-05-29T14:00:30+00:00","mainEntityOfPage":{"@id":"https:\/\/ifamnews.com\/es\/melinda-gates-donar-1-000-millones-de-d-lares-a-la-defensa-del-aborto-con-el-pretexto-de-promover-los-derechos-de-la-mujer"},"wordCount":306,"commentCount":0,"publisher":{"@id":"https:\/\/ifamnews.com\/en\/#organization"},"image":{"@id":"https:\/\/ifamnews.com\/es\/melinda-gates-donar-1-000-millones-de-d-lares-a-la-defensa-del-aborto-con-el-pretexto-de-promover-los-derechos-de-la-mujer#primaryimage"},"thumbnailUrl":"https:\/\/ifamnews.com\/wp-content\/uploads\/2024\/05\/Untitled-design-2024-05-29T085353.916.png","keywords":["Aborto","derecho a la vida","Pro-vida"],"articleSection":["Foreground","\u00daLTIMAS NOTICIAS","Vida"],"inLanguage":"es","potentialAction":[{"@type":"CommentAction","name":"Comment","target":["https:\/\/ifamnews.com\/es\/melinda-gates-donar-1-000-millones-de-d-lares-a-la-defensa-del-aborto-con-el-pretexto-de-promover-los-derechos-de-la-mujer#respond"]}]},{"@type":"WebPage","@id":"https:\/\/ifamnews.com\/es\/melinda-gates-donar-1-000-millones-de-d-lares-a-la-defensa-del-aborto-con-el-pretexto-de-promover-los-derechos-de-la-mujer","url":"https:\/\/ifamnews.com\/es\/melinda-gates-donar-1-000-millones-de-d-lares-a-la-defensa-del-aborto-con-el-pretexto-de-promover-los-derechos-de-la-mujer","name":"Melinda Gates donar\u00e1 1.000 millones de d\u00f3lares a la defensa del aborto con el pretexto de promover los derechos de la mujer - IFN","isPartOf":{"@id":"https:\/\/ifamnews.com\/en\/#website"},"primaryImageOfPage":{"@id":"https:\/\/ifamnews.com\/es\/melinda-gates-donar-1-000-millones-de-d-lares-a-la-defensa-del-aborto-con-el-pretexto-de-promover-los-derechos-de-la-mujer#primaryimage"},"image":{"@id":"https:\/\/ifamnews.com\/es\/melinda-gates-donar-1-000-millones-de-d-lares-a-la-defensa-del-aborto-con-el-pretexto-de-promover-los-derechos-de-la-mujer#primaryimage"},"thumbnailUrl":"https:\/\/ifamnews.com\/wp-content\/uploads\/2024\/05\/Untitled-design-2024-05-29T085353.916.png","datePublished":"2024-05-29T14:00:23+00:00","dateModified":"2024-05-29T14:00:30+00:00","description":"Melinda French Gates ha anunciado su compromiso de donar 1.000 millones de d\u00f3lares en los pr\u00f3ximos dos a\u00f1os para promover lo que ella califica de \"derechos de la mujer\".","breadcrumb":{"@id":"https:\/\/ifamnews.com\/es\/melinda-gates-donar-1-000-millones-de-d-lares-a-la-defensa-del-aborto-con-el-pretexto-de-promover-los-derechos-de-la-mujer#breadcrumb"},"inLanguage":"es","potentialAction":[{"@type":"ReadAction","target":["https:\/\/ifamnews.com\/es\/melinda-gates-donar-1-000-millones-de-d-lares-a-la-defensa-del-aborto-con-el-pretexto-de-promover-los-derechos-de-la-mujer"]}]},{"@type":"ImageObject","inLanguage":"es","@id":"https:\/\/ifamnews.com\/es\/melinda-gates-donar-1-000-millones-de-d-lares-a-la-defensa-del-aborto-con-el-pretexto-de-promover-los-derechos-de-la-mujer#primaryimage","url":"https:\/\/ifamnews.com\/wp-content\/uploads\/2024\/05\/Untitled-design-2024-05-29T085353.916.png","contentUrl":"https:\/\/ifamnews.com\/wp-content\/uploads\/2024\/05\/Untitled-design-2024-05-29T085353.916.png","width":1200,"height":675},{"@type":"BreadcrumbList","@id":"https:\/\/ifamnews.com\/es\/melinda-gates-donar-1-000-millones-de-d-lares-a-la-defensa-del-aborto-con-el-pretexto-de-promover-los-derechos-de-la-mujer#breadcrumb","itemListElement":[{"@type":"ListItem","position":1,"name":"Home","item":"https:\/\/ifamnews.com\/de"},{"@type":"ListItem","position":2,"name":"Vida","item":"https:\/\/ifamnews.com\/es\/categoria\/vida"},{"@type":"ListItem","position":3,"name":"Melinda Gates donar\u00e1 1.000 millones de d\u00f3lares a la defensa del aborto con el pretexto de promover los derechos de la mujer"}]},{"@type":"WebSite","@id":"https:\/\/ifamnews.com\/en\/#website","url":"https:\/\/ifamnews.com\/en\/","name":"IFN","description":"International Family News Network","publisher":{"@id":"https:\/\/ifamnews.com\/en\/#organization"},"potentialAction":[{"@type":"SearchAction","target":{"@type":"EntryPoint","urlTemplate":"https:\/\/ifamnews.com\/en\/?s={search_term_string}"},"query-input":{"@type":"PropertyValueSpecification","valueRequired":true,"valueName":"search_term_string"}}],"inLanguage":"es"},{"@type":"Organization","@id":"https:\/\/ifamnews.com\/en\/#organization","name":"iFamNews","url":"https:\/\/ifamnews.com\/en\/","logo":{"@type":"ImageObject","inLanguage":"es","@id":"https:\/\/ifamnews.com\/en\/#\/schema\/logo\/image\/","url":"https:\/\/ifamnews.com\/wp-content\/uploads\/2020\/01\/Share-logo.png","contentUrl":"https:\/\/ifamnews.com\/wp-content\/uploads\/2020\/01\/Share-logo.png","width":200,"height":200,"caption":"iFamNews"},"image":{"@id":"https:\/\/ifamnews.com\/en\/#\/schema\/logo\/image\/"},"sameAs":["https:\/\/www.facebook.com\/iFamNews","https:\/\/x.com\/iFamNewsEN"]},{"@type":"Person","@id":"https:\/\/ifamnews.com\/en\/#\/schema\/person\/633bdb7ac2496c9b9304ce62d071cdfa","name":"IFN English","image":{"@type":"ImageObject","inLanguage":"es","@id":"https:\/\/secure.gravatar.com\/avatar\/6f16ce95b558ae6f6eb9ae2f68122482a2c61696af2a8fc343c2e10f981a959d?s=96&d=mm&r=g","url":"https:\/\/secure.gravatar.com\/avatar\/6f16ce95b558ae6f6eb9ae2f68122482a2c61696af2a8fc343c2e10f981a959d?s=96&d=mm&r=g","contentUrl":"https:\/\/secure.gravatar.com\/avatar\/6f16ce95b558ae6f6eb9ae2f68122482a2c61696af2a8fc343c2e10f981a959d?s=96&d=mm&r=g","caption":"IFN English"},"description":"Articles published by the English iFamNews editorial team.","sameAs":["https:\/\/ifamnews.com\/en","https:\/\/www.facebook.com\/iFamNews\/","https:\/\/x.com\/https:\/\/twitter.com\/iFamNewsEN","https:\/\/www.youtube.com\/channel\/UCMVyIt4z9BANW3d09kwfUpw"],"url":"https:\/\/ifamnews.com\/es\/author\/ifamnews-staff"}]}},"amp_enabled":true,"_links":{"self":[{"href":"https:\/\/ifamnews.com\/es\/wp-json\/wp\/v2\/posts\/242658","targetHints":{"allow":["GET"]}}],"collection":[{"href":"https:\/\/ifamnews.com\/es\/wp-json\/wp\/v2\/posts"}],"about":[{"href":"https:\/\/ifamnews.com\/es\/wp-json\/wp\/v2\/types\/post"}],"author":[{"embeddable":true,"href":"https:\/\/ifamnews.com\/es\/wp-json\/wp\/v2\/users\/593"}],"replies":[{"embeddable":true,"href":"https:\/\/ifamnews.com\/es\/wp-json\/wp\/v2\/comments?post=242658"}],"version-history":[{"count":1,"href":"https:\/\/ifamnews.com\/es\/wp-json\/wp\/v2\/posts\/242658\/revisions"}],"predecessor-version":[{"id":242660,"href":"https:\/\/ifamnews.com\/es\/wp-json\/wp\/v2\/posts\/242658\/revisions\/242660"}],"wp:featuredmedia":[{"embeddable":true,"href":"https:\/\/ifamnews.com\/es\/wp-json\/wp\/v2\/media\/242635"}],"wp:attachment":[{"href":"https:\/\/ifamnews.com\/es\/wp-json\/wp\/v2\/media?parent=242658"}],"wp:term":[{"taxonomy":"category","embeddable":true,"href":"https:\/\/ifamnews.com\/es\/wp-json\/wp\/v2\/categories?post=242658"},{"taxonomy":"post_tag","embeddable":true,"href":"https:\/\/ifamnews.com\/es\/wp-json\/wp\/v2\/tags?post=242658"}],"curies":[{"name":"wp","href":"https:\/\/api.w.org\/{rel}","templated":true}]}}