{"id":225216,"date":"2024-05-18T01:00:00","date_gmt":"2024-05-18T05:00:00","guid":{"rendered":"https:\/\/ifamnews.com\/?p=225216"},"modified":"2024-05-11T17:14:30","modified_gmt":"2024-05-11T21:14:30","slug":"cr-tica-a-la-sentencia-judicial-por-permitir-abortos-financiados-por-los-contribuyentes","status":"publish","type":"post","link":"https:\/\/ifamnews.com\/es\/cr-tica-a-la-sentencia-judicial-por-permitir-abortos-financiados-por-los-contribuyentes","title":{"rendered":"Cr\u00edtica a la sentencia judicial por permitir abortos financiados por los contribuyentes"},"content":{"rendered":"<p><strong>Nevada Right to Life<\/strong>, una filial del Comit\u00e9 Nacional del Derecho a la Vida, expres\u00f3 su oposici\u00f3n a una reciente decisi\u00f3n judicial que permite los abortos financiados por los contribuyentes bajo los auspicios de la reci\u00e9n aprobada Enmienda de Igualdad de Derechos (ERA).<\/p>\n<p>La organizaci\u00f3n hab\u00eda advertido previamente a los legisladores y al p\u00fablico en general sobre las posibles implicaciones de la enmienda, redactada en t\u00e9rminos generales, incluida la financiaci\u00f3n estatal del aborto a trav\u00e9s de Medicaid.<\/p>\n<p>La directora ejecutiva de la organizaci\u00f3n, Melissa Clement, describi\u00f3 esta demanda como un indicio del fracaso legislativo. Redirige recursos cr\u00edticos de Medicaid de intervenciones m\u00e9dicas que salvan vidas a procedimientos abortivos. En su opini\u00f3n, se trata de un tr\u00e1gico mal uso de los recursos que vulnera la confianza de los ciudadanos de Nevada.<\/p>\n<p>Tambi\u00e9n critic\u00f3 a los legisladores, en particular a la l\u00edder de la mayor\u00eda en el Senado, Nicole Cannizzaro, por la manipulaci\u00f3n indirecta de las leyes y los recursos estatales.<\/p>\n<p>Tras destacar la reticencia de los testigos a condenar los abortos tard\u00edos, Clement se\u00f1al\u00f3 la importancia de la influencia de los votantes en las decisiones legislativas.<\/p>\n<p>Pidi\u00f3 a los ciudadanos que se opusieran a las pr\u00f3ximas medidas electorales que podr\u00edan permitir a los jueces alterar significativamente las leyes sin un mandato claro de los votantes. Inst\u00f3 a los nevadenses a vigilar su proceso legislativo y asegurarse de que los cambios en sus leyes reflejan la voluntad meditada del pueblo.<\/p>\n<p>El debate sobre el derecho al aborto contin\u00faa, y cada lado del espectro pol\u00edtico mantiene puntos de vista distintos. Seg\u00fan los informes, la postura de la dem\u00f3crata en este asunto est\u00e1 en desacuerdo con la opini\u00f3n dominante en Estados Unidos.<\/p>\n<p>Sin embargo, los cr\u00edticos sostienen que esta discrepancia se debe a la falta de comprensi\u00f3n de la opini\u00f3n p\u00fablica sobre el alcance de la posici\u00f3n de la izquierda respecto al aborto. Mientras el tema sigue generando controversia, los debates jur\u00eddicos y legislativos en todo el pa\u00eds no muestran signos de desaceleraci\u00f3n.<\/p>\n","protected":false},"excerpt":{"rendered":"<p>La organizaci\u00f3n Nevada Right to Life, hab\u00eda advertido previamente a los legisladores y al p\u00fablico en general sobre las posibles implicaciones de la enmienda, redactada en t\u00e9rminos generales, incluida la financiaci\u00f3n estatal del aborto a trav\u00e9s de Medicaid<\/p>\n","protected":false},"author":593,"featured_media":225345,"comment_status":"open","ping_status":"open","sticky":false,"template":"","format":"standard","meta":{"give_campaign_id":0,"om_disable_all_campaigns":false,"_monsterinsights_skip_tracking":false,"_monsterinsights_sitenote_active":false,"_monsterinsights_sitenote_note":"","_monsterinsights_sitenote_category":0,"mc4wp_mailchimp_campaign":[],"jnews-multi-image_gallery":[],"jnews_single_post":{"subtitle":"La organizaci\u00f3n Nevada Right to Life, hab\u00eda advertido previamente a los legisladores y al p\u00fablico en general sobre las posibles implicaciones de la enmienda, redactada en t\u00e9rminos generales, incluida la financiaci\u00f3n estatal del aborto a trav\u00e9s de Medicaid","format":"standard","video":"","gallery":"","source_name":"","source_url":"","via_name":"","via_url":"","override_template":"0","override":[{"template":"2","single_blog_custom":"","parallax":"1","fullscreen":"1","layout":"right-sidebar-narrow","sidebar":"default-sidebar","second_sidebar":"default-sidebar","sticky_sidebar":"1","share_position":"float","share_float_style":"share-normal","show_share_counter":"1","show_view_counter":"1","show_featured":"1","show_post_meta":"1","show_post_author":"1","show_post_author_image":"1","show_post_date":"1","post_date_format":"default","post_date_format_custom":"Y\/m\/d","show_post_category":"1","show_post_reading_time":"1","post_reading_time_wpm":"300","show_zoom_button":"0","zoom_button_out_step":"2","zoom_button_in_step":"3","show_post_tag":"1","show_prev_next_post":"0","show_popup_post":"0","number_popup_post":"1","show_author_box":"1","show_post_related":"0","show_inline_post_related":"0"}],"override_image_size":"0","image_override":[{"single_post_thumbnail_size":"crop-715","single_post_gallery_size":"crop-715"}],"trending_post":"0","trending_post_position":"meta","trending_post_label":"Trending","sponsored_post":"0","sponsored_post_label":"Sponsored by","sponsored_post_name":"","sponsored_post_url":"","sponsored_post_logo_enable":"0","sponsored_post_logo":"","sponsored_post_desc":"","disable_ad":"0"},"jnews_primary_category":{"id":"818","hide":""},"jnews_social_meta":[],"jnews_override_counter":[],"footnotes":""},"categories":[810,815,818],"tags":[10519,13755,29817,29816],"class_list":["post-225216","post","type-post","status-publish","format-standard","has-post-thumbnail","hentry","category-foreground-es","category-breaking-news-es","category-vida","tag-aborto-es-3","tag-derecho-a-la-vida","tag-medicaid","tag-nevada-right-to-life"],"yoast_head":"<!-- This site is optimized with the Yoast SEO Premium plugin v25.9 (Yoast SEO v27.3) - https:\/\/yoast.com\/product\/yoast-seo-premium-wordpress\/ -->\n<title>Cr\u00edtica a la sentencia judicial por permitir abortos financiados por los contribuyentes - IFN<\/title>\n<meta name=\"description\" content=\"El debate sobre el derecho al aborto contin\u00faa, y cada lado del espectro pol\u00edtico mantiene puntos de vista distintos\" \/>\n<meta name=\"robots\" content=\"index, follow, max-snippet:-1, max-image-preview:large, max-video-preview:-1\" \/>\n<link rel=\"canonical\" href=\"https:\/\/ifamnews.com\/en?p=223232\" \/>\n<meta property=\"og:locale\" content=\"es_ES\" \/>\n<meta property=\"og:type\" content=\"article\" \/>\n<meta property=\"og:title\" content=\"Cr\u00edtica a la sentencia judicial por permitir abortos financiados por los contribuyentes\" \/>\n<meta property=\"og:description\" content=\"El debate sobre el derecho al aborto contin\u00faa, y cada lado del espectro pol\u00edtico mantiene puntos de vista distintos\" \/>\n<meta property=\"og:url\" content=\"https:\/\/ifamnews.com\/en?p=223232\" \/>\n<meta property=\"og:site_name\" content=\"IFN\" \/>\n<meta property=\"article:publisher\" content=\"https:\/\/www.facebook.com\/iFamNews\" \/>\n<meta property=\"article:author\" content=\"https:\/\/www.facebook.com\/iFamNews\/\" \/>\n<meta property=\"article:published_time\" content=\"2024-05-18T05:00:00+00:00\" \/>\n<meta property=\"og:image\" content=\"https:\/\/ifamnews.com\/wp-content\/uploads\/2024\/05\/image-2024-05-08T210937.203.png\" \/>\n\t<meta property=\"og:image:width\" content=\"1199\" \/>\n\t<meta property=\"og:image:height\" content=\"674\" \/>\n\t<meta property=\"og:image:type\" content=\"image\/png\" \/>\n<meta name=\"author\" content=\"IFN English\" \/>\n<meta name=\"twitter:card\" content=\"summary_large_image\" \/>\n<meta name=\"twitter:creator\" content=\"@https:\/\/twitter.com\/iFamNewsEN\" \/>\n<meta name=\"twitter:site\" content=\"@iFamNewsEN\" \/>\n<meta name=\"twitter:label1\" content=\"Escrito por\" \/>\n\t<meta name=\"twitter:data1\" content=\"iFamNews\" \/>\n\t<meta name=\"twitter:label2\" content=\"Tiempo de lectura\" \/>\n\t<meta name=\"twitter:data2\" content=\"2 minutos\" \/>\n<!-- \/ Yoast SEO Premium plugin. -->","yoast_head_json":{"title":"Cr\u00edtica a la sentencia judicial por permitir abortos financiados por los contribuyentes - IFN","description":"El debate sobre el derecho al aborto contin\u00faa, y cada lado del espectro pol\u00edtico mantiene puntos de vista distintos","robots":{"index":"index","follow":"follow","max-snippet":"max-snippet:-1","max-image-preview":"max-image-preview:large","max-video-preview":"max-video-preview:-1"},"canonical":"https:\/\/ifamnews.com\/en?p=223232","og_locale":"es_ES","og_type":"article","og_title":"Cr\u00edtica a la sentencia judicial por permitir abortos financiados por los contribuyentes","og_description":"El debate sobre el derecho al aborto contin\u00faa, y cada lado del espectro pol\u00edtico mantiene puntos de vista distintos","og_url":"https:\/\/ifamnews.com\/en?p=223232","og_site_name":"IFN","article_publisher":"https:\/\/www.facebook.com\/iFamNews","article_author":"https:\/\/www.facebook.com\/iFamNews\/","article_published_time":"2024-05-18T05:00:00+00:00","og_image":[{"width":1199,"height":674,"url":"https:\/\/ifamnews.com\/wp-content\/uploads\/2024\/05\/image-2024-05-08T210937.203.png","type":"image\/png"}],"author":"IFN English","twitter_card":"summary_large_image","twitter_creator":"@https:\/\/twitter.com\/iFamNewsEN","twitter_site":"@iFamNewsEN","twitter_misc":{"Escrito por":"iFamNews","Tiempo de lectura":"2 minutos"},"schema":{"@context":"https:\/\/schema.org","@graph":[{"@type":"NewsArticle","@id":"https:\/\/ifamnews.com\/en?p=223232#article","isPartOf":{"@id":"https:\/\/ifamnews.com\/en?p=223232"},"author":{"name":"IFN English","@id":"https:\/\/ifamnews.com\/en\/#\/schema\/person\/633bdb7ac2496c9b9304ce62d071cdfa"},"headline":"Cr\u00edtica a la sentencia judicial por permitir abortos financiados por los contribuyentes","datePublished":"2024-05-18T05:00:00+00:00","mainEntityOfPage":{"@id":"https:\/\/ifamnews.com\/en?p=223232"},"wordCount":377,"commentCount":0,"publisher":{"@id":"https:\/\/ifamnews.com\/en\/#organization"},"image":{"@id":"https:\/\/ifamnews.com\/en?p=223232#primaryimage"},"thumbnailUrl":"https:\/\/ifamnews.com\/wp-content\/uploads\/2024\/05\/image-2024-05-08T210937.203.png","keywords":["Aborto","derecho a la vida","Medicaid","Nevada Right to Life"],"articleSection":["Foreground","\u00daLTIMAS NOTICIAS","Vida"],"inLanguage":"es","potentialAction":[{"@type":"CommentAction","name":"Comment","target":["https:\/\/ifamnews.com\/en?p=223232#respond"]}]},{"@type":"WebPage","@id":"https:\/\/ifamnews.com\/en?p=223232","url":"https:\/\/ifamnews.com\/en?p=223232","name":"Cr\u00edtica a la sentencia judicial por permitir abortos financiados por los contribuyentes - IFN","isPartOf":{"@id":"https:\/\/ifamnews.com\/en\/#website"},"primaryImageOfPage":{"@id":"https:\/\/ifamnews.com\/en?p=223232#primaryimage"},"image":{"@id":"https:\/\/ifamnews.com\/en?p=223232#primaryimage"},"thumbnailUrl":"https:\/\/ifamnews.com\/wp-content\/uploads\/2024\/05\/image-2024-05-08T210937.203.png","datePublished":"2024-05-18T05:00:00+00:00","description":"El debate sobre el derecho al aborto contin\u00faa, y cada lado del espectro pol\u00edtico mantiene puntos de vista distintos","breadcrumb":{"@id":"https:\/\/ifamnews.com\/en?p=223232#breadcrumb"},"inLanguage":"es","potentialAction":[{"@type":"ReadAction","target":["https:\/\/ifamnews.com\/en?p=223232"]}]},{"@type":"ImageObject","inLanguage":"es","@id":"https:\/\/ifamnews.com\/en?p=223232#primaryimage","url":"https:\/\/ifamnews.com\/wp-content\/uploads\/2024\/05\/image-2024-05-08T210937.203.png","contentUrl":"https:\/\/ifamnews.com\/wp-content\/uploads\/2024\/05\/image-2024-05-08T210937.203.png","width":1199,"height":674},{"@type":"BreadcrumbList","@id":"https:\/\/ifamnews.com\/en?p=223232#breadcrumb","itemListElement":[{"@type":"ListItem","position":1,"name":"Home","item":"https:\/\/ifamnews.com\/de"},{"@type":"ListItem","position":2,"name":"\u0413\u043b\u0430\u0432\u043d\u0430 \u0432\u0435\u0441\u0442","item":"https:\/\/ifamnews.com\/sr\/kategorija\/glavna-vest"},{"@type":"ListItem","position":3,"name":"Cr\u00edtica a la sentencia judicial por permitir abortos financiados por los contribuyentes"}]},{"@type":"WebSite","@id":"https:\/\/ifamnews.com\/en\/#website","url":"https:\/\/ifamnews.com\/en\/","name":"IFN","description":"International Family News Network","publisher":{"@id":"https:\/\/ifamnews.com\/en\/#organization"},"potentialAction":[{"@type":"SearchAction","target":{"@type":"EntryPoint","urlTemplate":"https:\/\/ifamnews.com\/en\/?s={search_term_string}"},"query-input":{"@type":"PropertyValueSpecification","valueRequired":true,"valueName":"search_term_string"}}],"inLanguage":"es"},{"@type":"Organization","@id":"https:\/\/ifamnews.com\/en\/#organization","name":"iFamNews","url":"https:\/\/ifamnews.com\/en\/","logo":{"@type":"ImageObject","inLanguage":"es","@id":"https:\/\/ifamnews.com\/en\/#\/schema\/logo\/image\/","url":"https:\/\/ifamnews.com\/wp-content\/uploads\/2020\/01\/Share-logo.png","contentUrl":"https:\/\/ifamnews.com\/wp-content\/uploads\/2020\/01\/Share-logo.png","width":200,"height":200,"caption":"iFamNews"},"image":{"@id":"https:\/\/ifamnews.com\/en\/#\/schema\/logo\/image\/"},"sameAs":["https:\/\/www.facebook.com\/iFamNews","https:\/\/x.com\/iFamNewsEN"]},{"@type":"Person","@id":"https:\/\/ifamnews.com\/en\/#\/schema\/person\/633bdb7ac2496c9b9304ce62d071cdfa","name":"IFN English","image":{"@type":"ImageObject","inLanguage":"es","@id":"https:\/\/secure.gravatar.com\/avatar\/6f16ce95b558ae6f6eb9ae2f68122482a2c61696af2a8fc343c2e10f981a959d?s=96&d=mm&r=g","url":"https:\/\/secure.gravatar.com\/avatar\/6f16ce95b558ae6f6eb9ae2f68122482a2c61696af2a8fc343c2e10f981a959d?s=96&d=mm&r=g","contentUrl":"https:\/\/secure.gravatar.com\/avatar\/6f16ce95b558ae6f6eb9ae2f68122482a2c61696af2a8fc343c2e10f981a959d?s=96&d=mm&r=g","caption":"IFN English"},"description":"Articles published by the English iFamNews editorial team.","sameAs":["https:\/\/ifamnews.com\/en","https:\/\/www.facebook.com\/iFamNews\/","https:\/\/x.com\/https:\/\/twitter.com\/iFamNewsEN","https:\/\/www.youtube.com\/channel\/UCMVyIt4z9BANW3d09kwfUpw"],"url":"https:\/\/ifamnews.com\/es\/author\/ifamnews-staff"}]}},"amp_enabled":true,"_links":{"self":[{"href":"https:\/\/ifamnews.com\/es\/wp-json\/wp\/v2\/posts\/225216","targetHints":{"allow":["GET"]}}],"collection":[{"href":"https:\/\/ifamnews.com\/es\/wp-json\/wp\/v2\/posts"}],"about":[{"href":"https:\/\/ifamnews.com\/es\/wp-json\/wp\/v2\/types\/post"}],"author":[{"embeddable":true,"href":"https:\/\/ifamnews.com\/es\/wp-json\/wp\/v2\/users\/593"}],"replies":[{"embeddable":true,"href":"https:\/\/ifamnews.com\/es\/wp-json\/wp\/v2\/comments?post=225216"}],"version-history":[{"count":1,"href":"https:\/\/ifamnews.com\/es\/wp-json\/wp\/v2\/posts\/225216\/revisions"}],"predecessor-version":[{"id":225344,"href":"https:\/\/ifamnews.com\/es\/wp-json\/wp\/v2\/posts\/225216\/revisions\/225344"}],"wp:featuredmedia":[{"embeddable":true,"href":"https:\/\/ifamnews.com\/es\/wp-json\/wp\/v2\/media\/225345"}],"wp:attachment":[{"href":"https:\/\/ifamnews.com\/es\/wp-json\/wp\/v2\/media?parent=225216"}],"wp:term":[{"taxonomy":"category","embeddable":true,"href":"https:\/\/ifamnews.com\/es\/wp-json\/wp\/v2\/categories?post=225216"},{"taxonomy":"post_tag","embeddable":true,"href":"https:\/\/ifamnews.com\/es\/wp-json\/wp\/v2\/tags?post=225216"}],"curies":[{"name":"wp","href":"https:\/\/api.w.org\/{rel}","templated":true}]}}