{"id":214394,"date":"2023-11-11T01:00:00","date_gmt":"2023-11-11T06:00:00","guid":{"rendered":"https:\/\/ifamnews.com\/?p=214394"},"modified":"2023-11-09T18:53:27","modified_gmt":"2023-11-09T23:53:27","slug":"conferencia-arc-una-nueva-visi-n-de-futuro-una-historia-mejor-para-nuestros-hijos","status":"publish","type":"post","link":"https:\/\/ifamnews.com\/es\/conferencia-arc-una-nueva-visi-n-de-futuro-una-historia-mejor-para-nuestros-hijos","title":{"rendered":"Conferencia ARC: Una nueva visi\u00f3n de futuro, una historia mejor para nuestros hijos"},"content":{"rendered":"\n<p>Los delegados de IFamNews tuvieron el privilegio de asistir a la conferencia inaugural de la <a href=\"https:\/\/www.youtube.com\/watch?v=PtVDQ4hKH-g\" target=\"_blank\" rel=\"noreferrer noopener\">Alianza para una Ciudadan\u00eda<\/a> Responsable (ARC) celebrada en Londres la semana pasada. <\/p>\n\n\n\n<p>La directora general de ARC, la baronesa Philippa Stroud, y el miembro de la Junta Directiva, el Dr. Jordan Peterson, pronunciaron los discursos de apertura ante una abarrotada sala de conferencias del Magazine Centre de Londres, se\u00f1alando que <a href=\"https:\/\/www.arcforum.com\/\" target=\"_blank\" rel=\"noreferrer noopener\">el CRA<\/a> es un intento de encontrar una forma de resolver la<strong> \u00abfragmentaci\u00f3n, divisi\u00f3n, polarizaci\u00f3n e intolerancia\u00bb de la sociedad<\/strong> y exponer su visi\u00f3n de un futuro mejor.<\/p>\n\n\n\n<p>Al <a href=\"https:\/\/www.youtube.com\/watch?v=qK_lK8yCvIA\" target=\"_blank\" rel=\"noreferrer noopener\">inaugurar la conferencia, la baronesa Stroud<\/a> afirm\u00f3: \u00abVamos a debatir lo que es necesario renovar, e identificar un camino hacia adelante lleno de fuerza, esperanza y visi\u00f3n&#8230; para construir una comunidad llena de gente con <strong>valor y fuerza<\/strong>, que vea la oportunidad de la abundancia, no la escasez y el declive\u00bb.<\/p>\n\n\n\n<p><a href=\"https:\/\/www.youtube.com\/watch?v=Y-Iw_FtPVnc\" target=\"_blank\" rel=\"noreferrer noopener\">El Dr. Jordan Peterson<\/a>, psic\u00f3logo de renombre mundial, autor y comentarista de los medios de comunicaci\u00f3n, <a href=\"https:\/\/www.youtube.com\/watch?v=Y-Iw_FtPVnc\" target=\"_blank\" rel=\"noreferrer noopener\">pronunci\u00f3 un discurso inspirador<\/a> en el que esboz\u00f3 su visi\u00f3n de la responsabilidad distributiva, afirmando que \u00abla ARC es nuestro movimiento hacia el futuro&#8230; Tenemos la responsabilidad de afrontar un futuro incierto con<strong> fe y valent\u00eda\u00bb<\/strong>. Tambi\u00e9n pidi\u00f3 a los l\u00edderes internacionales que \u00abdefinan la realidad y establezcan las opciones que la gente debe tomar\u00bb.<\/p>\n\n\n\n<p>Los m\u00e1s de 1.500 delegados asistentes, llegados de 71 pa\u00edses de todo el mundo, recibieron discursos trascendentales e inspiradores pronunciados por distinguidas personalidades de la vida p\u00fablica y pol\u00edtica, y del mundo acad\u00e9mico, entre ellos el actual y el anterior Presidente de la C\u00e1mara de Representantes de Estados Unidos, <a href=\"https:\/\/www.youtube.com\/watch?v=QzkbcJq_oao\" target=\"_blank\" rel=\"noreferrer noopener\">Kevin McCarthy<\/a> y <a href=\"https:\/\/www.youtube.com\/watch?v=AJ83l1r-Imo\" target=\"_blank\" rel=\"noreferrer noopener\">Mike Johnson<\/a>, el ex viceprimer ministro australiano John Anderson, el historiador Os Guinness, el ministro del Gobierno brit\u00e1nico Michael Gove, el Dr.<a href=\"https:\/\/www.youtube.com\/watch?v=Klcsgp3wrh4\" target=\"_blank\" rel=\"noreferrer noopener\">Bjorn Lomborg<\/a>, <a href=\"https:\/\/www.youtube.com\/watch?v=aTfwqvNuk44\" target=\"_blank\" rel=\"noreferrer noopener\">el Dr.Scott Tinker<\/a>, <a href=\"https:\/\/www.youtube.com\/watch?v=_NrDc4K7K-0\" target=\"_blank\" rel=\"noreferrer noopener\">la diputada brit\u00e1nica Kemi Badenoch<\/a> y Dennis Prager, por nombrar algunos.<\/p>\n\n\n\n<p>McCarthy se hizo eco del discurso que el presidente Ronald Reagan pronunci\u00f3 en 1982 ante el Parlamento brit\u00e1nico: \u00abLa disuasi\u00f3n definitiva en la lucha que ahora se libra en el mundo no ser\u00e1n las bombas ni los cohetes, sino una prueba de voluntades. Los valores que sostenemos, las creencias que apreciamos, los ideales a los que nos dedicamos\u00bb.<\/p>\n\n\n\n<p><a href=\"https:\/\/www.youtube.com\/watch?v=wtZq-zF1QG4\" target=\"_blank\" rel=\"noreferrer noopener\">Los panelistas de la primera<\/a> sesi\u00f3n abogaron por un retorno a los<strong> valores tradicionales <\/strong>de igualdad de oportunidades y fe tras un periodo de falta de direcci\u00f3n.<strong> \u00abOccidente est\u00e1 sumido en una gran confusi\u00f3n e incertidumbre\u00bb<\/strong>, advirti\u00f3 Guinness. \u00abLa gente no tiene una sensaci\u00f3n de significado al no sentirse parte de una gran historia o tradici\u00f3n\u00bb, afirm\u00f3, dando continuidad a la baronesa Stroud, quien en el discurso inaugural afirm\u00f3 que el ARC se ha reunido para debatir c\u00f3mo combatir la negatividad en el mundo y para \u00abcontar una historia mejor\u00bb.<\/p>\n\n\n\n<p>La <a href=\"https:\/\/www.youtube.com\/watch?v=latsmYVw1pQ\" target=\"_blank\" rel=\"noreferrer noopener\">diputada brit\u00e1nica Miriam Cates<\/a> afirm\u00f3 que \u00abla libertad, la prosperidad y la felicidad no son valores&#8230; pueden ser los frutos de una sociedad de \u00e9xito, pero no son sus ra\u00edces\u00bb y que \u00ab<strong>las verdaderas ra\u00edces de la civilizaci\u00f3n occidental <\/strong>son la b\u00fasqueda de lo bueno, lo verdadero y lo bello\u00bb.<\/p>\n\n\n\n<p>El profesor Jonathan Haidt, psic\u00f3logo y escritor, abog\u00f3 por una acci\u00f3n urgente para abordar el aumento de los problemas de salud mental de los ni\u00f1os como consecuencia de los medios sociales.<\/p>\n\n\n\n<p>\u00abEl Gran Recableado de la Infancia ocurri\u00f3 entre 2010 y 2015\u00bb, dijo en la conferencia. \u00abPero <strong>no se puede crecer en red,<\/strong> hay que crecer en comunidad&#8230; Nadie defiende esta infancia basada en el tel\u00e9fono. Todo el mundo ve los problemas\u00bb.<\/p>\n\n\n\n<p>A continuaci\u00f3n, el profesor Haidt propuso una serie de normas para frenar los efectos negativos de las redes sociales en los ni\u00f1os, entre las que se incluyen la restricci\u00f3n de los tel\u00e9fonos inteligentes para los ni\u00f1os antes de la escuela secundaria, la prohibici\u00f3n de las redes sociales para los menores de 16 a\u00f1os y la expansi\u00f3n mundial de las <strong>escuelas libres de tel\u00e9fonos<\/strong>.<\/p>\n\n\n\n<p>Tambi\u00e9n advirti\u00f3 de los peligros que entra\u00f1an los medios sociales para la sociedad occidental: <strong>\u00abTikTok y Twitter son peligrosos <\/strong>para nuestra democracia e incompatibles con el tipo de democracia liberal que hemos desarrollado en los \u00faltimos 150 a\u00f1os\u00bb.<\/p>\n\n\n\n<p>En la sesi\u00f3n de la tarde, <a href=\"https:\/\/www.youtube.com\/watch?v=G2DIEzdJLaA\" target=\"_blank\" rel=\"noreferrer noopener\">el inversor Sir Paul Marshall<\/a> critic\u00f3 el <strong>\u00abcapitalismo de amiguetes\u00bb <\/strong>y el \u00abcorporativismo\u00bb e hizo un llamamiento para que la sociedad \u00abse regocije en la abundancia que crean la verdadera libre empresa y los mercados libres\u00bb, se\u00f1alando que \u00abla pobreza extrema ha ca\u00eddo del 90% al 10%&#8230; y se ha reducido a la mitad s\u00f3lo en los \u00faltimos veinte a\u00f1os\u00bb. <br>Afirm\u00f3 que <strong>\u00abel capitalismo de libre mercado <\/strong>es el mayor instrumento de alivio de la pobreza que el mundo ha visto jam\u00e1s\u00bb.<\/p>\n\n\n\n<p>El candidato a la presidencia de EE.UU. Vivek Ramaswamy se uni\u00f3 al acto a trav\u00e9s de una videollamada y critic\u00f3 la adopci\u00f3n corporativa de los valores ASG como \u00abuna amenaza no s\u00f3lo para el capitalismo, sino tambi\u00e9n para el autogobierno democr\u00e1tico&#8230; que un peque\u00f1o grupo de actores corporativos tenga derecho a decidir por la puerta de atr\u00e1s lo que los ciudadanos no podr\u00edan hacer por la puerta principal\u00bb.  <\/p>\n\n\n\n<p>El segundo d\u00eda ofreci\u00f3, entre otras cosas, un panel con el <a href=\"https:\/\/www.youtube.com\/watch?v=873SGJYfp6s\" target=\"_blank\" rel=\"noreferrer noopener\">Dr. Peterson, Louise Perry, Mary Harrington y el profesor Stephen Blackwood<\/a> sobre las consecuencias de la<strong> libertad sin responsabilidad <\/strong>para nuestro tejido social. <\/p>\n\n\n\n<p>La periodista y autora de \u00abEl caso contra la revoluci\u00f3n sexual\u00bb, Louise Perry, afirm\u00f3 que \u00ablas tradiciones son experimentos que funcionaron. Lo que hemos descubierto, tras rechazar las normas sexuales del pasado, es que estaban ah\u00ed por una raz\u00f3n&#8230; Las ganadoras de la revoluci\u00f3n sexual no han sido las mujeres&#8230; y <strong>los grandes perdedores de la revoluci\u00f3n sexual son los ni\u00f1os\u00bb<\/strong>.<\/p>\n\n\n\n<p>Hablando de temas muy cercanos a la misi\u00f3n de IOF &#8211; ni\u00f1os, maternidad, familias &#8211; tambi\u00e9n en el segundo d\u00eda de la conferencia la <a href=\"https:\/\/www.youtube.com\/watch?v=BHAO4wYGVsQ\" target=\"_blank\" rel=\"noreferrer noopener\">Dra. Erica Komisar, psicoanalista y experta en padres<\/a> afirm\u00f3 que nuestros hijos est\u00e1n sometidos a la peor presi\u00f3n acad\u00e9mica de la historia\u00bb, advirtiendo a la audiencia de una epidemia de salud mental en los ni\u00f1os derivada de la <strong>ausencia de presencia parental<\/strong> debido a las presiones del mercado laboral contempor\u00e1neo y a los costes del cuidado de los ni\u00f1os.<\/p>\n\n\n\n<p>Inst\u00f3 a realizar una serie de reformas en las pol\u00edticas gubernamentales de atenci\u00f3n a la infancia como un paso necesario para aliviar la crisis de salud mental en todo el mundo, y a\u00f1adi\u00f3 que \u00ablos gobiernos tienen que dar a todas las madres la<strong> opci\u00f3n de quedarse en casa<\/strong> durante un a\u00f1o completo, y apoyarlas con recursos para que puedan trabajar a tiempo parcial durante otros dos a\u00f1os\u00bb. <\/p>\n\n\n\n<p>Komisar tambi\u00e9n pidi\u00f3 que<strong> la escuela empiece m\u00e1s tarde <\/strong>para los adolescentes, incentivos fiscales para los padres casados y un sistema de cr\u00e9ditos fiscales que incentive a los padres a invertir en cuidados de salud mental.<\/p>\n\n\n\n<p>Autora de dos libros sobre paternidad, Komisar tambi\u00e9n hizo un llamamiento al sector privado para que permita a los nuevos padres <strong>pasar m\u00e1s tiempo con sus hijos<\/strong>: \u00ablos empleadores tienen un papel que desempe\u00f1ar a la hora de permitir a los padres el espacio y el tiempo necesarios para estar presentes para sus hijos, proporcionando opciones de <strong>horarios flexibles <\/strong>y horarios de trabajo h\u00edbridos, fomentando las pausas en la carrera profesional de los padres que cr\u00edan a sus hijos&#8230; as\u00ed como proporcionando puntos de reincorporaci\u00f3n para las mujeres\u00bb.<\/p>\n\n\n\n<p>Uno de los muchos oradores distinguidos del tercer d\u00eda de la conferencia fue el ex Primer Ministro australiano John Howard, quien afirm\u00f3 que \u00abel multiculturalismo es un concepto con el que siempre he tenido problemas. Soy de la opini\u00f3n de que si la gente quiere emigrar a un pa\u00eds, entonces<strong> adopta los valores y las pr\u00e1cticas de ese pa\u00eds<\/strong>\u00ab.<\/p>\n\n\n\n<p>\u00abNos esforzamos demasiado por institucionalizar las diferencias, en lugar de celebrar lo que tenemos\u00bb, continu\u00f3 Howard.<\/p>\n\n\n\n<p>Sus comentarios se produjeron tras el refer\u00e9ndum sobre la voz en Australia celebrado el mes pasado, que supuso lo que Howard describi\u00f3 como \u00abun gran respaldo a lo unidos que estamos. No queremos una separaci\u00f3n basada en la raza o el origen, queremos unidad\u00bb.<\/p>\n\n\n\n<p><a href=\"https:\/\/www.youtube.com\/watch?v=IVG79xHHu1M\" target=\"_blank\" rel=\"noreferrer noopener\">Ministra en la sombra para los ind\u00edgenas australianos Jacinta Nampijinpa Price<\/a> tambi\u00e9n habl\u00f3 sobre el refer\u00e9ndum de la Voz, se\u00f1alando que \u00abpretend\u00eda dividirnos en funci\u00f3n de la raza\u00bb, pero acab\u00f3 siendo \u00abun punto de inflexi\u00f3n en nuestra naci\u00f3n\u00bb que ha \u00abenvalentonado a los australianos de a pie a creer que est\u00e1 perfectamente bien ser quien uno es\u00bb.<\/p>\n\n\n\n<p>Otro tema cercano a nuestro coraz\u00f3n aqu\u00ed en IFamNews fue cubierto por la pedagoga Katharine Birbalsingh, directora de la Escuela Comunitaria Michaela, una escuela gratuita establecida en 2014 en Londres, quien habl\u00f3 sobre la importancia de la educaci\u00f3n para la armon\u00eda social, diciendo que \u00absi queremos que el multiculturalismo tenga \u00e9xito y el tribalismo fracase, debemos dejar de ignorar el enorme y crucial <strong>poder de nuestras escuelas.<\/strong>\u00ab<\/p>\n\n\n\n<p>Advirti\u00f3 que \u00abcuanto m\u00e1s diversa es una escuela o una sociedad, m\u00e1s dif\u00edcil es hacer que funcione&#8230; El <strong>multiculturalismo <\/strong>fracasar\u00e1 en nuestro pa\u00eds sin un conservadurismo a peque\u00f1a escala y reglas en nuestras escuelas\u00bb.<\/p>\n\n\n\n<p>Birbalsingh pidi\u00f3 que se restablecieran las actitudes de<strong> \u00ablealtad a la naci\u00f3n\u00bb<\/strong>, afirmando que \u00absi las escuelas promueven BLM(Black Lives Matter), LGBT y varias otras identidades tribales en lugar de instalar un conjunto general de valores conservadores de peque\u00f1a cuna, alientan a los ni\u00f1os a identificarse como v\u00edctimas en lugar de empoderarlos\u00bb.<\/p>\n\n\n\n<p>El equipo de IFamNews agradece haber asistido a un acontecimiento tan trascendental en presencia de tantas personas valientes y distinguidas que emplean su talento y sus conocimientos para intentar salvar a la civilizaci\u00f3n occidental de las garras de las ideolog\u00edas totalitarias.<\/p>\n\n\n\n<p>Se pronunciaron muchos m\u00e1s discursos memorables, que pueden verse en <a href=\"https:\/\/www.youtube.com\/@arc_forum\" target=\"_blank\" rel=\"noreferrer noopener\">el canal YouTube de ARC<\/a>. Fue realmente inspirador y muy necesario escuchar palabras de aliento de personas en primera l\u00ednea de las guerras culturales de nuestro tiempo. <\/p>\n\n\n\n<p>Para nosotros, los activistas, y para todos nuestros lectores &#8211; padres, abuelos, j\u00f3venes, profesores, cuidadores, m\u00e9dicos y otros profesionales, trabajadores, agricultores y artesanos &#8211; el mensaje clave es que cada uno de nosotros puede hacer algo bueno por nuestras familias y nuestra sociedad, cada uno de nosotros puede hacer una contribuci\u00f3n y tener un impacto. <\/p>\n\n\n\n<p>Es deber de cada uno de nosotros ser ciudadanos responsables y vecinos solidarios, aportando nuestro granito de arena de muchas maneras diferentes para hacer un mundo mejor y formar parte de \u00abla historia mejor\u00bb.<\/p>\n","protected":false},"excerpt":{"rendered":"<p>El nacimiento de un nuevo movimiento: ARC reuni\u00f3 a conservadores de todo el mundo para debatir c\u00f3mo combatir la negatividad del mundo y \u00abcontar una historia mejor\u00bb<\/p>\n","protected":false},"author":101,"featured_media":214374,"comment_status":"open","ping_status":"open","sticky":false,"template":"","format":"standard","meta":{"give_campaign_id":0,"om_disable_all_campaigns":false,"_monsterinsights_skip_tracking":false,"_monsterinsights_sitenote_active":false,"_monsterinsights_sitenote_note":"","_monsterinsights_sitenote_category":0,"mc4wp_mailchimp_campaign":[],"jnews-multi-image_gallery":[],"jnews_single_post":{"subtitle":"El nacimiento de un nuevo movimiento: ARC reuni\u00f3 a conservadores de todo el mundo para debatir c\u00f3mo combatir la negatividad del mundo y \"contar una historia mejor\"","format":"standard","video":"","gallery":"","source_name":"","source_url":"","via_name":"","via_url":"","override_template":"0","override":[{"template":"2","single_blog_custom":"","parallax":"1","fullscreen":"1","layout":"right-sidebar-narrow","sidebar":"default-sidebar","second_sidebar":"default-sidebar","sticky_sidebar":"1","share_position":"float","share_float_style":"share-normal","show_share_counter":"1","show_view_counter":"1","show_featured":"1","show_post_meta":"1","show_post_author":"1","show_post_author_image":"1","show_post_date":"1","post_date_format":"default","post_date_format_custom":"Y\/m\/d","show_post_category":"1","show_post_reading_time":"1","post_reading_time_wpm":"300","show_zoom_button":"0","zoom_button_out_step":"2","zoom_button_in_step":"3","show_post_tag":"1","show_prev_next_post":"0","show_popup_post":"0","number_popup_post":"1","show_author_box":"1","show_post_related":"0","show_inline_post_related":"0"}],"override_image_size":"0","image_override":[{"single_post_thumbnail_size":"crop-715","single_post_gallery_size":"crop-715"}],"trending_post":"0","trending_post_position":"meta","trending_post_label":"Trending","sponsored_post":"0","sponsored_post_label":"Sponsored by","sponsored_post_name":"","sponsored_post_url":"","sponsored_post_logo_enable":"0","sponsored_post_logo":"","sponsored_post_desc":"","disable_ad":"0"},"jnews_primary_category":{"id":"765","hide":""},"jnews_social_meta":{"fb_title":"","fb_description":"","fb_image":"","twitter_title":"","twitter_description":"","twitter_image":""},"jnews_override_counter":{"override_view_counter":"0","view_counter_number":"0","override_share_counter":"0","share_counter_number":"0","override_like_counter":"0","like_counter_number":"0","override_dislike_counter":"0","dislike_counter_number":"0"},"footnotes":""},"categories":[765,810,815],"tags":[28810,28809,7408,28812,13352,28804,28805,28806,27579,28807,28813,28808,28811,20763,28803],"class_list":["post-214394","post","type-post","status-publish","format-standard","has-post-thumbnail","hentry","category-cultura-es","category-foreground-es","category-breaking-news-es","tag-alianza-para-una-ciudadania-responsable","tag-arc-es","tag-conservadores","tag-democracia-liberal","tag-familia-es-2","tag-ideologia-es","tag-jordan-peterson-es-2","tag-kevin-mccarthy-es","tag-libertad-de-expresion-es-3","tag-libertad-de-expresion-es-4","tag-mercado-libre","tag-mike-johnson-es","tag-philippa-stroud-es","tag-politica-familiar","tag-ser-padres"],"yoast_head":"<!-- This site is optimized with the Yoast SEO Premium plugin v25.9 (Yoast SEO v27.3) - https:\/\/yoast.com\/product\/yoast-seo-premium-wordpress\/ -->\n<title>Conferencia ARC: Una nueva visi\u00f3n de futuro, una historia mejor para nuestros hijos - IFN<\/title>\n<meta name=\"description\" content=\"Se debati\u00f3 lo que es necesario renovar para construir una comunidad con gente llena de valor y fuerza para afrontar un futuro incierto\" \/>\n<meta name=\"robots\" content=\"index, follow, max-snippet:-1, max-image-preview:large, max-video-preview:-1\" \/>\n<link rel=\"canonical\" href=\"https:\/\/ifamnews.com\/es\/conferencia-arc-una-nueva-visi-n-de-futuro-una-historia-mejor-para-nuestros-hijos\" \/>\n<meta property=\"og:locale\" content=\"es_ES\" \/>\n<meta property=\"og:type\" content=\"article\" \/>\n<meta property=\"og:title\" content=\"Conferencia ARC: Una nueva visi\u00f3n de futuro, una historia mejor para nuestros hijos\" \/>\n<meta property=\"og:description\" content=\"Se debati\u00f3 lo que es necesario renovar para construir una comunidad con gente llena de valor y fuerza para afrontar un futuro incierto\" \/>\n<meta property=\"og:url\" content=\"https:\/\/ifamnews.com\/es\/conferencia-arc-una-nueva-visi-n-de-futuro-una-historia-mejor-para-nuestros-hijos\" \/>\n<meta property=\"og:site_name\" content=\"IFN\" \/>\n<meta property=\"article:publisher\" content=\"https:\/\/www.facebook.com\/iFamNews\" \/>\n<meta property=\"article:author\" content=\"https:\/\/facebook.com\/stajic.marija\" \/>\n<meta property=\"article:published_time\" content=\"2023-11-11T06:00:00+00:00\" \/>\n<meta property=\"og:image\" content=\"https:\/\/ifamnews.com\/wp-content\/uploads\/2023\/11\/ARC-London.jpg\" \/>\n\t<meta property=\"og:image:width\" content=\"1280\" \/>\n\t<meta property=\"og:image:height\" content=\"720\" \/>\n\t<meta property=\"og:image:type\" content=\"image\/jpeg\" \/>\n<meta name=\"author\" content=\"Marija Staji\u0107\" \/>\n<meta name=\"twitter:card\" content=\"summary_large_image\" \/>\n<meta name=\"twitter:creator\" content=\"@https:\/\/twitter.com\/NienorMaiden\" \/>\n<meta name=\"twitter:site\" content=\"@iFamNewsEN\" \/>\n<meta name=\"twitter:label1\" content=\"Escrito por\" \/>\n\t<meta name=\"twitter:data1\" content=\"Marija Staji\u0107\" \/>\n\t<meta name=\"twitter:label2\" content=\"Tiempo de lectura\" \/>\n\t<meta name=\"twitter:data2\" content=\"8 minutos\" \/>\n<!-- \/ Yoast SEO Premium plugin. -->","yoast_head_json":{"title":"Conferencia ARC: Una nueva visi\u00f3n de futuro, una historia mejor para nuestros hijos - IFN","description":"Se debati\u00f3 lo que es necesario renovar para construir una comunidad con gente llena de valor y fuerza para afrontar un futuro incierto","robots":{"index":"index","follow":"follow","max-snippet":"max-snippet:-1","max-image-preview":"max-image-preview:large","max-video-preview":"max-video-preview:-1"},"canonical":"https:\/\/ifamnews.com\/es\/conferencia-arc-una-nueva-visi-n-de-futuro-una-historia-mejor-para-nuestros-hijos","og_locale":"es_ES","og_type":"article","og_title":"Conferencia ARC: Una nueva visi\u00f3n de futuro, una historia mejor para nuestros hijos","og_description":"Se debati\u00f3 lo que es necesario renovar para construir una comunidad con gente llena de valor y fuerza para afrontar un futuro incierto","og_url":"https:\/\/ifamnews.com\/es\/conferencia-arc-una-nueva-visi-n-de-futuro-una-historia-mejor-para-nuestros-hijos","og_site_name":"IFN","article_publisher":"https:\/\/www.facebook.com\/iFamNews","article_author":"https:\/\/facebook.com\/stajic.marija","article_published_time":"2023-11-11T06:00:00+00:00","og_image":[{"width":1280,"height":720,"url":"https:\/\/ifamnews.com\/wp-content\/uploads\/2023\/11\/ARC-London.jpg","type":"image\/jpeg"}],"author":"Marija Staji\u0107","twitter_card":"summary_large_image","twitter_creator":"@https:\/\/twitter.com\/NienorMaiden","twitter_site":"@iFamNewsEN","twitter_misc":{"Escrito por":"Marija Staji\u0107","Tiempo de lectura":"8 minutos"},"schema":{"@context":"https:\/\/schema.org","@graph":[{"@type":"NewsArticle","@id":"https:\/\/ifamnews.com\/es\/conferencia-arc-una-nueva-visi-n-de-futuro-una-historia-mejor-para-nuestros-hijos#article","isPartOf":{"@id":"https:\/\/ifamnews.com\/es\/conferencia-arc-una-nueva-visi-n-de-futuro-una-historia-mejor-para-nuestros-hijos"},"author":{"name":"Marija Staji\u0107","@id":"https:\/\/ifamnews.com\/en\/#\/schema\/person\/ff55fd7a19a70d5e04f07bd82a306371"},"headline":"Conferencia ARC: Una nueva visi\u00f3n de futuro, una historia mejor para nuestros hijos","datePublished":"2023-11-11T06:00:00+00:00","mainEntityOfPage":{"@id":"https:\/\/ifamnews.com\/es\/conferencia-arc-una-nueva-visi-n-de-futuro-una-historia-mejor-para-nuestros-hijos"},"wordCount":1837,"commentCount":0,"publisher":{"@id":"https:\/\/ifamnews.com\/en\/#organization"},"image":{"@id":"https:\/\/ifamnews.com\/es\/conferencia-arc-una-nueva-visi-n-de-futuro-una-historia-mejor-para-nuestros-hijos#primaryimage"},"thumbnailUrl":"https:\/\/ifamnews.com\/wp-content\/uploads\/2023\/11\/ARC-London.jpg","keywords":["Alianza para una Ciudadan\u00eda Responsable","ARC","Conservadores","democracia liberal","familia","Ideolog\u00eda","jordan peterson","Kevin McCarthy","libertad de expresi\u00f3n","Libertad de expresi\u00f3n","mercado libre","Mike Johnson","Philippa Stroud","pol\u00edtica familiar","Ser padres"],"articleSection":["Cultura","Foreground","\u00daLTIMAS NOTICIAS"],"inLanguage":"es","potentialAction":[{"@type":"CommentAction","name":"Comment","target":["https:\/\/ifamnews.com\/es\/conferencia-arc-una-nueva-visi-n-de-futuro-una-historia-mejor-para-nuestros-hijos#respond"]}]},{"@type":"WebPage","@id":"https:\/\/ifamnews.com\/es\/conferencia-arc-una-nueva-visi-n-de-futuro-una-historia-mejor-para-nuestros-hijos","url":"https:\/\/ifamnews.com\/es\/conferencia-arc-una-nueva-visi-n-de-futuro-una-historia-mejor-para-nuestros-hijos","name":"Conferencia ARC: Una nueva visi\u00f3n de futuro, una historia mejor para nuestros hijos - IFN","isPartOf":{"@id":"https:\/\/ifamnews.com\/en\/#website"},"primaryImageOfPage":{"@id":"https:\/\/ifamnews.com\/es\/conferencia-arc-una-nueva-visi-n-de-futuro-una-historia-mejor-para-nuestros-hijos#primaryimage"},"image":{"@id":"https:\/\/ifamnews.com\/es\/conferencia-arc-una-nueva-visi-n-de-futuro-una-historia-mejor-para-nuestros-hijos#primaryimage"},"thumbnailUrl":"https:\/\/ifamnews.com\/wp-content\/uploads\/2023\/11\/ARC-London.jpg","datePublished":"2023-11-11T06:00:00+00:00","description":"Se debati\u00f3 lo que es necesario renovar para construir una comunidad con gente llena de valor y fuerza para afrontar un futuro incierto","breadcrumb":{"@id":"https:\/\/ifamnews.com\/es\/conferencia-arc-una-nueva-visi-n-de-futuro-una-historia-mejor-para-nuestros-hijos#breadcrumb"},"inLanguage":"es","potentialAction":[{"@type":"ReadAction","target":["https:\/\/ifamnews.com\/es\/conferencia-arc-una-nueva-visi-n-de-futuro-una-historia-mejor-para-nuestros-hijos"]}]},{"@type":"ImageObject","inLanguage":"es","@id":"https:\/\/ifamnews.com\/es\/conferencia-arc-una-nueva-visi-n-de-futuro-una-historia-mejor-para-nuestros-hijos#primaryimage","url":"https:\/\/ifamnews.com\/wp-content\/uploads\/2023\/11\/ARC-London.jpg","contentUrl":"https:\/\/ifamnews.com\/wp-content\/uploads\/2023\/11\/ARC-London.jpg","width":1280,"height":720},{"@type":"BreadcrumbList","@id":"https:\/\/ifamnews.com\/es\/conferencia-arc-una-nueva-visi-n-de-futuro-una-historia-mejor-para-nuestros-hijos#breadcrumb","itemListElement":[{"@type":"ListItem","position":1,"name":"Home","item":"https:\/\/ifamnews.com\/de"},{"@type":"ListItem","position":2,"name":"Politics","item":"https:\/\/ifamnews.com\/en\/category\/politics"},{"@type":"ListItem","position":3,"name":"Conferencia ARC: Una nueva visi\u00f3n de futuro, una historia mejor para nuestros hijos"}]},{"@type":"WebSite","@id":"https:\/\/ifamnews.com\/en\/#website","url":"https:\/\/ifamnews.com\/en\/","name":"IFN","description":"International Family News Network","publisher":{"@id":"https:\/\/ifamnews.com\/en\/#organization"},"potentialAction":[{"@type":"SearchAction","target":{"@type":"EntryPoint","urlTemplate":"https:\/\/ifamnews.com\/en\/?s={search_term_string}"},"query-input":{"@type":"PropertyValueSpecification","valueRequired":true,"valueName":"search_term_string"}}],"inLanguage":"es"},{"@type":"Organization","@id":"https:\/\/ifamnews.com\/en\/#organization","name":"iFamNews","url":"https:\/\/ifamnews.com\/en\/","logo":{"@type":"ImageObject","inLanguage":"es","@id":"https:\/\/ifamnews.com\/en\/#\/schema\/logo\/image\/","url":"https:\/\/ifamnews.com\/wp-content\/uploads\/2020\/01\/Share-logo.png","contentUrl":"https:\/\/ifamnews.com\/wp-content\/uploads\/2020\/01\/Share-logo.png","width":200,"height":200,"caption":"iFamNews"},"image":{"@id":"https:\/\/ifamnews.com\/en\/#\/schema\/logo\/image\/"},"sameAs":["https:\/\/www.facebook.com\/iFamNews","https:\/\/x.com\/iFamNewsEN"]},{"@type":"Person","@id":"https:\/\/ifamnews.com\/en\/#\/schema\/person\/ff55fd7a19a70d5e04f07bd82a306371","name":"Marija Staji\u0107","image":{"@type":"ImageObject","inLanguage":"es","@id":"https:\/\/secure.gravatar.com\/avatar\/2829a57bf52a9f1e1c978c15978600970b09b760c2a0057533c0e8598773eacf?s=96&d=mm&r=g","url":"https:\/\/secure.gravatar.com\/avatar\/2829a57bf52a9f1e1c978c15978600970b09b760c2a0057533c0e8598773eacf?s=96&d=mm&r=g","contentUrl":"https:\/\/secure.gravatar.com\/avatar\/2829a57bf52a9f1e1c978c15978600970b09b760c2a0057533c0e8598773eacf?s=96&d=mm&r=g","caption":"Marija Staji\u0107"},"description":"Marija Stajic is a co-editor of The Orthodox Christian Parent web portal, board member at Belgrade-based Pro-Life Centre charitable organisation, and member of the Serbian Scientific Centre. She holds an M.A. in English Language and Literature, and has extensive experience in translation and interpreting. She writes, edits and translates pieces on family-related and human rights issues, including freedom of speech, freedom of religion, and bioethical issues, such as abortion and euthanasia. Marija is the author of Roe v.Wade: social circumstances that led to the legalisation of abortion in the USA, the first published scientific paper in Serbia about the landmark SCOTUS decision. She is very passionate about women\u2019s reproductive health and is the first licenced FEMM educator in Serbia. She launched her personal website on fertility awareness Profemme.","sameAs":["https:\/\/facebook.com\/stajic.marija","https:\/\/x.com\/https:\/\/twitter.com\/NienorMaiden"],"url":"https:\/\/ifamnews.com\/es\/author\/marija-stajic"}]}},"amp_enabled":true,"_links":{"self":[{"href":"https:\/\/ifamnews.com\/es\/wp-json\/wp\/v2\/posts\/214394","targetHints":{"allow":["GET"]}}],"collection":[{"href":"https:\/\/ifamnews.com\/es\/wp-json\/wp\/v2\/posts"}],"about":[{"href":"https:\/\/ifamnews.com\/es\/wp-json\/wp\/v2\/types\/post"}],"author":[{"embeddable":true,"href":"https:\/\/ifamnews.com\/es\/wp-json\/wp\/v2\/users\/101"}],"replies":[{"embeddable":true,"href":"https:\/\/ifamnews.com\/es\/wp-json\/wp\/v2\/comments?post=214394"}],"version-history":[{"count":2,"href":"https:\/\/ifamnews.com\/es\/wp-json\/wp\/v2\/posts\/214394\/revisions"}],"predecessor-version":[{"id":214428,"href":"https:\/\/ifamnews.com\/es\/wp-json\/wp\/v2\/posts\/214394\/revisions\/214428"}],"wp:featuredmedia":[{"embeddable":true,"href":"https:\/\/ifamnews.com\/es\/wp-json\/wp\/v2\/media\/214374"}],"wp:attachment":[{"href":"https:\/\/ifamnews.com\/es\/wp-json\/wp\/v2\/media?parent=214394"}],"wp:term":[{"taxonomy":"category","embeddable":true,"href":"https:\/\/ifamnews.com\/es\/wp-json\/wp\/v2\/categories?post=214394"},{"taxonomy":"post_tag","embeddable":true,"href":"https:\/\/ifamnews.com\/es\/wp-json\/wp\/v2\/tags?post=214394"}],"curies":[{"name":"wp","href":"https:\/\/api.w.org\/{rel}","templated":true}]}}