{"id":214045,"date":"2023-11-02T01:00:00","date_gmt":"2023-11-02T05:00:00","guid":{"rendered":"https:\/\/ifamnews.com\/?p=214045"},"modified":"2023-11-01T13:22:40","modified_gmt":"2023-11-01T17:22:40","slug":"espa-a-denuncia-por-la-destrucci-n-de-la-cruz-de-san-l-zaro-de-sevilla","status":"publish","type":"post","link":"https:\/\/ifamnews.com\/es\/espa-a-denuncia-por-la-destrucci-n-de-la-cruz-de-san-l-zaro-de-sevilla","title":{"rendered":"Espa\u00f1a: Denuncia por la destrucci\u00f3n de la cruz de San L\u00e1zaro de Sevilla"},"content":{"rendered":"\n<p>La Fundaci\u00f3n Espa\u00f1ola de Abogados Cristianos presenta una denuncia ante el Juzgado de Instrucci\u00f3n de Sevilla contra los responsables de la destrucci\u00f3n de la cruz de San L\u00e1zaro, situada en la Plaza de Santa Marta de la capital hispalense.<\/p>\n\n\n\n<p>La organizaci\u00f3n de juristas considera que el o los responsables del ataque podr\u00edan haber incurrido en un delito contra el patrimonio hist\u00f3rico (art. 323.1 CP) con el agravante de discriminaci\u00f3n (art. 22.4 CP).<\/p>\n\n\n\n<p>Abogados cristianos solicita al juzgado que investigue tales delitos y solicita el enjuiciamiento y condena de los atacantes.<\/p>\n\n\n\n<p>Su presidenta, Polonia Castellanos, asegura que \u201clo tildan de vandalismo pero de nuevo el objeto del ataque es un <strong>monumento cristiano.<\/strong> Esto cada vez va a m\u00e1s. Los ataques a la libertad religiosa no pueden quedar impunes\u201d.&nbsp;<\/p>\n","protected":false},"excerpt":{"rendered":"<p>REMITIDO. La presidenta de Abogados Cristianos, Polonia Castellanos: \u201clo tildan de vandalismo pero de nuevo el objeto del ataque es un monumento cristiano. Esto cada vez va a m\u00e1s. Los ataques a la libertad religiosa no pueden quedar impunes\u201d<\/p>\n","protected":false},"author":963,"featured_media":214046,"comment_status":"open","ping_status":"open","sticky":false,"template":"","format":"standard","meta":{"give_campaign_id":0,"om_disable_all_campaigns":false,"_monsterinsights_skip_tracking":false,"_monsterinsights_sitenote_active":false,"_monsterinsights_sitenote_note":"","_monsterinsights_sitenote_category":0,"mc4wp_mailchimp_campaign":[],"jnews-multi-image_gallery":[],"jnews_single_post":{"subtitle":"REMITIDO. La presidenta de Abogados Cristianos, Polonia Castellanos: \u201clo tildan de vandalismo pero de nuevo el objeto del ataque es un monumento cristiano. Esto cada vez va a m\u00e1s. Los ataques a la libertad religiosa no pueden quedar impunes\u201d","format":"standard","video":"","gallery":"","source_name":"","source_url":"","via_name":"","via_url":"","override_template":"0","override":[{"template":"2","single_blog_custom":"","parallax":"1","fullscreen":"1","layout":"right-sidebar-narrow","sidebar":"default-sidebar","second_sidebar":"default-sidebar","sticky_sidebar":"1","share_position":"float","share_float_style":"share-normal","show_share_counter":"1","show_view_counter":"1","show_featured":"1","show_post_meta":"1","show_post_author":"1","show_post_author_image":"1","show_post_date":"1","post_date_format":"default","post_date_format_custom":"Y\/m\/d","show_post_category":"1","show_post_reading_time":"1","post_reading_time_wpm":"300","show_zoom_button":"0","zoom_button_out_step":"2","zoom_button_in_step":"3","show_post_tag":"1","show_prev_next_post":"0","show_popup_post":"0","number_popup_post":"1","show_author_box":"1","show_post_related":"0","show_inline_post_related":"0"}],"override_image_size":"0","image_override":[{"single_post_thumbnail_size":"crop-715","single_post_gallery_size":"crop-715"}],"trending_post":"0","trending_post_position":"meta","trending_post_label":"Trending","sponsored_post":"0","sponsored_post_label":"Sponsored by","sponsored_post_name":"","sponsored_post_url":"","sponsored_post_logo_enable":"0","sponsored_post_logo":"","sponsored_post_desc":"","disable_ad":"0"},"jnews_primary_category":{"id":"773","hide":""},"jnews_social_meta":{"fb_title":"","fb_description":"","fb_image":"","twitter_title":"","twitter_description":"","twitter_image":""},"jnews_override_counter":{"override_view_counter":"0","view_counter_number":"0","override_share_counter":"0","share_counter_number":"0","override_like_counter":"0","like_counter_number":"0","override_dislike_counter":"0","dislike_counter_number":"0"},"footnotes":""},"categories":[810,773,815],"tags":[12406,905,28724,24696],"class_list":["post-214045","post","type-post","status-publish","format-standard","has-post-thumbnail","hentry","category-foreground-es","category-politica","category-breaking-news-es","tag-abogados-cristianos","tag-espana","tag-liberrtad-religiosa","tag-vandalismo-es"],"yoast_head":"<!-- This site is optimized with the Yoast SEO Premium plugin v25.9 (Yoast SEO v27.3) - https:\/\/yoast.com\/product\/yoast-seo-premium-wordpress\/ -->\n<title>Espa\u00f1a: Denuncia por la destrucci\u00f3n de la cruz de San L\u00e1zaro de Sevilla - IFN<\/title>\n<meta name=\"description\" content=\"REMITIDO. Abogados Cristianos solicita al juzgado que investigue tales delitos y solicita el enjuiciamiento y condena de los atacantes\" \/>\n<meta name=\"robots\" content=\"index, follow, max-snippet:-1, max-image-preview:large, max-video-preview:-1\" \/>\n<link rel=\"canonical\" href=\"https:\/\/ifamnews.com\/es\/espa-a-denuncia-por-la-destrucci-n-de-la-cruz-de-san-l-zaro-de-sevilla\" \/>\n<meta property=\"og:locale\" content=\"es_ES\" \/>\n<meta property=\"og:type\" content=\"article\" \/>\n<meta property=\"og:title\" content=\"Espa\u00f1a: Denuncia por la destrucci\u00f3n de la cruz de San L\u00e1zaro de Sevilla\" \/>\n<meta property=\"og:description\" content=\"REMITIDO. Abogados Cristianos solicita al juzgado que investigue tales delitos y solicita el enjuiciamiento y condena de los atacantes\" \/>\n<meta property=\"og:url\" content=\"https:\/\/ifamnews.com\/es\/espa-a-denuncia-por-la-destrucci-n-de-la-cruz-de-san-l-zaro-de-sevilla\" \/>\n<meta property=\"og:site_name\" content=\"IFN\" \/>\n<meta property=\"article:publisher\" content=\"https:\/\/www.facebook.com\/iFamNews\" \/>\n<meta property=\"article:author\" content=\"https:\/\/www.facebook.com\/iFamNews\/\" \/>\n<meta property=\"article:published_time\" content=\"2023-11-02T05:00:00+00:00\" \/>\n<meta property=\"og:image\" content=\"https:\/\/ifamnews.com\/wp-content\/uploads\/2023\/11\/image-87.png\" \/>\n\t<meta property=\"og:image:width\" content=\"1200\" \/>\n\t<meta property=\"og:image:height\" content=\"675\" \/>\n\t<meta property=\"og:image:type\" content=\"image\/png\" \/>\n<meta name=\"author\" content=\"iFamNews Spain\" \/>\n<meta name=\"twitter:card\" content=\"summary_large_image\" \/>\n<meta name=\"twitter:creator\" content=\"@https:\/\/twitter.com\/iFamNewsES\" \/>\n<meta name=\"twitter:site\" content=\"@iFamNewsEN\" \/>\n<meta name=\"twitter:label1\" content=\"Escrito por\" \/>\n\t<meta name=\"twitter:data1\" content=\"iFamNews Spain\" \/>\n\t<meta name=\"twitter:label2\" content=\"Tiempo de lectura\" \/>\n\t<meta name=\"twitter:data2\" content=\"1 minuto\" \/>\n<!-- \/ Yoast SEO Premium plugin. -->","yoast_head_json":{"title":"Espa\u00f1a: Denuncia por la destrucci\u00f3n de la cruz de San L\u00e1zaro de Sevilla - IFN","description":"REMITIDO. Abogados Cristianos solicita al juzgado que investigue tales delitos y solicita el enjuiciamiento y condena de los atacantes","robots":{"index":"index","follow":"follow","max-snippet":"max-snippet:-1","max-image-preview":"max-image-preview:large","max-video-preview":"max-video-preview:-1"},"canonical":"https:\/\/ifamnews.com\/es\/espa-a-denuncia-por-la-destrucci-n-de-la-cruz-de-san-l-zaro-de-sevilla","og_locale":"es_ES","og_type":"article","og_title":"Espa\u00f1a: Denuncia por la destrucci\u00f3n de la cruz de San L\u00e1zaro de Sevilla","og_description":"REMITIDO. Abogados Cristianos solicita al juzgado que investigue tales delitos y solicita el enjuiciamiento y condena de los atacantes","og_url":"https:\/\/ifamnews.com\/es\/espa-a-denuncia-por-la-destrucci-n-de-la-cruz-de-san-l-zaro-de-sevilla","og_site_name":"IFN","article_publisher":"https:\/\/www.facebook.com\/iFamNews","article_author":"https:\/\/www.facebook.com\/iFamNews\/","article_published_time":"2023-11-02T05:00:00+00:00","og_image":[{"width":1200,"height":675,"url":"https:\/\/ifamnews.com\/wp-content\/uploads\/2023\/11\/image-87.png","type":"image\/png"}],"author":"iFamNews Spain","twitter_card":"summary_large_image","twitter_creator":"@https:\/\/twitter.com\/iFamNewsES","twitter_site":"@iFamNewsEN","twitter_misc":{"Escrito por":"iFamNews Spain","Tiempo de lectura":"1 minuto"},"schema":{"@context":"https:\/\/schema.org","@graph":[{"@type":"NewsArticle","@id":"https:\/\/ifamnews.com\/es\/espa-a-denuncia-por-la-destrucci-n-de-la-cruz-de-san-l-zaro-de-sevilla#article","isPartOf":{"@id":"https:\/\/ifamnews.com\/es\/espa-a-denuncia-por-la-destrucci-n-de-la-cruz-de-san-l-zaro-de-sevilla"},"author":{"name":"iFamNews Spain","@id":"https:\/\/ifamnews.com\/en\/#\/schema\/person\/f65a5bd5c004ecdde67fb9f0344ba660"},"headline":"Espa\u00f1a: Denuncia por la destrucci\u00f3n de la cruz de San L\u00e1zaro de Sevilla","datePublished":"2023-11-02T05:00:00+00:00","mainEntityOfPage":{"@id":"https:\/\/ifamnews.com\/es\/espa-a-denuncia-por-la-destrucci-n-de-la-cruz-de-san-l-zaro-de-sevilla"},"wordCount":152,"commentCount":0,"publisher":{"@id":"https:\/\/ifamnews.com\/en\/#organization"},"image":{"@id":"https:\/\/ifamnews.com\/es\/espa-a-denuncia-por-la-destrucci-n-de-la-cruz-de-san-l-zaro-de-sevilla#primaryimage"},"thumbnailUrl":"https:\/\/ifamnews.com\/wp-content\/uploads\/2023\/11\/image-87.png","keywords":["abogados cristianos","Espa\u00f1a","Liberrtad religiosa","vandalismo"],"articleSection":["Foreground","Pol\u00edtica","\u00daLTIMAS NOTICIAS"],"inLanguage":"es","potentialAction":[{"@type":"CommentAction","name":"Comment","target":["https:\/\/ifamnews.com\/es\/espa-a-denuncia-por-la-destrucci-n-de-la-cruz-de-san-l-zaro-de-sevilla#respond"]}]},{"@type":"WebPage","@id":"https:\/\/ifamnews.com\/es\/espa-a-denuncia-por-la-destrucci-n-de-la-cruz-de-san-l-zaro-de-sevilla","url":"https:\/\/ifamnews.com\/es\/espa-a-denuncia-por-la-destrucci-n-de-la-cruz-de-san-l-zaro-de-sevilla","name":"Espa\u00f1a: Denuncia por la destrucci\u00f3n de la cruz de San L\u00e1zaro de Sevilla - IFN","isPartOf":{"@id":"https:\/\/ifamnews.com\/en\/#website"},"primaryImageOfPage":{"@id":"https:\/\/ifamnews.com\/es\/espa-a-denuncia-por-la-destrucci-n-de-la-cruz-de-san-l-zaro-de-sevilla#primaryimage"},"image":{"@id":"https:\/\/ifamnews.com\/es\/espa-a-denuncia-por-la-destrucci-n-de-la-cruz-de-san-l-zaro-de-sevilla#primaryimage"},"thumbnailUrl":"https:\/\/ifamnews.com\/wp-content\/uploads\/2023\/11\/image-87.png","datePublished":"2023-11-02T05:00:00+00:00","description":"REMITIDO. Abogados Cristianos solicita al juzgado que investigue tales delitos y solicita el enjuiciamiento y condena de los atacantes","breadcrumb":{"@id":"https:\/\/ifamnews.com\/es\/espa-a-denuncia-por-la-destrucci-n-de-la-cruz-de-san-l-zaro-de-sevilla#breadcrumb"},"inLanguage":"es","potentialAction":[{"@type":"ReadAction","target":["https:\/\/ifamnews.com\/es\/espa-a-denuncia-por-la-destrucci-n-de-la-cruz-de-san-l-zaro-de-sevilla"]}]},{"@type":"ImageObject","inLanguage":"es","@id":"https:\/\/ifamnews.com\/es\/espa-a-denuncia-por-la-destrucci-n-de-la-cruz-de-san-l-zaro-de-sevilla#primaryimage","url":"https:\/\/ifamnews.com\/wp-content\/uploads\/2023\/11\/image-87.png","contentUrl":"https:\/\/ifamnews.com\/wp-content\/uploads\/2023\/11\/image-87.png","width":1200,"height":675},{"@type":"BreadcrumbList","@id":"https:\/\/ifamnews.com\/es\/espa-a-denuncia-por-la-destrucci-n-de-la-cruz-de-san-l-zaro-de-sevilla#breadcrumb","itemListElement":[{"@type":"ListItem","position":1,"name":"Home","item":"https:\/\/ifamnews.com\/de"},{"@type":"ListItem","position":2,"name":"Politics","item":"https:\/\/ifamnews.com\/en\/category\/politics"},{"@type":"ListItem","position":3,"name":"Espa\u00f1a: Denuncia por la destrucci\u00f3n de la cruz de San L\u00e1zaro de Sevilla"}]},{"@type":"WebSite","@id":"https:\/\/ifamnews.com\/en\/#website","url":"https:\/\/ifamnews.com\/en\/","name":"IFN","description":"International Family News Network","publisher":{"@id":"https:\/\/ifamnews.com\/en\/#organization"},"potentialAction":[{"@type":"SearchAction","target":{"@type":"EntryPoint","urlTemplate":"https:\/\/ifamnews.com\/en\/?s={search_term_string}"},"query-input":{"@type":"PropertyValueSpecification","valueRequired":true,"valueName":"search_term_string"}}],"inLanguage":"es"},{"@type":"Organization","@id":"https:\/\/ifamnews.com\/en\/#organization","name":"iFamNews","url":"https:\/\/ifamnews.com\/en\/","logo":{"@type":"ImageObject","inLanguage":"es","@id":"https:\/\/ifamnews.com\/en\/#\/schema\/logo\/image\/","url":"https:\/\/ifamnews.com\/wp-content\/uploads\/2020\/01\/Share-logo.png","contentUrl":"https:\/\/ifamnews.com\/wp-content\/uploads\/2020\/01\/Share-logo.png","width":200,"height":200,"caption":"iFamNews"},"image":{"@id":"https:\/\/ifamnews.com\/en\/#\/schema\/logo\/image\/"},"sameAs":["https:\/\/www.facebook.com\/iFamNews","https:\/\/x.com\/iFamNewsEN"]},{"@type":"Person","@id":"https:\/\/ifamnews.com\/en\/#\/schema\/person\/f65a5bd5c004ecdde67fb9f0344ba660","name":"iFamNews Spain","image":{"@type":"ImageObject","inLanguage":"es","@id":"https:\/\/secure.gravatar.com\/avatar\/5003240cb58aea51e193ae011d1569f3f8452b9369ac236c2826f05639bf542e?s=96&d=mm&r=g","url":"https:\/\/secure.gravatar.com\/avatar\/5003240cb58aea51e193ae011d1569f3f8452b9369ac236c2826f05639bf542e?s=96&d=mm&r=g","contentUrl":"https:\/\/secure.gravatar.com\/avatar\/5003240cb58aea51e193ae011d1569f3f8452b9369ac236c2826f05639bf542e?s=96&d=mm&r=g","caption":"iFamNews Spain"},"description":"Articles published by the Spanish iFamNews editorial team.","sameAs":["https:\/\/ifamnews.com\/es","https:\/\/www.facebook.com\/iFamNews\/","https:\/\/x.com\/https:\/\/twitter.com\/iFamNewsES","https:\/\/www.youtube.com\/channel\/UCMVyIt4z9BANW3d09kwfUpw"],"url":"https:\/\/ifamnews.com\/es\/author\/equipo-de-ifamnews"}]}},"amp_enabled":true,"_links":{"self":[{"href":"https:\/\/ifamnews.com\/es\/wp-json\/wp\/v2\/posts\/214045","targetHints":{"allow":["GET"]}}],"collection":[{"href":"https:\/\/ifamnews.com\/es\/wp-json\/wp\/v2\/posts"}],"about":[{"href":"https:\/\/ifamnews.com\/es\/wp-json\/wp\/v2\/types\/post"}],"author":[{"embeddable":true,"href":"https:\/\/ifamnews.com\/es\/wp-json\/wp\/v2\/users\/963"}],"replies":[{"embeddable":true,"href":"https:\/\/ifamnews.com\/es\/wp-json\/wp\/v2\/comments?post=214045"}],"version-history":[{"count":2,"href":"https:\/\/ifamnews.com\/es\/wp-json\/wp\/v2\/posts\/214045\/revisions"}],"predecessor-version":[{"id":214056,"href":"https:\/\/ifamnews.com\/es\/wp-json\/wp\/v2\/posts\/214045\/revisions\/214056"}],"wp:featuredmedia":[{"embeddable":true,"href":"https:\/\/ifamnews.com\/es\/wp-json\/wp\/v2\/media\/214046"}],"wp:attachment":[{"href":"https:\/\/ifamnews.com\/es\/wp-json\/wp\/v2\/media?parent=214045"}],"wp:term":[{"taxonomy":"category","embeddable":true,"href":"https:\/\/ifamnews.com\/es\/wp-json\/wp\/v2\/categories?post=214045"},{"taxonomy":"post_tag","embeddable":true,"href":"https:\/\/ifamnews.com\/es\/wp-json\/wp\/v2\/tags?post=214045"}],"curies":[{"name":"wp","href":"https:\/\/api.w.org\/{rel}","templated":true}]}}