{"id":207529,"date":"2023-08-12T01:00:00","date_gmt":"2023-08-12T05:00:00","guid":{"rendered":"https:\/\/ifamnews.com\/?p=207529"},"modified":"2023-08-07T19:31:03","modified_gmt":"2023-08-07T23:31:03","slug":"una-profesora-apoya-la-exposici-n-de-los-ni-os-a-material-expl-cito","status":"publish","type":"post","link":"https:\/\/ifamnews.com\/es\/una-profesora-apoya-la-exposici-n-de-los-ni-os-a-material-expl-cito","title":{"rendered":"Una profesora apoya la exposici\u00f3n de los ni\u00f1os a material expl\u00edcito"},"content":{"rendered":"\n<p>Katja Thieme, profesora asociada de la Universidad de Columbia Brit\u00e1nica, hizo unos pol\u00e9micos comentarios en los que suger\u00eda que los padres deber\u00edan exponer a sus hijos a \u00abpenes\u00bb y \u00abvulvas\u00bb de distintas edades con el fin de prepararlos para los encuentros con personas con confusi\u00f3n de g\u00e9nero en los espacios p\u00fablicos. <\/p>\n\n\n\n<p>Thieme public\u00f3 sus comentarios en la plataforma de medios sociales X (antes conocida como Twitter), afirmando que dejar que los ni\u00f1os vean esas partes del cuerpo de forma casual y normalizada es una excelente idea de crianza. A\u00f1adi\u00f3 adem\u00e1s que el mundo y los propios ni\u00f1os se lo agradecer\u00edan a los padres en el futuro.<\/p>\n\n\n\n<p>Las declaraciones de Thieme respond\u00edan a un post de Riley Gaines, una nadadora universitaria estadounidense que se ha manifestado en contra de la inclusi\u00f3n de varones biol\u00f3gicos, como William \u00abLia Thomas\u00bb, en los deportes femeninos. Gaines hab\u00eda compartido la historia de una chica de 16 a\u00f1os que, al parecer, fue expulsada del YMCA y expulsada de su equipo de nataci\u00f3n por oponerse a la presencia de un var\u00f3n desnudo en los vestuarios femeninos.<\/p>\n\n\n\n<p>Los comentarios del profesor han generado una gran controversia y cr\u00edticas. Exponer a los ni\u00f1os peque\u00f1os a material expl\u00edcito de esta manera es inapropiadamente destructivo. Hay que proteger a los ni\u00f1os de la degeneraci\u00f3n de la incansable campa\u00f1a de la izquierda para acabar con cualquier tipo de pureza e inocencia en la pr\u00f3xima generaci\u00f3n.<\/p>\n\n\n\n<p><\/p>\n","protected":false},"excerpt":{"rendered":"<p>Katja Thieme, profesora asociada de la Universidad de la Columbia Brit\u00e1nica, hizo unos comentarios controvertidos en los que suger\u00eda que los padres deber\u00edan exponer a sus hijos a \u00abpenes\u00bb y \u00abvulvas\u00bb de distintas edades con el fin de prepararlos para los encuentros con personas con confusi\u00f3n de g\u00e9nero en los espacios p\u00fablicos<\/p>\n","protected":false},"author":593,"featured_media":207515,"comment_status":"open","ping_status":"open","sticky":false,"template":"","format":"standard","meta":{"give_campaign_id":0,"om_disable_all_campaigns":false,"_monsterinsights_skip_tracking":false,"_monsterinsights_sitenote_active":false,"_monsterinsights_sitenote_note":"","_monsterinsights_sitenote_category":0,"mc4wp_mailchimp_campaign":[],"jnews-multi-image_gallery":[],"jnews_single_post":{"subtitle":"Afirma que dejar que los ni\u00f1os vean \"penes y bulbas\" de forma casual y normalizada es una excelente idea de crianza","format":"standard","video":"","gallery":"","source_name":"","source_url":"","via_name":"","via_url":"","override_template":"0","override":[{"template":"2","single_blog_custom":"","parallax":"1","fullscreen":"1","layout":"right-sidebar-narrow","sidebar":"default-sidebar","second_sidebar":"default-sidebar","sticky_sidebar":"1","share_position":"float","share_float_style":"share-normal","show_share_counter":"1","show_view_counter":"1","show_featured":"1","show_post_meta":"1","show_post_author":"1","show_post_author_image":"1","show_post_date":"1","post_date_format":"default","post_date_format_custom":"Y\/m\/d","show_post_category":"1","show_post_reading_time":"1","post_reading_time_wpm":"300","show_zoom_button":"0","zoom_button_out_step":"2","zoom_button_in_step":"3","show_post_tag":"1","show_prev_next_post":"0","show_popup_post":"0","number_popup_post":"1","show_author_box":"1","show_post_related":"0","show_inline_post_related":"0"}],"override_image_size":"0","image_override":[{"single_post_thumbnail_size":"crop-715","single_post_gallery_size":"crop-715"}],"trending_post":"0","trending_post_position":"meta","trending_post_label":"Trending","sponsored_post":"0","sponsored_post_label":"Sponsored by","sponsored_post_name":"","sponsored_post_url":"","sponsored_post_logo_enable":"0","sponsored_post_logo":"","sponsored_post_desc":"","disable_ad":"0"},"jnews_primary_category":{"id":"773","hide":""},"jnews_social_meta":{"fb_title":"","fb_description":"","fb_image":"","twitter_title":"","twitter_description":"","twitter_image":""},"jnews_override_counter":{"override_view_counter":"0","view_counter_number":"0","override_share_counter":"0","share_counter_number":"0","override_like_counter":"0","like_counter_number":"0","override_dislike_counter":"0","dislike_counter_number":"0"},"footnotes":""},"categories":[810,773,815],"tags":[11066,12149,27983,21724,7267],"class_list":["post-207529","post","type-post","status-publish","format-standard","has-post-thumbnail","hentry","category-foreground-es","category-politica","category-breaking-news-es","tag-ideologia-lgbt","tag-lgbt-es-5","tag-profesora","tag-sexualizacion-de-los-ninos","tag-transgenderism-es"],"yoast_head":"<!-- This site is optimized with the Yoast SEO Premium plugin v25.9 (Yoast SEO v27.3) - https:\/\/yoast.com\/product\/yoast-seo-premium-wordpress\/ -->\n<title>Una profesora apoya la exposici\u00f3n de los ni\u00f1os a material expl\u00edcito - IFN<\/title>\n<meta name=\"description\" content=\"Hay que proteger a los ni\u00f1os de la degeneraci\u00f3n de la incansable campa\u00f1a de la izquierda para acabar con cualquier tipo de pureza e inocencia\" \/>\n<meta name=\"robots\" content=\"index, follow, max-snippet:-1, max-image-preview:large, max-video-preview:-1\" \/>\n<link rel=\"canonical\" href=\"https:\/\/ifamnews.com\/es\/una-profesora-apoya-la-exposici-n-de-los-ni-os-a-material-expl-cito\" \/>\n<meta property=\"og:locale\" content=\"es_ES\" \/>\n<meta property=\"og:type\" content=\"article\" \/>\n<meta property=\"og:title\" content=\"Una profesora apoya la exposici\u00f3n de los ni\u00f1os a material expl\u00edcito\" \/>\n<meta property=\"og:description\" content=\"Hay que proteger a los ni\u00f1os de la degeneraci\u00f3n de la incansable campa\u00f1a de la izquierda para acabar con cualquier tipo de pureza e inocencia\" \/>\n<meta property=\"og:url\" content=\"https:\/\/ifamnews.com\/es\/una-profesora-apoya-la-exposici-n-de-los-ni-os-a-material-expl-cito\" \/>\n<meta property=\"og:site_name\" content=\"IFN\" \/>\n<meta property=\"article:publisher\" content=\"https:\/\/www.facebook.com\/iFamNews\" \/>\n<meta property=\"article:author\" content=\"https:\/\/www.facebook.com\/iFamNews\/\" \/>\n<meta property=\"article:published_time\" content=\"2023-08-12T05:00:00+00:00\" \/>\n<meta property=\"og:image\" content=\"https:\/\/ifamnews.com\/wp-content\/uploads\/2023\/08\/Untitled-design-2023-08-04T154352.482.png\" \/>\n\t<meta property=\"og:image:width\" content=\"1200\" \/>\n\t<meta property=\"og:image:height\" content=\"675\" \/>\n\t<meta property=\"og:image:type\" content=\"image\/png\" \/>\n<meta name=\"author\" content=\"IFN English\" \/>\n<meta name=\"twitter:card\" content=\"summary_large_image\" \/>\n<meta name=\"twitter:creator\" content=\"@https:\/\/twitter.com\/iFamNewsEN\" \/>\n<meta name=\"twitter:site\" content=\"@iFamNewsEN\" \/>\n<meta name=\"twitter:label1\" content=\"Escrito por\" \/>\n\t<meta name=\"twitter:data1\" content=\"iFamNews\" \/>\n\t<meta name=\"twitter:label2\" content=\"Tiempo de lectura\" \/>\n\t<meta name=\"twitter:data2\" content=\"2 minutos\" \/>\n<!-- \/ Yoast SEO Premium plugin. -->","yoast_head_json":{"title":"Una profesora apoya la exposici\u00f3n de los ni\u00f1os a material expl\u00edcito - IFN","description":"Hay que proteger a los ni\u00f1os de la degeneraci\u00f3n de la incansable campa\u00f1a de la izquierda para acabar con cualquier tipo de pureza e inocencia","robots":{"index":"index","follow":"follow","max-snippet":"max-snippet:-1","max-image-preview":"max-image-preview:large","max-video-preview":"max-video-preview:-1"},"canonical":"https:\/\/ifamnews.com\/es\/una-profesora-apoya-la-exposici-n-de-los-ni-os-a-material-expl-cito","og_locale":"es_ES","og_type":"article","og_title":"Una profesora apoya la exposici\u00f3n de los ni\u00f1os a material expl\u00edcito","og_description":"Hay que proteger a los ni\u00f1os de la degeneraci\u00f3n de la incansable campa\u00f1a de la izquierda para acabar con cualquier tipo de pureza e inocencia","og_url":"https:\/\/ifamnews.com\/es\/una-profesora-apoya-la-exposici-n-de-los-ni-os-a-material-expl-cito","og_site_name":"IFN","article_publisher":"https:\/\/www.facebook.com\/iFamNews","article_author":"https:\/\/www.facebook.com\/iFamNews\/","article_published_time":"2023-08-12T05:00:00+00:00","og_image":[{"width":1200,"height":675,"url":"https:\/\/ifamnews.com\/wp-content\/uploads\/2023\/08\/Untitled-design-2023-08-04T154352.482.png","type":"image\/png"}],"author":"IFN English","twitter_card":"summary_large_image","twitter_creator":"@https:\/\/twitter.com\/iFamNewsEN","twitter_site":"@iFamNewsEN","twitter_misc":{"Escrito por":"iFamNews","Tiempo de lectura":"2 minutos"},"schema":{"@context":"https:\/\/schema.org","@graph":[{"@type":"NewsArticle","@id":"https:\/\/ifamnews.com\/es\/una-profesora-apoya-la-exposici-n-de-los-ni-os-a-material-expl-cito#article","isPartOf":{"@id":"https:\/\/ifamnews.com\/es\/una-profesora-apoya-la-exposici-n-de-los-ni-os-a-material-expl-cito"},"author":{"name":"IFN English","@id":"https:\/\/ifamnews.com\/en\/#\/schema\/person\/633bdb7ac2496c9b9304ce62d071cdfa"},"headline":"Una profesora apoya la exposici\u00f3n de los ni\u00f1os a material expl\u00edcito","datePublished":"2023-08-12T05:00:00+00:00","mainEntityOfPage":{"@id":"https:\/\/ifamnews.com\/es\/una-profesora-apoya-la-exposici-n-de-los-ni-os-a-material-expl-cito"},"wordCount":274,"commentCount":0,"publisher":{"@id":"https:\/\/ifamnews.com\/en\/#organization"},"image":{"@id":"https:\/\/ifamnews.com\/es\/una-profesora-apoya-la-exposici-n-de-los-ni-os-a-material-expl-cito#primaryimage"},"thumbnailUrl":"https:\/\/ifamnews.com\/wp-content\/uploads\/2023\/08\/Untitled-design-2023-08-04T154352.482.png","keywords":["Ideolog\u00eda LGBT","LGBT+","profesora","sexualizaci\u00f3n de los ni\u00f1os","Transgenderism"],"articleSection":["Foreground","Pol\u00edtica","\u00daLTIMAS NOTICIAS"],"inLanguage":"es","potentialAction":[{"@type":"CommentAction","name":"Comment","target":["https:\/\/ifamnews.com\/es\/una-profesora-apoya-la-exposici-n-de-los-ni-os-a-material-expl-cito#respond"]}]},{"@type":"WebPage","@id":"https:\/\/ifamnews.com\/es\/una-profesora-apoya-la-exposici-n-de-los-ni-os-a-material-expl-cito","url":"https:\/\/ifamnews.com\/es\/una-profesora-apoya-la-exposici-n-de-los-ni-os-a-material-expl-cito","name":"Una profesora apoya la exposici\u00f3n de los ni\u00f1os a material expl\u00edcito - IFN","isPartOf":{"@id":"https:\/\/ifamnews.com\/en\/#website"},"primaryImageOfPage":{"@id":"https:\/\/ifamnews.com\/es\/una-profesora-apoya-la-exposici-n-de-los-ni-os-a-material-expl-cito#primaryimage"},"image":{"@id":"https:\/\/ifamnews.com\/es\/una-profesora-apoya-la-exposici-n-de-los-ni-os-a-material-expl-cito#primaryimage"},"thumbnailUrl":"https:\/\/ifamnews.com\/wp-content\/uploads\/2023\/08\/Untitled-design-2023-08-04T154352.482.png","datePublished":"2023-08-12T05:00:00+00:00","description":"Hay que proteger a los ni\u00f1os de la degeneraci\u00f3n de la incansable campa\u00f1a de la izquierda para acabar con cualquier tipo de pureza e inocencia","breadcrumb":{"@id":"https:\/\/ifamnews.com\/es\/una-profesora-apoya-la-exposici-n-de-los-ni-os-a-material-expl-cito#breadcrumb"},"inLanguage":"es","potentialAction":[{"@type":"ReadAction","target":["https:\/\/ifamnews.com\/es\/una-profesora-apoya-la-exposici-n-de-los-ni-os-a-material-expl-cito"]}]},{"@type":"ImageObject","inLanguage":"es","@id":"https:\/\/ifamnews.com\/es\/una-profesora-apoya-la-exposici-n-de-los-ni-os-a-material-expl-cito#primaryimage","url":"https:\/\/ifamnews.com\/wp-content\/uploads\/2023\/08\/Untitled-design-2023-08-04T154352.482.png","contentUrl":"https:\/\/ifamnews.com\/wp-content\/uploads\/2023\/08\/Untitled-design-2023-08-04T154352.482.png","width":1200,"height":675},{"@type":"BreadcrumbList","@id":"https:\/\/ifamnews.com\/es\/una-profesora-apoya-la-exposici-n-de-los-ni-os-a-material-expl-cito#breadcrumb","itemListElement":[{"@type":"ListItem","position":1,"name":"Home","item":"https:\/\/ifamnews.com\/de"},{"@type":"ListItem","position":2,"name":"Politics","item":"https:\/\/ifamnews.com\/en\/category\/politics"},{"@type":"ListItem","position":3,"name":"Una profesora apoya la exposici\u00f3n de los ni\u00f1os a material expl\u00edcito"}]},{"@type":"WebSite","@id":"https:\/\/ifamnews.com\/en\/#website","url":"https:\/\/ifamnews.com\/en\/","name":"IFN","description":"International Family News Network","publisher":{"@id":"https:\/\/ifamnews.com\/en\/#organization"},"potentialAction":[{"@type":"SearchAction","target":{"@type":"EntryPoint","urlTemplate":"https:\/\/ifamnews.com\/en\/?s={search_term_string}"},"query-input":{"@type":"PropertyValueSpecification","valueRequired":true,"valueName":"search_term_string"}}],"inLanguage":"es"},{"@type":"Organization","@id":"https:\/\/ifamnews.com\/en\/#organization","name":"iFamNews","url":"https:\/\/ifamnews.com\/en\/","logo":{"@type":"ImageObject","inLanguage":"es","@id":"https:\/\/ifamnews.com\/en\/#\/schema\/logo\/image\/","url":"https:\/\/ifamnews.com\/wp-content\/uploads\/2020\/01\/Share-logo.png","contentUrl":"https:\/\/ifamnews.com\/wp-content\/uploads\/2020\/01\/Share-logo.png","width":200,"height":200,"caption":"iFamNews"},"image":{"@id":"https:\/\/ifamnews.com\/en\/#\/schema\/logo\/image\/"},"sameAs":["https:\/\/www.facebook.com\/iFamNews","https:\/\/x.com\/iFamNewsEN"]},{"@type":"Person","@id":"https:\/\/ifamnews.com\/en\/#\/schema\/person\/633bdb7ac2496c9b9304ce62d071cdfa","name":"IFN English","image":{"@type":"ImageObject","inLanguage":"es","@id":"https:\/\/secure.gravatar.com\/avatar\/6f16ce95b558ae6f6eb9ae2f68122482a2c61696af2a8fc343c2e10f981a959d?s=96&d=mm&r=g","url":"https:\/\/secure.gravatar.com\/avatar\/6f16ce95b558ae6f6eb9ae2f68122482a2c61696af2a8fc343c2e10f981a959d?s=96&d=mm&r=g","contentUrl":"https:\/\/secure.gravatar.com\/avatar\/6f16ce95b558ae6f6eb9ae2f68122482a2c61696af2a8fc343c2e10f981a959d?s=96&d=mm&r=g","caption":"IFN English"},"description":"Articles published by the English iFamNews editorial team.","sameAs":["https:\/\/ifamnews.com\/en","https:\/\/www.facebook.com\/iFamNews\/","https:\/\/x.com\/https:\/\/twitter.com\/iFamNewsEN","https:\/\/www.youtube.com\/channel\/UCMVyIt4z9BANW3d09kwfUpw"],"url":"https:\/\/ifamnews.com\/es\/author\/ifamnews-staff"}]}},"amp_enabled":true,"_links":{"self":[{"href":"https:\/\/ifamnews.com\/es\/wp-json\/wp\/v2\/posts\/207529","targetHints":{"allow":["GET"]}}],"collection":[{"href":"https:\/\/ifamnews.com\/es\/wp-json\/wp\/v2\/posts"}],"about":[{"href":"https:\/\/ifamnews.com\/es\/wp-json\/wp\/v2\/types\/post"}],"author":[{"embeddable":true,"href":"https:\/\/ifamnews.com\/es\/wp-json\/wp\/v2\/users\/593"}],"replies":[{"embeddable":true,"href":"https:\/\/ifamnews.com\/es\/wp-json\/wp\/v2\/comments?post=207529"}],"version-history":[{"count":3,"href":"https:\/\/ifamnews.com\/es\/wp-json\/wp\/v2\/posts\/207529\/revisions"}],"predecessor-version":[{"id":207860,"href":"https:\/\/ifamnews.com\/es\/wp-json\/wp\/v2\/posts\/207529\/revisions\/207860"}],"wp:featuredmedia":[{"embeddable":true,"href":"https:\/\/ifamnews.com\/es\/wp-json\/wp\/v2\/media\/207515"}],"wp:attachment":[{"href":"https:\/\/ifamnews.com\/es\/wp-json\/wp\/v2\/media?parent=207529"}],"wp:term":[{"taxonomy":"category","embeddable":true,"href":"https:\/\/ifamnews.com\/es\/wp-json\/wp\/v2\/categories?post=207529"},{"taxonomy":"post_tag","embeddable":true,"href":"https:\/\/ifamnews.com\/es\/wp-json\/wp\/v2\/tags?post=207529"}],"curies":[{"name":"wp","href":"https:\/\/api.w.org\/{rel}","templated":true}]}}