{"id":206014,"date":"2023-11-13T01:00:00","date_gmt":"2023-11-13T06:00:00","guid":{"rendered":"https:\/\/ifamnews.com\/?p=206014"},"modified":"2023-11-08T05:30:43","modified_gmt":"2023-11-08T10:30:43","slug":"la-oscura-historia-de-las-esterilizaciones-forzosas-en-jap-n-bajo-las-antiguas-leyes-eugen-sicas","status":"publish","type":"post","link":"https:\/\/ifamnews.com\/es\/la-oscura-historia-de-las-esterilizaciones-forzosas-en-jap-n-bajo-las-antiguas-leyes-eugen-sicas","title":{"rendered":"La oscura historia de las esterilizaciones forzosas en Jap\u00f3n bajo las antiguas leyes eugen\u00e9sicas"},"content":{"rendered":"<p>Un reciente informe parlamentario de Jap\u00f3n ha sacado a la luz la oscura historia de las antiguas leyes eugen\u00e9sicas del pa\u00eds, revelando que unas 25.000 personas fueron sometidas a esterilizaciones forzosas, la mayor\u00eda de las cuales no dieron su consentimiento.<\/p>\n<p>Sorprendentemente, algunas de las v\u00edctimas eran ni\u00f1os de tan s\u00f3lo nueve a\u00f1os, que cre\u00edan estar recibiendo un tratamiento m\u00e9dico leg\u00edtimo.<\/p>\n<p>Las leyes eugen\u00e9sicas se promulgaron entre 1948 y 1966 y ten\u00edan como objetivo a las personas con discapacidad intelectual, enfermedades mentales o trastornos hereditarios, ya que el gobierno pretend\u00eda evitar el nacimiento de lo que consideraba ni\u00f1os \u00abinferiores\u00bb.<\/p>\n<p>Estas leyes tambi\u00e9n fueron impulsadas por el deseo de combatir la escasez de alimentos tras la Segunda Guerra Mundial reduciendo las tasas de poblaci\u00f3n. Aunque la legislaci\u00f3n finaliz\u00f3 en 1966, la propaganda eugen\u00e9sica sigui\u00f3 circulando, y un libro de texto de bachillerato de los a\u00f1os setenta todav\u00eda pregonaba los esfuerzos del gobierno por mejorar la predisposici\u00f3n gen\u00e9tica del p\u00fablico.<\/p>\n<p>Un informe anterior, realizado hace varios a\u00f1os, arroj\u00f3 luz sobre casos en los que se coaccionaba a personas sordas para que se sometieran a abortos y esterilizaciones, aunque el n\u00famero de afectados era significativamente menor en aquel momento.<\/p>\n<p>El reciente informe reconoce la asombrosa magnitud del problema, con 25.000 v\u00edctimas que han denunciado.<br \/>\nEn respuesta a las revelaciones, el Secretario Jefe del Gabinete, Hirokazu Matsuno, emiti\u00f3 una disculpa p\u00fablica en nombre del gobierno japon\u00e9s.<\/p>\n<p>En 2019 se aprob\u00f3 una ley para indemnizar a las v\u00edctimas, con una cantidad fija de 3,2 millones de yenes (aproximadamente 22.000 d\u00f3lares) por persona. Sin embargo, algunos sostienen que esta suma es insuficiente y se pide que se reexamine la ley de indemnizaciones para ofrecer una reparaci\u00f3n justa.<\/p>\n<p>Aunque el informe ha sido elogiado, los abogados que representan a las v\u00edctimas afirman que a\u00fan quedan preguntas sin respuesta por parte del gobierno. Hacen hincapi\u00e9 en la necesidad de transparencia y comprensi\u00f3n global, e instan al poder legislativo a abordar las razones que subyacen a la creaci\u00f3n de la ley, el importante retraso en su modificaci\u00f3n y la falta de compensaci\u00f3n para las v\u00edctimas.<\/p>\n<p>Una v\u00edctima an\u00f3nima, que ahora tiene 80 a\u00f1os y fue esterilizada a los 14, expres\u00f3 su esperanza de que el gobierno se tomara en serio su sufrimiento y tratara el tema con transparencia en lugar de ocultarlo.<\/p>\n<p>El informe supone un paso importante hacia el reconocimiento de las atrocidades cometidas al amparo de las leyes de eugenesia, pero a\u00fan queda mucho trabajo por hacer para garantizar la justicia y evitar que una tragedia as\u00ed vuelva a repetirse.<\/p>\n","protected":false},"excerpt":{"rendered":"<p>Un reciente informe parlamentario de Jap\u00f3n ha sacado a la luz la oscura historia de las antiguas leyes de eugenesia del pa\u00eds, revelando que alrededor de 25.000 personas fueron sometidas a esterilizaciones forzosas, la mayor\u00eda de las cuales no dieron su consentimiento<\/p>\n","protected":false},"author":593,"featured_media":205954,"comment_status":"open","ping_status":"open","sticky":false,"template":"","format":"standard","meta":{"give_campaign_id":0,"om_disable_all_campaigns":false,"_monsterinsights_skip_tracking":false,"_monsterinsights_sitenote_active":false,"_monsterinsights_sitenote_note":"","_monsterinsights_sitenote_category":0,"mc4wp_mailchimp_campaign":[],"jnews-multi-image_gallery":[],"jnews_single_post":{"subtitle":"Las leyes eugen\u00e9sicas se promulgaron entre 1948 y 1966 y ten\u00edan como objetivo a las personas con discapacidad intelectual, enfermedades mentales o trastornos hereditarios, ya que el gobierno pretend\u00eda evitar el nacimiento de lo que consideraba ni\u00f1os \"inferiores\"","format":"standard","video":"","gallery":"","source_name":"","source_url":"","via_name":"","via_url":"","override_template":"0","override":[{"template":"2","single_blog_custom":"","parallax":"1","fullscreen":"1","layout":"right-sidebar-narrow","sidebar":"default-sidebar","second_sidebar":"default-sidebar","sticky_sidebar":"1","share_position":"float","share_float_style":"share-normal","show_share_counter":"1","show_view_counter":"1","show_featured":"1","show_post_meta":"1","show_post_author":"1","show_post_author_image":"1","show_post_date":"1","post_date_format":"default","post_date_format_custom":"Y\/m\/d","show_post_category":"1","show_post_reading_time":"1","post_reading_time_wpm":"300","show_zoom_button":"0","zoom_button_out_step":"2","zoom_button_in_step":"3","show_post_tag":"1","show_prev_next_post":"0","show_popup_post":"0","number_popup_post":"1","show_author_box":"1","show_post_related":"0","show_inline_post_related":"0"}],"override_image_size":"0","image_override":[{"single_post_thumbnail_size":"crop-715","single_post_gallery_size":"crop-715"}],"trending_post":"0","trending_post_position":"meta","trending_post_label":"Trending","sponsored_post":"0","sponsored_post_label":"Sponsored by","sponsored_post_name":"","sponsored_post_url":"","sponsored_post_logo_enable":"0","sponsored_post_logo":"","sponsored_post_desc":"","disable_ad":"0"},"jnews_primary_category":{"id":"818","hide":""},"jnews_social_meta":{"fb_title":"","fb_description":"","fb_image":"","twitter_title":"","twitter_description":"","twitter_image":""},"jnews_override_counter":{"override_view_counter":"0","view_counter_number":"0","override_share_counter":"0","share_counter_number":"0","override_like_counter":"0","like_counter_number":"0","override_dislike_counter":"0","dislike_counter_number":"0"},"footnotes":""},"categories":[810,815,818],"tags":[831,28769,4960,14689],"class_list":["post-206014","post","type-post","status-publish","format-standard","has-post-thumbnail","hentry","category-foreground-es","category-breaking-news-es","category-vida","tag-aborto-2","tag-esterizacion","tag-eugenesia","tag-japon-es"],"yoast_head":"<!-- This site is optimized with the Yoast SEO Premium plugin v25.9 (Yoast SEO v27.3) - https:\/\/yoast.com\/product\/yoast-seo-premium-wordpress\/ -->\n<title>La oscura historia de las esterilizaciones forzosas en Jap\u00f3n bajo las antiguas leyes eugen\u00e9sicas - IFN<\/title>\n<meta name=\"description\" content=\"Sorprendentemente, algunas de las v\u00edctimas eran ni\u00f1os de tan s\u00f3lo nueve a\u00f1os, que cre\u00edan estar recibiendo un tratamiento m\u00e9dico leg\u00edtimo\" \/>\n<meta name=\"robots\" content=\"index, follow, max-snippet:-1, max-image-preview:large, max-video-preview:-1\" \/>\n<link rel=\"canonical\" href=\"https:\/\/ifamnews.com\/es\/la-oscura-historia-de-las-esterilizaciones-forzosas-en-jap-n-bajo-las-antiguas-leyes-eugen-sicas\" \/>\n<meta property=\"og:locale\" content=\"es_ES\" \/>\n<meta property=\"og:type\" content=\"article\" \/>\n<meta property=\"og:title\" content=\"La oscura historia de las esterilizaciones forzosas en Jap\u00f3n bajo las antiguas leyes eugen\u00e9sicas\" \/>\n<meta property=\"og:description\" content=\"Sorprendentemente, algunas de las v\u00edctimas eran ni\u00f1os de tan s\u00f3lo nueve a\u00f1os, que cre\u00edan estar recibiendo un tratamiento m\u00e9dico leg\u00edtimo\" \/>\n<meta property=\"og:url\" content=\"https:\/\/ifamnews.com\/es\/la-oscura-historia-de-las-esterilizaciones-forzosas-en-jap-n-bajo-las-antiguas-leyes-eugen-sicas\" \/>\n<meta property=\"og:site_name\" content=\"IFN\" \/>\n<meta property=\"article:publisher\" content=\"https:\/\/www.facebook.com\/iFamNews\" \/>\n<meta property=\"article:author\" content=\"https:\/\/www.facebook.com\/iFamNews\/\" \/>\n<meta property=\"article:published_time\" content=\"2023-11-13T06:00:00+00:00\" \/>\n<meta property=\"og:image\" content=\"https:\/\/ifamnews.com\/wp-content\/uploads\/2023\/07\/Untitled-design-2023-07-25T092730.007.png\" \/>\n\t<meta property=\"og:image:width\" content=\"1200\" \/>\n\t<meta property=\"og:image:height\" content=\"675\" \/>\n\t<meta property=\"og:image:type\" content=\"image\/png\" \/>\n<meta name=\"author\" content=\"IFN English\" \/>\n<meta name=\"twitter:card\" content=\"summary_large_image\" \/>\n<meta name=\"twitter:creator\" content=\"@https:\/\/twitter.com\/iFamNewsEN\" \/>\n<meta name=\"twitter:site\" content=\"@iFamNewsEN\" \/>\n<meta name=\"twitter:label1\" content=\"Escrito por\" \/>\n\t<meta name=\"twitter:data1\" content=\"iFamNews\" \/>\n\t<meta name=\"twitter:label2\" content=\"Tiempo de lectura\" \/>\n\t<meta name=\"twitter:data2\" content=\"2 minutos\" \/>\n<!-- \/ Yoast SEO Premium plugin. -->","yoast_head_json":{"title":"La oscura historia de las esterilizaciones forzosas en Jap\u00f3n bajo las antiguas leyes eugen\u00e9sicas - IFN","description":"Sorprendentemente, algunas de las v\u00edctimas eran ni\u00f1os de tan s\u00f3lo nueve a\u00f1os, que cre\u00edan estar recibiendo un tratamiento m\u00e9dico leg\u00edtimo","robots":{"index":"index","follow":"follow","max-snippet":"max-snippet:-1","max-image-preview":"max-image-preview:large","max-video-preview":"max-video-preview:-1"},"canonical":"https:\/\/ifamnews.com\/es\/la-oscura-historia-de-las-esterilizaciones-forzosas-en-jap-n-bajo-las-antiguas-leyes-eugen-sicas","og_locale":"es_ES","og_type":"article","og_title":"La oscura historia de las esterilizaciones forzosas en Jap\u00f3n bajo las antiguas leyes eugen\u00e9sicas","og_description":"Sorprendentemente, algunas de las v\u00edctimas eran ni\u00f1os de tan s\u00f3lo nueve a\u00f1os, que cre\u00edan estar recibiendo un tratamiento m\u00e9dico leg\u00edtimo","og_url":"https:\/\/ifamnews.com\/es\/la-oscura-historia-de-las-esterilizaciones-forzosas-en-jap-n-bajo-las-antiguas-leyes-eugen-sicas","og_site_name":"IFN","article_publisher":"https:\/\/www.facebook.com\/iFamNews","article_author":"https:\/\/www.facebook.com\/iFamNews\/","article_published_time":"2023-11-13T06:00:00+00:00","og_image":[{"width":1200,"height":675,"url":"https:\/\/ifamnews.com\/wp-content\/uploads\/2023\/07\/Untitled-design-2023-07-25T092730.007.png","type":"image\/png"}],"author":"IFN English","twitter_card":"summary_large_image","twitter_creator":"@https:\/\/twitter.com\/iFamNewsEN","twitter_site":"@iFamNewsEN","twitter_misc":{"Escrito por":"iFamNews","Tiempo de lectura":"2 minutos"},"schema":{"@context":"https:\/\/schema.org","@graph":[{"@type":"NewsArticle","@id":"https:\/\/ifamnews.com\/es\/la-oscura-historia-de-las-esterilizaciones-forzosas-en-jap-n-bajo-las-antiguas-leyes-eugen-sicas#article","isPartOf":{"@id":"https:\/\/ifamnews.com\/es\/la-oscura-historia-de-las-esterilizaciones-forzosas-en-jap-n-bajo-las-antiguas-leyes-eugen-sicas"},"author":{"name":"IFN English","@id":"https:\/\/ifamnews.com\/en\/#\/schema\/person\/633bdb7ac2496c9b9304ce62d071cdfa"},"headline":"La oscura historia de las esterilizaciones forzosas en Jap\u00f3n bajo las antiguas leyes eugen\u00e9sicas","datePublished":"2023-11-13T06:00:00+00:00","mainEntityOfPage":{"@id":"https:\/\/ifamnews.com\/es\/la-oscura-historia-de-las-esterilizaciones-forzosas-en-jap-n-bajo-las-antiguas-leyes-eugen-sicas"},"wordCount":471,"commentCount":0,"publisher":{"@id":"https:\/\/ifamnews.com\/en\/#organization"},"image":{"@id":"https:\/\/ifamnews.com\/es\/la-oscura-historia-de-las-esterilizaciones-forzosas-en-jap-n-bajo-las-antiguas-leyes-eugen-sicas#primaryimage"},"thumbnailUrl":"https:\/\/ifamnews.com\/wp-content\/uploads\/2023\/07\/Untitled-design-2023-07-25T092730.007.png","keywords":["aborto","esterizaci\u00f3n","eugenesia","Jap\u00f3n"],"articleSection":["Foreground","\u00daLTIMAS NOTICIAS","Vida"],"inLanguage":"es","potentialAction":[{"@type":"CommentAction","name":"Comment","target":["https:\/\/ifamnews.com\/es\/la-oscura-historia-de-las-esterilizaciones-forzosas-en-jap-n-bajo-las-antiguas-leyes-eugen-sicas#respond"]}]},{"@type":"WebPage","@id":"https:\/\/ifamnews.com\/es\/la-oscura-historia-de-las-esterilizaciones-forzosas-en-jap-n-bajo-las-antiguas-leyes-eugen-sicas","url":"https:\/\/ifamnews.com\/es\/la-oscura-historia-de-las-esterilizaciones-forzosas-en-jap-n-bajo-las-antiguas-leyes-eugen-sicas","name":"La oscura historia de las esterilizaciones forzosas en Jap\u00f3n bajo las antiguas leyes eugen\u00e9sicas - IFN","isPartOf":{"@id":"https:\/\/ifamnews.com\/en\/#website"},"primaryImageOfPage":{"@id":"https:\/\/ifamnews.com\/es\/la-oscura-historia-de-las-esterilizaciones-forzosas-en-jap-n-bajo-las-antiguas-leyes-eugen-sicas#primaryimage"},"image":{"@id":"https:\/\/ifamnews.com\/es\/la-oscura-historia-de-las-esterilizaciones-forzosas-en-jap-n-bajo-las-antiguas-leyes-eugen-sicas#primaryimage"},"thumbnailUrl":"https:\/\/ifamnews.com\/wp-content\/uploads\/2023\/07\/Untitled-design-2023-07-25T092730.007.png","datePublished":"2023-11-13T06:00:00+00:00","description":"Sorprendentemente, algunas de las v\u00edctimas eran ni\u00f1os de tan s\u00f3lo nueve a\u00f1os, que cre\u00edan estar recibiendo un tratamiento m\u00e9dico leg\u00edtimo","breadcrumb":{"@id":"https:\/\/ifamnews.com\/es\/la-oscura-historia-de-las-esterilizaciones-forzosas-en-jap-n-bajo-las-antiguas-leyes-eugen-sicas#breadcrumb"},"inLanguage":"es","potentialAction":[{"@type":"ReadAction","target":["https:\/\/ifamnews.com\/es\/la-oscura-historia-de-las-esterilizaciones-forzosas-en-jap-n-bajo-las-antiguas-leyes-eugen-sicas"]}]},{"@type":"ImageObject","inLanguage":"es","@id":"https:\/\/ifamnews.com\/es\/la-oscura-historia-de-las-esterilizaciones-forzosas-en-jap-n-bajo-las-antiguas-leyes-eugen-sicas#primaryimage","url":"https:\/\/ifamnews.com\/wp-content\/uploads\/2023\/07\/Untitled-design-2023-07-25T092730.007.png","contentUrl":"https:\/\/ifamnews.com\/wp-content\/uploads\/2023\/07\/Untitled-design-2023-07-25T092730.007.png","width":1200,"height":675},{"@type":"BreadcrumbList","@id":"https:\/\/ifamnews.com\/es\/la-oscura-historia-de-las-esterilizaciones-forzosas-en-jap-n-bajo-las-antiguas-leyes-eugen-sicas#breadcrumb","itemListElement":[{"@type":"ListItem","position":1,"name":"Home","item":"https:\/\/ifamnews.com\/de"},{"@type":"ListItem","position":2,"name":"Politics","item":"https:\/\/ifamnews.com\/en\/category\/politics"},{"@type":"ListItem","position":3,"name":"La oscura historia de las esterilizaciones forzosas en Jap\u00f3n bajo las antiguas leyes eugen\u00e9sicas"}]},{"@type":"WebSite","@id":"https:\/\/ifamnews.com\/en\/#website","url":"https:\/\/ifamnews.com\/en\/","name":"IFN","description":"International Family News Network","publisher":{"@id":"https:\/\/ifamnews.com\/en\/#organization"},"potentialAction":[{"@type":"SearchAction","target":{"@type":"EntryPoint","urlTemplate":"https:\/\/ifamnews.com\/en\/?s={search_term_string}"},"query-input":{"@type":"PropertyValueSpecification","valueRequired":true,"valueName":"search_term_string"}}],"inLanguage":"es"},{"@type":"Organization","@id":"https:\/\/ifamnews.com\/en\/#organization","name":"iFamNews","url":"https:\/\/ifamnews.com\/en\/","logo":{"@type":"ImageObject","inLanguage":"es","@id":"https:\/\/ifamnews.com\/en\/#\/schema\/logo\/image\/","url":"https:\/\/ifamnews.com\/wp-content\/uploads\/2020\/01\/Share-logo.png","contentUrl":"https:\/\/ifamnews.com\/wp-content\/uploads\/2020\/01\/Share-logo.png","width":200,"height":200,"caption":"iFamNews"},"image":{"@id":"https:\/\/ifamnews.com\/en\/#\/schema\/logo\/image\/"},"sameAs":["https:\/\/www.facebook.com\/iFamNews","https:\/\/x.com\/iFamNewsEN"]},{"@type":"Person","@id":"https:\/\/ifamnews.com\/en\/#\/schema\/person\/633bdb7ac2496c9b9304ce62d071cdfa","name":"IFN English","image":{"@type":"ImageObject","inLanguage":"es","@id":"https:\/\/secure.gravatar.com\/avatar\/6f16ce95b558ae6f6eb9ae2f68122482a2c61696af2a8fc343c2e10f981a959d?s=96&d=mm&r=g","url":"https:\/\/secure.gravatar.com\/avatar\/6f16ce95b558ae6f6eb9ae2f68122482a2c61696af2a8fc343c2e10f981a959d?s=96&d=mm&r=g","contentUrl":"https:\/\/secure.gravatar.com\/avatar\/6f16ce95b558ae6f6eb9ae2f68122482a2c61696af2a8fc343c2e10f981a959d?s=96&d=mm&r=g","caption":"IFN English"},"description":"Articles published by the English iFamNews editorial team.","sameAs":["https:\/\/ifamnews.com\/en","https:\/\/www.facebook.com\/iFamNews\/","https:\/\/x.com\/https:\/\/twitter.com\/iFamNewsEN","https:\/\/www.youtube.com\/channel\/UCMVyIt4z9BANW3d09kwfUpw"],"url":"https:\/\/ifamnews.com\/es\/author\/ifamnews-staff"}]}},"amp_enabled":true,"_links":{"self":[{"href":"https:\/\/ifamnews.com\/es\/wp-json\/wp\/v2\/posts\/206014","targetHints":{"allow":["GET"]}}],"collection":[{"href":"https:\/\/ifamnews.com\/es\/wp-json\/wp\/v2\/posts"}],"about":[{"href":"https:\/\/ifamnews.com\/es\/wp-json\/wp\/v2\/types\/post"}],"author":[{"embeddable":true,"href":"https:\/\/ifamnews.com\/es\/wp-json\/wp\/v2\/users\/593"}],"replies":[{"embeddable":true,"href":"https:\/\/ifamnews.com\/es\/wp-json\/wp\/v2\/comments?post=206014"}],"version-history":[{"count":1,"href":"https:\/\/ifamnews.com\/es\/wp-json\/wp\/v2\/posts\/206014\/revisions"}],"predecessor-version":[{"id":214352,"href":"https:\/\/ifamnews.com\/es\/wp-json\/wp\/v2\/posts\/206014\/revisions\/214352"}],"wp:featuredmedia":[{"embeddable":true,"href":"https:\/\/ifamnews.com\/es\/wp-json\/wp\/v2\/media\/205954"}],"wp:attachment":[{"href":"https:\/\/ifamnews.com\/es\/wp-json\/wp\/v2\/media?parent=206014"}],"wp:term":[{"taxonomy":"category","embeddable":true,"href":"https:\/\/ifamnews.com\/es\/wp-json\/wp\/v2\/categories?post=206014"},{"taxonomy":"post_tag","embeddable":true,"href":"https:\/\/ifamnews.com\/es\/wp-json\/wp\/v2\/tags?post=206014"}],"curies":[{"name":"wp","href":"https:\/\/api.w.org\/{rel}","templated":true}]}}