{"id":203294,"date":"2023-07-18T01:00:00","date_gmt":"2023-07-18T05:00:00","guid":{"rendered":"https:\/\/ifamnews.com\/?p=203294"},"modified":"2023-07-12T16:54:45","modified_gmt":"2023-07-12T20:54:45","slug":"ex-estrella-de-la-nba-critica-el-libro-de-jugadas-oculto-de-la-comunidad-lgbt","status":"publish","type":"post","link":"https:\/\/ifamnews.com\/es\/ex-estrella-de-la-nba-critica-el-libro-de-jugadas-oculto-de-la-comunidad-lgbt","title":{"rendered":"Ex estrella de la NBA critica el \u00ablibro de jugadas oculto\u00bb de la comunidad LGBT"},"content":{"rendered":"\n<p><br>El ex All-Star de la NBA Gilbert Arenas, en una reciente entrevista con Vlad TV, provoc\u00f3 una conversaci\u00f3n al criticar a la comunidad LGBT por su control sobre el discurso aceptable. Arenas expres\u00f3 su preocupaci\u00f3n por una aparente falta de transparencia en las normas y reglas establecidas por esta comunidad, lo que dificulta la participaci\u00f3n de quienes no pertenecen a ella sin temor a ser condenados al ostracismo o cancelados.<\/p>\n\n\n\n<p>Arenas expres\u00f3 su descontento, sugiriendo que existe un <strong>\u00ablibro de jugadas\u00bb<\/strong> oculto que s\u00f3lo la comunidad<strong> LGBT<\/strong> conoce, mientras que los dem\u00e1s son juzgados por las normas que establece, a menudo sin conocimiento previo. <\/p>\n\n\n\n<p>\u00abNo hay un di\u00e1logo abierto sobre lo que es apropiado y lo que no. S\u00f3lo nos enteramos despu\u00e9s de meter la pata. Eso es injusto\u00bb, explic\u00f3. Arenas llam\u00f3 la atenci\u00f3n sobre el lenguaje y la terminolog\u00eda en constante evoluci\u00f3n, afirmando que la ausencia de una comprensi\u00f3n universalmente compartida es problem\u00e1tica e injusta.<\/p>\n\n\n\n<p>Destacando el desequilibrio que ve en el discurso actual, Arenas pint\u00f3 un escenario hipot\u00e9tico de una discusi\u00f3n con alguien de la comunidad LGBT. Sostuvo que aunque pueden utilizar un amplio vocabulario para insultar o criticar, cualquier r\u00e9plica de su parte potencialmente tachada de ofensiva podr\u00eda dar lugar a su cancelaci\u00f3n. Expres\u00f3 su malestar, afirmando que la conversaci\u00f3n sobre estos temas est\u00e1 cargada del miedo constante a las reacciones violentas.<\/p>\n\n\n\n<p>La antigua estrella de la NBA se compar\u00f3 a s\u00ed mismo con un \u00e1rbitro de baloncesto al observar una disputa entre una persona heterosexual y alguien de la comunidad LGBT, insistiendo en que la equidad debe ser la regla del juego. Subray\u00f3 que la situaci\u00f3n actual, en la que ciertos grupos parecen tener la sart\u00e9n por el mango en cuanto al lenguaje aceptable, no es jugar limpio.<\/p>\n\n\n\n<p>Reflexionando sobre su propia experiencia, Arenas destac\u00f3 que es una pr\u00e1ctica com\u00fan que los miembros de un grupo utilicen ciertas palabras entre ellos, estableciendo un paralelismo entre el uso de la palabra con N por parte de la comunidad negra y las normas ling\u00fc\u00edsticas de la comunidad LGBT. <\/p>\n\n\n\n<p>Sin embargo, expres\u00f3 su preocupaci\u00f3n por el desequilibrio que se percibe cuando esas mismas palabras se utilizan fuera de las respectivas comunidades. Su principal argumento fue un llamamiento a la coherencia y la equidad en el di\u00e1logo, afirmando que \u00abcuando se abre la puerta de algo hay que saber jugar limpio\u00bb.<\/p>\n","protected":false},"excerpt":{"rendered":"<p>El ex All-Star de la NBA Gilbert Arenas, en una reciente entrevista con Vlad TV, desat\u00f3 la conversaci\u00f3n al criticar a la comunidad LGBT por su control sobre el discurso aceptable<\/p>\n","protected":false},"author":593,"featured_media":203208,"comment_status":"open","ping_status":"open","sticky":false,"template":"","format":"standard","meta":{"give_campaign_id":0,"om_disable_all_campaigns":false,"_monsterinsights_skip_tracking":false,"_monsterinsights_sitenote_active":false,"_monsterinsights_sitenote_note":"","_monsterinsights_sitenote_category":0,"mc4wp_mailchimp_campaign":[],"jnews-multi-image_gallery":[],"jnews_single_post":{"subtitle":"El ex jugador expres\u00f3 su malestar, afirmando que la conversaci\u00f3n sobre estos temas est\u00e1 cargada del miedo constante a las reacciones violentas","format":"standard","video":"","gallery":"","source_name":"","source_url":"","via_name":"","via_url":"","override_template":"0","override":[{"template":"2","single_blog_custom":"","parallax":"1","fullscreen":"1","layout":"right-sidebar-narrow","sidebar":"default-sidebar","second_sidebar":"default-sidebar","sticky_sidebar":"1","share_position":"float","share_float_style":"share-normal","show_share_counter":"1","show_view_counter":"1","show_featured":"1","show_post_meta":"1","show_post_author":"1","show_post_author_image":"1","show_post_date":"1","post_date_format":"default","post_date_format_custom":"Y\/m\/d","show_post_category":"1","show_post_reading_time":"1","post_reading_time_wpm":"300","show_zoom_button":"0","zoom_button_out_step":"2","zoom_button_in_step":"3","show_post_tag":"1","show_prev_next_post":"0","show_popup_post":"0","number_popup_post":"1","show_author_box":"1","show_post_related":"0","show_inline_post_related":"0"}],"override_image_size":"0","image_override":[{"single_post_thumbnail_size":"crop-715","single_post_gallery_size":"crop-715"}],"trending_post":"0","trending_post_position":"meta","trending_post_label":"Trending","sponsored_post":"0","sponsored_post_label":"Sponsored by","sponsored_post_name":"","sponsored_post_url":"","sponsored_post_logo_enable":"0","sponsored_post_logo":"","sponsored_post_desc":"","disable_ad":"0"},"jnews_primary_category":{"id":"765","hide":""},"jnews_social_meta":{"fb_title":"","fb_description":"","fb_image":"","twitter_title":"","twitter_description":"","twitter_image":""},"jnews_override_counter":{"override_view_counter":"0","view_counter_number":"0","override_share_counter":"0","share_counter_number":"0","override_like_counter":"0","like_counter_number":"0","override_dislike_counter":"0","dislike_counter_number":"0"},"footnotes":""},"categories":[765,810,815],"tags":[8612,11066,27276,14992],"class_list":["post-203294","post","type-post","status-publish","format-standard","has-post-thumbnail","hentry","category-cultura-es","category-foreground-es","category-breaking-news-es","tag-ideologia-de-genero-es","tag-ideologia-lgbt","tag-libertad-de-expresion-es-2","tag-nba-es"],"yoast_head":"<!-- This site is optimized with the Yoast SEO Premium plugin v25.9 (Yoast SEO v27.3) - https:\/\/yoast.com\/product\/yoast-seo-premium-wordpress\/ -->\n<title>Ex estrella de la NBA critica el &quot;libro de jugadas oculto&quot; de la comunidad LGBT - IFN<\/title>\n<meta name=\"description\" content=\"El ex jugador expres\u00f3 su malestar, ya que la conversaci\u00f3n sobre estos temas est\u00e1 cargada del miedo constante a las reacciones violentas\" \/>\n<meta name=\"robots\" content=\"index, follow, max-snippet:-1, max-image-preview:large, max-video-preview:-1\" \/>\n<link rel=\"canonical\" href=\"https:\/\/ifamnews.com\/es\/ex-estrella-de-la-nba-critica-el-libro-de-jugadas-oculto-de-la-comunidad-lgbt\" \/>\n<meta property=\"og:locale\" content=\"es_ES\" \/>\n<meta property=\"og:type\" content=\"article\" \/>\n<meta property=\"og:title\" content=\"Ex estrella de la NBA critica el &quot;libro de jugadas oculto&quot; de la comunidad LGBT\" \/>\n<meta property=\"og:description\" content=\"El ex jugador expres\u00f3 su malestar, ya que la conversaci\u00f3n sobre estos temas est\u00e1 cargada del miedo constante a las reacciones violentas\" \/>\n<meta property=\"og:url\" content=\"https:\/\/ifamnews.com\/es\/ex-estrella-de-la-nba-critica-el-libro-de-jugadas-oculto-de-la-comunidad-lgbt\" \/>\n<meta property=\"og:site_name\" content=\"IFN\" \/>\n<meta property=\"article:publisher\" content=\"https:\/\/www.facebook.com\/iFamNews\" \/>\n<meta property=\"article:author\" content=\"https:\/\/www.facebook.com\/iFamNews\/\" \/>\n<meta property=\"article:published_time\" content=\"2023-07-18T05:00:00+00:00\" \/>\n<meta property=\"og:image\" content=\"https:\/\/ifamnews.com\/wp-content\/uploads\/2023\/07\/Untitled-design-2023-07-05T124537.459.png\" \/>\n\t<meta property=\"og:image:width\" content=\"1200\" \/>\n\t<meta property=\"og:image:height\" content=\"675\" \/>\n\t<meta property=\"og:image:type\" content=\"image\/png\" \/>\n<meta name=\"author\" content=\"IFN English\" \/>\n<meta name=\"twitter:card\" content=\"summary_large_image\" \/>\n<meta name=\"twitter:creator\" content=\"@https:\/\/twitter.com\/iFamNewsEN\" \/>\n<meta name=\"twitter:site\" content=\"@iFamNewsEN\" \/>\n<meta name=\"twitter:label1\" content=\"Escrito por\" \/>\n\t<meta name=\"twitter:data1\" content=\"iFamNews\" \/>\n\t<meta name=\"twitter:label2\" content=\"Tiempo de lectura\" \/>\n\t<meta name=\"twitter:data2\" content=\"2 minutos\" \/>\n<!-- \/ Yoast SEO Premium plugin. -->","yoast_head_json":{"title":"Ex estrella de la NBA critica el \"libro de jugadas oculto\" de la comunidad LGBT - IFN","description":"El ex jugador expres\u00f3 su malestar, ya que la conversaci\u00f3n sobre estos temas est\u00e1 cargada del miedo constante a las reacciones violentas","robots":{"index":"index","follow":"follow","max-snippet":"max-snippet:-1","max-image-preview":"max-image-preview:large","max-video-preview":"max-video-preview:-1"},"canonical":"https:\/\/ifamnews.com\/es\/ex-estrella-de-la-nba-critica-el-libro-de-jugadas-oculto-de-la-comunidad-lgbt","og_locale":"es_ES","og_type":"article","og_title":"Ex estrella de la NBA critica el \"libro de jugadas oculto\" de la comunidad LGBT","og_description":"El ex jugador expres\u00f3 su malestar, ya que la conversaci\u00f3n sobre estos temas est\u00e1 cargada del miedo constante a las reacciones violentas","og_url":"https:\/\/ifamnews.com\/es\/ex-estrella-de-la-nba-critica-el-libro-de-jugadas-oculto-de-la-comunidad-lgbt","og_site_name":"IFN","article_publisher":"https:\/\/www.facebook.com\/iFamNews","article_author":"https:\/\/www.facebook.com\/iFamNews\/","article_published_time":"2023-07-18T05:00:00+00:00","og_image":[{"width":1200,"height":675,"url":"https:\/\/ifamnews.com\/wp-content\/uploads\/2023\/07\/Untitled-design-2023-07-05T124537.459.png","type":"image\/png"}],"author":"IFN English","twitter_card":"summary_large_image","twitter_creator":"@https:\/\/twitter.com\/iFamNewsEN","twitter_site":"@iFamNewsEN","twitter_misc":{"Escrito por":"iFamNews","Tiempo de lectura":"2 minutos"},"schema":{"@context":"https:\/\/schema.org","@graph":[{"@type":"NewsArticle","@id":"https:\/\/ifamnews.com\/es\/ex-estrella-de-la-nba-critica-el-libro-de-jugadas-oculto-de-la-comunidad-lgbt#article","isPartOf":{"@id":"https:\/\/ifamnews.com\/es\/ex-estrella-de-la-nba-critica-el-libro-de-jugadas-oculto-de-la-comunidad-lgbt"},"author":{"name":"IFN English","@id":"https:\/\/ifamnews.com\/en\/#\/schema\/person\/633bdb7ac2496c9b9304ce62d071cdfa"},"headline":"Ex estrella de la NBA critica el \u00ablibro de jugadas oculto\u00bb de la comunidad LGBT","datePublished":"2023-07-18T05:00:00+00:00","mainEntityOfPage":{"@id":"https:\/\/ifamnews.com\/es\/ex-estrella-de-la-nba-critica-el-libro-de-jugadas-oculto-de-la-comunidad-lgbt"},"wordCount":432,"commentCount":0,"publisher":{"@id":"https:\/\/ifamnews.com\/en\/#organization"},"image":{"@id":"https:\/\/ifamnews.com\/es\/ex-estrella-de-la-nba-critica-el-libro-de-jugadas-oculto-de-la-comunidad-lgbt#primaryimage"},"thumbnailUrl":"https:\/\/ifamnews.com\/wp-content\/uploads\/2023\/07\/Untitled-design-2023-07-05T124537.459.png","keywords":["Ideolog\u00eda de G\u00e9nero","Ideolog\u00eda LGBT","libertad de expresi\u00f3n","NBA"],"articleSection":["Cultura","Foreground","\u00daLTIMAS NOTICIAS"],"inLanguage":"es","potentialAction":[{"@type":"CommentAction","name":"Comment","target":["https:\/\/ifamnews.com\/es\/ex-estrella-de-la-nba-critica-el-libro-de-jugadas-oculto-de-la-comunidad-lgbt#respond"]}]},{"@type":"WebPage","@id":"https:\/\/ifamnews.com\/es\/ex-estrella-de-la-nba-critica-el-libro-de-jugadas-oculto-de-la-comunidad-lgbt","url":"https:\/\/ifamnews.com\/es\/ex-estrella-de-la-nba-critica-el-libro-de-jugadas-oculto-de-la-comunidad-lgbt","name":"Ex estrella de la NBA critica el \"libro de jugadas oculto\" de la comunidad LGBT - IFN","isPartOf":{"@id":"https:\/\/ifamnews.com\/en\/#website"},"primaryImageOfPage":{"@id":"https:\/\/ifamnews.com\/es\/ex-estrella-de-la-nba-critica-el-libro-de-jugadas-oculto-de-la-comunidad-lgbt#primaryimage"},"image":{"@id":"https:\/\/ifamnews.com\/es\/ex-estrella-de-la-nba-critica-el-libro-de-jugadas-oculto-de-la-comunidad-lgbt#primaryimage"},"thumbnailUrl":"https:\/\/ifamnews.com\/wp-content\/uploads\/2023\/07\/Untitled-design-2023-07-05T124537.459.png","datePublished":"2023-07-18T05:00:00+00:00","description":"El ex jugador expres\u00f3 su malestar, ya que la conversaci\u00f3n sobre estos temas est\u00e1 cargada del miedo constante a las reacciones violentas","breadcrumb":{"@id":"https:\/\/ifamnews.com\/es\/ex-estrella-de-la-nba-critica-el-libro-de-jugadas-oculto-de-la-comunidad-lgbt#breadcrumb"},"inLanguage":"es","potentialAction":[{"@type":"ReadAction","target":["https:\/\/ifamnews.com\/es\/ex-estrella-de-la-nba-critica-el-libro-de-jugadas-oculto-de-la-comunidad-lgbt"]}]},{"@type":"ImageObject","inLanguage":"es","@id":"https:\/\/ifamnews.com\/es\/ex-estrella-de-la-nba-critica-el-libro-de-jugadas-oculto-de-la-comunidad-lgbt#primaryimage","url":"https:\/\/ifamnews.com\/wp-content\/uploads\/2023\/07\/Untitled-design-2023-07-05T124537.459.png","contentUrl":"https:\/\/ifamnews.com\/wp-content\/uploads\/2023\/07\/Untitled-design-2023-07-05T124537.459.png","width":1200,"height":675},{"@type":"BreadcrumbList","@id":"https:\/\/ifamnews.com\/es\/ex-estrella-de-la-nba-critica-el-libro-de-jugadas-oculto-de-la-comunidad-lgbt#breadcrumb","itemListElement":[{"@type":"ListItem","position":1,"name":"Home","item":"https:\/\/ifamnews.com\/de"},{"@type":"ListItem","position":2,"name":"\u041a\u0443\u043b\u0442\u0443\u0440\u0430","item":"https:\/\/ifamnews.com\/sr\/kategorija\/kultura-sr"},{"@type":"ListItem","position":3,"name":"Ex estrella de la NBA critica el &#8220;libro de jugadas oculto&#8221; de la comunidad LGBT"}]},{"@type":"WebSite","@id":"https:\/\/ifamnews.com\/en\/#website","url":"https:\/\/ifamnews.com\/en\/","name":"IFN","description":"International Family News Network","publisher":{"@id":"https:\/\/ifamnews.com\/en\/#organization"},"potentialAction":[{"@type":"SearchAction","target":{"@type":"EntryPoint","urlTemplate":"https:\/\/ifamnews.com\/en\/?s={search_term_string}"},"query-input":{"@type":"PropertyValueSpecification","valueRequired":true,"valueName":"search_term_string"}}],"inLanguage":"es"},{"@type":"Organization","@id":"https:\/\/ifamnews.com\/en\/#organization","name":"iFamNews","url":"https:\/\/ifamnews.com\/en\/","logo":{"@type":"ImageObject","inLanguage":"es","@id":"https:\/\/ifamnews.com\/en\/#\/schema\/logo\/image\/","url":"https:\/\/ifamnews.com\/wp-content\/uploads\/2020\/01\/Share-logo.png","contentUrl":"https:\/\/ifamnews.com\/wp-content\/uploads\/2020\/01\/Share-logo.png","width":200,"height":200,"caption":"iFamNews"},"image":{"@id":"https:\/\/ifamnews.com\/en\/#\/schema\/logo\/image\/"},"sameAs":["https:\/\/www.facebook.com\/iFamNews","https:\/\/x.com\/iFamNewsEN"]},{"@type":"Person","@id":"https:\/\/ifamnews.com\/en\/#\/schema\/person\/633bdb7ac2496c9b9304ce62d071cdfa","name":"IFN English","image":{"@type":"ImageObject","inLanguage":"es","@id":"https:\/\/secure.gravatar.com\/avatar\/6f16ce95b558ae6f6eb9ae2f68122482a2c61696af2a8fc343c2e10f981a959d?s=96&d=mm&r=g","url":"https:\/\/secure.gravatar.com\/avatar\/6f16ce95b558ae6f6eb9ae2f68122482a2c61696af2a8fc343c2e10f981a959d?s=96&d=mm&r=g","contentUrl":"https:\/\/secure.gravatar.com\/avatar\/6f16ce95b558ae6f6eb9ae2f68122482a2c61696af2a8fc343c2e10f981a959d?s=96&d=mm&r=g","caption":"IFN English"},"description":"Articles published by the English iFamNews editorial team.","sameAs":["https:\/\/ifamnews.com\/en","https:\/\/www.facebook.com\/iFamNews\/","https:\/\/x.com\/https:\/\/twitter.com\/iFamNewsEN","https:\/\/www.youtube.com\/channel\/UCMVyIt4z9BANW3d09kwfUpw"],"url":"https:\/\/ifamnews.com\/es\/author\/ifamnews-staff"}]}},"amp_enabled":true,"_links":{"self":[{"href":"https:\/\/ifamnews.com\/es\/wp-json\/wp\/v2\/posts\/203294","targetHints":{"allow":["GET"]}}],"collection":[{"href":"https:\/\/ifamnews.com\/es\/wp-json\/wp\/v2\/posts"}],"about":[{"href":"https:\/\/ifamnews.com\/es\/wp-json\/wp\/v2\/types\/post"}],"author":[{"embeddable":true,"href":"https:\/\/ifamnews.com\/es\/wp-json\/wp\/v2\/users\/593"}],"replies":[{"embeddable":true,"href":"https:\/\/ifamnews.com\/es\/wp-json\/wp\/v2\/comments?post=203294"}],"version-history":[{"count":3,"href":"https:\/\/ifamnews.com\/es\/wp-json\/wp\/v2\/posts\/203294\/revisions"}],"predecessor-version":[{"id":204103,"href":"https:\/\/ifamnews.com\/es\/wp-json\/wp\/v2\/posts\/203294\/revisions\/204103"}],"wp:featuredmedia":[{"embeddable":true,"href":"https:\/\/ifamnews.com\/es\/wp-json\/wp\/v2\/media\/203208"}],"wp:attachment":[{"href":"https:\/\/ifamnews.com\/es\/wp-json\/wp\/v2\/media?parent=203294"}],"wp:term":[{"taxonomy":"category","embeddable":true,"href":"https:\/\/ifamnews.com\/es\/wp-json\/wp\/v2\/categories?post=203294"},{"taxonomy":"post_tag","embeddable":true,"href":"https:\/\/ifamnews.com\/es\/wp-json\/wp\/v2\/tags?post=203294"}],"curies":[{"name":"wp","href":"https:\/\/api.w.org\/{rel}","templated":true}]}}