{"id":198397,"date":"2024-01-04T01:00:00","date_gmt":"2024-01-04T06:00:00","guid":{"rendered":"https:\/\/ifamnews.com\/?p=198397"},"modified":"2023-12-27T18:18:05","modified_gmt":"2023-12-27T23:18:05","slug":"los-padres-que-no-aceptan-la-agenda-trans-son-atacados-en-california","status":"publish","type":"post","link":"https:\/\/ifamnews.com\/es\/los-padres-que-no-aceptan-la-agenda-trans-son-atacados-en-california","title":{"rendered":"Los padres que no aceptan la agenda trans son atacados en California"},"content":{"rendered":"\n<p><br>Un proyecto de ley enmendado en California que obliga a los jueces a tener en cuenta la afirmaci\u00f3n por parte de los padres de la identidad de g\u00e9nero declarada de un ni\u00f1o en los<strong> litigios por la custodia<\/strong>, ha suscitado preocupaci\u00f3n por las denuncias de maltrato infantil contra padres \u00abno afirmantes\u00bb. <\/p>\n\n\n\n<p>El proyecto de ley, ya aprobado en la asamblea estatal, considera que la afirmaci\u00f3n por parte de los padres de la identidad de g\u00e9nero de un ni\u00f1o es esencial para su salud, seguridad y bienestar. La modificaci\u00f3n del art\u00edculo 3011 del C\u00f3digo de Familia de California obligar\u00eda a los jueces a considerar la afirmaci\u00f3n o no afirmaci\u00f3n por parte de un progenitor de la identidad transexual de un menor como un factor en los<strong> desacuerdos sobre la custodia<\/strong>, lo que suscita el temor de que la no afirmaci\u00f3n pueda percibirse como abuso.<\/p>\n\n\n\n<p>Esta preocupaci\u00f3n no carece de precedentes, ya que una situaci\u00f3n similar en Canad\u00e1 <strong>llev\u00f3 a un padre a la c\u00e1rcel <\/strong>y al pago de una multa por <strong>negarse a afirmar la supuesta identidad masculina de su hija<\/strong>. <\/p>\n\n\n\n<p>El a\u00f1o pasado, el gobernador Gavin Newsom firm\u00f3 un proyecto de ley que permite a los tribunales californianos obtener la jurisdicci\u00f3n sobre la custodia de los ni\u00f1os tra\u00eddos a California desde otros estados para someterse a intervenciones de g\u00e9nero.<\/p>\n\n\n\n<p>El proyecto de ley fue propuesto por la asamble\u00edsta Lori Wilson, cuyo hijo se identifica como transexual, y el senador Scott Wiener, conocido por su defensa de cuestiones como las horas de <strong>cuentos de drag queen y la protecci\u00f3n de ciertos violadores de menores<\/strong>.<\/p>\n\n\n\n<p>Wilson y Wiener abogan por afirmar la identidad de g\u00e9nero, <strong>incluso en ni\u00f1os peque\u00f1os<\/strong>. Wilson afirma que no afirmar la identidad de g\u00e9nero expresada por un ni\u00f1o equivale a rechazarlo. <\/p>\n\n\n\n<p>Nicole Peterson, fundadora del grupo de defensa Facts Law Truth Justice, advierte de que la AB 957 podr\u00eda dar lugar a acusaciones de maltrato infantil contra los padres que no est\u00e9n dispuestos o preparados para afirmar la nueva identidad de su hijo.<\/p>\n\n\n\n<p>El portavoz de Wilson ha defendido el proyecto de ley, argumentando que se refiere al derecho de familia y no al derecho penal. El proyecto de ley se limita a a\u00f1adir otro factor a tener en cuenta en las disputas por la custodia y no da prioridad a la afirmaci\u00f3n de g\u00e9nero sobre otras consideraciones. <\/p>\n\n\n\n<p>A pesar de esta tranquilidad, Erin Friday, abogada de San Francisco, sostiene que el proyecto de ley podr\u00eda interpretarse f\u00e1cilmente para categorizar la no afirmaci\u00f3n como abuso, \u00abcomprometiendo la salud, la seguridad y el bienestar del ni\u00f1o\u00bb.<\/p>\n\n\n\n<p>Esta legislaci\u00f3n llega en un contexto ya de por s\u00ed tenso para los padres que impugnan la transici\u00f3n de sus hijos. Un ejemplo notable es el de Ted Hudacko, que perdi\u00f3 una amarga batalla legal por la transici\u00f3n de su hijo, que le supuso la limitaci\u00f3n de sus derechos de visita y la obligaci\u00f3n de pagar las facturas m\u00e9dicas de su hijo.<\/p>\n","protected":false},"excerpt":{"rendered":"<p>Un proyecto de ley enmendado en California, AB 957, que obliga a los jueces a tener en cuenta la afirmaci\u00f3n por parte de los padres de la identidad de g\u00e9nero declarada de un ni\u00f1o en los litigios por la custodia, ha suscitado preocupaci\u00f3n por las denuncias de maltrato infantil contra padres \u00abno afirmantes\u00bb<\/p>\n","protected":false},"author":593,"featured_media":216385,"comment_status":"open","ping_status":"open","sticky":false,"template":"","format":"standard","meta":{"give_campaign_id":0,"om_disable_all_campaigns":false,"_monsterinsights_skip_tracking":false,"_monsterinsights_sitenote_active":false,"_monsterinsights_sitenote_note":"","_monsterinsights_sitenote_category":0,"mc4wp_mailchimp_campaign":[],"jnews-multi-image_gallery":[],"jnews_single_post":{"subtitle":"","format":"standard","video":"","gallery":"","source_name":"","source_url":"","via_name":"","via_url":"","override_template":"0","override":[{"template":"2","single_blog_custom":"","parallax":"1","fullscreen":"1","layout":"right-sidebar-narrow","sidebar":"default-sidebar","second_sidebar":"default-sidebar","sticky_sidebar":"1","share_position":"float","share_float_style":"share-normal","show_share_counter":"1","show_view_counter":"1","show_featured":"1","show_post_meta":"1","show_post_author":"1","show_post_author_image":"1","show_post_date":"1","post_date_format":"default","post_date_format_custom":"Y\/m\/d","show_post_category":"1","show_post_reading_time":"1","post_reading_time_wpm":"300","show_zoom_button":"0","zoom_button_out_step":"2","zoom_button_in_step":"3","show_post_tag":"1","show_prev_next_post":"0","show_popup_post":"0","number_popup_post":"1","show_author_box":"1","show_post_related":"0","show_inline_post_related":"0"}],"override_image_size":"0","image_override":[{"single_post_thumbnail_size":"crop-715","single_post_gallery_size":"crop-715"}],"trending_post":"0","trending_post_position":"meta","trending_post_label":"Trending","sponsored_post":"0","sponsored_post_label":"Sponsored by","sponsored_post_name":"","sponsored_post_url":"","sponsored_post_logo_enable":"0","sponsored_post_logo":"","sponsored_post_desc":"","disable_ad":"0"},"jnews_primary_category":{"id":"773","hide":""},"jnews_social_meta":[],"jnews_override_counter":[],"footnotes":""},"categories":[810,773,815],"tags":[8612,11066,12149,7267],"class_list":["post-198397","post","type-post","status-publish","format-standard","has-post-thumbnail","hentry","category-foreground-es","category-politica","category-breaking-news-es","tag-ideologia-de-genero-es","tag-ideologia-lgbt","tag-lgbt-es-5","tag-transgenderism-es"],"yoast_head":"<!-- This site is optimized with the Yoast SEO Premium plugin v25.9 (Yoast SEO v27.3) - https:\/\/yoast.com\/product\/yoast-seo-premium-wordpress\/ -->\n<title>Los padres que no aceptan la agenda trans son atacados en California - IFN<\/title>\n<meta name=\"description\" content=\"En Canad\u00e1, un padre fue encarcelado y multado por negarse a afirmar la supuesta identidad masculina de su hija\" \/>\n<meta name=\"robots\" content=\"index, follow, max-snippet:-1, max-image-preview:large, max-video-preview:-1\" \/>\n<link rel=\"canonical\" href=\"https:\/\/ifamnews.com\/en\/parents-who-don-t-accept-trans-agenda-under-attack-in-ca\" \/>\n<meta property=\"og:locale\" content=\"es_ES\" \/>\n<meta property=\"og:type\" content=\"article\" \/>\n<meta property=\"og:title\" content=\"Los padres que no aceptan la agenda trans son atacados en California\" \/>\n<meta property=\"og:description\" content=\"En Canad\u00e1, un padre fue encarcelado y multado por negarse a afirmar la supuesta identidad masculina de su hija\" \/>\n<meta property=\"og:url\" content=\"https:\/\/ifamnews.com\/en\/parents-who-don-t-accept-trans-agenda-under-attack-in-ca\" \/>\n<meta property=\"og:site_name\" content=\"IFN\" \/>\n<meta property=\"article:publisher\" content=\"https:\/\/www.facebook.com\/iFamNews\" \/>\n<meta property=\"article:author\" content=\"https:\/\/www.facebook.com\/iFamNews\/\" \/>\n<meta property=\"article:published_time\" content=\"2024-01-04T06:00:00+00:00\" \/>\n<meta property=\"og:image\" content=\"https:\/\/ifamnews.com\/wp-content\/uploads\/2024\/01\/image-2023-12-28T001703.810.png\" \/>\n\t<meta property=\"og:image:width\" content=\"1199\" \/>\n\t<meta property=\"og:image:height\" content=\"674\" \/>\n\t<meta property=\"og:image:type\" content=\"image\/png\" \/>\n<meta name=\"author\" content=\"IFN English\" \/>\n<meta name=\"twitter:card\" content=\"summary_large_image\" \/>\n<meta name=\"twitter:creator\" content=\"@https:\/\/twitter.com\/iFamNewsEN\" \/>\n<meta name=\"twitter:site\" content=\"@iFamNewsEN\" \/>\n<meta name=\"twitter:label1\" content=\"Escrito por\" \/>\n\t<meta name=\"twitter:data1\" content=\"iFamNews\" \/>\n\t<meta name=\"twitter:label2\" content=\"Tiempo de lectura\" \/>\n\t<meta name=\"twitter:data2\" content=\"3 minutos\" \/>\n<!-- \/ Yoast SEO Premium plugin. -->","yoast_head_json":{"title":"Los padres que no aceptan la agenda trans son atacados en California - IFN","description":"En Canad\u00e1, un padre fue encarcelado y multado por negarse a afirmar la supuesta identidad masculina de su hija","robots":{"index":"index","follow":"follow","max-snippet":"max-snippet:-1","max-image-preview":"max-image-preview:large","max-video-preview":"max-video-preview:-1"},"canonical":"https:\/\/ifamnews.com\/en\/parents-who-don-t-accept-trans-agenda-under-attack-in-ca","og_locale":"es_ES","og_type":"article","og_title":"Los padres que no aceptan la agenda trans son atacados en California","og_description":"En Canad\u00e1, un padre fue encarcelado y multado por negarse a afirmar la supuesta identidad masculina de su hija","og_url":"https:\/\/ifamnews.com\/en\/parents-who-don-t-accept-trans-agenda-under-attack-in-ca","og_site_name":"IFN","article_publisher":"https:\/\/www.facebook.com\/iFamNews","article_author":"https:\/\/www.facebook.com\/iFamNews\/","article_published_time":"2024-01-04T06:00:00+00:00","og_image":[{"width":1199,"height":674,"url":"https:\/\/ifamnews.com\/wp-content\/uploads\/2024\/01\/image-2023-12-28T001703.810.png","type":"image\/png"}],"author":"IFN English","twitter_card":"summary_large_image","twitter_creator":"@https:\/\/twitter.com\/iFamNewsEN","twitter_site":"@iFamNewsEN","twitter_misc":{"Escrito por":"iFamNews","Tiempo de lectura":"3 minutos"},"schema":{"@context":"https:\/\/schema.org","@graph":[{"@type":"NewsArticle","@id":"https:\/\/ifamnews.com\/en\/parents-who-don-t-accept-trans-agenda-under-attack-in-ca#article","isPartOf":{"@id":"https:\/\/ifamnews.com\/en\/parents-who-don-t-accept-trans-agenda-under-attack-in-ca"},"author":{"name":"IFN English","@id":"https:\/\/ifamnews.com\/en\/#\/schema\/person\/633bdb7ac2496c9b9304ce62d071cdfa"},"headline":"Los padres que no aceptan la agenda trans son atacados en California","datePublished":"2024-01-04T06:00:00+00:00","mainEntityOfPage":{"@id":"https:\/\/ifamnews.com\/en\/parents-who-don-t-accept-trans-agenda-under-attack-in-ca"},"wordCount":543,"commentCount":0,"publisher":{"@id":"https:\/\/ifamnews.com\/en\/#organization"},"image":{"@id":"https:\/\/ifamnews.com\/en\/parents-who-don-t-accept-trans-agenda-under-attack-in-ca#primaryimage"},"thumbnailUrl":"https:\/\/ifamnews.com\/wp-content\/uploads\/2024\/01\/image-2023-12-28T001703.810.png","keywords":["Ideolog\u00eda de G\u00e9nero","Ideolog\u00eda LGBT","LGBT+","Transgenderism"],"articleSection":["Foreground","Pol\u00edtica","\u00daLTIMAS NOTICIAS"],"inLanguage":"es","potentialAction":[{"@type":"CommentAction","name":"Comment","target":["https:\/\/ifamnews.com\/en\/parents-who-don-t-accept-trans-agenda-under-attack-in-ca#respond"]}]},{"@type":"WebPage","@id":"https:\/\/ifamnews.com\/en\/parents-who-don-t-accept-trans-agenda-under-attack-in-ca","url":"https:\/\/ifamnews.com\/en\/parents-who-don-t-accept-trans-agenda-under-attack-in-ca","name":"Los padres que no aceptan la agenda trans son atacados en California - IFN","isPartOf":{"@id":"https:\/\/ifamnews.com\/en\/#website"},"primaryImageOfPage":{"@id":"https:\/\/ifamnews.com\/en\/parents-who-don-t-accept-trans-agenda-under-attack-in-ca#primaryimage"},"image":{"@id":"https:\/\/ifamnews.com\/en\/parents-who-don-t-accept-trans-agenda-under-attack-in-ca#primaryimage"},"thumbnailUrl":"https:\/\/ifamnews.com\/wp-content\/uploads\/2024\/01\/image-2023-12-28T001703.810.png","datePublished":"2024-01-04T06:00:00+00:00","description":"En Canad\u00e1, un padre fue encarcelado y multado por negarse a afirmar la supuesta identidad masculina de su hija","breadcrumb":{"@id":"https:\/\/ifamnews.com\/en\/parents-who-don-t-accept-trans-agenda-under-attack-in-ca#breadcrumb"},"inLanguage":"es","potentialAction":[{"@type":"ReadAction","target":["https:\/\/ifamnews.com\/en\/parents-who-don-t-accept-trans-agenda-under-attack-in-ca"]}]},{"@type":"ImageObject","inLanguage":"es","@id":"https:\/\/ifamnews.com\/en\/parents-who-don-t-accept-trans-agenda-under-attack-in-ca#primaryimage","url":"https:\/\/ifamnews.com\/wp-content\/uploads\/2024\/01\/image-2023-12-28T001703.810.png","contentUrl":"https:\/\/ifamnews.com\/wp-content\/uploads\/2024\/01\/image-2023-12-28T001703.810.png","width":1199,"height":674},{"@type":"BreadcrumbList","@id":"https:\/\/ifamnews.com\/en\/parents-who-don-t-accept-trans-agenda-under-attack-in-ca#breadcrumb","itemListElement":[{"@type":"ListItem","position":1,"name":"Home","item":"https:\/\/ifamnews.com\/de"},{"@type":"ListItem","position":2,"name":"Politics","item":"https:\/\/ifamnews.com\/en\/category\/politics"},{"@type":"ListItem","position":3,"name":"Los padres que no aceptan la agenda trans son atacados en California"}]},{"@type":"WebSite","@id":"https:\/\/ifamnews.com\/en\/#website","url":"https:\/\/ifamnews.com\/en\/","name":"IFN","description":"International Family News Network","publisher":{"@id":"https:\/\/ifamnews.com\/en\/#organization"},"potentialAction":[{"@type":"SearchAction","target":{"@type":"EntryPoint","urlTemplate":"https:\/\/ifamnews.com\/en\/?s={search_term_string}"},"query-input":{"@type":"PropertyValueSpecification","valueRequired":true,"valueName":"search_term_string"}}],"inLanguage":"es"},{"@type":"Organization","@id":"https:\/\/ifamnews.com\/en\/#organization","name":"iFamNews","url":"https:\/\/ifamnews.com\/en\/","logo":{"@type":"ImageObject","inLanguage":"es","@id":"https:\/\/ifamnews.com\/en\/#\/schema\/logo\/image\/","url":"https:\/\/ifamnews.com\/wp-content\/uploads\/2020\/01\/Share-logo.png","contentUrl":"https:\/\/ifamnews.com\/wp-content\/uploads\/2020\/01\/Share-logo.png","width":200,"height":200,"caption":"iFamNews"},"image":{"@id":"https:\/\/ifamnews.com\/en\/#\/schema\/logo\/image\/"},"sameAs":["https:\/\/www.facebook.com\/iFamNews","https:\/\/x.com\/iFamNewsEN"]},{"@type":"Person","@id":"https:\/\/ifamnews.com\/en\/#\/schema\/person\/633bdb7ac2496c9b9304ce62d071cdfa","name":"IFN English","image":{"@type":"ImageObject","inLanguage":"es","@id":"https:\/\/secure.gravatar.com\/avatar\/6f16ce95b558ae6f6eb9ae2f68122482a2c61696af2a8fc343c2e10f981a959d?s=96&d=mm&r=g","url":"https:\/\/secure.gravatar.com\/avatar\/6f16ce95b558ae6f6eb9ae2f68122482a2c61696af2a8fc343c2e10f981a959d?s=96&d=mm&r=g","contentUrl":"https:\/\/secure.gravatar.com\/avatar\/6f16ce95b558ae6f6eb9ae2f68122482a2c61696af2a8fc343c2e10f981a959d?s=96&d=mm&r=g","caption":"IFN English"},"description":"Articles published by the English iFamNews editorial team.","sameAs":["https:\/\/ifamnews.com\/en","https:\/\/www.facebook.com\/iFamNews\/","https:\/\/x.com\/https:\/\/twitter.com\/iFamNewsEN","https:\/\/www.youtube.com\/channel\/UCMVyIt4z9BANW3d09kwfUpw"],"url":"https:\/\/ifamnews.com\/es\/author\/ifamnews-staff"}]}},"amp_enabled":true,"_links":{"self":[{"href":"https:\/\/ifamnews.com\/es\/wp-json\/wp\/v2\/posts\/198397","targetHints":{"allow":["GET"]}}],"collection":[{"href":"https:\/\/ifamnews.com\/es\/wp-json\/wp\/v2\/posts"}],"about":[{"href":"https:\/\/ifamnews.com\/es\/wp-json\/wp\/v2\/types\/post"}],"author":[{"embeddable":true,"href":"https:\/\/ifamnews.com\/es\/wp-json\/wp\/v2\/users\/593"}],"replies":[{"embeddable":true,"href":"https:\/\/ifamnews.com\/es\/wp-json\/wp\/v2\/comments?post=198397"}],"version-history":[{"count":2,"href":"https:\/\/ifamnews.com\/es\/wp-json\/wp\/v2\/posts\/198397\/revisions"}],"predecessor-version":[{"id":216384,"href":"https:\/\/ifamnews.com\/es\/wp-json\/wp\/v2\/posts\/198397\/revisions\/216384"}],"wp:featuredmedia":[{"embeddable":true,"href":"https:\/\/ifamnews.com\/es\/wp-json\/wp\/v2\/media\/216385"}],"wp:attachment":[{"href":"https:\/\/ifamnews.com\/es\/wp-json\/wp\/v2\/media?parent=198397"}],"wp:term":[{"taxonomy":"category","embeddable":true,"href":"https:\/\/ifamnews.com\/es\/wp-json\/wp\/v2\/categories?post=198397"},{"taxonomy":"post_tag","embeddable":true,"href":"https:\/\/ifamnews.com\/es\/wp-json\/wp\/v2\/tags?post=198397"}],"curies":[{"name":"wp","href":"https:\/\/api.w.org\/{rel}","templated":true}]}}