{"id":198268,"date":"2024-04-14T01:00:00","date_gmt":"2024-04-14T05:00:00","guid":{"rendered":"https:\/\/ifamnews.com\/?p=198268"},"modified":"2024-04-09T15:08:06","modified_gmt":"2024-04-09T19:08:06","slug":"polonia-el-lobby-abortista-fracasa-a-lo-grande-en-el-tedh","status":"publish","type":"post","link":"https:\/\/ifamnews.com\/es\/polonia-el-lobby-abortista-fracasa-a-lo-grande-en-el-tedh","title":{"rendered":"Polonia: el lobby abortista fracasa a lo grande en el TEDH"},"content":{"rendered":"\n<p>En 2023, el Tribunal Europeo de Derechos Humanos (TEDH) rechaz\u00f3 una serie de demandas que cuestionaban la abolici\u00f3n del aborto eugen\u00e9sico en Polonia en el caso A.M. y otros contra Polonia (n\u00ba 4188\/21).<\/p>\n\n\n\n<p>Sin pronunciarse sobre el fondo, el Tribunal desestim\u00f3 las demandas alegando que las demandantes no pod\u00edan alegar personalmente ser \u00ab<strong>v\u00edctimas\u00bb de esta supresi\u00f3n<\/strong>, ya que no estaban embarazadas ni esperaban un hijo con discapacidad. <\/p>\n\n\n\n<p>Se trataba de la decisi\u00f3n del Tribunal Constitucional polaco del 22 de octubre de 2020, que dictamin\u00f3 que el aborto eugen\u00e9sico es <strong>contrario a los principios constitucionales de respeto a la vida y la dignidad humanas<\/strong>, de las que est\u00e1 dotado todo ser humano desde antes de nacer.<\/p>\n\n\n\n<p>El ECLJ se congratula de esta decisi\u00f3n y observa con satisfacci\u00f3n que el Tribunal est\u00e1 de acuerdo con los argumentos que ofrecimos en nuestras observaciones escritas.<\/p>\n\n\n\n<p>Esta decisi\u00f3n es a\u00fan m\u00e1s notable si se tiene en cuenta la considerable presi\u00f3n ejercida sobre el Tribunal e incluso dentro de \u00e9l por los grupos de presi\u00f3n abortistas. De hecho, el caso fue urdido por la Federaci\u00f3n Polaca de Mujeres y Planificaci\u00f3n Familiar (FEDERA) y recibi\u00f3 el apoyo masivo de los grupos de presi\u00f3n abortistas mundiales.<\/p>\n\n\n\n<p>Casi todos los principales defensores del aborto intervinieron en el caso: Amnist\u00eda Internacional, Human Rights Watch, Center for Reproductive Rights, Comisi\u00f3n Internacional de Juristas, Federaci\u00f3n Internacional de Derechos Humanos, International Planned Parenthood, Federation European Network, Women Enabled International, Women&#8217;s Link Worldwide y Organizaci\u00f3n Mundial contra la Tortura.  <\/p>\n\n\n\n<p>El Grupo de Trabajo de las Naciones Unidas sobre la Discriminaci\u00f3n contra las Mujeres y las Ni\u00f1as, cuya presidenta (Melissa Upreti) era empleada del Centro de Derechos Reproductivos, tambi\u00e9n intervino, al igual que el Comisario de Derechos Humanos del Consejo de Europa. <\/p>\n\n\n\n<p>El comisario se bas\u00f3 en un informe elaborado en 2017 por el Centro de Derechos Reproductivos. La Federaci\u00f3n Internacional de Ginecolog\u00eda y Obstetricia (FIGO) tambi\u00e9n apoy\u00f3 el aborto, al igual que la activista <strong>Fiona de Londras<\/strong>. <\/p>\n\n\n\n<p>Todos los defensores del aborto abogaron por que el TEDH impusiera un nuevo \u00ab<strong>derecho<\/strong>\u00bb a escala europea: el de abortar a un ni\u00f1o porque es <strong>discapacitado<\/strong>, en particular si tiene <strong>s\u00edndrome de Down<\/strong>.<\/p>\n\n\n\n<p>Frente a esta presi\u00f3n, el TEDH recibi\u00f3 el apoyo de eminentes personalidades, que suscribieron sus observaciones escritas. Junto a nosotros, antiguos jueces del TEDH intervinieron ante su antigua jurisdicci\u00f3n; este tipo de intervenci\u00f3n es la primera, que sepamos.  <\/p>\n\n\n\n<p>Siguieron otros: expertos de Naciones Unidas, un ex Comisario europeo de Sanidad, un ex Presidente de la Corte Interamericana de Derechos Humanos, magistrados, acad\u00e9micos, etc. <\/p>\n\n\n\n<p>Tambi\u00e9n tuvimos el honor de recibir el apoyo de asociaciones de personas con s\u00edndrome de Down, as\u00ed como de dos j\u00f3venes que, en v\u00eddeo, se dirigieron directamente a los jueces del TEDH, explic\u00e1ndoles qu\u00e9 es el s\u00edndrome de Down, c\u00f3mo viven con \u00e9l y pidi\u00e9ndoles que las defiendan con una decisi\u00f3n favorable. <\/p>\n\n\n\n<p>Las personas con <strong>s\u00edndrome de Down<\/strong> que se movilizaron por este caso pueden ahora alegrarse con nosotros de esta victoria. A pesar de todos sus esfuerzos y de su prestigio a los ojos del mundo, los grupos <strong>proaborto<\/strong> no lograron convencer al Tribunal, que se neg\u00f3 a permitir que se le utilizara burdamente y se le degradara <strong>con fines puramente pol\u00edticos.<\/strong><\/p>\n\n\n\n<p>En el pasado, el Tribunal no siempre ha sido tan cauto, fallando a favor de casos similares contra Irlanda y Polonia, apoyados por el mismo Centro de Derechos Reproductivos.<\/p>\n\n\n\n<p>Aunque esta decisi\u00f3n supone <strong>una derrota para los grupos de presi\u00f3n abortistas<\/strong>, no es una victoria definitiva para quienes defienden el respeto a la vida de las personas discapacitadas.<\/p>\n\n\n\n<p>De hecho, no debemos enga\u00f1arnos. Es posible, e incluso probable, que el Tribunal siga promoviendo una mentalidad favorable al aborto. El caso m\u00e1s peligroso sobre este tema est\u00e1 a\u00fan por llegar, y su sentencia podr\u00eda publicarse en breve (M.L. contra Polonia, n\u00ba 40119\/21).  <\/p>\n\n\n\n<p>Se trata de una mujer polaca que se siente sometida a una forma de tortura y a una invasi\u00f3n de su intimidad por tener que viajar a los Pa\u00edses Bajos y gastarse 1.220 euros para abortar a su hijo con s\u00edndrome de Down en el s\u00e9ptimo mes de embarazo.<\/p>\n\n\n\n<p>Curiosamente, estas grandes ONG de derechos humanos no se preguntan si abortar a un ni\u00f1o a los siete meses de embarazo a causa del s\u00edndrome de Down no es, de hecho, una <strong>aut\u00e9ntica violaci\u00f3n de los derechos humanos<\/strong>.<\/p>\n","protected":false},"excerpt":{"rendered":"<p>En 2023, el Tribunal Europeo de Derechos Humanos (TEDH) rechaz\u00f3 una serie de demandas que cuestionaban la abolici\u00f3n del aborto eugen\u00e9sico en Polonia<\/p>\n","protected":false},"author":593,"featured_media":223895,"comment_status":"open","ping_status":"open","sticky":false,"template":"","format":"standard","meta":{"give_campaign_id":0,"om_disable_all_campaigns":false,"_monsterinsights_skip_tracking":false,"_monsterinsights_sitenote_active":false,"_monsterinsights_sitenote_note":"","_monsterinsights_sitenote_category":0,"mc4wp_mailchimp_campaign":[],"jnews-multi-image_gallery":[],"jnews_single_post":{"subtitle":"El Tribunal Constitucional polaco dictamin\u00f3 que el aborto eugen\u00e9sico es contrario a los principios constitucionales de respeto a la vida y la dignidad humanas de las que est\u00e1 dotado todo ser humano desde antes de nacer","format":"standard","video":"","gallery":"","source_name":"","source_url":"","via_name":"","via_url":"","override_template":"0","override":[{"template":"2","single_blog_custom":"","parallax":"1","fullscreen":"1","layout":"right-sidebar-narrow","sidebar":"default-sidebar","second_sidebar":"default-sidebar","sticky_sidebar":"1","share_position":"float","share_float_style":"share-normal","show_share_counter":"1","show_view_counter":"1","show_featured":"1","show_post_meta":"1","show_post_author":"1","show_post_author_image":"1","show_post_date":"1","post_date_format":"default","post_date_format_custom":"Y\/m\/d","show_post_category":"1","show_post_reading_time":"1","post_reading_time_wpm":"300","show_zoom_button":"0","zoom_button_out_step":"2","zoom_button_in_step":"3","show_post_tag":"1","show_prev_next_post":"0","show_popup_post":"0","number_popup_post":"1","show_author_box":"1","show_post_related":"0","show_inline_post_related":"0"}],"override_image_size":"0","image_override":[{"single_post_thumbnail_size":"crop-715","single_post_gallery_size":"crop-715"}],"trending_post":"0","trending_post_position":"meta","trending_post_label":"Trending","sponsored_post":"0","sponsored_post_label":"Sponsored by","sponsored_post_name":"","sponsored_post_url":"","sponsored_post_logo_enable":"0","sponsored_post_logo":"","sponsored_post_desc":"","disable_ad":"0"},"jnews_primary_category":{"id":"818","hide":""},"jnews_social_meta":[],"jnews_override_counter":[],"footnotes":""},"categories":[810,815,818],"tags":[10519,26676,17045],"class_list":["post-198268","post","type-post","status-publish","format-standard","has-post-thumbnail","hentry","category-foreground-es","category-breaking-news-es","category-vida","tag-aborto-es-3","tag-centro-europeo-para-el-derecho-y-la-justicia","tag-polonia-es-4"],"yoast_head":"<!-- This site is optimized with the Yoast SEO Premium plugin v25.9 (Yoast SEO v27.3) - https:\/\/yoast.com\/product\/yoast-seo-premium-wordpress\/ -->\n<title>Polonia: el lobby abortista fracasa a lo grande en el TEDH - IFN<\/title>\n<meta name=\"description\" content=\"El TC polaco dictamin\u00f3 que el aborto eugen\u00e9sico es contrario a los principios constitucionales de respeto a la vida y la dignidad humana\" \/>\n<meta name=\"robots\" content=\"index, follow, max-snippet:-1, max-image-preview:large, max-video-preview:-1\" \/>\n<link rel=\"canonical\" href=\"https:\/\/ifamnews.com\/en\/poland-abortion-lobby-fails-big-at-the-echr\" \/>\n<meta property=\"og:locale\" content=\"es_ES\" \/>\n<meta property=\"og:type\" content=\"article\" \/>\n<meta property=\"og:title\" content=\"Polonia: el lobby abortista fracasa a lo grande en el TEDH\" \/>\n<meta property=\"og:description\" content=\"El TC polaco dictamin\u00f3 que el aborto eugen\u00e9sico es contrario a los principios constitucionales de respeto a la vida y la dignidad humana\" \/>\n<meta property=\"og:url\" content=\"https:\/\/ifamnews.com\/en\/poland-abortion-lobby-fails-big-at-the-echr\" \/>\n<meta property=\"og:site_name\" content=\"IFN\" \/>\n<meta property=\"article:publisher\" content=\"https:\/\/www.facebook.com\/iFamNews\" \/>\n<meta property=\"article:author\" content=\"https:\/\/www.facebook.com\/iFamNews\/\" \/>\n<meta property=\"article:published_time\" content=\"2024-04-14T05:00:00+00:00\" \/>\n<meta property=\"og:image\" content=\"https:\/\/ifamnews.com\/wp-content\/uploads\/2024\/04\/Todo_el_mundo_es_igual.jpg\" \/>\n\t<meta property=\"og:image:width\" content=\"600\" \/>\n\t<meta property=\"og:image:height\" content=\"400\" \/>\n\t<meta property=\"og:image:type\" content=\"image\/jpeg\" \/>\n<meta name=\"author\" content=\"IFN English\" \/>\n<meta name=\"twitter:card\" content=\"summary_large_image\" \/>\n<meta name=\"twitter:creator\" content=\"@https:\/\/twitter.com\/iFamNewsEN\" \/>\n<meta name=\"twitter:site\" content=\"@iFamNewsEN\" \/>\n<meta name=\"twitter:label1\" content=\"Escrito por\" \/>\n\t<meta name=\"twitter:data1\" content=\"iFamNews\" \/>\n\t<meta name=\"twitter:label2\" content=\"Tiempo de lectura\" \/>\n\t<meta name=\"twitter:data2\" content=\"4 minutos\" \/>\n<!-- \/ Yoast SEO Premium plugin. -->","yoast_head_json":{"title":"Polonia: el lobby abortista fracasa a lo grande en el TEDH - IFN","description":"El TC polaco dictamin\u00f3 que el aborto eugen\u00e9sico es contrario a los principios constitucionales de respeto a la vida y la dignidad humana","robots":{"index":"index","follow":"follow","max-snippet":"max-snippet:-1","max-image-preview":"max-image-preview:large","max-video-preview":"max-video-preview:-1"},"canonical":"https:\/\/ifamnews.com\/en\/poland-abortion-lobby-fails-big-at-the-echr","og_locale":"es_ES","og_type":"article","og_title":"Polonia: el lobby abortista fracasa a lo grande en el TEDH","og_description":"El TC polaco dictamin\u00f3 que el aborto eugen\u00e9sico es contrario a los principios constitucionales de respeto a la vida y la dignidad humana","og_url":"https:\/\/ifamnews.com\/en\/poland-abortion-lobby-fails-big-at-the-echr","og_site_name":"IFN","article_publisher":"https:\/\/www.facebook.com\/iFamNews","article_author":"https:\/\/www.facebook.com\/iFamNews\/","article_published_time":"2024-04-14T05:00:00+00:00","og_image":[{"width":600,"height":400,"url":"https:\/\/ifamnews.com\/wp-content\/uploads\/2024\/04\/Todo_el_mundo_es_igual.jpg","type":"image\/jpeg"}],"author":"IFN English","twitter_card":"summary_large_image","twitter_creator":"@https:\/\/twitter.com\/iFamNewsEN","twitter_site":"@iFamNewsEN","twitter_misc":{"Escrito por":"iFamNews","Tiempo de lectura":"4 minutos"},"schema":{"@context":"https:\/\/schema.org","@graph":[{"@type":"NewsArticle","@id":"https:\/\/ifamnews.com\/en\/poland-abortion-lobby-fails-big-at-the-echr#article","isPartOf":{"@id":"https:\/\/ifamnews.com\/en\/poland-abortion-lobby-fails-big-at-the-echr"},"author":{"name":"IFN English","@id":"https:\/\/ifamnews.com\/en\/#\/schema\/person\/633bdb7ac2496c9b9304ce62d071cdfa"},"headline":"Polonia: el lobby abortista fracasa a lo grande en el TEDH","datePublished":"2024-04-14T05:00:00+00:00","mainEntityOfPage":{"@id":"https:\/\/ifamnews.com\/en\/poland-abortion-lobby-fails-big-at-the-echr"},"wordCount":785,"commentCount":0,"publisher":{"@id":"https:\/\/ifamnews.com\/en\/#organization"},"image":{"@id":"https:\/\/ifamnews.com\/en\/poland-abortion-lobby-fails-big-at-the-echr#primaryimage"},"thumbnailUrl":"https:\/\/ifamnews.com\/wp-content\/uploads\/2024\/04\/Todo_el_mundo_es_igual.jpg","keywords":["Aborto","centro europeo para el derecho y la justicia","Polonia"],"articleSection":["Foreground","\u00daLTIMAS NOTICIAS","Vida"],"inLanguage":"es","potentialAction":[{"@type":"CommentAction","name":"Comment","target":["https:\/\/ifamnews.com\/en\/poland-abortion-lobby-fails-big-at-the-echr#respond"]}]},{"@type":"WebPage","@id":"https:\/\/ifamnews.com\/en\/poland-abortion-lobby-fails-big-at-the-echr","url":"https:\/\/ifamnews.com\/en\/poland-abortion-lobby-fails-big-at-the-echr","name":"Polonia: el lobby abortista fracasa a lo grande en el TEDH - IFN","isPartOf":{"@id":"https:\/\/ifamnews.com\/en\/#website"},"primaryImageOfPage":{"@id":"https:\/\/ifamnews.com\/en\/poland-abortion-lobby-fails-big-at-the-echr#primaryimage"},"image":{"@id":"https:\/\/ifamnews.com\/en\/poland-abortion-lobby-fails-big-at-the-echr#primaryimage"},"thumbnailUrl":"https:\/\/ifamnews.com\/wp-content\/uploads\/2024\/04\/Todo_el_mundo_es_igual.jpg","datePublished":"2024-04-14T05:00:00+00:00","description":"El TC polaco dictamin\u00f3 que el aborto eugen\u00e9sico es contrario a los principios constitucionales de respeto a la vida y la dignidad humana","breadcrumb":{"@id":"https:\/\/ifamnews.com\/en\/poland-abortion-lobby-fails-big-at-the-echr#breadcrumb"},"inLanguage":"es","potentialAction":[{"@type":"ReadAction","target":["https:\/\/ifamnews.com\/en\/poland-abortion-lobby-fails-big-at-the-echr"]}]},{"@type":"ImageObject","inLanguage":"es","@id":"https:\/\/ifamnews.com\/en\/poland-abortion-lobby-fails-big-at-the-echr#primaryimage","url":"https:\/\/ifamnews.com\/wp-content\/uploads\/2024\/04\/Todo_el_mundo_es_igual.jpg","contentUrl":"https:\/\/ifamnews.com\/wp-content\/uploads\/2024\/04\/Todo_el_mundo_es_igual.jpg","width":600,"height":400},{"@type":"BreadcrumbList","@id":"https:\/\/ifamnews.com\/en\/poland-abortion-lobby-fails-big-at-the-echr#breadcrumb","itemListElement":[{"@type":"ListItem","position":1,"name":"Home","item":"https:\/\/ifamnews.com\/de"},{"@type":"ListItem","position":2,"name":"\u0413\u043b\u0430\u0432\u043d\u0430 \u0432\u0435\u0441\u0442","item":"https:\/\/ifamnews.com\/sr\/kategorija\/glavna-vest"},{"@type":"ListItem","position":3,"name":"Polonia: el lobby abortista fracasa a lo grande en el TEDH"}]},{"@type":"WebSite","@id":"https:\/\/ifamnews.com\/en\/#website","url":"https:\/\/ifamnews.com\/en\/","name":"IFN","description":"International Family News Network","publisher":{"@id":"https:\/\/ifamnews.com\/en\/#organization"},"potentialAction":[{"@type":"SearchAction","target":{"@type":"EntryPoint","urlTemplate":"https:\/\/ifamnews.com\/en\/?s={search_term_string}"},"query-input":{"@type":"PropertyValueSpecification","valueRequired":true,"valueName":"search_term_string"}}],"inLanguage":"es"},{"@type":"Organization","@id":"https:\/\/ifamnews.com\/en\/#organization","name":"iFamNews","url":"https:\/\/ifamnews.com\/en\/","logo":{"@type":"ImageObject","inLanguage":"es","@id":"https:\/\/ifamnews.com\/en\/#\/schema\/logo\/image\/","url":"https:\/\/ifamnews.com\/wp-content\/uploads\/2020\/01\/Share-logo.png","contentUrl":"https:\/\/ifamnews.com\/wp-content\/uploads\/2020\/01\/Share-logo.png","width":200,"height":200,"caption":"iFamNews"},"image":{"@id":"https:\/\/ifamnews.com\/en\/#\/schema\/logo\/image\/"},"sameAs":["https:\/\/www.facebook.com\/iFamNews","https:\/\/x.com\/iFamNewsEN"]},{"@type":"Person","@id":"https:\/\/ifamnews.com\/en\/#\/schema\/person\/633bdb7ac2496c9b9304ce62d071cdfa","name":"IFN English","image":{"@type":"ImageObject","inLanguage":"es","@id":"https:\/\/secure.gravatar.com\/avatar\/6f16ce95b558ae6f6eb9ae2f68122482a2c61696af2a8fc343c2e10f981a959d?s=96&d=mm&r=g","url":"https:\/\/secure.gravatar.com\/avatar\/6f16ce95b558ae6f6eb9ae2f68122482a2c61696af2a8fc343c2e10f981a959d?s=96&d=mm&r=g","contentUrl":"https:\/\/secure.gravatar.com\/avatar\/6f16ce95b558ae6f6eb9ae2f68122482a2c61696af2a8fc343c2e10f981a959d?s=96&d=mm&r=g","caption":"IFN English"},"description":"Articles published by the English iFamNews editorial team.","sameAs":["https:\/\/ifamnews.com\/en","https:\/\/www.facebook.com\/iFamNews\/","https:\/\/x.com\/https:\/\/twitter.com\/iFamNewsEN","https:\/\/www.youtube.com\/channel\/UCMVyIt4z9BANW3d09kwfUpw"],"url":"https:\/\/ifamnews.com\/es\/author\/ifamnews-staff"}]}},"amp_enabled":true,"_links":{"self":[{"href":"https:\/\/ifamnews.com\/es\/wp-json\/wp\/v2\/posts\/198268","targetHints":{"allow":["GET"]}}],"collection":[{"href":"https:\/\/ifamnews.com\/es\/wp-json\/wp\/v2\/posts"}],"about":[{"href":"https:\/\/ifamnews.com\/es\/wp-json\/wp\/v2\/types\/post"}],"author":[{"embeddable":true,"href":"https:\/\/ifamnews.com\/es\/wp-json\/wp\/v2\/users\/593"}],"replies":[{"embeddable":true,"href":"https:\/\/ifamnews.com\/es\/wp-json\/wp\/v2\/comments?post=198268"}],"version-history":[{"count":5,"href":"https:\/\/ifamnews.com\/es\/wp-json\/wp\/v2\/posts\/198268\/revisions"}],"predecessor-version":[{"id":223903,"href":"https:\/\/ifamnews.com\/es\/wp-json\/wp\/v2\/posts\/198268\/revisions\/223903"}],"wp:featuredmedia":[{"embeddable":true,"href":"https:\/\/ifamnews.com\/es\/wp-json\/wp\/v2\/media\/223895"}],"wp:attachment":[{"href":"https:\/\/ifamnews.com\/es\/wp-json\/wp\/v2\/media?parent=198268"}],"wp:term":[{"taxonomy":"category","embeddable":true,"href":"https:\/\/ifamnews.com\/es\/wp-json\/wp\/v2\/categories?post=198268"},{"taxonomy":"post_tag","embeddable":true,"href":"https:\/\/ifamnews.com\/es\/wp-json\/wp\/v2\/tags?post=198268"}],"curies":[{"name":"wp","href":"https:\/\/api.w.org\/{rel}","templated":true}]}}