{"id":197222,"date":"2024-01-01T01:00:00","date_gmt":"2024-01-01T06:00:00","guid":{"rendered":"https:\/\/ifamnews.com\/?p=197222"},"modified":"2023-12-25T11:49:46","modified_gmt":"2023-12-25T16:49:46","slug":"oklahoma-supuesta-agresi-n-a-un-alumno-transexual","status":"publish","type":"post","link":"https:\/\/ifamnews.com\/es\/oklahoma-supuesta-agresi-n-a-un-alumno-transexual","title":{"rendered":"Oklahoma: supuesta agresi\u00f3n a un alumno transexual"},"content":{"rendered":"\n<p>Una madre de Oklahoma ha emprendido acciones legales contra su distrito escolar local tras un incidente en el que un estudiante transexual de 17 a\u00f1os supuestamente agredi\u00f3 a su hija de 15 a\u00f1os en el ba\u00f1o de chicas.<\/p>\n\n\n\n<p>La demanda acusa al distrito escolar de Edmond de no aplicar una ley de Oklahoma recientemente promulgada que obliga a los alumnos a utilizar los ba\u00f1os correspondientes al sexo indicado en sus partidas de nacimiento. <\/p>\n\n\n\n<p>El informe policial afirma que el alumno transexual se puso agresivo despu\u00e9s de que la ni\u00f1a se negara a responder a una pregunta y la agredi\u00f3 f\u00edsicamente cuando ella se neg\u00f3 a luchar.<\/p>\n\n\n\n<p>Al parecer, la agresi\u00f3n consisti\u00f3 en pu\u00f1etazos en la cara, patadas y tirones de pelo, por lo que la chica, de 15 a\u00f1os, no pudo tomar represalias. Otro estudiante intent\u00f3 intervenir, pero tambi\u00e9n fue golpeado. La ni\u00f1a herida fue tratada por posible conmoci\u00f3n cerebral y lesiones faciales. Posteriormente, el estudiante acusado fue acusado de agresi\u00f3n y lesiones, as\u00ed como de alteraci\u00f3n del orden p\u00fablico.<\/p>\n\n\n\n<p>La demandante solicita 75.000 d\u00f3lares por da\u00f1os y perjuicios, alegando la grave angustia f\u00edsica, mental y emocional infligida a su hija. En la demanda tambi\u00e9n se alega que el agresor hab\u00eda amenazado previamente a la v\u00edctima en la escuela, y que la polic\u00eda le hab\u00eda registrado en busca de armas a ra\u00edz de estas amenazas. <\/p>\n\n\n\n<p>La superintendente de las escuelas p\u00fablicas de Edmond, Angela Grunewald, se refiri\u00f3 al incidente afirmando que la identidad de g\u00e9nero de los alumnos suele tomarse al pie de la letra cuando se matriculan.<\/p>\n\n\n\n<p>A pesar de la ley, el distrito escolar no dispon\u00eda del certificado de nacimiento del agresor en el momento de la inscripci\u00f3n. La madre del estudiante acusado confirm\u00f3 que su hijo se identifica como mujer pero naci\u00f3 var\u00f3n. Afirm\u00f3 que su hijo hab\u00eda sido objeto de abusos mentales y emocionales, y acus\u00f3 a una de las v\u00edctimas de intimidar a su hijo por ser transexual. <\/p>\n\n\n\n<p>El distrito escolar confirm\u00f3 a Fox News Digital que el estudiante transexual ya no asiste a la escuela, pero se abstuvo de hacer comentarios sobre el litigio en curso.<\/p>\n\n\n\n<p>La ley, firmada por el gobernador republicano de Oklahoma, Kevin Stitt, obliga a las escuelas p\u00fablicas a restringir el uso de los ba\u00f1os y vestuarios al sexo biol\u00f3gico para el que est\u00e1n designados.<\/p>\n\n\n\n<p>La ley fue impugnada en septiembre por tres estudiantes transexuales que alegaban discriminaci\u00f3n inconstitucional. Stitt utiliz\u00f3 el incidente como prueba de la necesidad de la ley que firm\u00f3, afirmando su compromiso con la protecci\u00f3n de las j\u00f3venes en las escuelas y la defensa de las leyes estatales.<\/p>\n","protected":false},"excerpt":{"rendered":"<p>Una madre de Oklahoma ha emprendido acciones legales contra el distrito escolar de su localidad tras un incidente en el que un estudiante transexual de 17 a\u00f1os supuestamente agredi\u00f3 a su hija de 15 a\u00f1os en el ba\u00f1o de chicas<\/p>\n","protected":false},"author":593,"featured_media":216334,"comment_status":"open","ping_status":"open","sticky":false,"template":"","format":"standard","meta":{"give_campaign_id":0,"om_disable_all_campaigns":false,"_monsterinsights_skip_tracking":false,"_monsterinsights_sitenote_active":false,"_monsterinsights_sitenote_note":"","_monsterinsights_sitenote_category":0,"mc4wp_mailchimp_campaign":[],"jnews-multi-image_gallery":[],"jnews_single_post":{"subtitle":"El informe policial afirma que el alumno transexual se puso agresivo despu\u00e9s de que la ni\u00f1a se negara a responder a una pregunta y la agredi\u00f3 f\u00edsicamente cuando ella se neg\u00f3 a luchar","format":"standard","video":"","gallery":"","source_name":"","source_url":"","via_name":"","via_url":"","override_template":"0","override":[{"template":"2","single_blog_custom":"","parallax":"1","fullscreen":"1","layout":"right-sidebar-narrow","sidebar":"default-sidebar","second_sidebar":"default-sidebar","sticky_sidebar":"1","share_position":"float","share_float_style":"share-normal","show_share_counter":"1","show_view_counter":"1","show_featured":"1","show_post_meta":"1","show_post_author":"1","show_post_author_image":"1","show_post_date":"1","post_date_format":"default","post_date_format_custom":"Y\/m\/d","show_post_category":"1","show_post_reading_time":"1","post_reading_time_wpm":"300","show_zoom_button":"0","zoom_button_out_step":"2","zoom_button_in_step":"3","show_post_tag":"1","show_prev_next_post":"0","show_popup_post":"0","number_popup_post":"1","show_author_box":"1","show_post_related":"0","show_inline_post_related":"0"}],"override_image_size":"0","image_override":[{"single_post_thumbnail_size":"crop-715","single_post_gallery_size":"crop-715"}],"trending_post":"0","trending_post_position":"meta","trending_post_label":"Trending","sponsored_post":"0","sponsored_post_label":"Sponsored by","sponsored_post_name":"","sponsored_post_url":"","sponsored_post_logo_enable":"0","sponsored_post_logo":"","sponsored_post_desc":"","disable_ad":"0"},"jnews_primary_category":{"id":"765","hide":""},"jnews_social_meta":[],"jnews_override_counter":[],"footnotes":""},"categories":[765,810,815],"tags":[8612,11066,12149,29084,7267],"class_list":["post-197222","post","type-post","status-publish","format-standard","has-post-thumbnail","hentry","category-cultura-es","category-foreground-es","category-breaking-news-es","tag-ideologia-de-genero-es","tag-ideologia-lgbt","tag-lgbt-es-5","tag-oklahoma-3","tag-transgenderism-es"],"yoast_head":"<!-- This site is optimized with the Yoast SEO Premium plugin v25.9 (Yoast SEO v27.3) - https:\/\/yoast.com\/product\/yoast-seo-premium-wordpress\/ -->\n<title>Oklahoma: supuesta agresi\u00f3n a un alumno transexual - IFN<\/title>\n<meta name=\"description\" content=\"El alumno transexual se puso agresivo despu\u00e9s de que la ni\u00f1a se negara a responder a una pregunta y la agredi\u00f3 cuando ella se neg\u00f3 a luchar\" \/>\n<meta name=\"robots\" content=\"index, follow, max-snippet:-1, max-image-preview:large, max-video-preview:-1\" \/>\n<link rel=\"canonical\" href=\"https:\/\/ifamnews.com\/en\/mother-sues-oklahoma-school-district-over-alleged-transgender-student-attack\" \/>\n<meta property=\"og:locale\" content=\"es_ES\" \/>\n<meta property=\"og:type\" content=\"article\" \/>\n<meta property=\"og:title\" content=\"Oklahoma: supuesta agresi\u00f3n a un alumno transexual\" \/>\n<meta property=\"og:description\" content=\"El alumno transexual se puso agresivo despu\u00e9s de que la ni\u00f1a se negara a responder a una pregunta y la agredi\u00f3 cuando ella se neg\u00f3 a luchar\" \/>\n<meta property=\"og:url\" content=\"https:\/\/ifamnews.com\/en\/mother-sues-oklahoma-school-district-over-alleged-transgender-student-attack\" \/>\n<meta property=\"og:site_name\" content=\"IFN\" \/>\n<meta property=\"article:publisher\" content=\"https:\/\/www.facebook.com\/iFamNews\" \/>\n<meta property=\"article:author\" content=\"https:\/\/www.facebook.com\/iFamNews\/\" \/>\n<meta property=\"article:published_time\" content=\"2024-01-01T06:00:00+00:00\" \/>\n<meta property=\"og:image\" content=\"https:\/\/ifamnews.com\/wp-content\/uploads\/2024\/01\/image-100.png\" \/>\n\t<meta property=\"og:image:width\" content=\"1199\" \/>\n\t<meta property=\"og:image:height\" content=\"674\" \/>\n\t<meta property=\"og:image:type\" content=\"image\/png\" \/>\n<meta name=\"author\" content=\"IFN English\" \/>\n<meta name=\"twitter:card\" content=\"summary_large_image\" \/>\n<meta name=\"twitter:creator\" content=\"@https:\/\/twitter.com\/iFamNewsEN\" \/>\n<meta name=\"twitter:site\" content=\"@iFamNewsEN\" \/>\n<meta name=\"twitter:label1\" content=\"Escrito por\" \/>\n\t<meta name=\"twitter:data1\" content=\"iFamNews\" \/>\n\t<meta name=\"twitter:label2\" content=\"Tiempo de lectura\" \/>\n\t<meta name=\"twitter:data2\" content=\"2 minutos\" \/>\n<!-- \/ Yoast SEO Premium plugin. -->","yoast_head_json":{"title":"Oklahoma: supuesta agresi\u00f3n a un alumno transexual - IFN","description":"El alumno transexual se puso agresivo despu\u00e9s de que la ni\u00f1a se negara a responder a una pregunta y la agredi\u00f3 cuando ella se neg\u00f3 a luchar","robots":{"index":"index","follow":"follow","max-snippet":"max-snippet:-1","max-image-preview":"max-image-preview:large","max-video-preview":"max-video-preview:-1"},"canonical":"https:\/\/ifamnews.com\/en\/mother-sues-oklahoma-school-district-over-alleged-transgender-student-attack","og_locale":"es_ES","og_type":"article","og_title":"Oklahoma: supuesta agresi\u00f3n a un alumno transexual","og_description":"El alumno transexual se puso agresivo despu\u00e9s de que la ni\u00f1a se negara a responder a una pregunta y la agredi\u00f3 cuando ella se neg\u00f3 a luchar","og_url":"https:\/\/ifamnews.com\/en\/mother-sues-oklahoma-school-district-over-alleged-transgender-student-attack","og_site_name":"IFN","article_publisher":"https:\/\/www.facebook.com\/iFamNews","article_author":"https:\/\/www.facebook.com\/iFamNews\/","article_published_time":"2024-01-01T06:00:00+00:00","og_image":[{"width":1199,"height":674,"url":"https:\/\/ifamnews.com\/wp-content\/uploads\/2024\/01\/image-100.png","type":"image\/png"}],"author":"IFN English","twitter_card":"summary_large_image","twitter_creator":"@https:\/\/twitter.com\/iFamNewsEN","twitter_site":"@iFamNewsEN","twitter_misc":{"Escrito por":"iFamNews","Tiempo de lectura":"2 minutos"},"schema":{"@context":"https:\/\/schema.org","@graph":[{"@type":"NewsArticle","@id":"https:\/\/ifamnews.com\/en\/mother-sues-oklahoma-school-district-over-alleged-transgender-student-attack#article","isPartOf":{"@id":"https:\/\/ifamnews.com\/en\/mother-sues-oklahoma-school-district-over-alleged-transgender-student-attack"},"author":{"name":"IFN English","@id":"https:\/\/ifamnews.com\/en\/#\/schema\/person\/633bdb7ac2496c9b9304ce62d071cdfa"},"headline":"Oklahoma: supuesta agresi\u00f3n a un alumno transexual","datePublished":"2024-01-01T06:00:00+00:00","mainEntityOfPage":{"@id":"https:\/\/ifamnews.com\/en\/mother-sues-oklahoma-school-district-over-alleged-transgender-student-attack"},"wordCount":475,"commentCount":0,"publisher":{"@id":"https:\/\/ifamnews.com\/en\/#organization"},"image":{"@id":"https:\/\/ifamnews.com\/en\/mother-sues-oklahoma-school-district-over-alleged-transgender-student-attack#primaryimage"},"thumbnailUrl":"https:\/\/ifamnews.com\/wp-content\/uploads\/2024\/01\/image-100.png","keywords":["Ideolog\u00eda de G\u00e9nero","Ideolog\u00eda LGBT","LGBT+","Oklahoma","Transgenderism"],"articleSection":["Cultura","Foreground","\u00daLTIMAS NOTICIAS"],"inLanguage":"es","potentialAction":[{"@type":"CommentAction","name":"Comment","target":["https:\/\/ifamnews.com\/en\/mother-sues-oklahoma-school-district-over-alleged-transgender-student-attack#respond"]}]},{"@type":"WebPage","@id":"https:\/\/ifamnews.com\/en\/mother-sues-oklahoma-school-district-over-alleged-transgender-student-attack","url":"https:\/\/ifamnews.com\/en\/mother-sues-oklahoma-school-district-over-alleged-transgender-student-attack","name":"Oklahoma: supuesta agresi\u00f3n a un alumno transexual - IFN","isPartOf":{"@id":"https:\/\/ifamnews.com\/en\/#website"},"primaryImageOfPage":{"@id":"https:\/\/ifamnews.com\/en\/mother-sues-oklahoma-school-district-over-alleged-transgender-student-attack#primaryimage"},"image":{"@id":"https:\/\/ifamnews.com\/en\/mother-sues-oklahoma-school-district-over-alleged-transgender-student-attack#primaryimage"},"thumbnailUrl":"https:\/\/ifamnews.com\/wp-content\/uploads\/2024\/01\/image-100.png","datePublished":"2024-01-01T06:00:00+00:00","description":"El alumno transexual se puso agresivo despu\u00e9s de que la ni\u00f1a se negara a responder a una pregunta y la agredi\u00f3 cuando ella se neg\u00f3 a luchar","breadcrumb":{"@id":"https:\/\/ifamnews.com\/en\/mother-sues-oklahoma-school-district-over-alleged-transgender-student-attack#breadcrumb"},"inLanguage":"es","potentialAction":[{"@type":"ReadAction","target":["https:\/\/ifamnews.com\/en\/mother-sues-oklahoma-school-district-over-alleged-transgender-student-attack"]}]},{"@type":"ImageObject","inLanguage":"es","@id":"https:\/\/ifamnews.com\/en\/mother-sues-oklahoma-school-district-over-alleged-transgender-student-attack#primaryimage","url":"https:\/\/ifamnews.com\/wp-content\/uploads\/2024\/01\/image-100.png","contentUrl":"https:\/\/ifamnews.com\/wp-content\/uploads\/2024\/01\/image-100.png","width":1199,"height":674},{"@type":"BreadcrumbList","@id":"https:\/\/ifamnews.com\/en\/mother-sues-oklahoma-school-district-over-alleged-transgender-student-attack#breadcrumb","itemListElement":[{"@type":"ListItem","position":1,"name":"Home","item":"https:\/\/ifamnews.com\/de"},{"@type":"ListItem","position":2,"name":"\u041a\u0443\u043b\u0442\u0443\u0440\u0430","item":"https:\/\/ifamnews.com\/sr\/kategorija\/kultura-sr"},{"@type":"ListItem","position":3,"name":"Oklahoma: supuesta agresi\u00f3n a un alumno transexual"}]},{"@type":"WebSite","@id":"https:\/\/ifamnews.com\/en\/#website","url":"https:\/\/ifamnews.com\/en\/","name":"IFN","description":"International Family News Network","publisher":{"@id":"https:\/\/ifamnews.com\/en\/#organization"},"potentialAction":[{"@type":"SearchAction","target":{"@type":"EntryPoint","urlTemplate":"https:\/\/ifamnews.com\/en\/?s={search_term_string}"},"query-input":{"@type":"PropertyValueSpecification","valueRequired":true,"valueName":"search_term_string"}}],"inLanguage":"es"},{"@type":"Organization","@id":"https:\/\/ifamnews.com\/en\/#organization","name":"iFamNews","url":"https:\/\/ifamnews.com\/en\/","logo":{"@type":"ImageObject","inLanguage":"es","@id":"https:\/\/ifamnews.com\/en\/#\/schema\/logo\/image\/","url":"https:\/\/ifamnews.com\/wp-content\/uploads\/2020\/01\/Share-logo.png","contentUrl":"https:\/\/ifamnews.com\/wp-content\/uploads\/2020\/01\/Share-logo.png","width":200,"height":200,"caption":"iFamNews"},"image":{"@id":"https:\/\/ifamnews.com\/en\/#\/schema\/logo\/image\/"},"sameAs":["https:\/\/www.facebook.com\/iFamNews","https:\/\/x.com\/iFamNewsEN"]},{"@type":"Person","@id":"https:\/\/ifamnews.com\/en\/#\/schema\/person\/633bdb7ac2496c9b9304ce62d071cdfa","name":"IFN English","image":{"@type":"ImageObject","inLanguage":"es","@id":"https:\/\/secure.gravatar.com\/avatar\/6f16ce95b558ae6f6eb9ae2f68122482a2c61696af2a8fc343c2e10f981a959d?s=96&d=mm&r=g","url":"https:\/\/secure.gravatar.com\/avatar\/6f16ce95b558ae6f6eb9ae2f68122482a2c61696af2a8fc343c2e10f981a959d?s=96&d=mm&r=g","contentUrl":"https:\/\/secure.gravatar.com\/avatar\/6f16ce95b558ae6f6eb9ae2f68122482a2c61696af2a8fc343c2e10f981a959d?s=96&d=mm&r=g","caption":"IFN English"},"description":"Articles published by the English iFamNews editorial team.","sameAs":["https:\/\/ifamnews.com\/en","https:\/\/www.facebook.com\/iFamNews\/","https:\/\/x.com\/https:\/\/twitter.com\/iFamNewsEN","https:\/\/www.youtube.com\/channel\/UCMVyIt4z9BANW3d09kwfUpw"],"url":"https:\/\/ifamnews.com\/es\/author\/ifamnews-staff"}]}},"amp_enabled":true,"_links":{"self":[{"href":"https:\/\/ifamnews.com\/es\/wp-json\/wp\/v2\/posts\/197222","targetHints":{"allow":["GET"]}}],"collection":[{"href":"https:\/\/ifamnews.com\/es\/wp-json\/wp\/v2\/posts"}],"about":[{"href":"https:\/\/ifamnews.com\/es\/wp-json\/wp\/v2\/types\/post"}],"author":[{"embeddable":true,"href":"https:\/\/ifamnews.com\/es\/wp-json\/wp\/v2\/users\/593"}],"replies":[{"embeddable":true,"href":"https:\/\/ifamnews.com\/es\/wp-json\/wp\/v2\/comments?post=197222"}],"version-history":[{"count":3,"href":"https:\/\/ifamnews.com\/es\/wp-json\/wp\/v2\/posts\/197222\/revisions"}],"predecessor-version":[{"id":216333,"href":"https:\/\/ifamnews.com\/es\/wp-json\/wp\/v2\/posts\/197222\/revisions\/216333"}],"wp:featuredmedia":[{"embeddable":true,"href":"https:\/\/ifamnews.com\/es\/wp-json\/wp\/v2\/media\/216334"}],"wp:attachment":[{"href":"https:\/\/ifamnews.com\/es\/wp-json\/wp\/v2\/media?parent=197222"}],"wp:term":[{"taxonomy":"category","embeddable":true,"href":"https:\/\/ifamnews.com\/es\/wp-json\/wp\/v2\/categories?post=197222"},{"taxonomy":"post_tag","embeddable":true,"href":"https:\/\/ifamnews.com\/es\/wp-json\/wp\/v2\/tags?post=197222"}],"curies":[{"name":"wp","href":"https:\/\/api.w.org\/{rel}","templated":true}]}}