{"id":191627,"date":"2024-02-06T01:00:00","date_gmt":"2024-02-06T06:00:00","guid":{"rendered":"https:\/\/ifamnews.com\/?p=191627"},"modified":"2024-01-30T18:12:35","modified_gmt":"2024-01-30T23:12:35","slug":"la-locura-de-la-ideolog-a-de-g-nero-en-las-escuelas-italianas","status":"publish","type":"post","link":"https:\/\/ifamnews.com\/es\/la-locura-de-la-ideolog-a-de-g-nero-en-las-escuelas-italianas","title":{"rendered":"La locura de la ideolog\u00eda de g\u00e9nero en las escuelas italianas"},"content":{"rendered":"\n<p>Hasta ahora, unas doscientas escuelas italianas han adoptado discretamente, sin autorizaci\u00f3n ministerial, una nueva normativa que permite a los estudiantes emprender una<strong> \u00abcarrera alias\u00bb<\/strong>.<\/p>\n\n\n\n<p>Los alumnos que lo deseen,<strong> aunque sean menores y sin autorizaci\u00f3n paterna<\/strong>, podr\u00e1n cambiar de nombre. Las escuelas italianas optan por adherirse a lo pol\u00edticamente correcto e introducen \u00abcarreras alias\u00bb.  <\/p>\n\n\n\n<p>El Liceo delle arti di Trento e Rovereto fue el primer instituto en el que el consejo de estudiantes instituy\u00f3 la adopci\u00f3n de un procedimiento \u00abdestinado a garantizar la protecci\u00f3n de los estudiantes de ambos sexos que hayan iniciado el proceso de reasignaci\u00f3n de sexo, previendo la posible activaci\u00f3n -a petici\u00f3n del interesado- de una carrera alias\u00bb y prev\u00e9 \u00abgarantizar que los estudiantes en transici\u00f3n puedan vivir en un entorno de estudio sereno, atento a la intimidad y a la dignidad de la persona\u00bb.<\/p>\n\n\n\n<p>La carrera de alias<strong> no tiene validez para el Estado<\/strong>, lo que significa que el estudiante tendr\u00e1 que presentarse con su nombre de pila para hacer un examen, aunque aparezca en el registro electr\u00f3nico con su nuevo nombre.<\/p>\n\n\n\n<p>En la provincia de Roma hay veintiocho escuelas activas, el Lacio tiene nada menos que treinta y seis escuelas sin g\u00e9nero en su territorio, pero la regi\u00f3n del Valle de Aosta es la \u00fanica que se resiste actualmente a la locura de g\u00e9nero.<\/p>\n\n\n\n<p>Como informa<strong> \u00abIl Giornale.it\u00bb<\/strong> sobre la protesta de los padres, \u00abesto se ha hecho p\u00fablico, desatando la indignaci\u00f3n general. En las redes sociales, que se han convertido ya en el teatro diario de enfrentamientos sobre estos temas desordenados, hay quien ve en las carreras de alias un peligro, sobre todo en las escuelas, con las famosas carreras de alias que quiere la izquierda\u00bb<\/p>\n\n\n\n<p>Comenta una mujer en Facebook: \u00abun chico puede fingir que se siente como una chica y, por tanto, <strong>utilizar los vestuarios y aseos de chicas<\/strong>. <\/p>\n\n\n\n<p>Alguien, como ocurre a menudo en Estados Unidos, puede no s\u00f3lo pararse a mirarlas sino tambi\u00e9n violarlas, ser\u00eda bueno evitar estos desagradables episodios en nuestro pa\u00eds\u00bb. <\/p>\n\n\n\n<p>Los padres de algunos estudiantes tambi\u00e9n est\u00e1n en contra de esta pr\u00e1ctica. De hecho, parece que grandes grupos de padres han pedido la abolici\u00f3n de las carreras con alias en las escuelas.<\/p>\n\n\n\n<p><\/p>\n","protected":false},"excerpt":{"rendered":"<p>En cada una de las doscientas escuelas de Italia -un n\u00famero que va a crecer r\u00e1pidamente- cada cual podr\u00e1 identificarse como quiera, y una clase com\u00fan de chicos y chicas ha pasado al olvido<\/p>\n","protected":false},"author":46,"featured_media":15418,"comment_status":"open","ping_status":"open","sticky":false,"template":"","format":"standard","meta":{"give_campaign_id":0,"om_disable_all_campaigns":false,"_monsterinsights_skip_tracking":false,"_monsterinsights_sitenote_active":false,"_monsterinsights_sitenote_note":"","_monsterinsights_sitenote_category":0,"mc4wp_mailchimp_campaign":[],"jnews-multi-image_gallery":[],"jnews_single_post":{"subtitle":"Los alumnos que lo deseen, aunque sean menores y sin autorizaci\u00f3n paterna, podr\u00e1n cambiar de nombre. Las escuelas italianas optan por adherirse a lo pol\u00edticamente correcto e introducen \"carreras alias\"","format":"standard","video":"","gallery":"","source_name":"","source_url":"","via_name":"","via_url":"","override_template":"0","override":[{"template":"2","single_blog_custom":"","parallax":"1","fullscreen":"1","layout":"right-sidebar-narrow","sidebar":"default-sidebar","second_sidebar":"default-sidebar","sticky_sidebar":"1","share_position":"float","share_float_style":"share-normal","show_share_counter":"1","show_view_counter":"1","show_featured":"1","show_post_meta":"1","show_post_author":"1","show_post_author_image":"1","show_post_date":"1","post_date_format":"default","post_date_format_custom":"Y\/m\/d","show_post_category":"1","show_post_reading_time":"1","post_reading_time_wpm":"300","show_zoom_button":"0","zoom_button_out_step":"2","zoom_button_in_step":"3","show_post_tag":"1","show_prev_next_post":"0","show_popup_post":"0","number_popup_post":"1","show_author_box":"1","show_post_related":"0","show_inline_post_related":"0"}],"override_image_size":"0","image_override":[{"single_post_thumbnail_size":"crop-715","single_post_gallery_size":"crop-715"}],"trending_post":"0","trending_post_position":"meta","trending_post_label":"Trending","sponsored_post":"0","sponsored_post_label":"Sponsored by","sponsored_post_name":"","sponsored_post_url":"","sponsored_post_logo_enable":"0","sponsored_post_logo":"","sponsored_post_desc":"","disable_ad":"0"},"jnews_primary_category":{"id":"765","hide":""},"jnews_social_meta":[],"jnews_override_counter":[],"footnotes":""},"categories":[765,810,815],"tags":[24382,29220,11239],"class_list":["post-191627","post","type-post","status-publish","format-standard","has-post-thumbnail","hentry","category-cultura-es","category-foreground-es","category-breaking-news-es","tag-alias-profesional","tag-escuelas-italianas","tag-ideologia-transgenero"],"yoast_head":"<!-- This site is optimized with the Yoast SEO Premium plugin v25.9 (Yoast SEO v27.3) - https:\/\/yoast.com\/product\/yoast-seo-premium-wordpress\/ -->\n<title>La locura de la ideolog\u00eda de g\u00e9nero en las escuelas italianas - IFN<\/title>\n<meta name=\"description\" content=\"Las escuelas italianas se adhieren a lo pol\u00edticamente correcto e introducen &quot;carreras alias&quot; a pesar de la oposici\u00f3n de muchos padres\" \/>\n<meta name=\"robots\" content=\"index, follow, max-snippet:-1, max-image-preview:large, max-video-preview:-1\" \/>\n<link rel=\"canonical\" href=\"https:\/\/ifamnews.com\/en\/the-folly-of-gender-ideology-in-italian-schools\" \/>\n<meta property=\"og:locale\" content=\"es_ES\" \/>\n<meta property=\"og:type\" content=\"article\" \/>\n<meta property=\"og:title\" content=\"La locura de la ideolog\u00eda de g\u00e9nero en las escuelas italianas\" \/>\n<meta property=\"og:description\" content=\"Las escuelas italianas se adhieren a lo pol\u00edticamente correcto e introducen &quot;carreras alias&quot; a pesar de la oposici\u00f3n de muchos padres\" \/>\n<meta property=\"og:url\" content=\"https:\/\/ifamnews.com\/en\/the-folly-of-gender-ideology-in-italian-schools\" \/>\n<meta property=\"og:site_name\" content=\"IFN\" \/>\n<meta property=\"article:publisher\" content=\"https:\/\/www.facebook.com\/iFamNews\" \/>\n<meta property=\"article:author\" content=\"https:\/\/www.facebook.com\/iFamNews\/\" \/>\n<meta property=\"article:published_time\" content=\"2024-02-06T06:00:00+00:00\" \/>\n<meta property=\"og:image\" content=\"https:\/\/ifamnews.com\/wp-content\/uploads\/2020\/05\/classe.jpg\" \/>\n\t<meta property=\"og:image:width\" content=\"1200\" \/>\n\t<meta property=\"og:image:height\" content=\"675\" \/>\n\t<meta property=\"og:image:type\" content=\"image\/jpeg\" \/>\n<meta name=\"author\" content=\"iFamNews Italia\" \/>\n<meta name=\"twitter:card\" content=\"summary_large_image\" \/>\n<meta name=\"twitter:creator\" content=\"@https:\/\/twitter.com\/iFamNewsIT\" \/>\n<meta name=\"twitter:site\" content=\"@iFamNewsEN\" \/>\n<meta name=\"twitter:label1\" content=\"Escrito por\" \/>\n\t<meta name=\"twitter:data1\" content=\"Redacci\u00f3n italiana\" \/>\n\t<meta name=\"twitter:label2\" content=\"Tiempo de lectura\" \/>\n\t<meta name=\"twitter:data2\" content=\"2 minutos\" \/>\n<!-- \/ Yoast SEO Premium plugin. -->","yoast_head_json":{"title":"La locura de la ideolog\u00eda de g\u00e9nero en las escuelas italianas - IFN","description":"Las escuelas italianas se adhieren a lo pol\u00edticamente correcto e introducen \"carreras alias\" a pesar de la oposici\u00f3n de muchos padres","robots":{"index":"index","follow":"follow","max-snippet":"max-snippet:-1","max-image-preview":"max-image-preview:large","max-video-preview":"max-video-preview:-1"},"canonical":"https:\/\/ifamnews.com\/en\/the-folly-of-gender-ideology-in-italian-schools","og_locale":"es_ES","og_type":"article","og_title":"La locura de la ideolog\u00eda de g\u00e9nero en las escuelas italianas","og_description":"Las escuelas italianas se adhieren a lo pol\u00edticamente correcto e introducen \"carreras alias\" a pesar de la oposici\u00f3n de muchos padres","og_url":"https:\/\/ifamnews.com\/en\/the-folly-of-gender-ideology-in-italian-schools","og_site_name":"IFN","article_publisher":"https:\/\/www.facebook.com\/iFamNews","article_author":"https:\/\/www.facebook.com\/iFamNews\/","article_published_time":"2024-02-06T06:00:00+00:00","og_image":[{"width":1200,"height":675,"url":"https:\/\/ifamnews.com\/wp-content\/uploads\/2020\/05\/classe.jpg","type":"image\/jpeg"}],"author":"iFamNews Italia","twitter_card":"summary_large_image","twitter_creator":"@https:\/\/twitter.com\/iFamNewsIT","twitter_site":"@iFamNewsEN","twitter_misc":{"Escrito por":"Redacci\u00f3n italiana","Tiempo de lectura":"2 minutos"},"schema":{"@context":"https:\/\/schema.org","@graph":[{"@type":"NewsArticle","@id":"https:\/\/ifamnews.com\/en\/the-folly-of-gender-ideology-in-italian-schools#article","isPartOf":{"@id":"https:\/\/ifamnews.com\/en\/the-folly-of-gender-ideology-in-italian-schools"},"author":{"name":"iFamNews Italia","@id":"https:\/\/ifamnews.com\/en\/#\/schema\/person\/fafda7d79212f3690f4af10238556aac"},"headline":"La locura de la ideolog\u00eda de g\u00e9nero en las escuelas italianas","datePublished":"2024-02-06T06:00:00+00:00","mainEntityOfPage":{"@id":"https:\/\/ifamnews.com\/en\/the-folly-of-gender-ideology-in-italian-schools"},"wordCount":403,"commentCount":0,"publisher":{"@id":"https:\/\/ifamnews.com\/en\/#organization"},"image":{"@id":"https:\/\/ifamnews.com\/en\/the-folly-of-gender-ideology-in-italian-schools#primaryimage"},"thumbnailUrl":"https:\/\/ifamnews.com\/wp-content\/uploads\/2020\/05\/classe.jpg","keywords":["alias profesional","escuelas italianas","ideolog\u00eda transg\u00e9nero"],"articleSection":["Cultura","Foreground","\u00daLTIMAS NOTICIAS"],"inLanguage":"es","potentialAction":[{"@type":"CommentAction","name":"Comment","target":["https:\/\/ifamnews.com\/en\/the-folly-of-gender-ideology-in-italian-schools#respond"]}]},{"@type":"WebPage","@id":"https:\/\/ifamnews.com\/en\/the-folly-of-gender-ideology-in-italian-schools","url":"https:\/\/ifamnews.com\/en\/the-folly-of-gender-ideology-in-italian-schools","name":"La locura de la ideolog\u00eda de g\u00e9nero en las escuelas italianas - IFN","isPartOf":{"@id":"https:\/\/ifamnews.com\/en\/#website"},"primaryImageOfPage":{"@id":"https:\/\/ifamnews.com\/en\/the-folly-of-gender-ideology-in-italian-schools#primaryimage"},"image":{"@id":"https:\/\/ifamnews.com\/en\/the-folly-of-gender-ideology-in-italian-schools#primaryimage"},"thumbnailUrl":"https:\/\/ifamnews.com\/wp-content\/uploads\/2020\/05\/classe.jpg","datePublished":"2024-02-06T06:00:00+00:00","description":"Las escuelas italianas se adhieren a lo pol\u00edticamente correcto e introducen \"carreras alias\" a pesar de la oposici\u00f3n de muchos padres","breadcrumb":{"@id":"https:\/\/ifamnews.com\/en\/the-folly-of-gender-ideology-in-italian-schools#breadcrumb"},"inLanguage":"es","potentialAction":[{"@type":"ReadAction","target":["https:\/\/ifamnews.com\/en\/the-folly-of-gender-ideology-in-italian-schools"]}]},{"@type":"ImageObject","inLanguage":"es","@id":"https:\/\/ifamnews.com\/en\/the-folly-of-gender-ideology-in-italian-schools#primaryimage","url":"https:\/\/ifamnews.com\/wp-content\/uploads\/2020\/05\/classe.jpg","contentUrl":"https:\/\/ifamnews.com\/wp-content\/uploads\/2020\/05\/classe.jpg","width":1200,"height":675,"caption":"Imagen de Pixabay"},{"@type":"BreadcrumbList","@id":"https:\/\/ifamnews.com\/en\/the-folly-of-gender-ideology-in-italian-schools#breadcrumb","itemListElement":[{"@type":"ListItem","position":1,"name":"Home","item":"https:\/\/ifamnews.com\/de"},{"@type":"ListItem","position":2,"name":"Life","item":"https:\/\/ifamnews.com\/en\/category\/life"},{"@type":"ListItem","position":3,"name":"La locura de la ideolog\u00eda de g\u00e9nero en las escuelas italianas"}]},{"@type":"WebSite","@id":"https:\/\/ifamnews.com\/en\/#website","url":"https:\/\/ifamnews.com\/en\/","name":"IFN","description":"International Family News Network","publisher":{"@id":"https:\/\/ifamnews.com\/en\/#organization"},"potentialAction":[{"@type":"SearchAction","target":{"@type":"EntryPoint","urlTemplate":"https:\/\/ifamnews.com\/en\/?s={search_term_string}"},"query-input":{"@type":"PropertyValueSpecification","valueRequired":true,"valueName":"search_term_string"}}],"inLanguage":"es"},{"@type":"Organization","@id":"https:\/\/ifamnews.com\/en\/#organization","name":"iFamNews","url":"https:\/\/ifamnews.com\/en\/","logo":{"@type":"ImageObject","inLanguage":"es","@id":"https:\/\/ifamnews.com\/en\/#\/schema\/logo\/image\/","url":"https:\/\/ifamnews.com\/wp-content\/uploads\/2020\/01\/Share-logo.png","contentUrl":"https:\/\/ifamnews.com\/wp-content\/uploads\/2020\/01\/Share-logo.png","width":200,"height":200,"caption":"iFamNews"},"image":{"@id":"https:\/\/ifamnews.com\/en\/#\/schema\/logo\/image\/"},"sameAs":["https:\/\/www.facebook.com\/iFamNews","https:\/\/x.com\/iFamNewsEN"]},{"@type":"Person","@id":"https:\/\/ifamnews.com\/en\/#\/schema\/person\/fafda7d79212f3690f4af10238556aac","name":"iFamNews Italia","image":{"@type":"ImageObject","inLanguage":"es","@id":"https:\/\/secure.gravatar.com\/avatar\/2e50539bc89809bc22a0b2bb9dc3d7f67ffd1e564e5461707f0153146f8c99b5?s=96&d=mm&r=g","url":"https:\/\/secure.gravatar.com\/avatar\/2e50539bc89809bc22a0b2bb9dc3d7f67ffd1e564e5461707f0153146f8c99b5?s=96&d=mm&r=g","contentUrl":"https:\/\/secure.gravatar.com\/avatar\/2e50539bc89809bc22a0b2bb9dc3d7f67ffd1e564e5461707f0153146f8c99b5?s=96&d=mm&r=g","caption":"iFamNews Italia"},"description":"Articles published by the Italian iFamNews editorial team.","sameAs":["https:\/\/ifamnews.com\/it","https:\/\/www.facebook.com\/iFamNews\/","https:\/\/x.com\/https:\/\/twitter.com\/iFamNewsIT","https:\/\/www.youtube.com\/channel\/UCMVyIt4z9BANW3d09kwfUpw"],"url":"https:\/\/ifamnews.com\/es\/author\/redazioneit"}]}},"amp_enabled":true,"_links":{"self":[{"href":"https:\/\/ifamnews.com\/es\/wp-json\/wp\/v2\/posts\/191627","targetHints":{"allow":["GET"]}}],"collection":[{"href":"https:\/\/ifamnews.com\/es\/wp-json\/wp\/v2\/posts"}],"about":[{"href":"https:\/\/ifamnews.com\/es\/wp-json\/wp\/v2\/types\/post"}],"author":[{"embeddable":true,"href":"https:\/\/ifamnews.com\/es\/wp-json\/wp\/v2\/users\/46"}],"replies":[{"embeddable":true,"href":"https:\/\/ifamnews.com\/es\/wp-json\/wp\/v2\/comments?post=191627"}],"version-history":[{"count":3,"href":"https:\/\/ifamnews.com\/es\/wp-json\/wp\/v2\/posts\/191627\/revisions"}],"predecessor-version":[{"id":218656,"href":"https:\/\/ifamnews.com\/es\/wp-json\/wp\/v2\/posts\/191627\/revisions\/218656"}],"wp:featuredmedia":[{"embeddable":true,"href":"https:\/\/ifamnews.com\/es\/wp-json\/wp\/v2\/media\/15418"}],"wp:attachment":[{"href":"https:\/\/ifamnews.com\/es\/wp-json\/wp\/v2\/media?parent=191627"}],"wp:term":[{"taxonomy":"category","embeddable":true,"href":"https:\/\/ifamnews.com\/es\/wp-json\/wp\/v2\/categories?post=191627"},{"taxonomy":"post_tag","embeddable":true,"href":"https:\/\/ifamnews.com\/es\/wp-json\/wp\/v2\/tags?post=191627"}],"curies":[{"name":"wp","href":"https:\/\/api.w.org\/{rel}","templated":true}]}}