{"id":186762,"date":"2024-04-22T01:00:00","date_gmt":"2024-04-22T05:00:00","guid":{"rendered":"https:\/\/ifamnews.com\/?p=186762"},"modified":"2024-04-21T16:12:54","modified_gmt":"2024-04-21T20:12:54","slug":"el-departamento-de-in-justicia-de-ee-uu-c-mplice-de-los-ataques-abortistas-a-los-antiabortistas","status":"publish","type":"post","link":"https:\/\/ifamnews.com\/es\/el-departamento-de-in-justicia-de-ee-uu-c-mplice-de-los-ataques-abortistas-a-los-antiabortistas","title":{"rendered":"El Departamento de (in)Justicia de EE.UU. c\u00f3mplice de los ataques abortistas a los antiabortistas"},"content":{"rendered":"\n<p>Hace tiempo que el avergonzado fiscal general estadounidense Merrick Garland fue <a href=\"https:\/\/www.youtube.com\/watch?v=0YAL4kluCHw\" target=\"_blank\" rel=\"noreferrer noopener\">interrogado<\/a>, entre los fuegos de los republicanos y los silencios de los dem\u00f3cratas, en la Comisi\u00f3n de Justicia del Senado. <\/p>\n\n\n\n<p>Los senadores republicanos <a href=\"https:\/\/www.catholicnewsagency.com\/news\/253775\/merrick-garland-grilled-on-anti-catholic-pro-abortion-bias-during-senate-hearing\" target=\"_blank\" rel=\"noreferrer noopener\">presionaron<\/a> a Garland con una r\u00e1faga de preguntas punzantes, relacionadas con el sesgo <strong>anticat\u00f3lico<\/strong> y <strong>antivida<\/strong> dentro del Departamento de Justicia (DOJ) y el FBI, la falta de investigaci\u00f3n y detenciones contra las docenas de terroristas que han estado vandalizando, quemando, destruyendo centros provida, iglesias e incluso amenazando la vida de los jueces del Tribunal Supremo desde el a\u00f1o pasado.<\/p>\n\n\n\n<p><a href=\"https:\/\/www.catholicnewsagency.com\/news\/253775\/merrick-garland-grilled-on-anti-catholic-pro-abortion-bias-during-senate-hearing\" target=\"_blank\" rel=\"noreferrer noopener\">Preguntas<\/a> de los senadores Lee, Kennedy, <a href=\"https:\/\/www.washingtonexaminer.com\/news\/senate\/ted-cruz-clashes-with-merrick-garland-over-doj-response-supreme-court\" target=\"_blank\" rel=\"noreferrer noopener\">Cruz<\/a>, Hawley,<a href=\"https:\/\/www.breitbart.com\/politics\/2023\/03\/01\/watch-tom-cotton-grills-ag-garland-should-americans-in-crime-ridden-cities-seek-asylum-in-central-america\/\" target=\"_blank\" rel=\"noreferrer noopener\"> Cotton<\/a>  y Blackburn se refer\u00edan a la no aplicaci\u00f3n de las leyes federales contra los manifestantes que protestaron ilegalmente (tras el robo del borrador de la sentencia Dobbs) cerca de los domicilios de los jueces del Tribunal Supremo, as\u00ed como a la<strong> falta de investigaci\u00f3n y detenciones <\/strong>contra las organizaciones terroristas Ruth Sent Us y Jane&#8217;s Revenge. <\/p>\n\n\n\n<p>Algunos argumentaron que el Departamento de Justicia \u00abno estaba de acuerdo con la decisi\u00f3n de Dobbs y estaba perfectamente satisfecho con negarse a aplicar la ley y permitir las amenazas de violencia\u00bb. <\/p>\n\n\n\n<p>Garland tiene <a href=\"https:\/\/www.lifenews.com\/2023\/03\/01\/merrick-garland-says-doj-not-prosecuting-attacks-on-pro-life-groups-because-they-happen-at-night\/\" target=\"_blank\" rel=\"noreferrer noopener\">repetido varias veces<\/a> que los <strong>provida<\/strong> que protestan ante las cl\u00ednicas son f\u00e1cilmente identificables porque lo hacen <strong>pac\u00edficamente<\/strong> y a la luz del d\u00eda, mientras que los autores de los numerosos actos vand\u00e1licos contra iglesias y centros provida han actuado en su mayor\u00eda de noche, eludiendo as\u00ed los intentos de identificaci\u00f3n y detenci\u00f3n. <\/p>\n\n\n\n<p><strong>Las buenas personas no cometen fechor\u00edas por la noche<\/strong> y, por lo tanto, son castigadas m\u00e1s f\u00e1cilmente, mientras que es m\u00e1s dif\u00edcil castigar a los malhechores que act\u00faan en plena noche.<\/p>\n\n\n\n<p>El senador <a href=\"https:\/\/www.foxnews.com\/video\/6321524714112\" target=\"_blank\" rel=\"noreferrer noopener\">Hawley<\/a> en concreto, demostr\u00f3 c\u00f3mo el Departamento de Justicia act\u00faa discriminando a los <strong>activistas provida<\/strong> que son <strong>detenidos<\/strong> frente a cl\u00ednicas abortistas o en sus domicilios, mientras que los<strong> activistas proaborto han quedado impunes<\/strong> tras quemar centros de embarazo o amenazar a l\u00edderes y jueces provida.<\/p>\n\n\n\n<p>Ninguna disculpa por parte de Garland, a pesar de que todos los senadores republicanos han aportado pruebas detalladas de los impactantes acontecimientos que han afectado a los estadounidenses <strong>provida<\/strong> y <strong>creyentes<\/strong>, y pruebas igualmente claras de la complicidad del Departamento de Justicia y la connivencia del FBI.<\/p>\n\n\n\n<p>Pero no fue s\u00f3lo la incapacidad de Garland para dar respuestas convincentes: los senadores del Partido Dem\u00f3crata, incapaces de defender la labor del Fiscal General de EE.UU., tambi\u00e9n causaron consternaci\u00f3n. <\/p>\n\n\n\n<p>Despu\u00e9s de <a href=\"https:\/\/www.lifenews.com\/2023\/03\/03\/after-250-pro-abortion-attacks-on-pregnancy-centers-and-churches-only-two-people-have-been-arrested\/\" target=\"_blank\" rel=\"noreferrer noopener\">250 ataques<\/a> pro-aborto a centros de embarazo e <strong>iglesias<\/strong>, s\u00f3lo dos personas fueron detenidas, estos son los hechos que dejan <strong>boquiabiertos<\/strong> a los ciudadanos de todos los pa\u00edses occidentales y ven al <strong>Partido<\/strong> <strong>Dem\u00f3crata<\/strong>, junto con la Administraci\u00f3n <strong>Biden<\/strong>, c\u00f3mplices de una violencia e intimidaci\u00f3n inaceptables para cualquier democracia.<\/p>\n","protected":false},"excerpt":{"rendered":"<p>El senador Hawley en concreto, demostr\u00f3 c\u00f3mo el Departamento de Justicia act\u00faa discriminando a los activistas provida que son detenidos frente a cl\u00ednicas abortistas o en sus domicilios, mientras que los activistas proaborto han quedado impunes tras quemar centros de embarazo o amenazar a l\u00edderes y jueces provida<\/p>\n","protected":false},"author":54,"featured_media":186318,"comment_status":"open","ping_status":"open","sticky":false,"template":"","format":"standard","meta":{"give_campaign_id":0,"om_disable_all_campaigns":false,"_monsterinsights_skip_tracking":false,"_monsterinsights_sitenote_active":false,"_monsterinsights_sitenote_note":"","_monsterinsights_sitenote_category":0,"mc4wp_mailchimp_campaign":[],"jnews-multi-image_gallery":[],"jnews_single_post":{"subtitle":"  Tras 250 ataques proabortistas a centros de embarazo e iglesias, s\u00f3lo se detuvo a dos personas. Estos son los hechos que dejan boquiabiertos a los ciudadanos de todos los pa\u00edses occidentales ","format":"standard","video":"","gallery":"","source_name":"","source_url":"","via_name":"","via_url":"","override_template":"0","override":[{"template":"2","single_blog_custom":"","parallax":"1","fullscreen":"1","layout":"right-sidebar-narrow","sidebar":"default-sidebar","second_sidebar":"default-sidebar","sticky_sidebar":"1","share_position":"float","share_float_style":"share-normal","show_share_counter":"1","show_view_counter":"1","show_featured":"1","show_post_meta":"1","show_post_author":"1","show_post_author_image":"1","show_post_date":"1","post_date_format":"default","post_date_format_custom":"Y\/m\/d","show_post_category":"1","show_post_reading_time":"1","post_reading_time_wpm":"300","show_zoom_button":"0","zoom_button_out_step":"2","zoom_button_in_step":"3","show_post_tag":"1","show_prev_next_post":"0","show_popup_post":"0","number_popup_post":"1","show_author_box":"1","show_post_related":"0","show_inline_post_related":"0"}],"override_image_size":"0","image_override":[{"single_post_thumbnail_size":"crop-715","single_post_gallery_size":"crop-715"}],"trending_post":"0","trending_post_position":"meta","trending_post_label":"Trending","sponsored_post":"0","sponsored_post_label":"Sponsored by","sponsored_post_name":"","sponsored_post_url":"","sponsored_post_logo_enable":"0","sponsored_post_logo":"","sponsored_post_desc":"","disable_ad":"0"},"jnews_primary_category":{"id":"773","hide":""},"jnews_social_meta":[],"jnews_override_counter":[],"footnotes":""},"categories":[810,773,815],"tags":[24485,24484,24368,23552],"class_list":["post-186762","post","type-post","status-publish","format-standard","has-post-thumbnail","hentry","category-foreground-es","category-politica","category-breaking-news-es","tag-a-favor-del-aborto","tag-el-departamento-de-justicia","tag-estados-unidos-es-2","tag-pro-vida-es-2"],"yoast_head":"<!-- This site is optimized with the Yoast SEO Premium plugin v25.9 (Yoast SEO v27.3) - https:\/\/yoast.com\/product\/yoast-seo-premium-wordpress\/ -->\n<title>El Departamento de (in)Justicia de EE.UU. c\u00f3mplice de los ataques abortistas a los antiabortistas - IFN<\/title>\n<meta name=\"description\" content=\"El Departamento de Justicia act\u00faa discriminando a los activistas provida que son detenidos frente a cl\u00ednicas abortistas o en sus domicilios\" \/>\n<meta name=\"robots\" content=\"index, follow, max-snippet:-1, max-image-preview:large, max-video-preview:-1\" \/>\n<link rel=\"canonical\" href=\"https:\/\/ifamnews.com\/en\/us-doj-complicit-in-abortionist-attacks-on-pro-lifers\" \/>\n<meta property=\"og:locale\" content=\"es_ES\" \/>\n<meta property=\"og:type\" content=\"article\" \/>\n<meta property=\"og:title\" content=\"El Departamento de (in)Justicia de EE.UU. c\u00f3mplice de los ataques abortistas a los antiabortistas\" \/>\n<meta property=\"og:description\" content=\"El Departamento de Justicia act\u00faa discriminando a los activistas provida que son detenidos frente a cl\u00ednicas abortistas o en sus domicilios\" \/>\n<meta property=\"og:url\" content=\"https:\/\/ifamnews.com\/en\/us-doj-complicit-in-abortionist-attacks-on-pro-lifers\" \/>\n<meta property=\"og:site_name\" content=\"IFN\" \/>\n<meta property=\"article:publisher\" content=\"https:\/\/www.facebook.com\/iFamNews\" \/>\n<meta property=\"article:author\" content=\"https:\/\/facebook.com\/lvolonte1\" \/>\n<meta property=\"article:published_time\" content=\"2024-04-22T05:00:00+00:00\" \/>\n<meta property=\"og:image\" content=\"https:\/\/ifamnews.com\/wp-content\/uploads\/2023\/03\/department-of-justice-usa.png\" \/>\n\t<meta property=\"og:image:width\" content=\"1200\" \/>\n\t<meta property=\"og:image:height\" content=\"675\" \/>\n\t<meta property=\"og:image:type\" content=\"image\/png\" \/>\n<meta name=\"author\" content=\"Luca Volont\u00e8\" \/>\n<meta name=\"twitter:card\" content=\"summary_large_image\" \/>\n<meta name=\"twitter:creator\" content=\"@https:\/\/twitter.com\/l_volonte\" \/>\n<meta name=\"twitter:site\" content=\"@iFamNewsEN\" \/>\n<meta name=\"twitter:label1\" content=\"Escrito por\" \/>\n\t<meta name=\"twitter:data1\" content=\"Luca Volont\u00e8\" \/>\n\t<meta name=\"twitter:label2\" content=\"Tiempo de lectura\" \/>\n\t<meta name=\"twitter:data2\" content=\"3 minutos\" \/>\n<!-- \/ Yoast SEO Premium plugin. -->","yoast_head_json":{"title":"El Departamento de (in)Justicia de EE.UU. c\u00f3mplice de los ataques abortistas a los antiabortistas - IFN","description":"El Departamento de Justicia act\u00faa discriminando a los activistas provida que son detenidos frente a cl\u00ednicas abortistas o en sus domicilios","robots":{"index":"index","follow":"follow","max-snippet":"max-snippet:-1","max-image-preview":"max-image-preview:large","max-video-preview":"max-video-preview:-1"},"canonical":"https:\/\/ifamnews.com\/en\/us-doj-complicit-in-abortionist-attacks-on-pro-lifers","og_locale":"es_ES","og_type":"article","og_title":"El Departamento de (in)Justicia de EE.UU. c\u00f3mplice de los ataques abortistas a los antiabortistas","og_description":"El Departamento de Justicia act\u00faa discriminando a los activistas provida que son detenidos frente a cl\u00ednicas abortistas o en sus domicilios","og_url":"https:\/\/ifamnews.com\/en\/us-doj-complicit-in-abortionist-attacks-on-pro-lifers","og_site_name":"IFN","article_publisher":"https:\/\/www.facebook.com\/iFamNews","article_author":"https:\/\/facebook.com\/lvolonte1","article_published_time":"2024-04-22T05:00:00+00:00","og_image":[{"width":1200,"height":675,"url":"https:\/\/ifamnews.com\/wp-content\/uploads\/2023\/03\/department-of-justice-usa.png","type":"image\/png"}],"author":"Luca Volont\u00e8","twitter_card":"summary_large_image","twitter_creator":"@https:\/\/twitter.com\/l_volonte","twitter_site":"@iFamNewsEN","twitter_misc":{"Escrito por":"Luca Volont\u00e8","Tiempo de lectura":"3 minutos"},"schema":{"@context":"https:\/\/schema.org","@graph":[{"@type":"NewsArticle","@id":"https:\/\/ifamnews.com\/en\/us-doj-complicit-in-abortionist-attacks-on-pro-lifers#article","isPartOf":{"@id":"https:\/\/ifamnews.com\/en\/us-doj-complicit-in-abortionist-attacks-on-pro-lifers"},"author":{"name":"Luca Volont\u00e8","@id":"https:\/\/ifamnews.com\/en\/#\/schema\/person\/bed5b7c6161f317421caa94dc3be6a53"},"headline":"El Departamento de (in)Justicia de EE.UU. c\u00f3mplice de los ataques abortistas a los antiabortistas","datePublished":"2024-04-22T05:00:00+00:00","mainEntityOfPage":{"@id":"https:\/\/ifamnews.com\/en\/us-doj-complicit-in-abortionist-attacks-on-pro-lifers"},"wordCount":510,"commentCount":0,"publisher":{"@id":"https:\/\/ifamnews.com\/en\/#organization"},"image":{"@id":"https:\/\/ifamnews.com\/en\/us-doj-complicit-in-abortionist-attacks-on-pro-lifers#primaryimage"},"thumbnailUrl":"https:\/\/ifamnews.com\/wp-content\/uploads\/2023\/03\/department-of-justice-usa.png","keywords":["a favor del aborto","el Departamento de Justicia","Estados Unidos","Pro Vida"],"articleSection":["Foreground","Pol\u00edtica","\u00daLTIMAS NOTICIAS"],"inLanguage":"es","potentialAction":[{"@type":"CommentAction","name":"Comment","target":["https:\/\/ifamnews.com\/en\/us-doj-complicit-in-abortionist-attacks-on-pro-lifers#respond"]}]},{"@type":"WebPage","@id":"https:\/\/ifamnews.com\/en\/us-doj-complicit-in-abortionist-attacks-on-pro-lifers","url":"https:\/\/ifamnews.com\/en\/us-doj-complicit-in-abortionist-attacks-on-pro-lifers","name":"El Departamento de (in)Justicia de EE.UU. c\u00f3mplice de los ataques abortistas a los antiabortistas - IFN","isPartOf":{"@id":"https:\/\/ifamnews.com\/en\/#website"},"primaryImageOfPage":{"@id":"https:\/\/ifamnews.com\/en\/us-doj-complicit-in-abortionist-attacks-on-pro-lifers#primaryimage"},"image":{"@id":"https:\/\/ifamnews.com\/en\/us-doj-complicit-in-abortionist-attacks-on-pro-lifers#primaryimage"},"thumbnailUrl":"https:\/\/ifamnews.com\/wp-content\/uploads\/2023\/03\/department-of-justice-usa.png","datePublished":"2024-04-22T05:00:00+00:00","description":"El Departamento de Justicia act\u00faa discriminando a los activistas provida que son detenidos frente a cl\u00ednicas abortistas o en sus domicilios","breadcrumb":{"@id":"https:\/\/ifamnews.com\/en\/us-doj-complicit-in-abortionist-attacks-on-pro-lifers#breadcrumb"},"inLanguage":"es","potentialAction":[{"@type":"ReadAction","target":["https:\/\/ifamnews.com\/en\/us-doj-complicit-in-abortionist-attacks-on-pro-lifers"]}]},{"@type":"ImageObject","inLanguage":"es","@id":"https:\/\/ifamnews.com\/en\/us-doj-complicit-in-abortionist-attacks-on-pro-lifers#primaryimage","url":"https:\/\/ifamnews.com\/wp-content\/uploads\/2023\/03\/department-of-justice-usa.png","contentUrl":"https:\/\/ifamnews.com\/wp-content\/uploads\/2023\/03\/department-of-justice-usa.png","width":1200,"height":675,"caption":"fuente: wikipedia"},{"@type":"BreadcrumbList","@id":"https:\/\/ifamnews.com\/en\/us-doj-complicit-in-abortionist-attacks-on-pro-lifers#breadcrumb","itemListElement":[{"@type":"ListItem","position":1,"name":"Home","item":"https:\/\/ifamnews.com\/de"},{"@type":"ListItem","position":2,"name":"Politics","item":"https:\/\/ifamnews.com\/en\/category\/politics"},{"@type":"ListItem","position":3,"name":"El Departamento de (in)Justicia de EE.UU. c\u00f3mplice de los ataques abortistas a los antiabortistas"}]},{"@type":"WebSite","@id":"https:\/\/ifamnews.com\/en\/#website","url":"https:\/\/ifamnews.com\/en\/","name":"IFN","description":"International Family News Network","publisher":{"@id":"https:\/\/ifamnews.com\/en\/#organization"},"potentialAction":[{"@type":"SearchAction","target":{"@type":"EntryPoint","urlTemplate":"https:\/\/ifamnews.com\/en\/?s={search_term_string}"},"query-input":{"@type":"PropertyValueSpecification","valueRequired":true,"valueName":"search_term_string"}}],"inLanguage":"es"},{"@type":"Organization","@id":"https:\/\/ifamnews.com\/en\/#organization","name":"iFamNews","url":"https:\/\/ifamnews.com\/en\/","logo":{"@type":"ImageObject","inLanguage":"es","@id":"https:\/\/ifamnews.com\/en\/#\/schema\/logo\/image\/","url":"https:\/\/ifamnews.com\/wp-content\/uploads\/2020\/01\/Share-logo.png","contentUrl":"https:\/\/ifamnews.com\/wp-content\/uploads\/2020\/01\/Share-logo.png","width":200,"height":200,"caption":"iFamNews"},"image":{"@id":"https:\/\/ifamnews.com\/en\/#\/schema\/logo\/image\/"},"sameAs":["https:\/\/www.facebook.com\/iFamNews","https:\/\/x.com\/iFamNewsEN"]},{"@type":"Person","@id":"https:\/\/ifamnews.com\/en\/#\/schema\/person\/bed5b7c6161f317421caa94dc3be6a53","name":"Luca Volont\u00e8","image":{"@type":"ImageObject","inLanguage":"es","@id":"https:\/\/secure.gravatar.com\/avatar\/354ed6bca06f9968278e6eb25fa8a123306c69f5c50f711836cf12e6c8ecbbf6?s=96&d=mm&r=g","url":"https:\/\/secure.gravatar.com\/avatar\/354ed6bca06f9968278e6eb25fa8a123306c69f5c50f711836cf12e6c8ecbbf6?s=96&d=mm&r=g","contentUrl":"https:\/\/secure.gravatar.com\/avatar\/354ed6bca06f9968278e6eb25fa8a123306c69f5c50f711836cf12e6c8ecbbf6?s=96&d=mm&r=g","caption":"Luca Volont\u00e8"},"description":"Luca Volont\u00e8 was an Italian parliamentarian from 1996 to 2013, and served as president of the PPE-CD at the Assembly of the Council of Europe. Publicly engaged for decades in the promotion of life, family and religious and educational freedom, Luca\u00a0 has served as a board member for various international organizations promoting Christian values and human rights, including his current role as a board member of the International Organization for the Family. He has authored books and essays for the Novae Terrae series by the publisher Rubbettino; he has been a correspondent for several Italian newspapers, and currently collaborates with La nuova Bussola Quotidiana, an online newspaper. He is a also a great bicycle enthusiast.","sameAs":["https:\/\/facebook.com\/lvolonte1","https:\/\/x.com\/https:\/\/twitter.com\/l_volonte"],"url":"https:\/\/ifamnews.com\/es\/author\/lvolonte"}]}},"amp_enabled":true,"_links":{"self":[{"href":"https:\/\/ifamnews.com\/es\/wp-json\/wp\/v2\/posts\/186762","targetHints":{"allow":["GET"]}}],"collection":[{"href":"https:\/\/ifamnews.com\/es\/wp-json\/wp\/v2\/posts"}],"about":[{"href":"https:\/\/ifamnews.com\/es\/wp-json\/wp\/v2\/types\/post"}],"author":[{"embeddable":true,"href":"https:\/\/ifamnews.com\/es\/wp-json\/wp\/v2\/users\/54"}],"replies":[{"embeddable":true,"href":"https:\/\/ifamnews.com\/es\/wp-json\/wp\/v2\/comments?post=186762"}],"version-history":[{"count":2,"href":"https:\/\/ifamnews.com\/es\/wp-json\/wp\/v2\/posts\/186762\/revisions"}],"predecessor-version":[{"id":224225,"href":"https:\/\/ifamnews.com\/es\/wp-json\/wp\/v2\/posts\/186762\/revisions\/224225"}],"wp:featuredmedia":[{"embeddable":true,"href":"https:\/\/ifamnews.com\/es\/wp-json\/wp\/v2\/media\/186318"}],"wp:attachment":[{"href":"https:\/\/ifamnews.com\/es\/wp-json\/wp\/v2\/media?parent=186762"}],"wp:term":[{"taxonomy":"category","embeddable":true,"href":"https:\/\/ifamnews.com\/es\/wp-json\/wp\/v2\/categories?post=186762"},{"taxonomy":"post_tag","embeddable":true,"href":"https:\/\/ifamnews.com\/es\/wp-json\/wp\/v2\/tags?post=186762"}],"curies":[{"name":"wp","href":"https:\/\/api.w.org\/{rel}","templated":true}]}}