{"id":185174,"date":"2024-05-05T01:00:00","date_gmt":"2024-05-05T05:00:00","guid":{"rendered":"https:\/\/ifamnews.com\/?p=185174"},"modified":"2024-04-30T17:31:32","modified_gmt":"2024-04-30T21:31:32","slug":"el-tedh-quiere-imponer-la-homologaci-n-de-todos-los-pa-ses-a-las-doctrinas-y-privilegios-lgbtqi","status":"publish","type":"post","link":"https:\/\/ifamnews.com\/es\/el-tedh-quiere-imponer-la-homologaci-n-de-todos-los-pa-ses-a-las-doctrinas-y-privilegios-lgbtqi","title":{"rendered":"El TEDH quiere imponer la homologaci\u00f3n de todos los pa\u00edses a las doctrinas y privilegios LGBTQI"},"content":{"rendered":"\n<p>El Tribunal Europeo de Derechos Humanos (TEDH) hab\u00eda dictado una sentencia hist\u00f3rica sobre la propaganda LGBTQI dirigida a menores: <strong>Lituania<\/strong> hab\u00eda sido condenada por restringir la distribuci\u00f3n de un libro infantil LGBTQI, con el<a href=\"https:\/\/www.ilga-europe.org\/news\/european-court-rules-against-lithuania-labelling-lgbti-inclusive-fairy-tale-book-as-harmful-to-children\/\" target=\"_blank\" rel=\"noreferrer noopener\"> aplauso<\/a> de la multinacional de doctrina de g\u00e9nero ILGA.<\/p>\n\n\n\n<p>Un abuso de poder y una <strong>violencia inaceptable contra un Estado cristiano<\/strong> y unas personas culpables de no querer ajustarse a la ideolog\u00eda \u00abwoke\u00bb.<\/p>\n\n\n\n<p>En 2013, una editorial lituana hab\u00eda publicado una \u00abautora\u00bb <strong>lesbiana<\/strong>, el libro conten\u00eda seis relatos cortos tradicionales protagonizados principalmente por personajes de grupos minoritarios (inmigrantes, personas con discapacidad, miembros de la comunidad LGBTQI). Dos de estos relatos inclu\u00edan historias de amor y un matrimonio entre <strong>personas del mismo sexo<\/strong> para mejorar la experiencia lectora de los ni\u00f1os. <\/p>\n\n\n\n<p>Ninguna de las nuevas minor\u00edas \u00ab<strong>discriminadas<\/strong>\u00ab, seg\u00fan la narrativa del globalismo secularizado y \u00ab<strong>liberal<\/strong>\u00ab, qued\u00f3 excluida del texto. Por ello, diversas asociaciones defensoras de la familia y de los llamados valores tradicionales y cristianos consideraron que el libro podr\u00eda fomentar la homosexualidad entre los ni\u00f1os.<\/p>\n\n\n\n<p>Preguntado al respecto, el Estado lituano <a href=\"https:\/\/www.dalloz-actualite.fr\/flash\/liberte-d-expression-restriction-des-contenus-lgbti-condamnee-par-cedh#.Y_tk0HbMKUk\">concluy\u00f3<\/a> que los cuentos en cuesti\u00f3n \u00abfomentan una concepci\u00f3n del matrimonio y de la fundaci\u00f3n de la familia que difiere de la consagrada en la Constituci\u00f3n y el C\u00f3digo Civil de la Rep\u00fablica de Lituania\u00bb. <\/p>\n\n\n\n<p>Por ello, el pa\u00eds ha recomendado que los ejemplares lleven una <strong>advertencia de que no deben ser le\u00eddos por menores de 14 a\u00f1os<\/strong>. La autora, visiblemente alterada, denunci\u00f3 todo lo que pudo: la discriminaci\u00f3n de las representaciones LGBT y de su orientaci\u00f3n sexual (art\u00edculo 14 de la Convenci\u00f3n) y tambi\u00e9n la violaci\u00f3n de su libertad de expresi\u00f3n (art\u00edculo 10 de la Convenci\u00f3n). <\/p>\n\n\n\n<p>El Tribunal no se pronunci\u00f3 por discriminaci\u00f3n al considerar que las restricciones impuestas por el Estado lituano iban dirigidas al contenido del libro y no al autor.<\/p>\n\n\n\n<p>Algunos jueces, sin embargo, afortunadamente en minor\u00eda, creen que el art\u00edculo 14 debe proteger no s\u00f3lo a las personas LGBT, sino tambi\u00e9n a las opiniones pro-LGBTQI como tales. En cambio, fue en el \u00e1mbito de la libertad de expresi\u00f3n donde los jueces condenaron a Lituania. <\/p>\n\n\n\n<p>Seg\u00fan el art\u00edculo 10 del Convenio, esta libertad s\u00f3lo puede restringirse por ley si persigue un objetivo leg\u00edtimo. La legislaci\u00f3n lituana prev\u00e9 la posibilidad de \u00ab<strong>impedir que los ni\u00f1os accedan a contenidos que presenten las relaciones homosexuales<\/strong> como equivalentes a las heterosexuales\u00bb. <\/p>\n\n\n\n<p>El Tribunal decidi\u00f3 que esta ley no persigue un objetivo leg\u00edtimo. La caja de Pandora est\u00e1 abierta. Con esta sentencia, el Tribunal crea una \u00abnorma moral com\u00fan\u00bb para todos los pa\u00edses europeos, estamos ante el advenimiento de un wokismo judicial que ya no tiene l\u00edmites.<br><\/p>\n\n\n\n<p>Por \u00faltimo, y para barrer cualquier impugnaci\u00f3n futura, los jueces argumentaron que los efectos de restringir la publicaci\u00f3n de este libro LGBT para menores ser\u00edan incompatibles \u00abcon la noci\u00f3n de igualdad, pluralismo y tolerancia que son inseparables de una sociedad democr\u00e1tica\u00bb.<\/p>\n\n\n\n<p>Otra sentencia m\u00e1s que prueba los <strong>\u00abconflictos de intereses\u00bb<\/strong> de los lobbies abortistas y LGBTI y de las grandes fundaciones vinculadas sobre todo a G.Soros y a los jueces del Tribunal, temores que han sido denunciados en numerosas ocasiones y que se desprenden de diversos estudios del<a href=\"https:\/\/eclj.org\/geopolitics\/echr\/victoire--la-cedh-prend-ses-responsabilites-?lng=en\" target=\"_blank\" rel=\"noreferrer noopener\"> Centro de Estudios<\/a> de Estrasburgo dirigido por Gregor Puppinck. <\/p>\n\n\n\n<p>S\u00f3lo cabe mencionar que Lituania<a href=\"https:\/\/en.wikipedia.org\/wiki\/Recognition_of_same-sex_unions_in_Lithuania\" target=\"_blank\" rel=\"noreferrer noopener\"> no reconoce a<\/a> las parejas LGBTI y, tras varios rechazos, una propuesta para su legalizaci\u00f3n lleva a\u00f1os en el Parlamento. No s\u00f3lo eso, la \u00faltima<a href=\"https:\/\/cne.news\/article\/946-over-70-per-cent-of-lithuanians-oppose-same-sex-partnership\" target=\"_blank\" rel=\"noreferrer noopener\"> encuesta<\/a> realizada a los ciudadanos del pa\u00eds revel\u00f3 que m\u00e1s del 70% est\u00e1 absolutamente en contra de cualquier forma de reconocimiento de las uniones LGBTI y de la ideolog\u00eda de \u00abg\u00e9nero\u00bb.<\/p>\n","protected":false},"excerpt":{"rendered":"<p>Un abuso de poder y una violencia inaceptable contra un Estado cristiano y unas personas culpables de no querer ajustarse a la ideolog\u00eda \u00abwoke\u00bb.  <\/p>\n","protected":false},"author":54,"featured_media":16393,"comment_status":"open","ping_status":"open","sticky":false,"template":"","format":"standard","meta":{"give_campaign_id":0,"om_disable_all_campaigns":false,"_monsterinsights_skip_tracking":false,"_monsterinsights_sitenote_active":false,"_monsterinsights_sitenote_note":"","_monsterinsights_sitenote_category":0,"mc4wp_mailchimp_campaign":[],"jnews-multi-image_gallery":[],"jnews_single_post":{"subtitle":"Un abuso de poder y una violencia inaceptable contra un Estado cristiano y unas personas culpables de no querer ajustarse a la ideolog\u00eda \"woke\" ","format":"standard","video":"","gallery":"","source_name":"","source_url":"","via_name":"","via_url":"","override_template":"0","override":[{"template":"2","single_blog_custom":"","parallax":"1","fullscreen":"1","layout":"right-sidebar-narrow","sidebar":"default-sidebar","second_sidebar":"default-sidebar","sticky_sidebar":"1","share_position":"float","share_float_style":"share-normal","show_share_counter":"1","show_view_counter":"1","show_featured":"1","show_post_meta":"1","show_post_author":"1","show_post_author_image":"1","show_post_date":"1","post_date_format":"default","post_date_format_custom":"Y\/m\/d","show_post_category":"1","show_post_reading_time":"1","post_reading_time_wpm":"300","show_zoom_button":"0","zoom_button_out_step":"2","zoom_button_in_step":"3","show_post_tag":"1","show_prev_next_post":"0","show_popup_post":"0","number_popup_post":"1","show_author_box":"1","show_post_related":"0","show_inline_post_related":"0"}],"override_image_size":"0","image_override":[{"single_post_thumbnail_size":"crop-715","single_post_gallery_size":"crop-715"}],"trending_post":"0","trending_post_position":"meta","trending_post_label":"Trending","sponsored_post":"0","sponsored_post_label":"Sponsored by","sponsored_post_name":"","sponsored_post_url":"","sponsored_post_logo_enable":"0","sponsored_post_logo":"","sponsored_post_desc":"","disable_ad":"0"},"jnews_primary_category":{"id":"773","hide":""},"jnews_social_meta":[],"jnews_override_counter":[],"footnotes":""},"categories":[810,773,815],"tags":[24205,24206,24207,19422],"class_list":["post-185174","post","type-post","status-publish","format-standard","has-post-thumbnail","hentry","category-foreground-es","category-politica","category-breaking-news-es","tag-el-tedh","tag-lgbtqi-es","tag-literatura-infantil","tag-lituania-es-2"],"yoast_head":"<!-- This site is optimized with the Yoast SEO Premium plugin v25.9 (Yoast SEO v27.3) - https:\/\/yoast.com\/product\/yoast-seo-premium-wordpress\/ -->\n<title>El TEDH quiere imponer la homologaci\u00f3n de todos los pa\u00edses a las doctrinas y privilegios LGBTQI - IFN<\/title>\n<meta name=\"description\" content=\"Abuso de poder y una violencia inaceptable contra un Estado cristiano y unas personas culpables de no querer ajustarse a la ideolog\u00eda &quot;woke&quot;\" \/>\n<meta name=\"robots\" content=\"index, follow, max-snippet:-1, max-image-preview:large, max-video-preview:-1\" \/>\n<link rel=\"canonical\" href=\"https:\/\/ifamnews.com\/en\/echr-wants-to-impose-homologation-of-all-countries-to-lgbtqi-doctrines-and-privileges\" \/>\n<meta property=\"og:locale\" content=\"es_ES\" \/>\n<meta property=\"og:type\" content=\"article\" \/>\n<meta property=\"og:title\" content=\"El TEDH quiere imponer la homologaci\u00f3n de todos los pa\u00edses a las doctrinas y privilegios LGBTQI\" \/>\n<meta property=\"og:description\" content=\"Abuso de poder y una violencia inaceptable contra un Estado cristiano y unas personas culpables de no querer ajustarse a la ideolog\u00eda &quot;woke&quot;\" \/>\n<meta property=\"og:url\" content=\"https:\/\/ifamnews.com\/en\/echr-wants-to-impose-homologation-of-all-countries-to-lgbtqi-doctrines-and-privileges\" \/>\n<meta property=\"og:site_name\" content=\"IFN\" \/>\n<meta property=\"article:publisher\" content=\"https:\/\/www.facebook.com\/iFamNews\" \/>\n<meta property=\"article:author\" content=\"https:\/\/facebook.com\/lvolonte1\" \/>\n<meta property=\"article:published_time\" content=\"2024-05-05T05:00:00+00:00\" \/>\n<meta property=\"og:image\" content=\"https:\/\/ifamnews.com\/wp-content\/uploads\/2020\/05\/CEDU.jpg\" \/>\n\t<meta property=\"og:image:width\" content=\"1200\" \/>\n\t<meta property=\"og:image:height\" content=\"675\" \/>\n\t<meta property=\"og:image:type\" content=\"image\/jpeg\" \/>\n<meta name=\"author\" content=\"Luca Volont\u00e8\" \/>\n<meta name=\"twitter:card\" content=\"summary_large_image\" \/>\n<meta name=\"twitter:creator\" content=\"@https:\/\/twitter.com\/l_volonte\" \/>\n<meta name=\"twitter:site\" content=\"@iFamNewsEN\" \/>\n<meta name=\"twitter:label1\" content=\"Escrito por\" \/>\n\t<meta name=\"twitter:data1\" content=\"Luca Volont\u00e8\" \/>\n\t<meta name=\"twitter:label2\" content=\"Tiempo de lectura\" \/>\n\t<meta name=\"twitter:data2\" content=\"3 minutos\" \/>\n<!-- \/ Yoast SEO Premium plugin. -->","yoast_head_json":{"title":"El TEDH quiere imponer la homologaci\u00f3n de todos los pa\u00edses a las doctrinas y privilegios LGBTQI - IFN","description":"Abuso de poder y una violencia inaceptable contra un Estado cristiano y unas personas culpables de no querer ajustarse a la ideolog\u00eda \"woke\"","robots":{"index":"index","follow":"follow","max-snippet":"max-snippet:-1","max-image-preview":"max-image-preview:large","max-video-preview":"max-video-preview:-1"},"canonical":"https:\/\/ifamnews.com\/en\/echr-wants-to-impose-homologation-of-all-countries-to-lgbtqi-doctrines-and-privileges","og_locale":"es_ES","og_type":"article","og_title":"El TEDH quiere imponer la homologaci\u00f3n de todos los pa\u00edses a las doctrinas y privilegios LGBTQI","og_description":"Abuso de poder y una violencia inaceptable contra un Estado cristiano y unas personas culpables de no querer ajustarse a la ideolog\u00eda \"woke\"","og_url":"https:\/\/ifamnews.com\/en\/echr-wants-to-impose-homologation-of-all-countries-to-lgbtqi-doctrines-and-privileges","og_site_name":"IFN","article_publisher":"https:\/\/www.facebook.com\/iFamNews","article_author":"https:\/\/facebook.com\/lvolonte1","article_published_time":"2024-05-05T05:00:00+00:00","og_image":[{"width":1200,"height":675,"url":"https:\/\/ifamnews.com\/wp-content\/uploads\/2020\/05\/CEDU.jpg","type":"image\/jpeg"}],"author":"Luca Volont\u00e8","twitter_card":"summary_large_image","twitter_creator":"@https:\/\/twitter.com\/l_volonte","twitter_site":"@iFamNewsEN","twitter_misc":{"Escrito por":"Luca Volont\u00e8","Tiempo de lectura":"3 minutos"},"schema":{"@context":"https:\/\/schema.org","@graph":[{"@type":"NewsArticle","@id":"https:\/\/ifamnews.com\/en\/echr-wants-to-impose-homologation-of-all-countries-to-lgbtqi-doctrines-and-privileges#article","isPartOf":{"@id":"https:\/\/ifamnews.com\/en\/echr-wants-to-impose-homologation-of-all-countries-to-lgbtqi-doctrines-and-privileges"},"author":{"name":"Luca Volont\u00e8","@id":"https:\/\/ifamnews.com\/en\/#\/schema\/person\/bed5b7c6161f317421caa94dc3be6a53"},"headline":"El TEDH quiere imponer la homologaci\u00f3n de todos los pa\u00edses a las doctrinas y privilegios LGBTQI","datePublished":"2024-05-05T05:00:00+00:00","mainEntityOfPage":{"@id":"https:\/\/ifamnews.com\/en\/echr-wants-to-impose-homologation-of-all-countries-to-lgbtqi-doctrines-and-privileges"},"wordCount":663,"commentCount":0,"publisher":{"@id":"https:\/\/ifamnews.com\/en\/#organization"},"image":{"@id":"https:\/\/ifamnews.com\/en\/echr-wants-to-impose-homologation-of-all-countries-to-lgbtqi-doctrines-and-privileges#primaryimage"},"thumbnailUrl":"https:\/\/ifamnews.com\/wp-content\/uploads\/2020\/05\/CEDU.jpg","keywords":["El TEDH","LGBTQI","literatura infantil","Lituania"],"articleSection":["Foreground","Pol\u00edtica","\u00daLTIMAS NOTICIAS"],"inLanguage":"es","potentialAction":[{"@type":"CommentAction","name":"Comment","target":["https:\/\/ifamnews.com\/en\/echr-wants-to-impose-homologation-of-all-countries-to-lgbtqi-doctrines-and-privileges#respond"]}]},{"@type":"WebPage","@id":"https:\/\/ifamnews.com\/en\/echr-wants-to-impose-homologation-of-all-countries-to-lgbtqi-doctrines-and-privileges","url":"https:\/\/ifamnews.com\/en\/echr-wants-to-impose-homologation-of-all-countries-to-lgbtqi-doctrines-and-privileges","name":"El TEDH quiere imponer la homologaci\u00f3n de todos los pa\u00edses a las doctrinas y privilegios LGBTQI - IFN","isPartOf":{"@id":"https:\/\/ifamnews.com\/en\/#website"},"primaryImageOfPage":{"@id":"https:\/\/ifamnews.com\/en\/echr-wants-to-impose-homologation-of-all-countries-to-lgbtqi-doctrines-and-privileges#primaryimage"},"image":{"@id":"https:\/\/ifamnews.com\/en\/echr-wants-to-impose-homologation-of-all-countries-to-lgbtqi-doctrines-and-privileges#primaryimage"},"thumbnailUrl":"https:\/\/ifamnews.com\/wp-content\/uploads\/2020\/05\/CEDU.jpg","datePublished":"2024-05-05T05:00:00+00:00","description":"Abuso de poder y una violencia inaceptable contra un Estado cristiano y unas personas culpables de no querer ajustarse a la ideolog\u00eda \"woke\"","breadcrumb":{"@id":"https:\/\/ifamnews.com\/en\/echr-wants-to-impose-homologation-of-all-countries-to-lgbtqi-doctrines-and-privileges#breadcrumb"},"inLanguage":"es","potentialAction":[{"@type":"ReadAction","target":["https:\/\/ifamnews.com\/en\/echr-wants-to-impose-homologation-of-all-countries-to-lgbtqi-doctrines-and-privileges"]}]},{"@type":"ImageObject","inLanguage":"es","@id":"https:\/\/ifamnews.com\/en\/echr-wants-to-impose-homologation-of-all-countries-to-lgbtqi-doctrines-and-privileges#primaryimage","url":"https:\/\/ifamnews.com\/wp-content\/uploads\/2020\/05\/CEDU.jpg","contentUrl":"https:\/\/ifamnews.com\/wp-content\/uploads\/2020\/05\/CEDU.jpg","width":1200,"height":675,"caption":"Imagen de Google Images"},{"@type":"BreadcrumbList","@id":"https:\/\/ifamnews.com\/en\/echr-wants-to-impose-homologation-of-all-countries-to-lgbtqi-doctrines-and-privileges#breadcrumb","itemListElement":[{"@type":"ListItem","position":1,"name":"Home","item":"https:\/\/ifamnews.com\/de"},{"@type":"ListItem","position":2,"name":"Politics","item":"https:\/\/ifamnews.com\/en\/category\/politics"},{"@type":"ListItem","position":3,"name":"El TEDH quiere imponer la homologaci\u00f3n de todos los pa\u00edses a las doctrinas y privilegios LGBTQI"}]},{"@type":"WebSite","@id":"https:\/\/ifamnews.com\/en\/#website","url":"https:\/\/ifamnews.com\/en\/","name":"IFN","description":"International Family News Network","publisher":{"@id":"https:\/\/ifamnews.com\/en\/#organization"},"potentialAction":[{"@type":"SearchAction","target":{"@type":"EntryPoint","urlTemplate":"https:\/\/ifamnews.com\/en\/?s={search_term_string}"},"query-input":{"@type":"PropertyValueSpecification","valueRequired":true,"valueName":"search_term_string"}}],"inLanguage":"es"},{"@type":"Organization","@id":"https:\/\/ifamnews.com\/en\/#organization","name":"iFamNews","url":"https:\/\/ifamnews.com\/en\/","logo":{"@type":"ImageObject","inLanguage":"es","@id":"https:\/\/ifamnews.com\/en\/#\/schema\/logo\/image\/","url":"https:\/\/ifamnews.com\/wp-content\/uploads\/2020\/01\/Share-logo.png","contentUrl":"https:\/\/ifamnews.com\/wp-content\/uploads\/2020\/01\/Share-logo.png","width":200,"height":200,"caption":"iFamNews"},"image":{"@id":"https:\/\/ifamnews.com\/en\/#\/schema\/logo\/image\/"},"sameAs":["https:\/\/www.facebook.com\/iFamNews","https:\/\/x.com\/iFamNewsEN"]},{"@type":"Person","@id":"https:\/\/ifamnews.com\/en\/#\/schema\/person\/bed5b7c6161f317421caa94dc3be6a53","name":"Luca Volont\u00e8","image":{"@type":"ImageObject","inLanguage":"es","@id":"https:\/\/secure.gravatar.com\/avatar\/354ed6bca06f9968278e6eb25fa8a123306c69f5c50f711836cf12e6c8ecbbf6?s=96&d=mm&r=g","url":"https:\/\/secure.gravatar.com\/avatar\/354ed6bca06f9968278e6eb25fa8a123306c69f5c50f711836cf12e6c8ecbbf6?s=96&d=mm&r=g","contentUrl":"https:\/\/secure.gravatar.com\/avatar\/354ed6bca06f9968278e6eb25fa8a123306c69f5c50f711836cf12e6c8ecbbf6?s=96&d=mm&r=g","caption":"Luca Volont\u00e8"},"description":"Luca Volont\u00e8 was an Italian parliamentarian from 1996 to 2013, and served as president of the PPE-CD at the Assembly of the Council of Europe. Publicly engaged for decades in the promotion of life, family and religious and educational freedom, Luca\u00a0 has served as a board member for various international organizations promoting Christian values and human rights, including his current role as a board member of the International Organization for the Family. He has authored books and essays for the Novae Terrae series by the publisher Rubbettino; he has been a correspondent for several Italian newspapers, and currently collaborates with La nuova Bussola Quotidiana, an online newspaper. He is a also a great bicycle enthusiast.","sameAs":["https:\/\/facebook.com\/lvolonte1","https:\/\/x.com\/https:\/\/twitter.com\/l_volonte"],"url":"https:\/\/ifamnews.com\/es\/author\/lvolonte"}]}},"amp_enabled":true,"_links":{"self":[{"href":"https:\/\/ifamnews.com\/es\/wp-json\/wp\/v2\/posts\/185174","targetHints":{"allow":["GET"]}}],"collection":[{"href":"https:\/\/ifamnews.com\/es\/wp-json\/wp\/v2\/posts"}],"about":[{"href":"https:\/\/ifamnews.com\/es\/wp-json\/wp\/v2\/types\/post"}],"author":[{"embeddable":true,"href":"https:\/\/ifamnews.com\/es\/wp-json\/wp\/v2\/users\/54"}],"replies":[{"embeddable":true,"href":"https:\/\/ifamnews.com\/es\/wp-json\/wp\/v2\/comments?post=185174"}],"version-history":[{"count":2,"href":"https:\/\/ifamnews.com\/es\/wp-json\/wp\/v2\/posts\/185174\/revisions"}],"predecessor-version":[{"id":224870,"href":"https:\/\/ifamnews.com\/es\/wp-json\/wp\/v2\/posts\/185174\/revisions\/224870"}],"wp:featuredmedia":[{"embeddable":true,"href":"https:\/\/ifamnews.com\/es\/wp-json\/wp\/v2\/media\/16393"}],"wp:attachment":[{"href":"https:\/\/ifamnews.com\/es\/wp-json\/wp\/v2\/media?parent=185174"}],"wp:term":[{"taxonomy":"category","embeddable":true,"href":"https:\/\/ifamnews.com\/es\/wp-json\/wp\/v2\/categories?post=185174"},{"taxonomy":"post_tag","embeddable":true,"href":"https:\/\/ifamnews.com\/es\/wp-json\/wp\/v2\/tags?post=185174"}],"curies":[{"name":"wp","href":"https:\/\/api.w.org\/{rel}","templated":true}]}}