{"id":182243,"date":"2023-02-14T01:00:00","date_gmt":"2023-02-14T06:00:00","guid":{"rendered":"https:\/\/ifamnews.com\/?p=182243"},"modified":"2023-02-12T13:54:41","modified_gmt":"2023-02-12T18:54:41","slug":"estudios-demuestran-que-los-abortos-no-tienen-ning-n-efecto-positivo-en-la-psique-de-la-mujer","status":"publish","type":"post","link":"https:\/\/ifamnews.com\/es\/estudios-demuestran-que-los-abortos-no-tienen-ning-n-efecto-positivo-en-la-psique-de-la-mujer","title":{"rendered":"Estudios demuestran que los abortos no tienen ning\u00fan efecto positivo en la psique de la mujer"},"content":{"rendered":"\n<p>Un nuevo estudio sobre los efectos del aborto en la salud de las mujeres concluye, entre otras cosas, que no hay pruebas cient\u00edficas de que el aborto proteja o mejore la salud mental de las mujeres. As\u00ed pues, el estudio cuestiona en parte la actual regulaci\u00f3n legal alemana del aborto.<\/p>\n\n\n\n<p>A lo largo de 12 meses, el equipo interdisciplinar de cient\u00edficos examin\u00f3 la calidad y las afirmaciones de 13 estudios internacionales citados con frecuencia sobre el aborto y la salud de la mujer.<\/p>\n\n\n\n<p>Concluyen que una proporci\u00f3n sustancial de estudios internacionales metodol\u00f3gicamente bien realizados coinciden en que el aborto se asocia a un mayor riesgo de problemas de salud mental o agrava los problemas existentes. El aborto, por ejemplo, se asocia estad\u00edsticamente con un mayor riesgo de suicidio e intentos de suicidio, adicci\u00f3n, abuso de alcohol y drogas, depresi\u00f3n y ansiedad. Los abortos m\u00faltiples aumentan el riesgo.<\/p>\n\n\n\n<p>No obstante, el estudio afirma que, debido a problemas metodol\u00f3gicos, no existe un m\u00e9todo cient\u00edficamente v\u00e1lido para excluir o probar de forma fiable una conexi\u00f3n causal directa entre un aborto y las consecuencias psicol\u00f3gicas posteriores:<\/p>\n\n\n\n<p>\u00abHabr\u00eda que asignar, como por ejemplo en un ensayo farmacol\u00f3gico, a un grupo de mujeres con condiciones previas completamente iguales y de forma aleatoria a un \u00abgrupo de aborto\u00bb o a un \u00abgrupo de parto\u00bb tras un embarazo no planificado\/no deseado, sin que la mujer o el m\u00e9dico supieran qui\u00e9n fue asignado a cada grupo. El dise\u00f1o de este estudio aleatorizado, controlado y doble ciego es completamente inutilizable en este caso y debe rechazarse tambi\u00e9n por motivos \u00e9ticos, explica la especialista en \u00e9tica y coautora del estudio <strong>Susanne<\/strong> <strong>Kummer<\/strong>.<\/p>\n\n\n\n<p>Sin embargo, no se ha podido demostrar cient\u00edficamente la hip\u00f3tesis de que el aborto tenga un efecto positivo en la psique de la mujer. El estudio tambi\u00e9n concluy\u00f3 que el aborto tampoco tiene ning\u00fan efecto terap\u00e9utico en la reducci\u00f3n de los riesgos psicol\u00f3gicos en comparaci\u00f3n con las mujeres que dan a luz tras un embarazo no deseado o no planificado.<\/p>\n\n\n\n<p>Esto cuestiona en parte la indicaci\u00f3n m\u00e9dica de los abortos en Alemania y Austria, entre otros pa\u00edses. Aqu\u00ed, los abortos est\u00e1n exentos de castigo desde hace casi 50 a\u00f1os, para evitar un supuesto \u00abda\u00f1o grave a la salud mental de la embarazada\u00bb. Pero s\u00ed \u00abest\u00e1 demostrado que el aborto no tiene ning\u00fan efecto positivo en la psique de la mujer y, por tanto, no ofrece ning\u00fan factor de protecci\u00f3n para la salud mental -en lo que coinciden estudios serios-, falta la base cient\u00edfica para esta construcci\u00f3n legal\u00bb, resumen los cient\u00edficos.<\/p>\n\n\n\n<p>En cambio, piden que se eduque mejor a las mujeres sobre las opciones de adopci\u00f3n y que se proteja a los grupos de riesgo especiales, como las mujeres con enfermedades mentales preexistentes o las que ya han abortado varias veces.<\/p>\n\n\n\n<p>El estudio se publicar\u00e1 en la primavera de 2023 en la serie \u00abEstudios IMABE\u00bb del <em>Instituto de Antropolog\u00eda M\u00e9dica y Bio\u00e9tica<\/em> (IMABE).<\/p>\n\n\n\n<p><strong><em>\u00bfLe interesa el movimiento de la vida y el derecho de familia? Mant\u00e9ngase siempre al d\u00eda: \u00a1suscr\u00edbase a nuestro bolet\u00edn de noticias! <\/em><\/strong><a href=\"https:\/\/ifamnews.com\/es\/subscribase\"><strong><em>Reg\u00edstrese aqu\u00ed.<\/em><\/strong><\/a><strong><em> Noticias diarias de los pa\u00edses de habla alemana y del mundo entero.<\/em><\/strong><\/p>\n","protected":false},"excerpt":{"rendered":"<p>El estudio cuestiona la legislaci\u00f3n sobre el aborto en Alemania y Austria. Aqu\u00ed, los abortos est\u00e1n exentos de castigo desde hace casi 50 a\u00f1os, para evitar un supuesto \u00abda\u00f1o grave a la salud mental de la embarazada\u00bb.<\/p>\n","protected":false},"author":589,"featured_media":179932,"comment_status":"open","ping_status":"open","sticky":false,"template":"","format":"standard","meta":{"give_campaign_id":0,"om_disable_all_campaigns":false,"_monsterinsights_skip_tracking":false,"_monsterinsights_sitenote_active":false,"_monsterinsights_sitenote_note":"","_monsterinsights_sitenote_category":0,"mc4wp_mailchimp_campaign":[],"jnews-multi-image_gallery":[],"jnews_single_post":{"subtitle":"El estudio cuestiona la legislaci\u00f3n sobre el aborto en Alemania y Austria. Aqu\u00ed, los abortos est\u00e1n exentos de castigo desde hace casi 50 a\u00f1os, para evitar un supuesto \"da\u00f1o grave a la salud mental de la embarazada\"","format":"standard","video":"","gallery":"","source_name":"","source_url":"","via_name":"","via_url":"","override_template":"0","override":[{"template":"2","single_blog_custom":"","parallax":"1","fullscreen":"1","layout":"right-sidebar-narrow","sidebar":"default-sidebar","second_sidebar":"default-sidebar","sticky_sidebar":"1","share_position":"float","share_float_style":"share-normal","show_share_counter":"1","show_view_counter":"1","show_featured":"1","show_post_meta":"1","show_post_author":"1","show_post_author_image":"1","show_post_date":"1","post_date_format":"default","post_date_format_custom":"Y\/m\/d","show_post_category":"1","show_post_reading_time":"1","post_reading_time_wpm":"300","show_zoom_button":"0","zoom_button_out_step":"2","zoom_button_in_step":"3","show_post_tag":"1","show_prev_next_post":"0","show_popup_post":"0","number_popup_post":"1","show_author_box":"1","show_post_related":"0","show_inline_post_related":"0"}],"override_image_size":"0","image_override":[{"single_post_thumbnail_size":"crop-715","single_post_gallery_size":"crop-715"}],"trending_post":"0","trending_post_position":"meta","trending_post_label":"Trending","sponsored_post":"0","sponsored_post_label":"Sponsored by","sponsored_post_name":"","sponsored_post_url":"","sponsored_post_logo_enable":"0","sponsored_post_logo":"","sponsored_post_desc":"","disable_ad":"0"},"jnews_primary_category":{"id":"818"},"jnews_social_meta":{"fb_title":"","fb_description":"","fb_image":"","twitter_title":"","twitter_description":"","twitter_image":""},"jnews_override_counter":{"override_view_counter":"0","view_counter_number":"0","override_share_counter":"0","share_counter_number":"0","override_like_counter":"0","like_counter_number":"0","override_dislike_counter":"0","dislike_counter_number":"0"},"footnotes":""},"categories":[810,815,818],"tags":[8607,23523,8608],"class_list":["post-182243","post","type-post","status-publish","format-standard","has-post-thumbnail","hentry","category-foreground-es","category-breaking-news-es","category-vida","tag-aborto-es-2","tag-imabe-es","tag-provida-es-2"],"yoast_head":"<!-- This site is optimized with the Yoast SEO Premium plugin v25.9 (Yoast SEO v27.3) - https:\/\/yoast.com\/product\/yoast-seo-premium-wordpress\/ -->\n<title>Estudios demuestran que los abortos no tienen ning\u00fan efecto positivo en la psique de la mujer - IFN<\/title>\n<meta name=\"description\" content=\"El aborto se asocia estad\u00edsticamente con un mayor riesgo de suicidio, adicci\u00f3n, abuso de alcohol y drogas, depresi\u00f3n y ansiedad.\" \/>\n<meta name=\"robots\" content=\"index, follow, max-snippet:-1, max-image-preview:large, max-video-preview:-1\" \/>\n<link rel=\"canonical\" href=\"https:\/\/ifamnews.com\/es\/estudios-demuestran-que-los-abortos-no-tienen-ning-n-efecto-positivo-en-la-psique-de-la-mujer\" \/>\n<meta property=\"og:locale\" content=\"es_ES\" \/>\n<meta property=\"og:type\" content=\"article\" \/>\n<meta property=\"og:title\" content=\"Estudios demuestran que los abortos no tienen ning\u00fan efecto positivo en la psique de la mujer\" \/>\n<meta property=\"og:description\" content=\"El aborto se asocia estad\u00edsticamente con un mayor riesgo de suicidio, adicci\u00f3n, abuso de alcohol y drogas, depresi\u00f3n y ansiedad.\" \/>\n<meta property=\"og:url\" content=\"https:\/\/ifamnews.com\/es\/estudios-demuestran-que-los-abortos-no-tienen-ning-n-efecto-positivo-en-la-psique-de-la-mujer\" \/>\n<meta property=\"og:site_name\" content=\"IFN\" \/>\n<meta property=\"article:publisher\" content=\"https:\/\/www.facebook.com\/iFamNews\" \/>\n<meta property=\"article:published_time\" content=\"2023-02-14T06:00:00+00:00\" \/>\n<meta property=\"og:image\" content=\"https:\/\/ifamnews.com\/wp-content\/uploads\/2023\/01\/Schaukel.jpg\" \/>\n\t<meta property=\"og:image:width\" content=\"1200\" \/>\n\t<meta property=\"og:image:height\" content=\"675\" \/>\n\t<meta property=\"og:image:type\" content=\"image\/jpeg\" \/>\n<meta name=\"author\" content=\"Johann R. Porter\" \/>\n<meta name=\"twitter:card\" content=\"summary_large_image\" \/>\n<meta name=\"twitter:creator\" content=\"@iFamNewsEN\" \/>\n<meta name=\"twitter:site\" content=\"@iFamNewsEN\" \/>\n<meta name=\"twitter:label1\" content=\"Escrito por\" \/>\n\t<meta name=\"twitter:data1\" content=\"Johann R. Porter\" \/>\n\t<meta name=\"twitter:label2\" content=\"Tiempo de lectura\" \/>\n\t<meta name=\"twitter:data2\" content=\"3 minutos\" \/>\n<!-- \/ Yoast SEO Premium plugin. -->","yoast_head_json":{"title":"Estudios demuestran que los abortos no tienen ning\u00fan efecto positivo en la psique de la mujer - IFN","description":"El aborto se asocia estad\u00edsticamente con un mayor riesgo de suicidio, adicci\u00f3n, abuso de alcohol y drogas, depresi\u00f3n y ansiedad.","robots":{"index":"index","follow":"follow","max-snippet":"max-snippet:-1","max-image-preview":"max-image-preview:large","max-video-preview":"max-video-preview:-1"},"canonical":"https:\/\/ifamnews.com\/es\/estudios-demuestran-que-los-abortos-no-tienen-ning-n-efecto-positivo-en-la-psique-de-la-mujer","og_locale":"es_ES","og_type":"article","og_title":"Estudios demuestran que los abortos no tienen ning\u00fan efecto positivo en la psique de la mujer","og_description":"El aborto se asocia estad\u00edsticamente con un mayor riesgo de suicidio, adicci\u00f3n, abuso de alcohol y drogas, depresi\u00f3n y ansiedad.","og_url":"https:\/\/ifamnews.com\/es\/estudios-demuestran-que-los-abortos-no-tienen-ning-n-efecto-positivo-en-la-psique-de-la-mujer","og_site_name":"IFN","article_publisher":"https:\/\/www.facebook.com\/iFamNews","article_published_time":"2023-02-14T06:00:00+00:00","og_image":[{"width":1200,"height":675,"url":"https:\/\/ifamnews.com\/wp-content\/uploads\/2023\/01\/Schaukel.jpg","type":"image\/jpeg"}],"author":"Johann R. Porter","twitter_card":"summary_large_image","twitter_creator":"@iFamNewsEN","twitter_site":"@iFamNewsEN","twitter_misc":{"Escrito por":"Johann R. Porter","Tiempo de lectura":"3 minutos"},"schema":{"@context":"https:\/\/schema.org","@graph":[{"@type":"NewsArticle","@id":"https:\/\/ifamnews.com\/es\/estudios-demuestran-que-los-abortos-no-tienen-ning-n-efecto-positivo-en-la-psique-de-la-mujer#article","isPartOf":{"@id":"https:\/\/ifamnews.com\/es\/estudios-demuestran-que-los-abortos-no-tienen-ning-n-efecto-positivo-en-la-psique-de-la-mujer"},"author":{"name":"Johann R. Porter","@id":"https:\/\/ifamnews.com\/en\/#\/schema\/person\/97c5fc10500c93e36c296295ba21a537"},"headline":"Estudios demuestran que los abortos no tienen ning\u00fan efecto positivo en la psique de la mujer","datePublished":"2023-02-14T06:00:00+00:00","mainEntityOfPage":{"@id":"https:\/\/ifamnews.com\/es\/estudios-demuestran-que-los-abortos-no-tienen-ning-n-efecto-positivo-en-la-psique-de-la-mujer"},"wordCount":584,"commentCount":0,"publisher":{"@id":"https:\/\/ifamnews.com\/en\/#organization"},"image":{"@id":"https:\/\/ifamnews.com\/es\/estudios-demuestran-que-los-abortos-no-tienen-ning-n-efecto-positivo-en-la-psique-de-la-mujer#primaryimage"},"thumbnailUrl":"https:\/\/ifamnews.com\/wp-content\/uploads\/2023\/01\/Schaukel.jpg","keywords":["aborto","IMABE","Provida"],"articleSection":["Foreground","\u00daLTIMAS NOTICIAS","Vida"],"inLanguage":"es","potentialAction":[{"@type":"CommentAction","name":"Comment","target":["https:\/\/ifamnews.com\/es\/estudios-demuestran-que-los-abortos-no-tienen-ning-n-efecto-positivo-en-la-psique-de-la-mujer#respond"]}]},{"@type":"WebPage","@id":"https:\/\/ifamnews.com\/es\/estudios-demuestran-que-los-abortos-no-tienen-ning-n-efecto-positivo-en-la-psique-de-la-mujer","url":"https:\/\/ifamnews.com\/es\/estudios-demuestran-que-los-abortos-no-tienen-ning-n-efecto-positivo-en-la-psique-de-la-mujer","name":"Estudios demuestran que los abortos no tienen ning\u00fan efecto positivo en la psique de la mujer - IFN","isPartOf":{"@id":"https:\/\/ifamnews.com\/en\/#website"},"primaryImageOfPage":{"@id":"https:\/\/ifamnews.com\/es\/estudios-demuestran-que-los-abortos-no-tienen-ning-n-efecto-positivo-en-la-psique-de-la-mujer#primaryimage"},"image":{"@id":"https:\/\/ifamnews.com\/es\/estudios-demuestran-que-los-abortos-no-tienen-ning-n-efecto-positivo-en-la-psique-de-la-mujer#primaryimage"},"thumbnailUrl":"https:\/\/ifamnews.com\/wp-content\/uploads\/2023\/01\/Schaukel.jpg","datePublished":"2023-02-14T06:00:00+00:00","description":"El aborto se asocia estad\u00edsticamente con un mayor riesgo de suicidio, adicci\u00f3n, abuso de alcohol y drogas, depresi\u00f3n y ansiedad.","breadcrumb":{"@id":"https:\/\/ifamnews.com\/es\/estudios-demuestran-que-los-abortos-no-tienen-ning-n-efecto-positivo-en-la-psique-de-la-mujer#breadcrumb"},"inLanguage":"es","potentialAction":[{"@type":"ReadAction","target":["https:\/\/ifamnews.com\/es\/estudios-demuestran-que-los-abortos-no-tienen-ning-n-efecto-positivo-en-la-psique-de-la-mujer"]}]},{"@type":"ImageObject","inLanguage":"es","@id":"https:\/\/ifamnews.com\/es\/estudios-demuestran-que-los-abortos-no-tienen-ning-n-efecto-positivo-en-la-psique-de-la-mujer#primaryimage","url":"https:\/\/ifamnews.com\/wp-content\/uploads\/2023\/01\/Schaukel.jpg","contentUrl":"https:\/\/ifamnews.com\/wp-content\/uploads\/2023\/01\/Schaukel.jpg","width":1200,"height":675},{"@type":"BreadcrumbList","@id":"https:\/\/ifamnews.com\/es\/estudios-demuestran-que-los-abortos-no-tienen-ning-n-efecto-positivo-en-la-psique-de-la-mujer#breadcrumb","itemListElement":[{"@type":"ListItem","position":1,"name":"Home","item":"https:\/\/ifamnews.com\/de"},{"@type":"ListItem","position":2,"name":"Leben","item":"https:\/\/ifamnews.com\/de\/kategorie\/leben"},{"@type":"ListItem","position":3,"name":"Estudios demuestran que los abortos no tienen ning\u00fan efecto positivo en la psique de la mujer"}]},{"@type":"WebSite","@id":"https:\/\/ifamnews.com\/en\/#website","url":"https:\/\/ifamnews.com\/en\/","name":"IFN","description":"International Family News Network","publisher":{"@id":"https:\/\/ifamnews.com\/en\/#organization"},"potentialAction":[{"@type":"SearchAction","target":{"@type":"EntryPoint","urlTemplate":"https:\/\/ifamnews.com\/en\/?s={search_term_string}"},"query-input":{"@type":"PropertyValueSpecification","valueRequired":true,"valueName":"search_term_string"}}],"inLanguage":"es"},{"@type":"Organization","@id":"https:\/\/ifamnews.com\/en\/#organization","name":"iFamNews","url":"https:\/\/ifamnews.com\/en\/","logo":{"@type":"ImageObject","inLanguage":"es","@id":"https:\/\/ifamnews.com\/en\/#\/schema\/logo\/image\/","url":"https:\/\/ifamnews.com\/wp-content\/uploads\/2020\/01\/Share-logo.png","contentUrl":"https:\/\/ifamnews.com\/wp-content\/uploads\/2020\/01\/Share-logo.png","width":200,"height":200,"caption":"iFamNews"},"image":{"@id":"https:\/\/ifamnews.com\/en\/#\/schema\/logo\/image\/"},"sameAs":["https:\/\/www.facebook.com\/iFamNews","https:\/\/x.com\/iFamNewsEN"]},{"@type":"Person","@id":"https:\/\/ifamnews.com\/en\/#\/schema\/person\/97c5fc10500c93e36c296295ba21a537","name":"Johann R. Porter","image":{"@type":"ImageObject","inLanguage":"es","@id":"https:\/\/secure.gravatar.com\/avatar\/b295da437fcd0635c3fe53d90b9545df9d7b3b7681f3a87122ec5cef8870a293?s=96&d=mm&r=g","url":"https:\/\/secure.gravatar.com\/avatar\/b295da437fcd0635c3fe53d90b9545df9d7b3b7681f3a87122ec5cef8870a293?s=96&d=mm&r=g","contentUrl":"https:\/\/secure.gravatar.com\/avatar\/b295da437fcd0635c3fe53d90b9545df9d7b3b7681f3a87122ec5cef8870a293?s=96&d=mm&r=g","caption":"Johann R. Porter"},"description":"A German-speaking social scientist and worker in the pro-life movement. [This author writes under a pseudonym.]","url":"https:\/\/ifamnews.com\/es\/author\/jporter"}]}},"amp_enabled":true,"_links":{"self":[{"href":"https:\/\/ifamnews.com\/es\/wp-json\/wp\/v2\/posts\/182243","targetHints":{"allow":["GET"]}}],"collection":[{"href":"https:\/\/ifamnews.com\/es\/wp-json\/wp\/v2\/posts"}],"about":[{"href":"https:\/\/ifamnews.com\/es\/wp-json\/wp\/v2\/types\/post"}],"author":[{"embeddable":true,"href":"https:\/\/ifamnews.com\/es\/wp-json\/wp\/v2\/users\/589"}],"replies":[{"embeddable":true,"href":"https:\/\/ifamnews.com\/es\/wp-json\/wp\/v2\/comments?post=182243"}],"version-history":[{"count":2,"href":"https:\/\/ifamnews.com\/es\/wp-json\/wp\/v2\/posts\/182243\/revisions"}],"predecessor-version":[{"id":182322,"href":"https:\/\/ifamnews.com\/es\/wp-json\/wp\/v2\/posts\/182243\/revisions\/182322"}],"wp:featuredmedia":[{"embeddable":true,"href":"https:\/\/ifamnews.com\/es\/wp-json\/wp\/v2\/media\/179932"}],"wp:attachment":[{"href":"https:\/\/ifamnews.com\/es\/wp-json\/wp\/v2\/media?parent=182243"}],"wp:term":[{"taxonomy":"category","embeddable":true,"href":"https:\/\/ifamnews.com\/es\/wp-json\/wp\/v2\/categories?post=182243"},{"taxonomy":"post_tag","embeddable":true,"href":"https:\/\/ifamnews.com\/es\/wp-json\/wp\/v2\/tags?post=182243"}],"curies":[{"name":"wp","href":"https:\/\/api.w.org\/{rel}","templated":true}]}}