{"id":174883,"date":"2022-12-18T01:00:00","date_gmt":"2022-12-18T06:00:00","guid":{"rendered":"https:\/\/ifamnews.com\/?p=174883"},"modified":"2022-12-12T18:03:12","modified_gmt":"2022-12-12T23:03:12","slug":"abogados-cristianos-intenta-evitar-la-emisi-n-de-un-sello-conmemorativo-del-partido-comunista","status":"publish","type":"post","link":"https:\/\/ifamnews.com\/es\/abogados-cristianos-intenta-evitar-la-emisi-n-de-un-sello-conmemorativo-del-partido-comunista","title":{"rendered":"Abogados Cristianos intenta evitar la emisi\u00f3n de un sello conmemorativo del Partido Comunista"},"content":{"rendered":"\n<p>La Fundaci\u00f3n Espa\u00f1ola de Abogados Cristianos solicita medidas cautelares al Juzgado de lo Contencioso Administrativo que por turno corresponda para evitar que Correos emita un sello conmemorativo del centenario del Partido Comunista.<\/p>\n\n\n\n<p>Se trata de un sello cuyo dise\u00f1o incluye la hoz y el martillo y los colores de la bandera de la rep\u00fablica.<\/p>\n\n\n\n<p>La organizaci\u00f3n de juristas defiende que la emisi\u00f3n de este sello atenta contra el deber de neutralidad y objetividad de las Administraciones P\u00fablicas recogido en la Constituci\u00f3n.<\/p>\n\n\n\n<p>Abogados Cristianos asegura que \u201csupone la exaltaci\u00f3n de un partido pol\u00edtico que cometi\u00f3 cr\u00edmenes y persigui\u00f3 a miles de personas \u00fanicamente por raz\u00f3n de su fe\u201d.<\/p>\n\n\n\n<p>Por ello, la Fundaci\u00f3n de juristas alega que \u201cemitir este sello es contrario a la Ley de Memoria Democr\u00e1tica y a la resoluci\u00f3n del Parlamento Europeo que condena la exaltaci\u00f3n del Comunismo\u201d.<\/p>\n\n\n\n<p>La presidenta de Abogados Cristianos, Polonia Castellanos, considera \u201cinaceptable que el gobierno nos pida que nos apretemos el cintur\u00f3n y luego malgaste el dinero de todos en imponer su ideolog\u00eda, exaltando a un partido que cometi\u00f3 cr\u00edmenes contra los cristianos\u201d.<\/p>\n\n\n\n<p>La Fundaci\u00f3n de Abogados Cristianos ha puesto en marcha adem\u00e1s una&nbsp;<a href=\"https:\/\/abogadoscristianos-dot-yamm-track.appspot.com\/2tbeuF26ViI7s7lKkmxL98PalFT1LYbvahZ40NhGtJXqZsLVqhAFBpfaZGslHJJBwBgzsSpvQ0bCMLMKdut5oc4wQd2Bu8XoK2_9beCWprTq0kohgtlre9L-R8FCMgVoU1cxhsEJAJitsTR9BJHWKSZLsEWMxydK4RA7G4sQZSn0uPw7xYFBJBBt0NQUhRpGCnHjcmgU426e7AWC_oCSpZCPQHFDV_jf-LBIHm_8F--UHJuoW\" target=\"_blank\" rel=\"noreferrer noopener\">recogida de firmas en su p\u00e1gina web<\/a>&nbsp;para pedir al presidente de Correos que retire el sello antes de que salga a circulaci\u00f3n.<\/p>\n\n\n\n<p>Se adjunta  recurso contencioso administrativo<\/p>\n\n\n\n<div data-wp-interactive=\"core\/file\" class=\"wp-block-file\"><object data-wp-bind--hidden=\"!state.hasPdfPreview\" hidden class=\"wp-block-file__embed\" data=\"https:\/\/ifamnews.com\/wp-content\/uploads\/2022\/12\/Recurso-C-A-y-cautelarisimas-sello-PCE-Correos_Censurado.pdf\" type=\"application\/pdf\" style=\"width:100%;height:600px\" aria-label=\"Incrustado de Embed of Recurso-C-A-y-cautelarisimas-sello-PCE-Correos_Censurado..\"><\/object><a id=\"wp-block-file--media-b73e4525-4813-4ec2-8e76-c58a8d8a2f28\" href=\"https:\/\/ifamnews.com\/wp-content\/uploads\/2022\/12\/Recurso-C-A-y-cautelarisimas-sello-PCE-Correos_Censurado.pdf\">Recurso-C-A-y-cautelarisimas-sello-PCE-Correos_Censurado<\/a><a href=\"https:\/\/ifamnews.com\/wp-content\/uploads\/2022\/12\/Recurso-C-A-y-cautelarisimas-sello-PCE-Correos_Censurado.pdf\" class=\"wp-block-file__button\" download aria-describedby=\"wp-block-file--media-b73e4525-4813-4ec2-8e76-c58a8d8a2f28\">Download<\/a><\/div>\n\n\n\n<p><\/p>\n","protected":false},"excerpt":{"rendered":"<p>REMITIDO. Abogados Cristianos asegura que \u201csupone la exaltaci\u00f3n de un partido pol\u00edtico que cometi\u00f3 cr\u00edmenes y persigui\u00f3 a miles de personas \u00fanicamente por raz\u00f3n de su fe\u201d<\/p>\n","protected":false},"author":963,"featured_media":174894,"comment_status":"open","ping_status":"open","sticky":false,"template":"","format":"standard","meta":{"give_campaign_id":0,"om_disable_all_campaigns":false,"_monsterinsights_skip_tracking":false,"_monsterinsights_sitenote_active":false,"_monsterinsights_sitenote_note":"","_monsterinsights_sitenote_category":0,"mc4wp_mailchimp_campaign":[],"jnews-multi-image_gallery":[],"jnews_single_post":{"subtitle":"REMITIDO. Abogados Cristianos asegura que \u201csupone la exaltaci\u00f3n de un partido pol\u00edtico que cometi\u00f3 cr\u00edmenes y persigui\u00f3 a miles de personas \u00fanicamente por raz\u00f3n de su fe\u201d","format":"standard","video":"","gallery":"","source_name":"","source_url":"","via_name":"","via_url":"","override_template":"0","override":[{"template":"2","single_blog_custom":"","parallax":"1","fullscreen":"1","layout":"right-sidebar-narrow","sidebar":"default-sidebar","second_sidebar":"default-sidebar","sticky_sidebar":"1","share_position":"float","share_float_style":"share-normal","show_share_counter":"1","show_view_counter":"1","show_featured":"1","show_post_meta":"1","show_post_author":"1","show_post_author_image":"1","show_post_date":"1","post_date_format":"default","post_date_format_custom":"Y\/m\/d","show_post_category":"1","show_post_reading_time":"1","post_reading_time_wpm":"300","show_zoom_button":"0","zoom_button_out_step":"2","zoom_button_in_step":"3","show_post_tag":"1","show_prev_next_post":"0","show_popup_post":"0","number_popup_post":"1","show_author_box":"1","show_post_related":"0","show_inline_post_related":"0"}],"override_image_size":"0","image_override":[{"single_post_thumbnail_size":"crop-715","single_post_gallery_size":"crop-715"}],"trending_post":"0","trending_post_position":"meta","trending_post_label":"Trending","sponsored_post":"0","sponsored_post_label":"Sponsored by","sponsored_post_name":"","sponsored_post_url":"","sponsored_post_logo_enable":"0","sponsored_post_logo":"","sponsored_post_desc":"","disable_ad":"0"},"jnews_primary_category":{"id":"773"},"jnews_social_meta":{"fb_title":"","fb_description":"","fb_image":"","twitter_title":"","twitter_description":"","twitter_image":""},"jnews_override_counter":{"override_view_counter":"0","view_counter_number":"0","override_share_counter":"0","share_counter_number":"0","override_like_counter":"0","like_counter_number":"0","override_dislike_counter":"0","dislike_counter_number":"0"},"footnotes":""},"categories":[810,773,815],"tags":[22000,21998,21999],"class_list":["post-174883","post","type-post","status-publish","format-standard","has-post-thumbnail","hentry","category-foreground-es","category-politica","category-breaking-news-es","tag-correos","tag-memoria-democratica","tag-partido-comunista"],"yoast_head":"<!-- This site is optimized with the Yoast SEO Premium plugin v25.9 (Yoast SEO v27.3) - https:\/\/yoast.com\/product\/yoast-seo-premium-wordpress\/ -->\n<title>Abogados Cristianos intenta evitar la emisi\u00f3n de un sello conmemorativo del Partido Comunista - IFN<\/title>\n<meta name=\"description\" content=\"Asegura que \u201csupone la exaltaci\u00f3n de un partido pol\u00edtico que cometi\u00f3 cr\u00edmenes y persigui\u00f3 a miles de personas \u00fanicamente por raz\u00f3n de su fe\u201d\" \/>\n<meta name=\"robots\" content=\"index, follow, max-snippet:-1, max-image-preview:large, max-video-preview:-1\" \/>\n<link rel=\"canonical\" href=\"https:\/\/ifamnews.com\/es\/abogados-cristianos-intenta-evitar-la-emisi-n-de-un-sello-conmemorativo-del-partido-comunista\" \/>\n<meta property=\"og:locale\" content=\"es_ES\" \/>\n<meta property=\"og:type\" content=\"article\" \/>\n<meta property=\"og:title\" content=\"Abogados Cristianos intenta evitar la emisi\u00f3n de un sello conmemorativo del Partido Comunista\" \/>\n<meta property=\"og:description\" content=\"Asegura que \u201csupone la exaltaci\u00f3n de un partido pol\u00edtico que cometi\u00f3 cr\u00edmenes y persigui\u00f3 a miles de personas \u00fanicamente por raz\u00f3n de su fe\u201d\" \/>\n<meta property=\"og:url\" content=\"https:\/\/ifamnews.com\/es\/abogados-cristianos-intenta-evitar-la-emisi-n-de-un-sello-conmemorativo-del-partido-comunista\" \/>\n<meta property=\"og:site_name\" content=\"IFN\" \/>\n<meta property=\"article:publisher\" content=\"https:\/\/www.facebook.com\/iFamNews\" \/>\n<meta property=\"article:author\" content=\"https:\/\/www.facebook.com\/iFamNews\/\" \/>\n<meta property=\"article:published_time\" content=\"2022-12-18T06:00:00+00:00\" \/>\n<meta property=\"og:image\" content=\"https:\/\/ifamnews.com\/wp-content\/uploads\/2022\/12\/16680756323322-2.webp\" \/>\n\t<meta property=\"og:image:width\" content=\"1239\" \/>\n\t<meta property=\"og:image:height\" content=\"816\" \/>\n\t<meta property=\"og:image:type\" content=\"image\/webp\" \/>\n<meta name=\"author\" content=\"iFamNews Spain\" \/>\n<meta name=\"twitter:card\" content=\"summary_large_image\" \/>\n<meta name=\"twitter:creator\" content=\"@https:\/\/twitter.com\/iFamNewsES\" \/>\n<meta name=\"twitter:site\" content=\"@iFamNewsEN\" \/>\n<meta name=\"twitter:label1\" content=\"Escrito por\" \/>\n\t<meta name=\"twitter:data1\" content=\"iFamNews Spain\" \/>\n\t<meta name=\"twitter:label2\" content=\"Tiempo de lectura\" \/>\n\t<meta name=\"twitter:data2\" content=\"2 minutos\" \/>\n<!-- \/ Yoast SEO Premium plugin. -->","yoast_head_json":{"title":"Abogados Cristianos intenta evitar la emisi\u00f3n de un sello conmemorativo del Partido Comunista - IFN","description":"Asegura que \u201csupone la exaltaci\u00f3n de un partido pol\u00edtico que cometi\u00f3 cr\u00edmenes y persigui\u00f3 a miles de personas \u00fanicamente por raz\u00f3n de su fe\u201d","robots":{"index":"index","follow":"follow","max-snippet":"max-snippet:-1","max-image-preview":"max-image-preview:large","max-video-preview":"max-video-preview:-1"},"canonical":"https:\/\/ifamnews.com\/es\/abogados-cristianos-intenta-evitar-la-emisi-n-de-un-sello-conmemorativo-del-partido-comunista","og_locale":"es_ES","og_type":"article","og_title":"Abogados Cristianos intenta evitar la emisi\u00f3n de un sello conmemorativo del Partido Comunista","og_description":"Asegura que \u201csupone la exaltaci\u00f3n de un partido pol\u00edtico que cometi\u00f3 cr\u00edmenes y persigui\u00f3 a miles de personas \u00fanicamente por raz\u00f3n de su fe\u201d","og_url":"https:\/\/ifamnews.com\/es\/abogados-cristianos-intenta-evitar-la-emisi-n-de-un-sello-conmemorativo-del-partido-comunista","og_site_name":"IFN","article_publisher":"https:\/\/www.facebook.com\/iFamNews","article_author":"https:\/\/www.facebook.com\/iFamNews\/","article_published_time":"2022-12-18T06:00:00+00:00","og_image":[{"width":1239,"height":816,"url":"https:\/\/ifamnews.com\/wp-content\/uploads\/2022\/12\/16680756323322-2.webp","type":"image\/webp"}],"author":"iFamNews Spain","twitter_card":"summary_large_image","twitter_creator":"@https:\/\/twitter.com\/iFamNewsES","twitter_site":"@iFamNewsEN","twitter_misc":{"Escrito por":"iFamNews Spain","Tiempo de lectura":"2 minutos"},"schema":{"@context":"https:\/\/schema.org","@graph":[{"@type":"NewsArticle","@id":"https:\/\/ifamnews.com\/es\/abogados-cristianos-intenta-evitar-la-emisi-n-de-un-sello-conmemorativo-del-partido-comunista#article","isPartOf":{"@id":"https:\/\/ifamnews.com\/es\/abogados-cristianos-intenta-evitar-la-emisi-n-de-un-sello-conmemorativo-del-partido-comunista"},"author":{"name":"iFamNews Spain","@id":"https:\/\/ifamnews.com\/en\/#\/schema\/person\/f65a5bd5c004ecdde67fb9f0344ba660"},"headline":"Abogados Cristianos intenta evitar la emisi\u00f3n de un sello conmemorativo del Partido Comunista","datePublished":"2022-12-18T06:00:00+00:00","mainEntityOfPage":{"@id":"https:\/\/ifamnews.com\/es\/abogados-cristianos-intenta-evitar-la-emisi-n-de-un-sello-conmemorativo-del-partido-comunista"},"wordCount":260,"commentCount":0,"publisher":{"@id":"https:\/\/ifamnews.com\/en\/#organization"},"image":{"@id":"https:\/\/ifamnews.com\/es\/abogados-cristianos-intenta-evitar-la-emisi-n-de-un-sello-conmemorativo-del-partido-comunista#primaryimage"},"thumbnailUrl":"https:\/\/ifamnews.com\/wp-content\/uploads\/2022\/12\/16680756323322-2.webp","keywords":["Correos","Memoria Democr\u00e1tica","Partido Comunista"],"articleSection":["Foreground","Pol\u00edtica","\u00daLTIMAS NOTICIAS"],"inLanguage":"es","potentialAction":[{"@type":"CommentAction","name":"Comment","target":["https:\/\/ifamnews.com\/es\/abogados-cristianos-intenta-evitar-la-emisi-n-de-un-sello-conmemorativo-del-partido-comunista#respond"]}]},{"@type":"WebPage","@id":"https:\/\/ifamnews.com\/es\/abogados-cristianos-intenta-evitar-la-emisi-n-de-un-sello-conmemorativo-del-partido-comunista","url":"https:\/\/ifamnews.com\/es\/abogados-cristianos-intenta-evitar-la-emisi-n-de-un-sello-conmemorativo-del-partido-comunista","name":"Abogados Cristianos intenta evitar la emisi\u00f3n de un sello conmemorativo del Partido Comunista - IFN","isPartOf":{"@id":"https:\/\/ifamnews.com\/en\/#website"},"primaryImageOfPage":{"@id":"https:\/\/ifamnews.com\/es\/abogados-cristianos-intenta-evitar-la-emisi-n-de-un-sello-conmemorativo-del-partido-comunista#primaryimage"},"image":{"@id":"https:\/\/ifamnews.com\/es\/abogados-cristianos-intenta-evitar-la-emisi-n-de-un-sello-conmemorativo-del-partido-comunista#primaryimage"},"thumbnailUrl":"https:\/\/ifamnews.com\/wp-content\/uploads\/2022\/12\/16680756323322-2.webp","datePublished":"2022-12-18T06:00:00+00:00","description":"Asegura que \u201csupone la exaltaci\u00f3n de un partido pol\u00edtico que cometi\u00f3 cr\u00edmenes y persigui\u00f3 a miles de personas \u00fanicamente por raz\u00f3n de su fe\u201d","breadcrumb":{"@id":"https:\/\/ifamnews.com\/es\/abogados-cristianos-intenta-evitar-la-emisi-n-de-un-sello-conmemorativo-del-partido-comunista#breadcrumb"},"inLanguage":"es","potentialAction":[{"@type":"ReadAction","target":["https:\/\/ifamnews.com\/es\/abogados-cristianos-intenta-evitar-la-emisi-n-de-un-sello-conmemorativo-del-partido-comunista"]}]},{"@type":"ImageObject","inLanguage":"es","@id":"https:\/\/ifamnews.com\/es\/abogados-cristianos-intenta-evitar-la-emisi-n-de-un-sello-conmemorativo-del-partido-comunista#primaryimage","url":"https:\/\/ifamnews.com\/wp-content\/uploads\/2022\/12\/16680756323322-2.webp","contentUrl":"https:\/\/ifamnews.com\/wp-content\/uploads\/2022\/12\/16680756323322-2.webp","width":1239,"height":816},{"@type":"BreadcrumbList","@id":"https:\/\/ifamnews.com\/es\/abogados-cristianos-intenta-evitar-la-emisi-n-de-un-sello-conmemorativo-del-partido-comunista#breadcrumb","itemListElement":[{"@type":"ListItem","position":1,"name":"Home","item":"https:\/\/ifamnews.com\/de"},{"@type":"ListItem","position":2,"name":"Politics","item":"https:\/\/ifamnews.com\/en\/category\/politics"},{"@type":"ListItem","position":3,"name":"Abogados Cristianos intenta evitar la emisi\u00f3n de un sello conmemorativo del Partido Comunista"}]},{"@type":"WebSite","@id":"https:\/\/ifamnews.com\/en\/#website","url":"https:\/\/ifamnews.com\/en\/","name":"IFN","description":"International Family News Network","publisher":{"@id":"https:\/\/ifamnews.com\/en\/#organization"},"potentialAction":[{"@type":"SearchAction","target":{"@type":"EntryPoint","urlTemplate":"https:\/\/ifamnews.com\/en\/?s={search_term_string}"},"query-input":{"@type":"PropertyValueSpecification","valueRequired":true,"valueName":"search_term_string"}}],"inLanguage":"es"},{"@type":"Organization","@id":"https:\/\/ifamnews.com\/en\/#organization","name":"iFamNews","url":"https:\/\/ifamnews.com\/en\/","logo":{"@type":"ImageObject","inLanguage":"es","@id":"https:\/\/ifamnews.com\/en\/#\/schema\/logo\/image\/","url":"https:\/\/ifamnews.com\/wp-content\/uploads\/2020\/01\/Share-logo.png","contentUrl":"https:\/\/ifamnews.com\/wp-content\/uploads\/2020\/01\/Share-logo.png","width":200,"height":200,"caption":"iFamNews"},"image":{"@id":"https:\/\/ifamnews.com\/en\/#\/schema\/logo\/image\/"},"sameAs":["https:\/\/www.facebook.com\/iFamNews","https:\/\/x.com\/iFamNewsEN"]},{"@type":"Person","@id":"https:\/\/ifamnews.com\/en\/#\/schema\/person\/f65a5bd5c004ecdde67fb9f0344ba660","name":"iFamNews Spain","image":{"@type":"ImageObject","inLanguage":"es","@id":"https:\/\/secure.gravatar.com\/avatar\/5003240cb58aea51e193ae011d1569f3f8452b9369ac236c2826f05639bf542e?s=96&d=mm&r=g","url":"https:\/\/secure.gravatar.com\/avatar\/5003240cb58aea51e193ae011d1569f3f8452b9369ac236c2826f05639bf542e?s=96&d=mm&r=g","contentUrl":"https:\/\/secure.gravatar.com\/avatar\/5003240cb58aea51e193ae011d1569f3f8452b9369ac236c2826f05639bf542e?s=96&d=mm&r=g","caption":"iFamNews Spain"},"description":"Articles published by the Spanish iFamNews editorial team.","sameAs":["https:\/\/ifamnews.com\/es","https:\/\/www.facebook.com\/iFamNews\/","https:\/\/x.com\/https:\/\/twitter.com\/iFamNewsES","https:\/\/www.youtube.com\/channel\/UCMVyIt4z9BANW3d09kwfUpw"],"url":"https:\/\/ifamnews.com\/es\/author\/equipo-de-ifamnews"}]}},"amp_enabled":true,"_links":{"self":[{"href":"https:\/\/ifamnews.com\/es\/wp-json\/wp\/v2\/posts\/174883","targetHints":{"allow":["GET"]}}],"collection":[{"href":"https:\/\/ifamnews.com\/es\/wp-json\/wp\/v2\/posts"}],"about":[{"href":"https:\/\/ifamnews.com\/es\/wp-json\/wp\/v2\/types\/post"}],"author":[{"embeddable":true,"href":"https:\/\/ifamnews.com\/es\/wp-json\/wp\/v2\/users\/963"}],"replies":[{"embeddable":true,"href":"https:\/\/ifamnews.com\/es\/wp-json\/wp\/v2\/comments?post=174883"}],"version-history":[{"count":4,"href":"https:\/\/ifamnews.com\/es\/wp-json\/wp\/v2\/posts\/174883\/revisions"}],"predecessor-version":[{"id":175253,"href":"https:\/\/ifamnews.com\/es\/wp-json\/wp\/v2\/posts\/174883\/revisions\/175253"}],"wp:featuredmedia":[{"embeddable":true,"href":"https:\/\/ifamnews.com\/es\/wp-json\/wp\/v2\/media\/174894"}],"wp:attachment":[{"href":"https:\/\/ifamnews.com\/es\/wp-json\/wp\/v2\/media?parent=174883"}],"wp:term":[{"taxonomy":"category","embeddable":true,"href":"https:\/\/ifamnews.com\/es\/wp-json\/wp\/v2\/categories?post=174883"},{"taxonomy":"post_tag","embeddable":true,"href":"https:\/\/ifamnews.com\/es\/wp-json\/wp\/v2\/tags?post=174883"}],"curies":[{"name":"wp","href":"https:\/\/api.w.org\/{rel}","templated":true}]}}