{"id":174212,"date":"2022-12-29T01:00:00","date_gmt":"2022-12-29T06:00:00","guid":{"rendered":"https:\/\/ifamnews.com\/?p=174212"},"modified":"2022-12-06T15:52:08","modified_gmt":"2022-12-06T20:52:08","slug":"la-asociaci-n-polaca-ordo-iuris-se-opone-eficazmente-a-la-agenda-ideol-gica-de-la-onu","status":"publish","type":"post","link":"https:\/\/ifamnews.com\/es\/la-asociaci-n-polaca-ordo-iuris-se-opone-eficazmente-a-la-agenda-ideol-gica-de-la-onu","title":{"rendered":"La asociaci\u00f3n polaca Ordo Iuris se opone eficazmente a la agenda ideol\u00f3gica de la ONU"},"content":{"rendered":"\n<p>La 56\u00aa sesi\u00f3n de la Comisi\u00f3n de Poblaci\u00f3n y Desarrollo (CPD) de la ONU tendr\u00e1 lugar del 10 al 14 de abril de 2023. Este a\u00f1o se centrar\u00e1 en \u00abPoblaci\u00f3n, educaci\u00f3n y desarrollo sostenible\u00bb, temas estrechamente relacionados con el Cap\u00edtulo XI del Programa de Acci\u00f3n adoptado por la Conferencia Internacional sobre la Poblaci\u00f3n y el Desarrollo (CIPD) en 1994 y el Objetivo de Desarrollo Sostenible (ODS) n\u00ba 4, que trata de la EDUCACI\u00d3N. Estos documentos indican, entre otras cosas, que para que la educaci\u00f3n en temas de poblaci\u00f3n sea m\u00e1s eficaz, debe comenzar ya en la Escuela Primaria y continuar en todos los niveles de la Educaci\u00f3n, sea reglada o no, teniendo en cuenta los derechos y responsabilidades de los padres y las necesidades de los ni\u00f1os y adolescentes. All\u00ed donde ya existan programas de este tipo, los planes de estudio deben revisarse, actualizarse y ampliarse para garantizar que se abordan adecuadamente cuestiones como la \u00abSensibilidad de g\u00e9nero\u00bb, las \u00abOpciones y responsabilidades reproductivas\u00bb y las enfermedades de transmisi\u00f3n sexual, incluido el VIH\/SIDA.<\/p>\n\n\n\n<p>Todas las organizaciones con estatus consultivo especial del ECOSOC pueden presentar escritos relacionados con los temas de la sesi\u00f3n. En un documento presentado por el Instituto Ordo Iuris, se se\u00f1ala que la Conferencia Internacional sobre Poblaci\u00f3n y Desarrollo celebrada en El Cairo en 1994, en la que se adopt\u00f3 el mencionado \u00abPrograma de Acci\u00f3n\u00bb, constituy\u00f3 un hito en cuanto al concepto de Derechos Reproductivos y Sexuales. En aquel momento, t\u00e9rminos como \u00abSalud reproductiva\u00bb, \u00abSalud sexual\u00bb y \u00abDerechos reproductivos\u00bb se usaron por vez primera en un discurso oficial internacional. En aquella \u00e9poca, las disputas ideol\u00f3gicas sobre la definici\u00f3n de estos t\u00e9rminos (en cuyo \u00e1mbito los c\u00edrculos feministas quer\u00edan incluir el mal llamado \u00abderecho al aborto\u00bb) llevaron a marginar las necesidades reales de las mujeres en materia de maternidad, cuidados perinatales o lucha contra la infertilidad. Aunque ha transcurrido m\u00e1s de un cuarto de siglo desde la Conferencia de El Cairo, problemas como la mortalidad perinatal, las numerosas complicaciones de salud que afectan a las mujeres despu\u00e9s del parto, la excesiva tasa de ces\u00e1reas y otras intervenciones m\u00e9dicas, siguen sin abordarse plenamente en la actualidad. En cambio, la Conferencia de El Cairo sent\u00f3 las bases para promover el aborto a nivel internacional al incluir el aborto legal en el \u00e1mbito de los llamados servicios de salud reproductiva e introducir el t\u00e9rmino \u00ababorto seguro\u00bb entendido como cualquier aborto legal. Esto sent\u00f3 las bases para exigir la legalizaci\u00f3n del aborto, que supuestamente lo har\u00eda \u00abseguro\u00bb.<\/p>\n\n\n\n<p>\u00abTanto las cuestiones educativas y demogr\u00e1ficas como el fomento de los Objetivos de Desarrollo Sostenible deben basarse en la Biolog\u00eda, la responsabilidad y la \u00e9tica, que forman un todo coherente. Polonia es un ejemplo de pa\u00eds que aplica los ODS de la ONU de forma desvinculada de conceptos ideol\u00f3gicos y apoya tanto la educaci\u00f3n como la salud procreativa, asignando recursos adecuados a la atenci\u00f3n prenatal materna e infantil, as\u00ed como al diagn\u00f3stico y la atenci\u00f3n sanitaria de madres y ni\u00f1os peque\u00f1os.\u00bb se\u00f1ala Anna Kubacka, analista del Centro de Derecho Internacional Ordo Iuris.<\/p>\n","protected":false},"excerpt":{"rendered":"<p>Polonia es un ejemplo de pa\u00eds que aplica la Agenda 2030 desvincul\u00e1ndose de conceptos ideol\u00f3gicos y apoyando tanto la educaci\u00f3n como la salud procreativa.<\/p>\n","protected":false},"author":1053,"featured_media":173533,"comment_status":"open","ping_status":"open","sticky":false,"template":"","format":"standard","meta":{"give_campaign_id":0,"om_disable_all_campaigns":false,"_monsterinsights_skip_tracking":false,"_monsterinsights_sitenote_active":false,"_monsterinsights_sitenote_note":"","_monsterinsights_sitenote_category":0,"mc4wp_mailchimp_campaign":[],"jnews-multi-image_gallery":[],"jnews_single_post":{"subtitle":"Polonia es un ejemplo de pa\u00eds que aplica la Agenda 2030 desvincul\u00e1ndose de conceptos ideol\u00f3gicos y apoyando tanto la educaci\u00f3n como la salud procreativa.","format":"standard","video":"","gallery":"","source_name":"","source_url":"","via_name":"","via_url":"","override_template":"0","override":[{"template":"2","single_blog_custom":"","parallax":"1","fullscreen":"1","layout":"right-sidebar-narrow","sidebar":"default-sidebar","second_sidebar":"default-sidebar","sticky_sidebar":"1","share_position":"float","share_float_style":"share-normal","show_share_counter":"1","show_view_counter":"1","show_featured":"1","show_post_meta":"1","show_post_author":"1","show_post_author_image":"1","show_post_date":"1","post_date_format":"default","post_date_format_custom":"Y\/m\/d","show_post_category":"1","show_post_reading_time":"1","post_reading_time_wpm":"300","show_zoom_button":"0","zoom_button_out_step":"2","zoom_button_in_step":"3","show_post_tag":"1","show_prev_next_post":"0","show_popup_post":"0","number_popup_post":"1","show_author_box":"1","show_post_related":"0","show_inline_post_related":"0"}],"override_image_size":"0","image_override":[{"single_post_thumbnail_size":"crop-715","single_post_gallery_size":"crop-715"}],"trending_post":"0","trending_post_position":"meta","trending_post_label":"Trending","sponsored_post":"0","sponsored_post_label":"Sponsored by","sponsored_post_name":"","sponsored_post_url":"","sponsored_post_logo_enable":"0","sponsored_post_logo":"","sponsored_post_desc":"","disable_ad":"0"},"jnews_primary_category":{"id":"773"},"jnews_social_meta":{"fb_title":"","fb_description":"","fb_image":"","twitter_title":"","twitter_description":"","twitter_image":""},"jnews_override_counter":{"override_view_counter":"0","view_counter_number":"0","override_share_counter":"0","share_counter_number":"0","override_like_counter":"0","like_counter_number":"0","override_dislike_counter":"0","dislike_counter_number":"0"},"footnotes":""},"categories":[810,773,815],"tags":[10519,13339,21036,7629,11626],"class_list":["post-174212","post","type-post","status-publish","format-standard","has-post-thumbnail","hentry","category-foreground-es","category-politica","category-breaking-news-es","tag-aborto-es-3","tag-educacion-es-2","tag-ideologia-de-genero-es-4","tag-naciones-unidas-es","tag-polonia-es-3"],"yoast_head":"<!-- This site is optimized with the Yoast SEO Premium plugin v25.9 (Yoast SEO v27.3) - https:\/\/yoast.com\/product\/yoast-seo-premium-wordpress\/ -->\n<title>La asociaci\u00f3n polaca Ordo Iuris se opone eficazmente a la agenda ideol\u00f3gica de la ONU - IFN<\/title>\n<meta name=\"description\" content=\"Polonia es un ejemplo de pa\u00eds que aplica la Agenda 2030 desvincul\u00e1ndose de ideolog\u00eda y apoyando tanto la educaci\u00f3n como la salud procreativa.\" \/>\n<meta name=\"robots\" content=\"index, follow, max-snippet:-1, max-image-preview:large, max-video-preview:-1\" \/>\n<link rel=\"canonical\" href=\"https:\/\/ifamnews.com\/es\/la-asociaci-n-polaca-ordo-iuris-se-opone-eficazmente-a-la-agenda-ideol-gica-de-la-onu\" \/>\n<meta property=\"og:locale\" content=\"es_ES\" \/>\n<meta property=\"og:type\" content=\"article\" \/>\n<meta property=\"og:title\" content=\"La asociaci\u00f3n polaca Ordo Iuris se opone eficazmente a la agenda ideol\u00f3gica de la ONU\" \/>\n<meta property=\"og:description\" content=\"Polonia es un ejemplo de pa\u00eds que aplica la Agenda 2030 desvincul\u00e1ndose de ideolog\u00eda y apoyando tanto la educaci\u00f3n como la salud procreativa.\" \/>\n<meta property=\"og:url\" content=\"https:\/\/ifamnews.com\/es\/la-asociaci-n-polaca-ordo-iuris-se-opone-eficazmente-a-la-agenda-ideol-gica-de-la-onu\" \/>\n<meta property=\"og:site_name\" content=\"IFN\" \/>\n<meta property=\"article:publisher\" content=\"https:\/\/www.facebook.com\/iFamNews\" \/>\n<meta property=\"article:author\" content=\"https:\/\/www.facebook.com\/ordoiuris\/\" \/>\n<meta property=\"article:published_time\" content=\"2022-12-29T06:00:00+00:00\" \/>\n<meta property=\"og:image\" content=\"https:\/\/ifamnews.com\/wp-content\/uploads\/2022\/12\/Ordo-Iuris-against-the-ideological-agenda-at-the-UN-2.jpg\" \/>\n\t<meta property=\"og:image:width\" content=\"2000\" \/>\n\t<meta property=\"og:image:height\" content=\"1125\" \/>\n\t<meta property=\"og:image:type\" content=\"image\/jpeg\" \/>\n<meta name=\"author\" content=\"Ordo Iuris\" \/>\n<meta name=\"twitter:card\" content=\"summary_large_image\" \/>\n<meta name=\"twitter:creator\" content=\"@https:\/\/twitter.com\/ordoiuris\" \/>\n<meta name=\"twitter:site\" content=\"@iFamNewsEN\" \/>\n<meta name=\"twitter:label1\" content=\"Escrito por\" \/>\n\t<meta name=\"twitter:data1\" content=\"Ordo Iuris\" \/>\n\t<meta name=\"twitter:label2\" content=\"Tiempo de lectura\" \/>\n\t<meta name=\"twitter:data2\" content=\"3 minutos\" \/>\n<!-- \/ Yoast SEO Premium plugin. -->","yoast_head_json":{"title":"La asociaci\u00f3n polaca Ordo Iuris se opone eficazmente a la agenda ideol\u00f3gica de la ONU - IFN","description":"Polonia es un ejemplo de pa\u00eds que aplica la Agenda 2030 desvincul\u00e1ndose de ideolog\u00eda y apoyando tanto la educaci\u00f3n como la salud procreativa.","robots":{"index":"index","follow":"follow","max-snippet":"max-snippet:-1","max-image-preview":"max-image-preview:large","max-video-preview":"max-video-preview:-1"},"canonical":"https:\/\/ifamnews.com\/es\/la-asociaci-n-polaca-ordo-iuris-se-opone-eficazmente-a-la-agenda-ideol-gica-de-la-onu","og_locale":"es_ES","og_type":"article","og_title":"La asociaci\u00f3n polaca Ordo Iuris se opone eficazmente a la agenda ideol\u00f3gica de la ONU","og_description":"Polonia es un ejemplo de pa\u00eds que aplica la Agenda 2030 desvincul\u00e1ndose de ideolog\u00eda y apoyando tanto la educaci\u00f3n como la salud procreativa.","og_url":"https:\/\/ifamnews.com\/es\/la-asociaci-n-polaca-ordo-iuris-se-opone-eficazmente-a-la-agenda-ideol-gica-de-la-onu","og_site_name":"IFN","article_publisher":"https:\/\/www.facebook.com\/iFamNews","article_author":"https:\/\/www.facebook.com\/ordoiuris\/","article_published_time":"2022-12-29T06:00:00+00:00","og_image":[{"width":2000,"height":1125,"url":"https:\/\/ifamnews.com\/wp-content\/uploads\/2022\/12\/Ordo-Iuris-against-the-ideological-agenda-at-the-UN-2.jpg","type":"image\/jpeg"}],"author":"Ordo Iuris","twitter_card":"summary_large_image","twitter_creator":"@https:\/\/twitter.com\/ordoiuris","twitter_site":"@iFamNewsEN","twitter_misc":{"Escrito por":"Ordo Iuris","Tiempo de lectura":"3 minutos"},"schema":{"@context":"https:\/\/schema.org","@graph":[{"@type":"NewsArticle","@id":"https:\/\/ifamnews.com\/es\/la-asociaci-n-polaca-ordo-iuris-se-opone-eficazmente-a-la-agenda-ideol-gica-de-la-onu#article","isPartOf":{"@id":"https:\/\/ifamnews.com\/es\/la-asociaci-n-polaca-ordo-iuris-se-opone-eficazmente-a-la-agenda-ideol-gica-de-la-onu"},"author":{"name":"Ordo Iuris","@id":"https:\/\/ifamnews.com\/en\/#\/schema\/person\/35d9c4103e11ae85e904a4a4eeb6a149"},"headline":"La asociaci\u00f3n polaca Ordo Iuris se opone eficazmente a la agenda ideol\u00f3gica de la ONU","datePublished":"2022-12-29T06:00:00+00:00","mainEntityOfPage":{"@id":"https:\/\/ifamnews.com\/es\/la-asociaci-n-polaca-ordo-iuris-se-opone-eficazmente-a-la-agenda-ideol-gica-de-la-onu"},"wordCount":561,"commentCount":0,"publisher":{"@id":"https:\/\/ifamnews.com\/en\/#organization"},"image":{"@id":"https:\/\/ifamnews.com\/es\/la-asociaci-n-polaca-ordo-iuris-se-opone-eficazmente-a-la-agenda-ideol-gica-de-la-onu#primaryimage"},"thumbnailUrl":"https:\/\/ifamnews.com\/wp-content\/uploads\/2022\/12\/Ordo-Iuris-against-the-ideological-agenda-at-the-UN-2.jpg","keywords":["Aborto","Educaci\u00f3n","Ideolog\u00eda de G\u00e9nero","Naciones Unidas","Polonia"],"articleSection":["Foreground","Pol\u00edtica","\u00daLTIMAS NOTICIAS"],"inLanguage":"es","potentialAction":[{"@type":"CommentAction","name":"Comment","target":["https:\/\/ifamnews.com\/es\/la-asociaci-n-polaca-ordo-iuris-se-opone-eficazmente-a-la-agenda-ideol-gica-de-la-onu#respond"]}]},{"@type":"WebPage","@id":"https:\/\/ifamnews.com\/es\/la-asociaci-n-polaca-ordo-iuris-se-opone-eficazmente-a-la-agenda-ideol-gica-de-la-onu","url":"https:\/\/ifamnews.com\/es\/la-asociaci-n-polaca-ordo-iuris-se-opone-eficazmente-a-la-agenda-ideol-gica-de-la-onu","name":"La asociaci\u00f3n polaca Ordo Iuris se opone eficazmente a la agenda ideol\u00f3gica de la ONU - IFN","isPartOf":{"@id":"https:\/\/ifamnews.com\/en\/#website"},"primaryImageOfPage":{"@id":"https:\/\/ifamnews.com\/es\/la-asociaci-n-polaca-ordo-iuris-se-opone-eficazmente-a-la-agenda-ideol-gica-de-la-onu#primaryimage"},"image":{"@id":"https:\/\/ifamnews.com\/es\/la-asociaci-n-polaca-ordo-iuris-se-opone-eficazmente-a-la-agenda-ideol-gica-de-la-onu#primaryimage"},"thumbnailUrl":"https:\/\/ifamnews.com\/wp-content\/uploads\/2022\/12\/Ordo-Iuris-against-the-ideological-agenda-at-the-UN-2.jpg","datePublished":"2022-12-29T06:00:00+00:00","description":"Polonia es un ejemplo de pa\u00eds que aplica la Agenda 2030 desvincul\u00e1ndose de ideolog\u00eda y apoyando tanto la educaci\u00f3n como la salud procreativa.","breadcrumb":{"@id":"https:\/\/ifamnews.com\/es\/la-asociaci-n-polaca-ordo-iuris-se-opone-eficazmente-a-la-agenda-ideol-gica-de-la-onu#breadcrumb"},"inLanguage":"es","potentialAction":[{"@type":"ReadAction","target":["https:\/\/ifamnews.com\/es\/la-asociaci-n-polaca-ordo-iuris-se-opone-eficazmente-a-la-agenda-ideol-gica-de-la-onu"]}]},{"@type":"ImageObject","inLanguage":"es","@id":"https:\/\/ifamnews.com\/es\/la-asociaci-n-polaca-ordo-iuris-se-opone-eficazmente-a-la-agenda-ideol-gica-de-la-onu#primaryimage","url":"https:\/\/ifamnews.com\/wp-content\/uploads\/2022\/12\/Ordo-Iuris-against-the-ideological-agenda-at-the-UN-2.jpg","contentUrl":"https:\/\/ifamnews.com\/wp-content\/uploads\/2022\/12\/Ordo-Iuris-against-the-ideological-agenda-at-the-UN-2.jpg","width":2000,"height":1125},{"@type":"BreadcrumbList","@id":"https:\/\/ifamnews.com\/es\/la-asociaci-n-polaca-ordo-iuris-se-opone-eficazmente-a-la-agenda-ideol-gica-de-la-onu#breadcrumb","itemListElement":[{"@type":"ListItem","position":1,"name":"Home","item":"https:\/\/ifamnews.com\/de"},{"@type":"ListItem","position":2,"name":"Foreground","item":"https:\/\/ifamnews.com\/es\/categoria\/foreground-es"},{"@type":"ListItem","position":3,"name":"La asociaci\u00f3n polaca Ordo Iuris se opone eficazmente a la agenda ideol\u00f3gica de la ONU"}]},{"@type":"WebSite","@id":"https:\/\/ifamnews.com\/en\/#website","url":"https:\/\/ifamnews.com\/en\/","name":"IFN","description":"International Family News Network","publisher":{"@id":"https:\/\/ifamnews.com\/en\/#organization"},"potentialAction":[{"@type":"SearchAction","target":{"@type":"EntryPoint","urlTemplate":"https:\/\/ifamnews.com\/en\/?s={search_term_string}"},"query-input":{"@type":"PropertyValueSpecification","valueRequired":true,"valueName":"search_term_string"}}],"inLanguage":"es"},{"@type":"Organization","@id":"https:\/\/ifamnews.com\/en\/#organization","name":"iFamNews","url":"https:\/\/ifamnews.com\/en\/","logo":{"@type":"ImageObject","inLanguage":"es","@id":"https:\/\/ifamnews.com\/en\/#\/schema\/logo\/image\/","url":"https:\/\/ifamnews.com\/wp-content\/uploads\/2020\/01\/Share-logo.png","contentUrl":"https:\/\/ifamnews.com\/wp-content\/uploads\/2020\/01\/Share-logo.png","width":200,"height":200,"caption":"iFamNews"},"image":{"@id":"https:\/\/ifamnews.com\/en\/#\/schema\/logo\/image\/"},"sameAs":["https:\/\/www.facebook.com\/iFamNews","https:\/\/x.com\/iFamNewsEN"]},{"@type":"Person","@id":"https:\/\/ifamnews.com\/en\/#\/schema\/person\/35d9c4103e11ae85e904a4a4eeb6a149","name":"Ordo Iuris","image":{"@type":"ImageObject","inLanguage":"es","@id":"https:\/\/secure.gravatar.com\/avatar\/2e1df2ecea7e50337f31e9b084f4d4b0c0ac807d1e434c67afbafd228a6409e2?s=96&d=mm&r=g","url":"https:\/\/secure.gravatar.com\/avatar\/2e1df2ecea7e50337f31e9b084f4d4b0c0ac807d1e434c67afbafd228a6409e2?s=96&d=mm&r=g","contentUrl":"https:\/\/secure.gravatar.com\/avatar\/2e1df2ecea7e50337f31e9b084f4d4b0c0ac807d1e434c67afbafd228a6409e2?s=96&d=mm&r=g","caption":"Ordo Iuris"},"description":"The Ordo Iuris Institute for Legal Culture is an independent legal organization incorporated as a foundation in Poland. It gathers academics and legal practitioners with the aim of promoting a legal culture based on respect for human dignity and rights. Ordo Iuris pursues its objectives by means of research and other academic activities, as well as advocacy and litigation. Ordo Iuris has intervened as a third party in Polish and international court and administrative proceedings, including before the Polish Supreme Court, the European Committee of Social Rights and the European Court of Human Rights. Ordo Iuris has had the honour of being permitted by the presidents of the European Court of Human Rights to make written observations in numerous cases, inter alia, Bodnariu v. Norway (n\u00b0 73890\/16), Annen v. Germany (n\u00b070693\/11), Rabczewska v. Poland (n\u00b0 8257\/13), and Cupia\u0142 v. Poland (n\u00b0 67414\/11).","sameAs":["https:\/\/ordoiuris.pl\/","https:\/\/www.facebook.com\/ordoiuris\/","https:\/\/x.com\/https:\/\/twitter.com\/ordoiuris","https:\/\/www.youtube.com\/user\/OrdoIuris"],"url":"https:\/\/ifamnews.com\/es\/author\/ordo-iuris"}]}},"amp_enabled":true,"_links":{"self":[{"href":"https:\/\/ifamnews.com\/es\/wp-json\/wp\/v2\/posts\/174212","targetHints":{"allow":["GET"]}}],"collection":[{"href":"https:\/\/ifamnews.com\/es\/wp-json\/wp\/v2\/posts"}],"about":[{"href":"https:\/\/ifamnews.com\/es\/wp-json\/wp\/v2\/types\/post"}],"author":[{"embeddable":true,"href":"https:\/\/ifamnews.com\/es\/wp-json\/wp\/v2\/users\/1053"}],"replies":[{"embeddable":true,"href":"https:\/\/ifamnews.com\/es\/wp-json\/wp\/v2\/comments?post=174212"}],"version-history":[{"count":1,"href":"https:\/\/ifamnews.com\/es\/wp-json\/wp\/v2\/posts\/174212\/revisions"}],"predecessor-version":[{"id":174213,"href":"https:\/\/ifamnews.com\/es\/wp-json\/wp\/v2\/posts\/174212\/revisions\/174213"}],"wp:featuredmedia":[{"embeddable":true,"href":"https:\/\/ifamnews.com\/es\/wp-json\/wp\/v2\/media\/173533"}],"wp:attachment":[{"href":"https:\/\/ifamnews.com\/es\/wp-json\/wp\/v2\/media?parent=174212"}],"wp:term":[{"taxonomy":"category","embeddable":true,"href":"https:\/\/ifamnews.com\/es\/wp-json\/wp\/v2\/categories?post=174212"},{"taxonomy":"post_tag","embeddable":true,"href":"https:\/\/ifamnews.com\/es\/wp-json\/wp\/v2\/tags?post=174212"}],"curies":[{"name":"wp","href":"https:\/\/api.w.org\/{rel}","templated":true}]}}