{"id":174210,"date":"2022-12-22T01:00:00","date_gmt":"2022-12-22T06:00:00","guid":{"rendered":"https:\/\/ifamnews.com\/?p=174210"},"modified":"2022-12-06T15:52:22","modified_gmt":"2022-12-06T20:52:22","slug":"tedh-obligar-a-abortar-a-una-joven-de-20-a-os-es-un-trato-inhumano","status":"publish","type":"post","link":"https:\/\/ifamnews.com\/es\/tedh-obligar-a-abortar-a-una-joven-de-20-a-os-es-un-trato-inhumano","title":{"rendered":"TEDH: obligar a abortar a una joven de 20 a\u00f1os es un trato inhumano"},"content":{"rendered":"\n<p>En 2010 una chica de 20 a\u00f1os, residente en la la regi\u00f3n rusa de Bashkortost\u00e1n, se qued\u00f3 embarazada de su novio. Sus padres desaprobaban la relaci\u00f3n, debido en parte a sus sospechas de que el hombre ten\u00eda v\u00ednculos con el mundo criminal. Cuando se enteraron de que hab\u00eda sido detenido, decidieron obligar a su hija a matar al feto. La ni\u00f1a se opuso con vehemencia, pero el padre la oblig\u00f3 a hacerlo por medio de la amenaza y la violencia. El 1 de mayo de 2010, los padres obligaron a subir a la mujer en un coche, condujeron hasta el hospital p\u00fablico de Tujmaz y la hicieran abortar. Durante el trayecto la hija sigui\u00f3 resisti\u00e9ndose, ante lo cual su padre la amenaz\u00f3 con arrojarla del coche a gran velocidad para provocarle as\u00ed el aborto si no dejaba hac\u00e9rselo en el hospital. A pesar de las amenazas, no se dio por vencida: durante el viaje consigui\u00f3 enviar un mensaje de texto a su hermano pidi\u00e9ndole ayuda y, al llegar al lugar, anunci\u00f3 al m\u00e9dico-ginec\u00f3logo de guardia y a la enfermera de turno que quer\u00eda continuar con el embarazo y que no deseaba en ning\u00fan caso abortar. Sin embargo, el m\u00e9dico y la enfermera convencieron a la paciente para que matara al beb\u00e9. La madre de la ni\u00f1a -en ausencia del padre, que permanec\u00eda en el pasillo fuera de la consulta- revel\u00f3 que si no se practicaba el aborto, su marido las matar\u00eda a las dos. Temiendo por su propia vida, la ni\u00f1a accedi\u00f3 a abortar. No volvi\u00f3 a tener hijos; en a\u00f1os posteriores sufri\u00f3 dos abortos, hasta que finalmente le diagnosticaron infertilidad permanente.<\/p>\n\n\n\n<p>Esa misma tarde, la polic\u00eda lleg\u00f3 al apartamento de los padres en respuesta alertados por el hermano de la ni\u00f1a siguiendo instrucciones del mensaje de texto recibido. Tras interrogar a los padres, a su hija y a su hermano, la polic\u00eda abandon\u00f3 la investigaci\u00f3n, concluyendo que, aunque se hab\u00eda producido el aborto, los padres \u00abno ten\u00edan malas intenciones\u00bb, sino que \u00abcre\u00edan actuar en el mejor inter\u00e9s de su hija\u00bb. Poco despu\u00e9s, sin embargo, la polic\u00eda reabri\u00f3 la investigaci\u00f3n y volvi\u00f3 a archivarla, esta vez se\u00f1alando que el aborto hab\u00eda sido practicado por un m\u00e9dico especialista, en una cl\u00ednica acreditada, dentro del plazo legal, y solo si no se cumpl\u00eda alguna de estas condiciones podr\u00eda decirse que se hab\u00eda cometido un delito.<\/p>\n\n\n\n<p>En 2011, la joven demand\u00f3 al hospital de Tujmaz una indemnizaci\u00f3n por los sufrimientos ps\u00edquicos y f\u00edsicos que le hab\u00eda causado un aborto practicado sin su consentimiento. El Tribunal en primera instancia desestim\u00f3 su demanda, se\u00f1alando incre\u00edblemente que la mujer \u00abconsinti\u00f3 el aborto por miedo a las amenazas de su padre, de lo que se deduce que su consentimiento al aborto fue voluntario\u00bb. Sin embargo, en segunda instancia el Tribunal anul\u00f3 el veredicto y le concedi\u00f3 una indemnizaci\u00f3n simb\u00f3lica de 20.000 Rublos (unos 300 D\u00f3lares americanos), al considerar que su salud no hab\u00eda resultado gravemente da\u00f1ada por el aborto.<\/p>\n\n\n\n<p>En 2012 cuando la joven present\u00f3 una denuncia ante el Tribunal Europeo de Derechos Humanos. Y fue en 2022 cuando el TEDH dictamin\u00f3 que Rusia hab\u00eda violado el art\u00edculo 3 del Convenio (prohibici\u00f3n de malos tratos) y le concedi\u00f3 19.500 euros en concepto de indemnizaci\u00f3n. El Tribunal dijo que obligar a la demandante a abortar, violando normas elementales del derecho m\u00e9dico, constitu\u00eda \u00abun escandaloso caso de trato inhumano y denigrante, que no s\u00f3lo caus\u00f3 un grave perjuicio a su salud -la p\u00e9rdida de su hijo no nacido-, sino que tambi\u00e9n tuvo consecuencias psicol\u00f3gicas y f\u00edsicas a largo plazo\u00bb.<\/p>\n\n\n\n<p>El Tribunal no pod\u00eda haber fallado de otro modo en este caso, que constitu\u00eda un caso claro de violaci\u00f3n de los derechos de la madre. Existe una particularidad en la legislaci\u00f3n rusa por la que la mera pr\u00e1ctica de un aborto sin el consentimiento de la mujer no constituye delito, a menos que cause graves da\u00f1os a su salud. Sin embargo, el TEDH consider\u00f3 acertadamente que dicha particularidad no exim\u00eda a la polic\u00eda rusa de haber tenido que tomar medidas, lo cual era un deber en virtud del art\u00edculo 3 del Convenio.<\/p>\n\n\n\n<p>S\u00f3lo cabe lamentar que el Tribunal de Estrasburgo no reconozca que todo aborto constituye tambi\u00e9n una violaci\u00f3n del derecho a la vida del nonato. Sin embargo, merece la pena valorar que es la primera vez que en el razonamiento de una sentencia del TEDH se hace referencia a la vida en el vientre de la madre como \u00abni\u00f1o no nacido\u00bb, mientras que hasta ahora se hab\u00edan utilizado frases impersonales como \u00abfeto\u00bb\u00bb, dijo Weronika Przebiera\u0142a, directora del Centro de Derecho Internacional del Instituto Ordo Iuris.<\/p>\n","protected":false},"excerpt":{"rendered":"<p>El Tribunal Europeo de Derechos Humanos falla a favor de la mujer que qued\u00f3 est\u00e9ril despu\u00e9s de que sus padres le obligaran a abortar<\/p>\n","protected":false},"author":1053,"featured_media":173546,"comment_status":"open","ping_status":"open","sticky":false,"template":"","format":"standard","meta":{"give_campaign_id":0,"om_disable_all_campaigns":false,"_monsterinsights_skip_tracking":false,"_monsterinsights_sitenote_active":false,"_monsterinsights_sitenote_note":"","_monsterinsights_sitenote_category":0,"mc4wp_mailchimp_campaign":[],"jnews-multi-image_gallery":[],"jnews_single_post":{"subtitle":"El Tribunal Europeo de Derechos Humanos falla a favor de la mujer que qued\u00f3 est\u00e9ril despu\u00e9s de que sus padres le obligaran a abortar","format":"standard","video":"","gallery":"","source_name":"","source_url":"","via_name":"","via_url":"","override_template":"0","override":[{"template":"2","single_blog_custom":"","parallax":"1","fullscreen":"1","layout":"right-sidebar-narrow","sidebar":"default-sidebar","second_sidebar":"default-sidebar","sticky_sidebar":"1","share_position":"float","share_float_style":"share-normal","show_share_counter":"1","show_view_counter":"1","show_featured":"1","show_post_meta":"1","show_post_author":"1","show_post_author_image":"1","show_post_date":"1","post_date_format":"default","post_date_format_custom":"Y\/m\/d","show_post_category":"1","show_post_reading_time":"1","post_reading_time_wpm":"300","show_zoom_button":"0","zoom_button_out_step":"2","zoom_button_in_step":"3","show_post_tag":"1","show_prev_next_post":"0","show_popup_post":"0","number_popup_post":"1","show_author_box":"1","show_post_related":"0","show_inline_post_related":"0"}],"override_image_size":"0","image_override":[{"single_post_thumbnail_size":"crop-715","single_post_gallery_size":"crop-715"}],"trending_post":"0","trending_post_position":"meta","trending_post_label":"Trending","sponsored_post":"0","sponsored_post_label":"Sponsored by","sponsored_post_name":"","sponsored_post_url":"","sponsored_post_logo_enable":"0","sponsored_post_logo":"","sponsored_post_desc":"","disable_ad":"0"},"jnews_primary_category":{"id":"818"},"jnews_social_meta":{"fb_title":"","fb_description":"","fb_image":"","twitter_title":"","twitter_description":"","twitter_image":""},"jnews_override_counter":{"override_view_counter":"0","view_counter_number":"0","override_share_counter":"0","share_counter_number":"0","override_like_counter":"0","like_counter_number":"0","override_dislike_counter":"0","dislike_counter_number":"0"},"footnotes":""},"categories":[810,815,818],"tags":[10519,1820],"class_list":["post-174210","post","type-post","status-publish","format-standard","has-post-thumbnail","hentry","category-foreground-es","category-breaking-news-es","category-vida","tag-aborto-es-3","tag-rusia"],"yoast_head":"<!-- This site is optimized with the Yoast SEO Premium plugin v25.9 (Yoast SEO v27.3) - https:\/\/yoast.com\/product\/yoast-seo-premium-wordpress\/ -->\n<title>TEDH: obligar a abortar a una joven de 20 a\u00f1os es un trato inhumano - IFN<\/title>\n<meta name=\"description\" content=\"El Tribunal Europeo de Derechos Humanos falla a favor de la mujer que qued\u00f3 est\u00e9ril despu\u00e9s de que sus padres le obligaran a abortar\" \/>\n<meta name=\"robots\" content=\"index, follow, max-snippet:-1, max-image-preview:large, max-video-preview:-1\" \/>\n<link rel=\"canonical\" href=\"https:\/\/ifamnews.com\/es\/tedh-obligar-a-abortar-a-una-joven-de-20-a-os-es-un-trato-inhumano\" \/>\n<meta property=\"og:locale\" content=\"es_ES\" \/>\n<meta property=\"og:type\" content=\"article\" \/>\n<meta property=\"og:title\" content=\"TEDH: obligar a abortar a una joven de 20 a\u00f1os es un trato inhumano\" \/>\n<meta property=\"og:description\" content=\"El Tribunal Europeo de Derechos Humanos falla a favor de la mujer que qued\u00f3 est\u00e9ril despu\u00e9s de que sus padres le obligaran a abortar\" \/>\n<meta property=\"og:url\" content=\"https:\/\/ifamnews.com\/es\/tedh-obligar-a-abortar-a-una-joven-de-20-a-os-es-un-trato-inhumano\" \/>\n<meta property=\"og:site_name\" content=\"IFN\" \/>\n<meta property=\"article:publisher\" content=\"https:\/\/www.facebook.com\/iFamNews\" \/>\n<meta property=\"article:author\" content=\"https:\/\/www.facebook.com\/ordoiuris\/\" \/>\n<meta property=\"article:published_time\" content=\"2022-12-22T06:00:00+00:00\" \/>\n<meta property=\"og:image\" content=\"https:\/\/ifamnews.com\/wp-content\/uploads\/2022\/12\/Forcing-a-20-year-old-woman-to-have-an-abortion-by-her-parents-is-inhumane-treatment.jpg\" \/>\n\t<meta property=\"og:image:width\" content=\"2000\" \/>\n\t<meta property=\"og:image:height\" content=\"1125\" \/>\n\t<meta property=\"og:image:type\" content=\"image\/jpeg\" \/>\n<meta name=\"author\" content=\"Ordo Iuris\" \/>\n<meta name=\"twitter:card\" content=\"summary_large_image\" \/>\n<meta name=\"twitter:creator\" content=\"@https:\/\/twitter.com\/ordoiuris\" \/>\n<meta name=\"twitter:site\" content=\"@iFamNewsEN\" \/>\n<meta name=\"twitter:label1\" content=\"Escrito por\" \/>\n\t<meta name=\"twitter:data1\" content=\"Ordo Iuris\" \/>\n\t<meta name=\"twitter:label2\" content=\"Tiempo de lectura\" \/>\n\t<meta name=\"twitter:data2\" content=\"4 minutos\" \/>\n<!-- \/ Yoast SEO Premium plugin. -->","yoast_head_json":{"title":"TEDH: obligar a abortar a una joven de 20 a\u00f1os es un trato inhumano - IFN","description":"El Tribunal Europeo de Derechos Humanos falla a favor de la mujer que qued\u00f3 est\u00e9ril despu\u00e9s de que sus padres le obligaran a abortar","robots":{"index":"index","follow":"follow","max-snippet":"max-snippet:-1","max-image-preview":"max-image-preview:large","max-video-preview":"max-video-preview:-1"},"canonical":"https:\/\/ifamnews.com\/es\/tedh-obligar-a-abortar-a-una-joven-de-20-a-os-es-un-trato-inhumano","og_locale":"es_ES","og_type":"article","og_title":"TEDH: obligar a abortar a una joven de 20 a\u00f1os es un trato inhumano","og_description":"El Tribunal Europeo de Derechos Humanos falla a favor de la mujer que qued\u00f3 est\u00e9ril despu\u00e9s de que sus padres le obligaran a abortar","og_url":"https:\/\/ifamnews.com\/es\/tedh-obligar-a-abortar-a-una-joven-de-20-a-os-es-un-trato-inhumano","og_site_name":"IFN","article_publisher":"https:\/\/www.facebook.com\/iFamNews","article_author":"https:\/\/www.facebook.com\/ordoiuris\/","article_published_time":"2022-12-22T06:00:00+00:00","og_image":[{"width":2000,"height":1125,"url":"https:\/\/ifamnews.com\/wp-content\/uploads\/2022\/12\/Forcing-a-20-year-old-woman-to-have-an-abortion-by-her-parents-is-inhumane-treatment.jpg","type":"image\/jpeg"}],"author":"Ordo Iuris","twitter_card":"summary_large_image","twitter_creator":"@https:\/\/twitter.com\/ordoiuris","twitter_site":"@iFamNewsEN","twitter_misc":{"Escrito por":"Ordo Iuris","Tiempo de lectura":"4 minutos"},"schema":{"@context":"https:\/\/schema.org","@graph":[{"@type":"NewsArticle","@id":"https:\/\/ifamnews.com\/es\/tedh-obligar-a-abortar-a-una-joven-de-20-a-os-es-un-trato-inhumano#article","isPartOf":{"@id":"https:\/\/ifamnews.com\/es\/tedh-obligar-a-abortar-a-una-joven-de-20-a-os-es-un-trato-inhumano"},"author":{"name":"Ordo Iuris","@id":"https:\/\/ifamnews.com\/en\/#\/schema\/person\/35d9c4103e11ae85e904a4a4eeb6a149"},"headline":"TEDH: obligar a abortar a una joven de 20 a\u00f1os es un trato inhumano","datePublished":"2022-12-22T06:00:00+00:00","mainEntityOfPage":{"@id":"https:\/\/ifamnews.com\/es\/tedh-obligar-a-abortar-a-una-joven-de-20-a-os-es-un-trato-inhumano"},"wordCount":845,"commentCount":0,"publisher":{"@id":"https:\/\/ifamnews.com\/en\/#organization"},"image":{"@id":"https:\/\/ifamnews.com\/es\/tedh-obligar-a-abortar-a-una-joven-de-20-a-os-es-un-trato-inhumano#primaryimage"},"thumbnailUrl":"https:\/\/ifamnews.com\/wp-content\/uploads\/2022\/12\/Forcing-a-20-year-old-woman-to-have-an-abortion-by-her-parents-is-inhumane-treatment.jpg","keywords":["Aborto","Rusia"],"articleSection":["Foreground","\u00daLTIMAS NOTICIAS","Vida"],"inLanguage":"es","potentialAction":[{"@type":"CommentAction","name":"Comment","target":["https:\/\/ifamnews.com\/es\/tedh-obligar-a-abortar-a-una-joven-de-20-a-os-es-un-trato-inhumano#respond"]}]},{"@type":"WebPage","@id":"https:\/\/ifamnews.com\/es\/tedh-obligar-a-abortar-a-una-joven-de-20-a-os-es-un-trato-inhumano","url":"https:\/\/ifamnews.com\/es\/tedh-obligar-a-abortar-a-una-joven-de-20-a-os-es-un-trato-inhumano","name":"TEDH: obligar a abortar a una joven de 20 a\u00f1os es un trato inhumano - IFN","isPartOf":{"@id":"https:\/\/ifamnews.com\/en\/#website"},"primaryImageOfPage":{"@id":"https:\/\/ifamnews.com\/es\/tedh-obligar-a-abortar-a-una-joven-de-20-a-os-es-un-trato-inhumano#primaryimage"},"image":{"@id":"https:\/\/ifamnews.com\/es\/tedh-obligar-a-abortar-a-una-joven-de-20-a-os-es-un-trato-inhumano#primaryimage"},"thumbnailUrl":"https:\/\/ifamnews.com\/wp-content\/uploads\/2022\/12\/Forcing-a-20-year-old-woman-to-have-an-abortion-by-her-parents-is-inhumane-treatment.jpg","datePublished":"2022-12-22T06:00:00+00:00","description":"El Tribunal Europeo de Derechos Humanos falla a favor de la mujer que qued\u00f3 est\u00e9ril despu\u00e9s de que sus padres le obligaran a abortar","breadcrumb":{"@id":"https:\/\/ifamnews.com\/es\/tedh-obligar-a-abortar-a-una-joven-de-20-a-os-es-un-trato-inhumano#breadcrumb"},"inLanguage":"es","potentialAction":[{"@type":"ReadAction","target":["https:\/\/ifamnews.com\/es\/tedh-obligar-a-abortar-a-una-joven-de-20-a-os-es-un-trato-inhumano"]}]},{"@type":"ImageObject","inLanguage":"es","@id":"https:\/\/ifamnews.com\/es\/tedh-obligar-a-abortar-a-una-joven-de-20-a-os-es-un-trato-inhumano#primaryimage","url":"https:\/\/ifamnews.com\/wp-content\/uploads\/2022\/12\/Forcing-a-20-year-old-woman-to-have-an-abortion-by-her-parents-is-inhumane-treatment.jpg","contentUrl":"https:\/\/ifamnews.com\/wp-content\/uploads\/2022\/12\/Forcing-a-20-year-old-woman-to-have-an-abortion-by-her-parents-is-inhumane-treatment.jpg","width":2000,"height":1125},{"@type":"BreadcrumbList","@id":"https:\/\/ifamnews.com\/es\/tedh-obligar-a-abortar-a-una-joven-de-20-a-os-es-un-trato-inhumano#breadcrumb","itemListElement":[{"@type":"ListItem","position":1,"name":"Home","item":"https:\/\/ifamnews.com\/de"},{"@type":"ListItem","position":2,"name":"\u017bycie","item":"https:\/\/ifamnews.com\/pl\/kategoria\/zycie"},{"@type":"ListItem","position":3,"name":"TEDH: obligar a abortar a una joven de 20 a\u00f1os es un trato inhumano"}]},{"@type":"WebSite","@id":"https:\/\/ifamnews.com\/en\/#website","url":"https:\/\/ifamnews.com\/en\/","name":"IFN","description":"International Family News Network","publisher":{"@id":"https:\/\/ifamnews.com\/en\/#organization"},"potentialAction":[{"@type":"SearchAction","target":{"@type":"EntryPoint","urlTemplate":"https:\/\/ifamnews.com\/en\/?s={search_term_string}"},"query-input":{"@type":"PropertyValueSpecification","valueRequired":true,"valueName":"search_term_string"}}],"inLanguage":"es"},{"@type":"Organization","@id":"https:\/\/ifamnews.com\/en\/#organization","name":"iFamNews","url":"https:\/\/ifamnews.com\/en\/","logo":{"@type":"ImageObject","inLanguage":"es","@id":"https:\/\/ifamnews.com\/en\/#\/schema\/logo\/image\/","url":"https:\/\/ifamnews.com\/wp-content\/uploads\/2020\/01\/Share-logo.png","contentUrl":"https:\/\/ifamnews.com\/wp-content\/uploads\/2020\/01\/Share-logo.png","width":200,"height":200,"caption":"iFamNews"},"image":{"@id":"https:\/\/ifamnews.com\/en\/#\/schema\/logo\/image\/"},"sameAs":["https:\/\/www.facebook.com\/iFamNews","https:\/\/x.com\/iFamNewsEN"]},{"@type":"Person","@id":"https:\/\/ifamnews.com\/en\/#\/schema\/person\/35d9c4103e11ae85e904a4a4eeb6a149","name":"Ordo Iuris","image":{"@type":"ImageObject","inLanguage":"es","@id":"https:\/\/secure.gravatar.com\/avatar\/2e1df2ecea7e50337f31e9b084f4d4b0c0ac807d1e434c67afbafd228a6409e2?s=96&d=mm&r=g","url":"https:\/\/secure.gravatar.com\/avatar\/2e1df2ecea7e50337f31e9b084f4d4b0c0ac807d1e434c67afbafd228a6409e2?s=96&d=mm&r=g","contentUrl":"https:\/\/secure.gravatar.com\/avatar\/2e1df2ecea7e50337f31e9b084f4d4b0c0ac807d1e434c67afbafd228a6409e2?s=96&d=mm&r=g","caption":"Ordo Iuris"},"description":"The Ordo Iuris Institute for Legal Culture is an independent legal organization incorporated as a foundation in Poland. It gathers academics and legal practitioners with the aim of promoting a legal culture based on respect for human dignity and rights. Ordo Iuris pursues its objectives by means of research and other academic activities, as well as advocacy and litigation. Ordo Iuris has intervened as a third party in Polish and international court and administrative proceedings, including before the Polish Supreme Court, the European Committee of Social Rights and the European Court of Human Rights. Ordo Iuris has had the honour of being permitted by the presidents of the European Court of Human Rights to make written observations in numerous cases, inter alia, Bodnariu v. Norway (n\u00b0 73890\/16), Annen v. Germany (n\u00b070693\/11), Rabczewska v. Poland (n\u00b0 8257\/13), and Cupia\u0142 v. Poland (n\u00b0 67414\/11).","sameAs":["https:\/\/ordoiuris.pl\/","https:\/\/www.facebook.com\/ordoiuris\/","https:\/\/x.com\/https:\/\/twitter.com\/ordoiuris","https:\/\/www.youtube.com\/user\/OrdoIuris"],"url":"https:\/\/ifamnews.com\/es\/author\/ordo-iuris"}]}},"amp_enabled":true,"_links":{"self":[{"href":"https:\/\/ifamnews.com\/es\/wp-json\/wp\/v2\/posts\/174210","targetHints":{"allow":["GET"]}}],"collection":[{"href":"https:\/\/ifamnews.com\/es\/wp-json\/wp\/v2\/posts"}],"about":[{"href":"https:\/\/ifamnews.com\/es\/wp-json\/wp\/v2\/types\/post"}],"author":[{"embeddable":true,"href":"https:\/\/ifamnews.com\/es\/wp-json\/wp\/v2\/users\/1053"}],"replies":[{"embeddable":true,"href":"https:\/\/ifamnews.com\/es\/wp-json\/wp\/v2\/comments?post=174210"}],"version-history":[{"count":1,"href":"https:\/\/ifamnews.com\/es\/wp-json\/wp\/v2\/posts\/174210\/revisions"}],"predecessor-version":[{"id":174211,"href":"https:\/\/ifamnews.com\/es\/wp-json\/wp\/v2\/posts\/174210\/revisions\/174211"}],"wp:featuredmedia":[{"embeddable":true,"href":"https:\/\/ifamnews.com\/es\/wp-json\/wp\/v2\/media\/173546"}],"wp:attachment":[{"href":"https:\/\/ifamnews.com\/es\/wp-json\/wp\/v2\/media?parent=174210"}],"wp:term":[{"taxonomy":"category","embeddable":true,"href":"https:\/\/ifamnews.com\/es\/wp-json\/wp\/v2\/categories?post=174210"},{"taxonomy":"post_tag","embeddable":true,"href":"https:\/\/ifamnews.com\/es\/wp-json\/wp\/v2\/tags?post=174210"}],"curies":[{"name":"wp","href":"https:\/\/api.w.org\/{rel}","templated":true}]}}