{"id":162201,"date":"2022-10-11T01:00:00","date_gmt":"2022-10-11T05:00:00","guid":{"rendered":"https:\/\/ifamnews.com\/?p=162201"},"modified":"2022-10-08T13:24:18","modified_gmt":"2022-10-08T17:24:18","slug":"constitucional-colombiano-el-crucifijo-no-adoctrina-ni-coarta","status":"publish","type":"post","link":"https:\/\/ifamnews.com\/es\/constitucional-colombiano-el-crucifijo-no-adoctrina-ni-coarta","title":{"rendered":"Constitucional colombiano: \u201cEl crucifijo no adoctrina ni coarta\u201d"},"content":{"rendered":"\n<p>Nuevo ataque laicista. Esta vez la <a href=\"https:\/\/drive.google.com\/file\/d\/1wMZGMn-9-S2x2blEaN4pfp-EMBQ7MksM\/view?usp=sharing\">Justicia<\/a> resuelve bien: el crucifijo no adoctrina, sino que apela a la Esperanza de que <strong>\u201cel dolor no quebranta el Esp\u00edritu\u201d.<\/strong><\/p>\n\n\n\n<p>Veamos. Un ciudadano presenta una tutela para reclamar la retirada del crucifijo de la sala de plenos del Tribunal Constitucional. Considera que la mera presencia de la Cruz supone una&nbsp; violaci\u00f3n del Estao laico y que adem\u00e1s, puede coaccionar a los magistrados en sus decisiones.<\/p>\n\n\n\n<p>La <a href=\"https:\/\/drive.google.com\/file\/d\/1wMZGMn-9-S2x2blEaN4pfp-EMBQ7MksM\/view?usp=sharing\">sentencia<\/a> lo rechaza categ\u00f3ricamente: ni <strong>\u201clos magistrados han visto afectado su criterio y objetividad\u201d ni la presencia de la Cruz \u201cconstituye una forma de exclusi\u00f3n o adoctrinamiento\u201d.<\/strong><\/p>\n\n\n\n<p>La Corte Constitucional recuerda que la Constituci\u00f3n de 1991 define al Estado colombiano como \u201cneutral\u201d respecto al hecho religioso. Esa neutralidad debe de traducirse en \u201c<strong>pluralidad, coexistencia igualitaria y autonom\u00eda de las diferentes religiones\u201d. <\/strong>Es decir, la neutralidad no obliga al Estado a abstenerse de relacionarse con las confesiones, sino que veta establecer discriminaci\u00f3n en las relaciones con las confesiones. Eso s\u00ed, advierte o matiza: \u201cque una religi\u00f3ln est\u00e9 extendida no implica tratamiento privilegiado\u201d. Privilegiado no, pero hostilidad tampoco.<\/p>\n\n\n\n<p>Porque adem\u00e1s, <strong>el crucifijo tiene un valor hist\u00f3rico y cultura<\/strong>l. Y en concreto, el crucifijo que se encuentra en la sala de plenos del palacio de Justicia&nbsp; Alfonso Reyes Echand\u00eda tiene un valor hist\u00f3rico porque est\u00e1 ah\u00ed desde que se inaugur\u00f3 la sala el 7 de julio de 1999. Y tiene un valor cultural porque fue labrado por un artesano de la madera de Candelaria \u201cde reconocido talento\u201d, se\u00f1ala la sentencia, que adem\u00e1s recuerda que la UNESCO define la identidad cultural como \u201clos rasgos distintivos espirituales, materiales y afectivos; las artes, las letras, los modos de la vida, el sistema de creencias y tradiciones\u201d.<\/p>\n\n\n\n<p>Adem\u00e1s, la sentencia cita jurisprudencia de altos tribunales sobre el mismo asunto. Por ejemplo, el Tribunal Constitucional de Per\u00fa sentenci\u00f3 el 7 de marzo de 2011 que la \u201cradical incompetencia del Estado ante la fe\u201d <strong>no debe interpretarse como hostilidad o indeferentismo. \u201cEstar\u00edamos ante una suerte de Estado confesional no religioso\u201d.<\/strong> Adem\u00e1s, recuerda que es \u201cinnegable\u201d la influencia del cristianismo en la conformaci\u00f3n del pa\u00eds. Por eso concluye que <strong>\u201cla tolerancia no puede llevar a la intolerancia hacia la propia identidad\u201d.<\/strong><\/p>\n\n\n\n<p>La Corte Constitucional colombiana tambi\u00e9n cita una sentencia del Tribunal Superior de Justicia de Santa Rosa (Argentina) que apela a la \u201c<strong>laicidad positiva\u201d,<\/strong> es decir, el reconocimiento de la trascendencia social del hecho religioso y su tratamiento como un hecho positivo para el Bien Com\u00fan. Eso obliga al poder pol\u00edtico a colaborar con respeto a la autonom\u00eda, la pluralidad y con plena imparcialidad. La corte argentina concluye que la Biblia o del crucifijo son s\u00edmbolos \u201cesencialmente pasivos, sin capacidad adoctrinadora\u201d.<\/p>\n\n\n\n<p>Adem\u00e1s, la sentencia colombiana tambi\u00e9n cita la sentencia del Tribunal de Derechos Humanos de Estrasburgo de 18 de marzo de 2011 y la sentencia <strong>Marsh vs Chamber<\/strong>s de 1983 de la Corte Suprema de los EEUU que declara constitucional el rezo de una oraci\u00f3n previo a las sesiones parlamentarias. \u201cForma parte de nuestro entramado social por 200 a\u00f1os\u201d, concluye la corte de los EEUU.<\/p>\n\n\n\n<p>Por lo mismo, el crucifijo forma parte de la historia, la cultura y la tradici\u00f3n de Colombia, no hace da\u00f1o a nadie ni obliga a nada, m\u00e1s bien ayuda y recuerda la identidad de la que mana la sed de justicia y el deseo de hacer el bien. Por eso la Corte Constitucional decide mantenerlo en la sala de plenos. Una buena noticia para la libertad religiosa.<\/p>\n","protected":false},"excerpt":{"rendered":"<p>El Tribunal Constitucional de Colombia resuelve rechazar una tutela que reclamaba retirar el crucifijo de la sala de plenos del mismo Constitucional<\/p>\n","protected":false},"author":566,"featured_media":165566,"comment_status":"open","ping_status":"open","sticky":false,"template":"","format":"standard","meta":{"give_campaign_id":0,"om_disable_all_campaigns":false,"_monsterinsights_skip_tracking":false,"_monsterinsights_sitenote_active":false,"_monsterinsights_sitenote_note":"","_monsterinsights_sitenote_category":0,"mc4wp_mailchimp_campaign":[],"jnews-multi-image_gallery":[],"jnews_single_post":{"subtitle":"El Tribunal Constitucional de Colombia resuelve rechazar una tutela que reclamaba retirar el crucifijo de la sala de plenos del mismo Constitucional","format":"standard","video":"","gallery":"","source_name":"","source_url":"","via_name":"","via_url":"","override_template":"0","override":[{"template":"2","single_blog_custom":"","parallax":"1","fullscreen":"1","layout":"right-sidebar-narrow","sidebar":"default-sidebar","second_sidebar":"default-sidebar","sticky_sidebar":"1","share_position":"float","share_float_style":"share-normal","show_share_counter":"1","show_view_counter":"1","show_featured":"1","show_post_meta":"1","show_post_author":"1","show_post_author_image":"1","show_post_date":"1","post_date_format":"default","post_date_format_custom":"Y\/m\/d","show_post_category":"1","show_post_reading_time":"1","post_reading_time_wpm":"300","show_zoom_button":"0","zoom_button_out_step":"2","zoom_button_in_step":"3","show_post_tag":"1","show_prev_next_post":"0","show_popup_post":"0","number_popup_post":"1","show_author_box":"1","show_post_related":"0","show_inline_post_related":"0"}],"override_image_size":"0","image_override":[{"single_post_thumbnail_size":"crop-715","single_post_gallery_size":"crop-715"}],"trending_post":"0","trending_post_position":"meta","trending_post_label":"Trending","sponsored_post":"0","sponsored_post_label":"Sponsored by","sponsored_post_name":"","sponsored_post_url":"","sponsored_post_logo_enable":"0","sponsored_post_logo":"","sponsored_post_desc":"","disable_ad":"0"},"jnews_primary_category":{"id":"773"},"jnews_social_meta":{"fb_title":"","fb_description":"","fb_image":"","twitter_title":"","twitter_description":"","twitter_image":""},"jnews_override_counter":{"override_view_counter":"0","view_counter_number":"0","override_share_counter":"0","share_counter_number":"0","override_like_counter":"0","like_counter_number":"0","override_dislike_counter":"0","dislike_counter_number":"0"},"footnotes":""},"categories":[810,773,815],"tags":[6866],"class_list":["post-162201","post","type-post","status-publish","format-standard","has-post-thumbnail","hentry","category-foreground-es","category-politica","category-breaking-news-es","tag-colombia"],"yoast_head":"<!-- This site is optimized with the Yoast SEO Premium plugin v25.9 (Yoast SEO v27.3) - https:\/\/yoast.com\/product\/yoast-seo-premium-wordpress\/ -->\n<title>Constitucional colombiano: \u201cEl crucifijo no adoctrina ni coarta\u201d - IFN<\/title>\n<meta name=\"description\" content=\"El Tribunal Constitucional de Colombia rechaza una tutela que reclamaba retirar el crucifijo de la sala de plenos del mismo Constitucional\" \/>\n<meta name=\"robots\" content=\"index, follow, max-snippet:-1, max-image-preview:large, max-video-preview:-1\" \/>\n<link rel=\"canonical\" href=\"https:\/\/ifamnews.com\/es\/constitucional-colombiano-el-crucifijo-no-adoctrina-ni-coarta\" \/>\n<meta property=\"og:locale\" content=\"es_ES\" \/>\n<meta property=\"og:type\" content=\"article\" \/>\n<meta property=\"og:title\" content=\"Constitucional colombiano: \u201cEl crucifijo no adoctrina ni coarta\u201d\" \/>\n<meta property=\"og:description\" content=\"El Tribunal Constitucional de Colombia rechaza una tutela que reclamaba retirar el crucifijo de la sala de plenos del mismo Constitucional\" \/>\n<meta property=\"og:url\" content=\"https:\/\/ifamnews.com\/es\/constitucional-colombiano-el-crucifijo-no-adoctrina-ni-coarta\" \/>\n<meta property=\"og:site_name\" content=\"IFN\" \/>\n<meta property=\"article:publisher\" content=\"https:\/\/www.facebook.com\/iFamNews\" \/>\n<meta property=\"article:author\" content=\"https:\/\/facebook.com\/luis.losadapescador\" \/>\n<meta property=\"article:published_time\" content=\"2022-10-11T05:00:00+00:00\" \/>\n<meta property=\"og:image\" content=\"https:\/\/ifamnews.com\/wp-content\/uploads\/2022\/10\/cali-colombia-statue-monument-city-urban.jpg\" \/>\n\t<meta property=\"og:image:width\" content=\"910\" \/>\n\t<meta property=\"og:image:height\" content=\"512\" \/>\n\t<meta property=\"og:image:type\" content=\"image\/jpeg\" \/>\n<meta name=\"author\" content=\"Luis Losada\" \/>\n<meta name=\"twitter:card\" content=\"summary_large_image\" \/>\n<meta name=\"twitter:creator\" content=\"@https:\/\/twitter.com\/losadapescador\" \/>\n<meta name=\"twitter:site\" content=\"@iFamNewsEN\" \/>\n<meta name=\"twitter:label1\" content=\"Escrito por\" \/>\n\t<meta name=\"twitter:data1\" content=\"Luis Losada\" \/>\n\t<meta name=\"twitter:label2\" content=\"Tiempo de lectura\" \/>\n\t<meta name=\"twitter:data2\" content=\"3 minutos\" \/>\n<!-- \/ Yoast SEO Premium plugin. -->","yoast_head_json":{"title":"Constitucional colombiano: \u201cEl crucifijo no adoctrina ni coarta\u201d - IFN","description":"El Tribunal Constitucional de Colombia rechaza una tutela que reclamaba retirar el crucifijo de la sala de plenos del mismo Constitucional","robots":{"index":"index","follow":"follow","max-snippet":"max-snippet:-1","max-image-preview":"max-image-preview:large","max-video-preview":"max-video-preview:-1"},"canonical":"https:\/\/ifamnews.com\/es\/constitucional-colombiano-el-crucifijo-no-adoctrina-ni-coarta","og_locale":"es_ES","og_type":"article","og_title":"Constitucional colombiano: \u201cEl crucifijo no adoctrina ni coarta\u201d","og_description":"El Tribunal Constitucional de Colombia rechaza una tutela que reclamaba retirar el crucifijo de la sala de plenos del mismo Constitucional","og_url":"https:\/\/ifamnews.com\/es\/constitucional-colombiano-el-crucifijo-no-adoctrina-ni-coarta","og_site_name":"IFN","article_publisher":"https:\/\/www.facebook.com\/iFamNews","article_author":"https:\/\/facebook.com\/luis.losadapescador","article_published_time":"2022-10-11T05:00:00+00:00","og_image":[{"width":910,"height":512,"url":"https:\/\/ifamnews.com\/wp-content\/uploads\/2022\/10\/cali-colombia-statue-monument-city-urban.jpg","type":"image\/jpeg"}],"author":"Luis Losada","twitter_card":"summary_large_image","twitter_creator":"@https:\/\/twitter.com\/losadapescador","twitter_site":"@iFamNewsEN","twitter_misc":{"Escrito por":"Luis Losada","Tiempo de lectura":"3 minutos"},"schema":{"@context":"https:\/\/schema.org","@graph":[{"@type":"NewsArticle","@id":"https:\/\/ifamnews.com\/es\/constitucional-colombiano-el-crucifijo-no-adoctrina-ni-coarta#article","isPartOf":{"@id":"https:\/\/ifamnews.com\/es\/constitucional-colombiano-el-crucifijo-no-adoctrina-ni-coarta"},"author":{"name":"Luis Losada","@id":"https:\/\/ifamnews.com\/en\/#\/schema\/person\/3c74d6bba4ee5d844f5b59791fe04f30"},"headline":"Constitucional colombiano: \u201cEl crucifijo no adoctrina ni coarta\u201d","datePublished":"2022-10-11T05:00:00+00:00","mainEntityOfPage":{"@id":"https:\/\/ifamnews.com\/es\/constitucional-colombiano-el-crucifijo-no-adoctrina-ni-coarta"},"wordCount":608,"commentCount":0,"publisher":{"@id":"https:\/\/ifamnews.com\/en\/#organization"},"image":{"@id":"https:\/\/ifamnews.com\/es\/constitucional-colombiano-el-crucifijo-no-adoctrina-ni-coarta#primaryimage"},"thumbnailUrl":"https:\/\/ifamnews.com\/wp-content\/uploads\/2022\/10\/cali-colombia-statue-monument-city-urban.jpg","keywords":["colombia"],"articleSection":["Foreground","Pol\u00edtica","\u00daLTIMAS NOTICIAS"],"inLanguage":"es","potentialAction":[{"@type":"CommentAction","name":"Comment","target":["https:\/\/ifamnews.com\/es\/constitucional-colombiano-el-crucifijo-no-adoctrina-ni-coarta#respond"]}]},{"@type":"WebPage","@id":"https:\/\/ifamnews.com\/es\/constitucional-colombiano-el-crucifijo-no-adoctrina-ni-coarta","url":"https:\/\/ifamnews.com\/es\/constitucional-colombiano-el-crucifijo-no-adoctrina-ni-coarta","name":"Constitucional colombiano: \u201cEl crucifijo no adoctrina ni coarta\u201d - IFN","isPartOf":{"@id":"https:\/\/ifamnews.com\/en\/#website"},"primaryImageOfPage":{"@id":"https:\/\/ifamnews.com\/es\/constitucional-colombiano-el-crucifijo-no-adoctrina-ni-coarta#primaryimage"},"image":{"@id":"https:\/\/ifamnews.com\/es\/constitucional-colombiano-el-crucifijo-no-adoctrina-ni-coarta#primaryimage"},"thumbnailUrl":"https:\/\/ifamnews.com\/wp-content\/uploads\/2022\/10\/cali-colombia-statue-monument-city-urban.jpg","datePublished":"2022-10-11T05:00:00+00:00","description":"El Tribunal Constitucional de Colombia rechaza una tutela que reclamaba retirar el crucifijo de la sala de plenos del mismo Constitucional","breadcrumb":{"@id":"https:\/\/ifamnews.com\/es\/constitucional-colombiano-el-crucifijo-no-adoctrina-ni-coarta#breadcrumb"},"inLanguage":"es","potentialAction":[{"@type":"ReadAction","target":["https:\/\/ifamnews.com\/es\/constitucional-colombiano-el-crucifijo-no-adoctrina-ni-coarta"]}]},{"@type":"ImageObject","inLanguage":"es","@id":"https:\/\/ifamnews.com\/es\/constitucional-colombiano-el-crucifijo-no-adoctrina-ni-coarta#primaryimage","url":"https:\/\/ifamnews.com\/wp-content\/uploads\/2022\/10\/cali-colombia-statue-monument-city-urban.jpg","contentUrl":"https:\/\/ifamnews.com\/wp-content\/uploads\/2022\/10\/cali-colombia-statue-monument-city-urban.jpg","width":910,"height":512},{"@type":"BreadcrumbList","@id":"https:\/\/ifamnews.com\/es\/constitucional-colombiano-el-crucifijo-no-adoctrina-ni-coarta#breadcrumb","itemListElement":[{"@type":"ListItem","position":1,"name":"Home","item":"https:\/\/ifamnews.com\/de"},{"@type":"ListItem","position":2,"name":"Politics","item":"https:\/\/ifamnews.com\/en\/category\/politics"},{"@type":"ListItem","position":3,"name":"Constitucional colombiano: \u201cEl crucifijo no adoctrina ni coarta\u201d"}]},{"@type":"WebSite","@id":"https:\/\/ifamnews.com\/en\/#website","url":"https:\/\/ifamnews.com\/en\/","name":"IFN","description":"International Family News Network","publisher":{"@id":"https:\/\/ifamnews.com\/en\/#organization"},"potentialAction":[{"@type":"SearchAction","target":{"@type":"EntryPoint","urlTemplate":"https:\/\/ifamnews.com\/en\/?s={search_term_string}"},"query-input":{"@type":"PropertyValueSpecification","valueRequired":true,"valueName":"search_term_string"}}],"inLanguage":"es"},{"@type":"Organization","@id":"https:\/\/ifamnews.com\/en\/#organization","name":"iFamNews","url":"https:\/\/ifamnews.com\/en\/","logo":{"@type":"ImageObject","inLanguage":"es","@id":"https:\/\/ifamnews.com\/en\/#\/schema\/logo\/image\/","url":"https:\/\/ifamnews.com\/wp-content\/uploads\/2020\/01\/Share-logo.png","contentUrl":"https:\/\/ifamnews.com\/wp-content\/uploads\/2020\/01\/Share-logo.png","width":200,"height":200,"caption":"iFamNews"},"image":{"@id":"https:\/\/ifamnews.com\/en\/#\/schema\/logo\/image\/"},"sameAs":["https:\/\/www.facebook.com\/iFamNews","https:\/\/x.com\/iFamNewsEN"]},{"@type":"Person","@id":"https:\/\/ifamnews.com\/en\/#\/schema\/person\/3c74d6bba4ee5d844f5b59791fe04f30","name":"Luis Losada","image":{"@type":"ImageObject","inLanguage":"es","@id":"https:\/\/secure.gravatar.com\/avatar\/90fa6f4b948f9f6913b35f877ead6d7f3a307f2e51136a592b41e27537480d69?s=96&d=mm&r=g","url":"https:\/\/secure.gravatar.com\/avatar\/90fa6f4b948f9f6913b35f877ead6d7f3a307f2e51136a592b41e27537480d69?s=96&d=mm&r=g","contentUrl":"https:\/\/secure.gravatar.com\/avatar\/90fa6f4b948f9f6913b35f877ead6d7f3a307f2e51136a592b41e27537480d69?s=96&d=mm&r=g","caption":"Luis Losada"},"description":"Luis Losada Pescador,\u00a0economist and journalist. After 20 years\u00a0in media he is managing consultancy in comunication\u00a0of business and entreprises. He is also campaigns editor of CitizenGO in Latam.","sameAs":["https:\/\/facebook.com\/luis.losadapescador","https:\/\/x.com\/https:\/\/twitter.com\/losadapescador"],"url":"https:\/\/ifamnews.com\/es\/author\/luis-losada"}]}},"amp_enabled":true,"_links":{"self":[{"href":"https:\/\/ifamnews.com\/es\/wp-json\/wp\/v2\/posts\/162201","targetHints":{"allow":["GET"]}}],"collection":[{"href":"https:\/\/ifamnews.com\/es\/wp-json\/wp\/v2\/posts"}],"about":[{"href":"https:\/\/ifamnews.com\/es\/wp-json\/wp\/v2\/types\/post"}],"author":[{"embeddable":true,"href":"https:\/\/ifamnews.com\/es\/wp-json\/wp\/v2\/users\/566"}],"replies":[{"embeddable":true,"href":"https:\/\/ifamnews.com\/es\/wp-json\/wp\/v2\/comments?post=162201"}],"version-history":[{"count":3,"href":"https:\/\/ifamnews.com\/es\/wp-json\/wp\/v2\/posts\/162201\/revisions"}],"predecessor-version":[{"id":165797,"href":"https:\/\/ifamnews.com\/es\/wp-json\/wp\/v2\/posts\/162201\/revisions\/165797"}],"wp:featuredmedia":[{"embeddable":true,"href":"https:\/\/ifamnews.com\/es\/wp-json\/wp\/v2\/media\/165566"}],"wp:attachment":[{"href":"https:\/\/ifamnews.com\/es\/wp-json\/wp\/v2\/media?parent=162201"}],"wp:term":[{"taxonomy":"category","embeddable":true,"href":"https:\/\/ifamnews.com\/es\/wp-json\/wp\/v2\/categories?post=162201"},{"taxonomy":"post_tag","embeddable":true,"href":"https:\/\/ifamnews.com\/es\/wp-json\/wp\/v2\/tags?post=162201"}],"curies":[{"name":"wp","href":"https:\/\/api.w.org\/{rel}","templated":true}]}}