{"id":161529,"date":"2022-10-20T01:00:00","date_gmt":"2022-10-20T05:00:00","guid":{"rendered":"https:\/\/ifamnews.com\/?p=161529"},"modified":"2022-10-12T14:54:08","modified_gmt":"2022-10-12T18:54:08","slug":"-la-nueva-normalidad-contra-las-familias","status":"publish","type":"post","link":"https:\/\/ifamnews.com\/es\/-la-nueva-normalidad-contra-las-familias","title":{"rendered":"\u00abLa nueva normalidad\u00bb contra las familias"},"content":{"rendered":"\n<p>Con el oto\u00f1o, los aumentos en <a href=\"https:\/\/www.corriere.it\/economia\/consumi\/cards\/dalle-materie-prime-prodotti-alimentari-conto-rincari-famiglie-imprese\/impennata-gas-naturale.shtml\" target=\"_blank\" rel=\"noreferrer noopener\">las facturas de energ\u00eda<\/a>, y m\u00e1s all\u00e1, seguro que se notan. Pero, \u00bfpor qu\u00e9 suben los precios? Y no s\u00f3lo los precios del gas natural, a los que se deben principalmente las \u00faltimas subidas de precios, sino tambi\u00e9n los del petr\u00f3leo, los metales y los materiales industriales, e incluso los alimentos&#8230; \u00bfCu\u00e1l es la causa de esta nueva carga que recae sobre las familias italianas, ya probadas por m\u00e1s de un a\u00f1o y medio de emergencia continua?<\/p>\n\n\n\n<p>Una primera explicaci\u00f3n est\u00e1 relacionada con las graves consecuencias de los<strong> cierres indiscriminados<\/strong>, impuestas perversamente por los principales gobiernos del mundo a partir de marzo de 2020. Pr\u00e1cticamente en todo el mundo, las distintas cadenas de suministro de la econom\u00eda real han sufrido graves ralentizaciones y bloqueos en las actividades de producci\u00f3n y distribuci\u00f3n (la llamada <em>interrupci\u00f3n de la cadena de suministro<\/em>) que a\u00fan no se han restablecido del todo. Sin embargo, si s\u00f3lo se tratara de esto, por muy grave que sea, ser\u00eda realmente un efecto \u00abtemporal\u00bb, como cuentan los bancos centrales.<\/p>\n\n\n\n<h3 class=\"wp-block-heading\" id=\"h-la-extincion-de-la-economia-real\"><strong>La extinci\u00f3n de la econom\u00eda real<\/strong><\/h3>\n\n\n\n<p>Pero este no es el caso. De hecho, la inflaci\u00f3n es tambi\u00e9n y sobre todo un fen\u00f3meno monetario. Especialmente desde la Gran Crisis Financiera de 2007-2009 (GCF), la masa de liquidez inyectada en los circuitos por los Bancos Centrales y los bancos comerciales de reserva fraccionaria ha aumentado impresionantemente: de 20-25 billones a principios de siglo, la liquidez \u00abM2\u00bb (la llamada liquidez \u00absecundaria\u00bb, es decir, el dinero, los dep\u00f3sitos en cuenta corriente y, en general, todos los activos de gran liquidez y cierto valor), pas\u00f3 a unos 40 billones en los a\u00f1os del FCM a 80 billones antes del CoViD-19, y luego salt\u00f3 a 100 billones en la actualidad (cifras en d\u00f3lares estadounidenses).<\/p>\n\n\n\n<p>Un proceso de <a href=\"https:\/\/alleanzacattolica.org\/15-agosto-1971-la-finestra-delloro-si-chiude-per-sempre\/\" target=\"_blank\" rel=\"noreferrer noopener\">financiarizaci\u00f3n de<\/a> la econom\u00eda, esto, con r\u00edos de liquidez generados \u00abex nihilo\u00bb de forma totalmente ajena al crecimiento de la econom\u00eda real, lo que hizo subir los precios de los inmuebles y de las bolsas junto con los de los bonos, empujando los rendimientos hacia y por debajo de cero: un fen\u00f3meno que la Escuela Austriaca de Econom\u00eda denomina la inflaci\u00f3n de la \u00abclase de activos\u00bb, la inflaci\u00f3n de <em>activo.<\/em><\/p>\n\n\n\n<p>Aumento de la liquidez por encima de la cantidad que se producir\u00eda de forma natural sin manipulaci\u00f3n <em>pol\u00edtica<\/em>  por las fuerzas del mercado es, de hecho, un fen\u00f3meno inflacionista en s\u00ed mismo, aunque no se traslade inmediatamente a los precios de producci\u00f3n y al carro de la compra (es decir, al que se suele hacer referencia cuando se utiliza el t\u00e9rmino \u00abinflaci\u00f3n\u00bb, pero que no es m\u00e1s que una consecuencia y un aspecto particular de la misma).<\/p>\n\n\n\n<p>A pesar de la enorme liquidez, los precios de los bienes y servicios se han mantenido, en general, bajo control en los \u00faltimos a\u00f1os, debido principalmente a la innovaci\u00f3n tecnol\u00f3gica, a la globalizaci\u00f3n de la econom\u00eda, que ha provocado un aumento de la competencia, y al efecto tranquilizador sobre la demanda final inducido por el envejecimiento demogr\u00e1fico. Sin embargo, desde hace muchos meses hay claros indicios de que las tensiones inflacionistas han empezado a manifestarse tambi\u00e9n en los precios de producci\u00f3n y de consumo, y no s\u00f3lo por el efecto destacado de la <em>perturbaci\u00f3n <\/em>por el lado de la oferta, sino tambi\u00e9n por la aceleraci\u00f3n de la inyecci\u00f3n de liquidez sin precedentes tras el CoViD-19, otros 20 billones de d\u00f3lares a partir de enero de 2020.<\/p>\n\n\n\n<p>A esto hay que a\u00f1adir las pol\u00edticas fiscales altamente expansivas de los gobiernos, que han provocado un aumento significativo de la deuda p\u00fablica, que aumentar\u00e1 en todo el mundo, seg\u00fan las estimaciones del Fondo Monetario Internacional, hasta el 101,5% del PIB a finales de 2020 (en Italia estamos en el 160% del PIB).<\/p>\n\n\n\n<p>La masa de la deuda mundial, p\u00fablica y privada, salt\u00f3 de 250 billones de d\u00f3lares a finales de 2019 a la monstruosa cifra de 277 billones de d\u00f3lares a finales de 2020 (alrededor del 365% del PIB mundial).<\/p>\n\n\n\n<p>En este contexto, los principales bancos centrales del mundo juegan la carta extrema de una salida inflacionaria de la crisis, como despu\u00e9s de las guerras. En los pr\u00f3ximos a\u00f1os, es probable que contin\u00faen con la supresi\u00f3n de los rendimientos de los bonos hacia y por debajo de cero, prosiguiendo tenazmente el aumento de los precios de los bienes y servicios, para llevar los rendimientos reales (es decir, los rendimientos nominales menos la tasa de inflaci\u00f3n) a la zona ampliamente negativa.<\/p>\n\n\n\n<h3 class=\"wp-block-heading\" id=\"h-la-droga-monetaria\"><strong>La droga monetaria<\/strong><\/h3>\n\n\n\n<p>Las pol\u00edticas monetarias ultraexpansivas y los objetivos inflacionistas persiguen el objetivo declarado de estimular la inversi\u00f3n y la recuperaci\u00f3n econ\u00f3mica, pero en realidad se orientan principalmente a estabilizar el sistema financiero, cuyos graves desequilibrios (exceso de deuda, p\u00fablica y privada) se mantienen a raya gracias a unos rendimientos artificialmente reprimidos. Pero los rendimientos exprimidos son precisamente una de las causas del sobreendeudamiento, ayer como hoy.<\/p>\n\n\n\n<p>Se trata de una espiral perversa que se mantiene por s\u00ed misma desde hace muchos a\u00f1os, mucho antes del CoViD-19: liquidez-deuda-liquidez-deuda, es decir, una verdadera \u00abtrampa de la deuda\u00bb que requiere dosis crecientes de \u00abdrogas monetarias\u00bb para mantenerse a flote.<\/p>\n\n\n\n<p>El \u00faltimo acto es \u00abgravar\u00bb de facto el ahorro, hacer pagar a los que prestan dinero imponiendo \u00abrendimientos reales negativos\u00bb, burl\u00e1ndose as\u00ed de la hormiga en beneficio del saltamontes: donde la hormiga suele ser el peque\u00f1o y mediano ahorrador, es decir, la familia media, mientras que el saltamontes son los grandes grupos industriales y financieros m\u00e1s los Estados soberanos fuertemente endeudados. Una especie de anti-Robin Hood<em>,<\/em> una usura al rev\u00e9s, en definitiva, que desemboca en el <a href=\"https:\/\/ifamnews.com\/it\/l-era-del-socialismo-finanziario-delle-banche-centrali-che-impoverisce-la-famiglia\" target=\"_blank\" rel=\"noreferrer noopener\">\u00absocialismo financiero<\/a>\u00bb de los Bancos Centrales: para tranquilidad de los que confiaron en el Arte. 47 de la Constituci\u00f3n italiana, que cierra el T\u00edtulo III dedicado a las Relaciones Econ\u00f3micas, que establece que \u00abla Rep\u00fablica fomenta y protege el ahorro en todas sus formas\u00bb.<\/p>\n\n\n\n<p>Si este es el panorama, est\u00e1 claro que los bancos centrales seguir\u00e1n minimizando los riesgos inflacionistas para continuar con su manipulaci\u00f3n a la baja de los rendimientos nominales de los bonos, manteniendo as\u00ed el sistema en un entorno de rendimientos reales negativos durante los pr\u00f3ximos a\u00f1os. La inflaci\u00f3n no se sufre ni se tolera, \u00abse quiere\u00bb: en beneficio de los deudores, en detrimento de los ahorradores y de los que tienen ingresos fijos<em>. <\/em>Pero, por supuesto, no est\u00e1 escrito.<\/p>\n\n\n\n<h3 class=\"wp-block-heading\" id=\"h-socialismo-liberal\"><strong>Socialismo liberal<\/strong><\/h3>\n\n\n\n<p>Y eso no es todo. La \u00abtransici\u00f3n ecol\u00f3gica\u00bb que los principales gobiernos del mundo quieren llevar a cabo, con vistas a la <a href=\"https:\/\/unric.org\/it\/agenda-2030\/\" target=\"_blank\" rel=\"noreferrer noopener\">Agenda 2030 de la ONU<\/a> sobre el llamado <a href=\"https:\/\/ifamnews.com\/it\/lo-sviluppo-sostenibile-una-mina-antiuomo\" target=\"_blank\" rel=\"noreferrer noopener\">\u00abdesarrollo sostenible<\/a>\u00ab, supondr\u00e1 enormes costes para los consumidores y los contribuyentes, con una distorsi\u00f3n concomitante de la competencia.<\/p>\n\n\n\n<p>La revoluci\u00f3n \u00abverde\u00bb, como todas las ideolog\u00edas, costar\u00e1 caro a las familias: un sacrificio necesario en el altar de Gaia. \u00abGracias\u00bb a la \u00abgran oportunidad\u00bb de la CoViD-19 hemos entrado de hecho en la d\u00e9cada del <a href=\"https:\/\/ifamnews.com\/it\/3-2-1-reset-e-socialismo-finanziario-sar-\" target=\"_blank\" rel=\"noreferrer noopener\">\u00abGreat Reset<\/a>\u00ab, donde el poder p\u00fablico, no s\u00f3lo de los Estados, sino tambi\u00e9n el supranacional, invadir\u00e1 cada vez m\u00e1s los espacios de autonom\u00eda y libertad de elecci\u00f3n de los particulares, como suele ocurrir en tiempos de crisis. La d\u00e9cada de 2020 no parece una repetici\u00f3n de la de <em>los a\u00f1os veinte rugientes  <\/em>&#8211; los a\u00f1os \u00abrugientes\u00bb del siglo pasado &#8211; pero m\u00e1s probablemente como lo que podr\u00edamos bautizar como la de los veinte a\u00f1os del \u00abbalido\u00bb: una gigantesca redistribuci\u00f3n de la riqueza, con ataques a la propiedad privada y al ahorro, a la privacidad de libertad de iniciativa econ\u00f3mica y libertad \u00ab<em>tout court\u00bb<\/em> con el aumento del intrusismo p\u00fablico en el sector privado, el capitalismo de amiguetes y la creciente demanda de asistencialismo.<\/p>\n\n\n\n<p>El resultado de este proceso, si no se detiene, ser\u00e1 un progresivo vaciamiento y empobrecimiento de la sociedad civil, con una mayor centralizaci\u00f3n de la riqueza y las decisiones en \u00absalas de control\u00bb cada vez m\u00e1s lejanas. La factura m\u00e1s pesada la pagar\u00e1n las familias, especialmente la clase media: ahorros no remunerados y \u00abdevaluados\u00bb por la inflaci\u00f3n, sueldos, salarios y pensiones que tendr\u00e1n dificultades para seguir el ritmo de la subida de los precios de los bienes y servicios, aumento de la presi\u00f3n fiscal (si el gasto p\u00fablico aumenta, la presi\u00f3n fiscal tambi\u00e9n aumenta por definici\u00f3n porque al final alguien tiene que pagar la factura) y menos libertad de elecci\u00f3n y de movimiento. La continua contracci\u00f3n de la clase media y de los espacios de libertad deben considerarse como un claro indicador del avance del estatismo, es decir, de una forma de \u00absocialismo liberal\u00bb, para disgusto de quienes siguen denunciando un inexistente <a href=\"https:\/\/alleanzacattolica.org\/luso-delle-parole-e-il-bisogno-di-verita\/\" target=\"_blank\" rel=\"noreferrer noopener\">\u00abcapitalismo salvaje<\/a>\u00ab.<\/p>\n\n\n\n<p>Adquirir y concienciar sobre la Agenda 2030 de la \u00abNueva Normalidad post-pand\u00e9mica\u00bb es imperativo si no queremos convertirnos en s\u00fabditos baladores sin darnos cuenta.<\/p>\n","protected":false},"excerpt":{"rendered":"<p>La culpa es del CoViD-19, del \u00absocialismo financiero\u00bb, de la \u00abtransici\u00f3n ecol\u00f3gica\u00bb, del \u00abGreat Reset\u00bb. La libertad est\u00e1 en juego  <\/p>\n","protected":false},"author":96,"featured_media":96534,"comment_status":"open","ping_status":"open","sticky":false,"template":"","format":"standard","meta":{"give_campaign_id":0,"om_disable_all_campaigns":false,"_monsterinsights_skip_tracking":false,"_monsterinsights_sitenote_active":false,"_monsterinsights_sitenote_note":"","_monsterinsights_sitenote_category":0,"mc4wp_mailchimp_campaign":[],"jnews-multi-image_gallery":[],"jnews_single_post":{"subtitle":"La culpa es del CoViD-19, del \"socialismo financiero\", de la \"transici\u00f3n ecol\u00f3gica\", del \"Great Reset\". La libertad est\u00e1 en juego  ","format":"standard","video":"","gallery":"","source_name":"","source_url":"","via_name":"","via_url":"","override_template":"0","override":[{"template":"2","single_blog_custom":"","parallax":"1","fullscreen":"1","layout":"right-sidebar-narrow","sidebar":"default-sidebar","second_sidebar":"default-sidebar","sticky_sidebar":"1","share_position":"float","share_float_style":"share-normal","show_share_counter":"1","show_view_counter":"1","show_featured":"1","show_post_meta":"1","show_post_author":"1","show_post_author_image":"1","show_post_date":"1","post_date_format":"default","post_date_format_custom":"Y\/m\/d","show_post_category":"1","show_post_reading_time":"1","post_reading_time_wpm":"300","show_zoom_button":"0","zoom_button_out_step":"2","zoom_button_in_step":"3","show_post_tag":"1","show_prev_next_post":"0","show_popup_post":"0","number_popup_post":"1","show_author_box":"1","show_post_related":"0","show_inline_post_related":"0"}],"override_image_size":"0","image_override":[{"single_post_thumbnail_size":"crop-715","single_post_gallery_size":"crop-715"}],"trending_post":"0","trending_post_position":"meta","trending_post_label":"Trending","sponsored_post":"0","sponsored_post_label":"Sponsored by","sponsored_post_name":"","sponsored_post_url":"","sponsored_post_logo_enable":"0","sponsored_post_logo":"","sponsored_post_desc":"","disable_ad":"0"},"jnews_primary_category":{"id":"773"},"jnews_social_meta":{"fb_title":"","fb_description":"","fb_image":"","twitter_title":"","twitter_description":"","twitter_image":""},"jnews_override_counter":{"override_view_counter":"0","view_counter_number":"0","override_share_counter":"0","share_counter_number":"0","override_like_counter":"0","like_counter_number":"0","override_dislike_counter":"0","dislike_counter_number":"0"},"footnotes":""},"categories":[810,773,815],"tags":[20362,8625,14953,20363],"class_list":["post-161529","post","type-post","status-publish","format-standard","has-post-thumbnail","hentry","category-foreground-es","category-politica","category-breaking-news-es","tag-economia-es","tag-foreground-es","tag-gran-reinicio","tag-socialismo-financiero"],"yoast_head":"<!-- This site is optimized with the Yoast SEO Premium plugin v25.9 (Yoast SEO v27.3) - https:\/\/yoast.com\/product\/yoast-seo-premium-wordpress\/ -->\n<title>&quot;La nueva normalidad&quot; contra las familias - &quot;iFamNews&quot;<\/title>\n<meta name=\"description\" content=\"La culpa es del CoViD-19, del &quot;socialismo financiero&quot;, de la &quot;transici\u00f3n ecol\u00f3gica&quot;, del &quot;Great Reset&quot;. La libertad est\u00e1 en juego\" \/>\n<meta name=\"robots\" content=\"index, follow, max-snippet:-1, max-image-preview:large, max-video-preview:-1\" \/>\n<link rel=\"canonical\" href=\"https:\/\/ifamnews.com\/es\/-la-nueva-normalidad-contra-las-familias\" \/>\n<meta property=\"og:locale\" content=\"es_ES\" \/>\n<meta property=\"og:type\" content=\"article\" \/>\n<meta property=\"og:title\" content=\"&quot;La nueva normalidad&quot; contra las familias\" \/>\n<meta property=\"og:description\" content=\"La culpa es del CoViD-19, del &quot;socialismo financiero&quot;, de la &quot;transici\u00f3n ecol\u00f3gica&quot;, del &quot;Great Reset&quot;. La libertad est\u00e1 en juego\" \/>\n<meta property=\"og:url\" content=\"https:\/\/ifamnews.com\/es\/-la-nueva-normalidad-contra-las-familias\" \/>\n<meta property=\"og:site_name\" content=\"IFN\" \/>\n<meta property=\"article:publisher\" content=\"https:\/\/www.facebook.com\/iFamNews\" \/>\n<meta property=\"article:published_time\" content=\"2022-10-20T05:00:00+00:00\" \/>\n<meta property=\"og:image\" content=\"https:\/\/ifamnews.com\/wp-content\/uploads\/2021\/09\/IMG-20210921-WA0007.jpg\" \/>\n\t<meta property=\"og:image:width\" content=\"1200\" \/>\n\t<meta property=\"og:image:height\" content=\"675\" \/>\n\t<meta property=\"og:image:type\" content=\"image\/jpeg\" \/>\n<meta name=\"author\" content=\"Maurizio Milano\" \/>\n<meta name=\"twitter:card\" content=\"summary_large_image\" \/>\n<meta name=\"twitter:creator\" content=\"@iFamNewsEN\" \/>\n<meta name=\"twitter:site\" content=\"@iFamNewsEN\" \/>\n<meta name=\"twitter:label1\" content=\"Escrito por\" \/>\n\t<meta name=\"twitter:data1\" content=\"Maurizio Milano\" \/>\n\t<meta name=\"twitter:label2\" content=\"Tiempo de lectura\" \/>\n\t<meta name=\"twitter:data2\" content=\"7 minutos\" \/>\n<!-- \/ Yoast SEO Premium plugin. -->","yoast_head_json":{"title":"\"La nueva normalidad\" contra las familias - \"iFamNews\"","description":"La culpa es del CoViD-19, del \"socialismo financiero\", de la \"transici\u00f3n ecol\u00f3gica\", del \"Great Reset\". La libertad est\u00e1 en juego","robots":{"index":"index","follow":"follow","max-snippet":"max-snippet:-1","max-image-preview":"max-image-preview:large","max-video-preview":"max-video-preview:-1"},"canonical":"https:\/\/ifamnews.com\/es\/-la-nueva-normalidad-contra-las-familias","og_locale":"es_ES","og_type":"article","og_title":"\"La nueva normalidad\" contra las familias","og_description":"La culpa es del CoViD-19, del \"socialismo financiero\", de la \"transici\u00f3n ecol\u00f3gica\", del \"Great Reset\". La libertad est\u00e1 en juego","og_url":"https:\/\/ifamnews.com\/es\/-la-nueva-normalidad-contra-las-familias","og_site_name":"IFN","article_publisher":"https:\/\/www.facebook.com\/iFamNews","article_published_time":"2022-10-20T05:00:00+00:00","og_image":[{"width":1200,"height":675,"url":"https:\/\/ifamnews.com\/wp-content\/uploads\/2021\/09\/IMG-20210921-WA0007.jpg","type":"image\/jpeg"}],"author":"Maurizio Milano","twitter_card":"summary_large_image","twitter_creator":"@iFamNewsEN","twitter_site":"@iFamNewsEN","twitter_misc":{"Escrito por":"Maurizio Milano","Tiempo de lectura":"7 minutos"},"schema":{"@context":"https:\/\/schema.org","@graph":[{"@type":"NewsArticle","@id":"https:\/\/ifamnews.com\/es\/-la-nueva-normalidad-contra-las-familias#article","isPartOf":{"@id":"https:\/\/ifamnews.com\/es\/-la-nueva-normalidad-contra-las-familias"},"author":{"name":"Maurizio Milano","@id":"https:\/\/ifamnews.com\/en\/#\/schema\/person\/d8b27517cbe5e23a7a135695449fa524"},"headline":"\u00abLa nueva normalidad\u00bb contra las familias","datePublished":"2022-10-20T05:00:00+00:00","mainEntityOfPage":{"@id":"https:\/\/ifamnews.com\/es\/-la-nueva-normalidad-contra-las-familias"},"wordCount":1549,"commentCount":0,"publisher":{"@id":"https:\/\/ifamnews.com\/en\/#organization"},"image":{"@id":"https:\/\/ifamnews.com\/es\/-la-nueva-normalidad-contra-las-familias#primaryimage"},"thumbnailUrl":"https:\/\/ifamnews.com\/wp-content\/uploads\/2021\/09\/IMG-20210921-WA0007.jpg","keywords":["Econom\u00eda","Foreground","Gran reinicio","Socialismo financiero"],"articleSection":["Foreground","Pol\u00edtica","\u00daLTIMAS NOTICIAS"],"inLanguage":"es","potentialAction":[{"@type":"CommentAction","name":"Comment","target":["https:\/\/ifamnews.com\/es\/-la-nueva-normalidad-contra-las-familias#respond"]}]},{"@type":"WebPage","@id":"https:\/\/ifamnews.com\/es\/-la-nueva-normalidad-contra-las-familias","url":"https:\/\/ifamnews.com\/es\/-la-nueva-normalidad-contra-las-familias","name":"\"La nueva normalidad\" contra las familias - \"iFamNews\"","isPartOf":{"@id":"https:\/\/ifamnews.com\/en\/#website"},"primaryImageOfPage":{"@id":"https:\/\/ifamnews.com\/es\/-la-nueva-normalidad-contra-las-familias#primaryimage"},"image":{"@id":"https:\/\/ifamnews.com\/es\/-la-nueva-normalidad-contra-las-familias#primaryimage"},"thumbnailUrl":"https:\/\/ifamnews.com\/wp-content\/uploads\/2021\/09\/IMG-20210921-WA0007.jpg","datePublished":"2022-10-20T05:00:00+00:00","description":"La culpa es del CoViD-19, del \"socialismo financiero\", de la \"transici\u00f3n ecol\u00f3gica\", del \"Great Reset\". La libertad est\u00e1 en juego","breadcrumb":{"@id":"https:\/\/ifamnews.com\/es\/-la-nueva-normalidad-contra-las-familias#breadcrumb"},"inLanguage":"es","potentialAction":[{"@type":"ReadAction","target":["https:\/\/ifamnews.com\/es\/-la-nueva-normalidad-contra-las-familias"]}]},{"@type":"ImageObject","inLanguage":"es","@id":"https:\/\/ifamnews.com\/es\/-la-nueva-normalidad-contra-las-familias#primaryimage","url":"https:\/\/ifamnews.com\/wp-content\/uploads\/2021\/09\/IMG-20210921-WA0007.jpg","contentUrl":"https:\/\/ifamnews.com\/wp-content\/uploads\/2021\/09\/IMG-20210921-WA0007.jpg","width":1200,"height":675},{"@type":"BreadcrumbList","@id":"https:\/\/ifamnews.com\/es\/-la-nueva-normalidad-contra-las-familias#breadcrumb","itemListElement":[{"@type":"ListItem","position":1,"name":"Home","item":"https:\/\/ifamnews.com\/de"},{"@type":"ListItem","position":2,"name":"Famiglia","item":"https:\/\/ifamnews.com\/it\/categoria\/famiglia"},{"@type":"ListItem","position":3,"name":"&#8220;La nueva normalidad&#8221; contra las familias"}]},{"@type":"WebSite","@id":"https:\/\/ifamnews.com\/en\/#website","url":"https:\/\/ifamnews.com\/en\/","name":"IFN","description":"International Family News Network","publisher":{"@id":"https:\/\/ifamnews.com\/en\/#organization"},"potentialAction":[{"@type":"SearchAction","target":{"@type":"EntryPoint","urlTemplate":"https:\/\/ifamnews.com\/en\/?s={search_term_string}"},"query-input":{"@type":"PropertyValueSpecification","valueRequired":true,"valueName":"search_term_string"}}],"inLanguage":"es"},{"@type":"Organization","@id":"https:\/\/ifamnews.com\/en\/#organization","name":"iFamNews","url":"https:\/\/ifamnews.com\/en\/","logo":{"@type":"ImageObject","inLanguage":"es","@id":"https:\/\/ifamnews.com\/en\/#\/schema\/logo\/image\/","url":"https:\/\/ifamnews.com\/wp-content\/uploads\/2020\/01\/Share-logo.png","contentUrl":"https:\/\/ifamnews.com\/wp-content\/uploads\/2020\/01\/Share-logo.png","width":200,"height":200,"caption":"iFamNews"},"image":{"@id":"https:\/\/ifamnews.com\/en\/#\/schema\/logo\/image\/"},"sameAs":["https:\/\/www.facebook.com\/iFamNews","https:\/\/x.com\/iFamNewsEN"]},{"@type":"Person","@id":"https:\/\/ifamnews.com\/en\/#\/schema\/person\/d8b27517cbe5e23a7a135695449fa524","name":"Maurizio Milano","image":{"@type":"ImageObject","inLanguage":"es","@id":"https:\/\/secure.gravatar.com\/avatar\/bec1ccb30927db0b523fea316e1648f2ca5fd69050f3a5a1010df91478948d75?s=96&d=mm&r=g","url":"https:\/\/secure.gravatar.com\/avatar\/bec1ccb30927db0b523fea316e1648f2ca5fd69050f3a5a1010df91478948d75?s=96&d=mm&r=g","contentUrl":"https:\/\/secure.gravatar.com\/avatar\/bec1ccb30927db0b523fea316e1648f2ca5fd69050f3a5a1010df91478948d75?s=96&d=mm&r=g","caption":"Maurizio Milano"},"description":"Maurizio Milano, who graduated in Economics in 1994 with Professor Sergio Ricossa with a thesis on The Crisis of the Welfare State and the Entrepreneur-State in Italy in the Light of the Social Doctrine of the Church, cultivates studies in philosophy, theology and economics from the Catholic-Thomist perspective and the Austrian School of Economics. Professionally, he is involved in financial market analysis and investment consulting. He collaborates with the association's website Catholic Alliance and with the daily La nuova Bussola Quotidiana.","url":"https:\/\/ifamnews.com\/es\/author\/mmilano"}]}},"amp_enabled":true,"_links":{"self":[{"href":"https:\/\/ifamnews.com\/es\/wp-json\/wp\/v2\/posts\/161529","targetHints":{"allow":["GET"]}}],"collection":[{"href":"https:\/\/ifamnews.com\/es\/wp-json\/wp\/v2\/posts"}],"about":[{"href":"https:\/\/ifamnews.com\/es\/wp-json\/wp\/v2\/types\/post"}],"author":[{"embeddable":true,"href":"https:\/\/ifamnews.com\/es\/wp-json\/wp\/v2\/users\/96"}],"replies":[{"embeddable":true,"href":"https:\/\/ifamnews.com\/es\/wp-json\/wp\/v2\/comments?post=161529"}],"version-history":[{"count":3,"href":"https:\/\/ifamnews.com\/es\/wp-json\/wp\/v2\/posts\/161529\/revisions"}],"predecessor-version":[{"id":166499,"href":"https:\/\/ifamnews.com\/es\/wp-json\/wp\/v2\/posts\/161529\/revisions\/166499"}],"wp:featuredmedia":[{"embeddable":true,"href":"https:\/\/ifamnews.com\/es\/wp-json\/wp\/v2\/media\/96534"}],"wp:attachment":[{"href":"https:\/\/ifamnews.com\/es\/wp-json\/wp\/v2\/media?parent=161529"}],"wp:term":[{"taxonomy":"category","embeddable":true,"href":"https:\/\/ifamnews.com\/es\/wp-json\/wp\/v2\/categories?post=161529"},{"taxonomy":"post_tag","embeddable":true,"href":"https:\/\/ifamnews.com\/es\/wp-json\/wp\/v2\/tags?post=161529"}],"curies":[{"name":"wp","href":"https:\/\/api.w.org\/{rel}","templated":true}]}}