{"id":154603,"date":"2022-08-15T01:00:00","date_gmt":"2022-08-15T05:00:00","guid":{"rendered":"https:\/\/ifamnews.com\/?p=154603"},"modified":"2022-08-10T13:21:22","modified_gmt":"2022-08-10T17:21:22","slug":"el-aborto-en-ee-uu-difusi-n-de-falsedades-para-fomentar-el-odio","status":"publish","type":"post","link":"https:\/\/ifamnews.com\/es\/el-aborto-en-ee-uu-difusi-n-de-falsedades-para-fomentar-el-odio","title":{"rendered":"El aborto en EE.UU. Difusi\u00f3n de falsedades para fomentar el odio"},"content":{"rendered":"\n<figure class=\"wp-block-pullquote\"><blockquote><p>Nos complace volver a publicar un art\u00edculo de Marija Staji\u0107, coeditora de IFN Serbia y colaboradora habitual nuestra. El art\u00edculo se public\u00f3 originalmente en la edici\u00f3n impresa, seguida de la digital, del m\u00e1s antiguo y renombrado diario serbio \u00abPolitika\u00bb, en relaci\u00f3n con la anulaci\u00f3n de la hist\u00f3rica sentencia del Tribunal Supremo de Estados Unidos en el caso Roe contra Wade.<\/p><cite>Editorial de iFamNews<\/cite><\/blockquote><\/figure>\n\n\n\n<p>Desde principios de mayo y la filtraci\u00f3n del borrador de la decisi\u00f3n que se hizo p\u00fablica el 24 de junio, los c\u00edrculos liberales entraron en p\u00e1nico, las feministas se indignaron, y expresaron su descontento con protestas, ataques a centros de crisis de embarazo, concentraciones frente a las casas de los jueces del Tribunal Supremo, e incluso un intento de asesinar al juez Kavanaugh.<\/p>\n\n\n\n<p>Los medios de comunicaci\u00f3n serbios tambi\u00e9n cubrieron mucho el tema, lamentablemente, difundiendo en su mayor\u00eda falsedades y medias verdades en el proceso. Es decir, no es cierto que al anular Roe se suprima el \u00abderecho al aborto\u00bb, sino que ahora vuelve a la jurisdicci\u00f3n de los estados individuales, siendo probable que 22 de ellos introduzcan restricciones al aborto y 24 mantengan leyes liberales sobre el mismo (de \u00e9stos, cinco estados ya han adoptado leyes de aborto extremadamente liberales). Asustar a la opini\u00f3n p\u00fablica con el \u00abterror de una minor\u00eda religiosa fan\u00e1tica y de hombres privilegiados\u00bb, como hemos tenido ocasi\u00f3n de leer en la prensa, es rid\u00edculo y malintencionado, sobre todo si sabemos que siete de los nueve jueces blancos del Tribunal Supremo han votado a favor de la legalizaci\u00f3n del aborto, mientras que hoy se ha producido una decisi\u00f3n diferente por parte del tribunal, que tambi\u00e9n incluye a mujeres (una puertorrique\u00f1a y una blanca) y a un hombre afroamericano. \u00bfC\u00f3mo es esto del terror de los \u00absupremacistas blancos\u00bb y los \u00abhombres privilegiados\u00bb?<\/p>\n\n\n\n<p>Los medios de comunicaci\u00f3n tambi\u00e9n se han apresurado a informar de falsedades, como las acusaciones falsas sobre el juez Brett Kavanagh, que fue absuelto de las acusaciones de haber abusado de sus compa\u00f1eras en la universidad, ya que no estaban probadas y se basaban en las declaraciones orales de las supuestas v\u00edctimas, una de las cuales admiti\u00f3 m\u00e1s tarde haber afirmado falsamente que hab\u00eda sido violada.<\/p>\n\n\n\n<p>El siguiente elemento susceptible de ser manipulado son las cifras de la opini\u00f3n p\u00fablica. En contra de las afirmaciones que pudimos leer en los medios de comunicaci\u00f3n (por ejemplo, que el 58% de la gente est\u00e1 a favor del \u00abderecho al aborto\u00bb y el 28% en contra), una encuesta de Gallup mostr\u00f3 que casi la mitad de las mujeres estadounidenses apoyan el derecho a la vida; otra encuesta revel\u00f3 que seis de cada diez estadounidenses est\u00e1n a favor de limitar el aborto al primer trimestre. Seg\u00fan el Centro de Investigaci\u00f3n \u00abPew\u00bb, s\u00f3lo el 19% de los estadounidenses quiere un acceso sin restricciones al aborto hasta el nacimiento, sin excepciones ni restricciones. Si la mitad del p\u00fablico estadounidense est\u00e1 a favor del aborto y la otra mitad est\u00e1 a favor del derecho a la vida, no se puede hablar de ning\u00fan \u00abterror de una minor\u00eda religiosa fan\u00e1tica\u00bb, ni se puede decir que \u00abla mayor\u00eda en el tribunal sigue estando formada por la minor\u00eda estadounidense\u00bb. El hecho de que alguien tenga una opini\u00f3n diferente sobre un tema no significa que sea un fan\u00e1tico, por no hablar de la etiqueta de \u00abreligiosidad\u00bb. \u00bfC\u00f3mo son exactamente organizaciones como \u00abFeministas por la Vida\u00bb, \u00abAlianza Pro-Vida de Gays y Lesbianas\u00bb, \u00abPro-Vida Secular\u00bb, etc.? -\u00bfreligioso?<\/p>\n\n\n\n<p>Que la anulaci\u00f3n de Roe \u00abhar\u00e1 retroceder a Estados Unidos medio siglo\u00bb s\u00f3lo lo puede decir alguien cuyo objetivo es sembrar el p\u00e1nico e intimidar. Al revocar esa decisi\u00f3n, Estados Unidos est\u00e1 dando un paso adelante, de acuerdo con los \u00faltimos logros cient\u00edficos. En concreto, la decisi\u00f3n Roe se tom\u00f3 antes de que se generalizara el uso de la ecograf\u00eda y el inmenso desarrollo de la fetolog\u00eda, as\u00ed como antes del nacimiento de la psicolog\u00eda prenatal y perinatal. Los nuevos conocimientos cient\u00edficos sobre el desarrollo psicof\u00edsico del feto confirman inequ\u00edvocamente que es una persona y no una \u00abparte del cuerpo de la madre\u00bb. Anular Roe significa corregir un error hist\u00f3rico y una injusticia, tanto en lo que respecta a los beb\u00e9s perdidos como a sus madres.<\/p>\n\n\n\n<p>Demasiadas mujeres dicen que no estaban suficientemente informadas sobre el aborto, y que no lo habr\u00edan elegido si hubieran sabido lo que realmente implica. Las mujeres tienen derecho a ser informadas sobre todos los aspectos de cualquier procedimiento que se les proponga para poder tomar la mejor decisi\u00f3n para ellas. Al ocultar la verdad sobre el aborto y deshumanizar a los beb\u00e9s no nacidos, cometemos una injusticia con las mujeres por cuyos derechos tanto abogamos.<\/p>\n\n\n\n<p>Adem\u00e1s, leemos en los medios de comunicaci\u00f3n que los que apoyan el derecho a la vida \u00abs\u00f3lo quieren que los ni\u00f1os nazcan\u00bb y no se preocupan por ellos despu\u00e9s, lo cual es una absoluta mentira. Por eso, los defensores del aborto demuestran lo mucho que les importan las mujeres y, para protestar contra la decisi\u00f3n del tribunal, durante los \u00faltimos 46 d\u00edas han vandalizado, destruido e incendiado hasta 52 centros de crisis del embarazo, donde las mujeres embarazadas reciben ex\u00e1menes y ecograf\u00edas gratuitas, material para el beb\u00e9, derivaciones al hospital e incluso tipos de ayuda m\u00e1s permanentes, como educaci\u00f3n y asistencia para el empleo.<\/p>\n\n\n\n<p>Los beb\u00e9s negros son abortados casi cinco veces m\u00e1s que los blancos. Detr\u00e1s del apoyo a un acceso m\u00e1s f\u00e1cil al aborto para las mujeres pobres de color est\u00e1n la eugenesia y el racismo, que se remontan a la fundadora de Planned Parenthood, Margaret Sanger. Y detr\u00e1s de la postura de que el aborto es necesario para las mujeres se encuentra la misoginia, que dice que las mujeres son incapaces de terminar la escuela, construir una carrera y llevar una vida satisfactoria y tener un beb\u00e9 al mismo tiempo. El verdadero feminismo sabe que las mujeres son capaces, inteligentes y fuertes para hacer todas esas cosas y tener un beb\u00e9, y la tarea de la sociedad es ayudarlas en esto.<\/p>\n\n\n\n<p>Desgraciadamente, el enfoque unilateral de la informaci\u00f3n en los medios de comunicaci\u00f3n serbios hace que los lectores locales no est\u00e9n informados de la multitud de organizaciones provida de EE.UU. que llevan d\u00e9cadas ayudando a las mujeres en crisis de embarazo, y que en las \u00faltimas semanas se han preparado a\u00fan m\u00e1s intensamente para este momento. Saben que su trabajo no termina aqu\u00ed, sino que acaba de empezar, y prometen redoblar sus esfuerzos para seguir ayudando a las mujeres, los ni\u00f1os y las familias. El aborto no desaparecer\u00e1 ahora, pero al menos morir\u00e1n muchos menos beb\u00e9s en el vientre materno, y depende de nosotros construir una sociedad en la que todos los beb\u00e9s sean bienvenidos.<\/p>\n","protected":false},"excerpt":{"rendered":"<p>El 24 de junio, Estados Unidos sufri\u00f3 un terremoto de una magnitud sin precedentes: el Tribunal Supremo de Estados Unidos anul\u00f3 la hist\u00f3rica sentencia del caso Roe contra Wade, que en 1973 legaliz\u00f3 el aborto a nivel federal.<\/p>\n","protected":false},"author":101,"featured_media":151357,"comment_status":"open","ping_status":"open","sticky":false,"template":"","format":"standard","meta":{"give_campaign_id":0,"om_disable_all_campaigns":false,"_monsterinsights_skip_tracking":false,"_monsterinsights_sitenote_active":false,"_monsterinsights_sitenote_note":"","_monsterinsights_sitenote_category":0,"mc4wp_mailchimp_campaign":[],"jnews-multi-image_gallery":[],"jnews_single_post":{"subtitle":"El 24 de junio, Estados Unidos sufri\u00f3 un terremoto de una magnitud sin precedentes: el Tribunal Supremo de Estados Unidos anul\u00f3 la hist\u00f3rica sentencia del caso Roe contra Wade, que en 1973 legaliz\u00f3 el aborto a nivel federal","format":"standard","video":"","gallery":"","source_name":"","source_url":"","via_name":"","via_url":"","override":[{"template":"1","single_blog_custom":"","parallax":"1","fullscreen":"1","layout":"right-sidebar","sidebar":"default-sidebar","second_sidebar":"default-sidebar","sticky_sidebar":"1","share_position":"top","share_float_style":"share-monocrhome","show_share_counter":"1","show_view_counter":"1","show_featured":"1","show_post_meta":"1","show_post_author":"1","show_post_author_image":"1","show_post_date":"1","post_date_format":"default","post_date_format_custom":"Y\/m\/d","show_post_category":"1","post_reading_time_wpm":"300","zoom_button_out_step":"2","zoom_button_in_step":"3","show_post_tag":"1","show_prev_next_post":"1","show_popup_post":"1","number_popup_post":"1"}],"image_override":[{"single_post_thumbnail_size":"crop-500","single_post_gallery_size":"crop-500"}],"trending_post_position":"meta","trending_post_label":"Trending","sponsored_post_label":"Sponsored by","sponsored_post_name":"","sponsored_post_url":"","sponsored_post_logo":"","sponsored_post_desc":""},"jnews_primary_category":{"id":""},"jnews_social_meta":{"fb_title":"","fb_description":"","fb_image":"","twitter_title":"","twitter_description":"","twitter_image":""},"jnews_override_counter":{"override_view_counter":"1","view_counter_number":"0","share_counter_number":"0","like_counter_number":"0","dislike_counter_number":"0"},"footnotes":""},"categories":[810,773,815],"tags":[13755,10685,15310,19322,11158],"class_list":["post-154603","post","type-post","status-publish","format-standard","has-post-thumbnail","hentry","category-foreground-es","category-politica","category-breaking-news-es","tag-derecho-a-la-vida","tag-dobbs-v-jackson-womens-health-organization","tag-ee-uu","tag-legislacion-sobre-el-aborto","tag-tribunal-supremo-de-ee-uu"],"yoast_head":"<!-- This site is optimized with the Yoast SEO Premium plugin v25.9 (Yoast SEO v27.3) - https:\/\/yoast.com\/product\/yoast-seo-premium-wordpress\/ -->\n<title>El aborto en EE.UU. Difusi\u00f3n de falsedades para fomentar el odio - IFN<\/title>\n<meta name=\"description\" content=\"Que la anulaci\u00f3n del caso Roe haga retroceder a EEUU medio siglo, solo lo puede decir alguien cuyo objetivo es intimidar y sembrar el p\u00e1nico\" \/>\n<meta name=\"robots\" content=\"index, follow, max-snippet:-1, max-image-preview:large, max-video-preview:-1\" \/>\n<link rel=\"canonical\" href=\"https:\/\/ifamnews.com\/es\/el-aborto-en-ee-uu-difusi-n-de-falsedades-para-fomentar-el-odio\" \/>\n<meta property=\"og:locale\" content=\"es_ES\" \/>\n<meta property=\"og:type\" content=\"article\" \/>\n<meta property=\"og:title\" content=\"El aborto en EE.UU. Difusi\u00f3n de falsedades para fomentar el odio\" \/>\n<meta property=\"og:description\" content=\"Que la anulaci\u00f3n del caso Roe haga retroceder a EEUU medio siglo, solo lo puede decir alguien cuyo objetivo es intimidar y sembrar el p\u00e1nico\" \/>\n<meta property=\"og:url\" content=\"https:\/\/ifamnews.com\/es\/el-aborto-en-ee-uu-difusi-n-de-falsedades-para-fomentar-el-odio\" \/>\n<meta property=\"og:site_name\" content=\"IFN\" \/>\n<meta property=\"article:publisher\" content=\"https:\/\/www.facebook.com\/iFamNews\" \/>\n<meta property=\"article:author\" content=\"https:\/\/facebook.com\/stajic.marija\" \/>\n<meta property=\"article:published_time\" content=\"2022-08-15T05:00:00+00:00\" \/>\n<meta property=\"og:image\" content=\"https:\/\/ifamnews.com\/wp-content\/uploads\/2022\/07\/677z381_protest-amer-1.jpg\" \/>\n\t<meta property=\"og:image:width\" content=\"1200\" \/>\n\t<meta property=\"og:image:height\" content=\"675\" \/>\n\t<meta property=\"og:image:type\" content=\"image\/jpeg\" \/>\n<meta name=\"author\" content=\"Marija Staji\u0107\" \/>\n<meta name=\"twitter:card\" content=\"summary_large_image\" \/>\n<meta name=\"twitter:creator\" content=\"@https:\/\/twitter.com\/NienorMaiden\" \/>\n<meta name=\"twitter:site\" content=\"@iFamNewsEN\" \/>\n<meta name=\"twitter:label1\" content=\"Escrito por\" \/>\n\t<meta name=\"twitter:data1\" content=\"Marija Staji\u0107\" \/>\n\t<meta name=\"twitter:label2\" content=\"Tiempo de lectura\" \/>\n\t<meta name=\"twitter:data2\" content=\"5 minutos\" \/>\n<!-- \/ Yoast SEO Premium plugin. -->","yoast_head_json":{"title":"El aborto en EE.UU. Difusi\u00f3n de falsedades para fomentar el odio - IFN","description":"Que la anulaci\u00f3n del caso Roe haga retroceder a EEUU medio siglo, solo lo puede decir alguien cuyo objetivo es intimidar y sembrar el p\u00e1nico","robots":{"index":"index","follow":"follow","max-snippet":"max-snippet:-1","max-image-preview":"max-image-preview:large","max-video-preview":"max-video-preview:-1"},"canonical":"https:\/\/ifamnews.com\/es\/el-aborto-en-ee-uu-difusi-n-de-falsedades-para-fomentar-el-odio","og_locale":"es_ES","og_type":"article","og_title":"El aborto en EE.UU. Difusi\u00f3n de falsedades para fomentar el odio","og_description":"Que la anulaci\u00f3n del caso Roe haga retroceder a EEUU medio siglo, solo lo puede decir alguien cuyo objetivo es intimidar y sembrar el p\u00e1nico","og_url":"https:\/\/ifamnews.com\/es\/el-aborto-en-ee-uu-difusi-n-de-falsedades-para-fomentar-el-odio","og_site_name":"IFN","article_publisher":"https:\/\/www.facebook.com\/iFamNews","article_author":"https:\/\/facebook.com\/stajic.marija","article_published_time":"2022-08-15T05:00:00+00:00","og_image":[{"width":1200,"height":675,"url":"https:\/\/ifamnews.com\/wp-content\/uploads\/2022\/07\/677z381_protest-amer-1.jpg","type":"image\/jpeg"}],"author":"Marija Staji\u0107","twitter_card":"summary_large_image","twitter_creator":"@https:\/\/twitter.com\/NienorMaiden","twitter_site":"@iFamNewsEN","twitter_misc":{"Escrito por":"Marija Staji\u0107","Tiempo de lectura":"5 minutos"},"schema":{"@context":"https:\/\/schema.org","@graph":[{"@type":"NewsArticle","@id":"https:\/\/ifamnews.com\/es\/el-aborto-en-ee-uu-difusi-n-de-falsedades-para-fomentar-el-odio#article","isPartOf":{"@id":"https:\/\/ifamnews.com\/es\/el-aborto-en-ee-uu-difusi-n-de-falsedades-para-fomentar-el-odio"},"author":{"name":"Marija Staji\u0107","@id":"https:\/\/ifamnews.com\/en\/#\/schema\/person\/ff55fd7a19a70d5e04f07bd82a306371"},"headline":"El aborto en EE.UU. Difusi\u00f3n de falsedades para fomentar el odio","datePublished":"2022-08-15T05:00:00+00:00","mainEntityOfPage":{"@id":"https:\/\/ifamnews.com\/es\/el-aborto-en-ee-uu-difusi-n-de-falsedades-para-fomentar-el-odio"},"wordCount":1212,"commentCount":0,"publisher":{"@id":"https:\/\/ifamnews.com\/en\/#organization"},"image":{"@id":"https:\/\/ifamnews.com\/es\/el-aborto-en-ee-uu-difusi-n-de-falsedades-para-fomentar-el-odio#primaryimage"},"thumbnailUrl":"https:\/\/ifamnews.com\/wp-content\/uploads\/2022\/07\/677z381_protest-amer-1.jpg","keywords":["derecho a la vida","Dobbs v. Jackson Women&#039;s Health Organization","EE.UU.","legislaci\u00f3n sobre el aborto","Tribunal Supremo de EE.UU."],"articleSection":["Foreground","Pol\u00edtica","\u00daLTIMAS NOTICIAS"],"inLanguage":"es","potentialAction":[{"@type":"CommentAction","name":"Comment","target":["https:\/\/ifamnews.com\/es\/el-aborto-en-ee-uu-difusi-n-de-falsedades-para-fomentar-el-odio#respond"]}]},{"@type":"WebPage","@id":"https:\/\/ifamnews.com\/es\/el-aborto-en-ee-uu-difusi-n-de-falsedades-para-fomentar-el-odio","url":"https:\/\/ifamnews.com\/es\/el-aborto-en-ee-uu-difusi-n-de-falsedades-para-fomentar-el-odio","name":"El aborto en EE.UU. Difusi\u00f3n de falsedades para fomentar el odio - IFN","isPartOf":{"@id":"https:\/\/ifamnews.com\/en\/#website"},"primaryImageOfPage":{"@id":"https:\/\/ifamnews.com\/es\/el-aborto-en-ee-uu-difusi-n-de-falsedades-para-fomentar-el-odio#primaryimage"},"image":{"@id":"https:\/\/ifamnews.com\/es\/el-aborto-en-ee-uu-difusi-n-de-falsedades-para-fomentar-el-odio#primaryimage"},"thumbnailUrl":"https:\/\/ifamnews.com\/wp-content\/uploads\/2022\/07\/677z381_protest-amer-1.jpg","datePublished":"2022-08-15T05:00:00+00:00","description":"Que la anulaci\u00f3n del caso Roe haga retroceder a EEUU medio siglo, solo lo puede decir alguien cuyo objetivo es intimidar y sembrar el p\u00e1nico","breadcrumb":{"@id":"https:\/\/ifamnews.com\/es\/el-aborto-en-ee-uu-difusi-n-de-falsedades-para-fomentar-el-odio#breadcrumb"},"inLanguage":"es","potentialAction":[{"@type":"ReadAction","target":["https:\/\/ifamnews.com\/es\/el-aborto-en-ee-uu-difusi-n-de-falsedades-para-fomentar-el-odio"]}]},{"@type":"ImageObject","inLanguage":"es","@id":"https:\/\/ifamnews.com\/es\/el-aborto-en-ee-uu-difusi-n-de-falsedades-para-fomentar-el-odio#primaryimage","url":"https:\/\/ifamnews.com\/wp-content\/uploads\/2022\/07\/677z381_protest-amer-1.jpg","contentUrl":"https:\/\/ifamnews.com\/wp-content\/uploads\/2022\/07\/677z381_protest-amer-1.jpg","width":1200,"height":675,"caption":"Protesta de defensores del derecho al aborto, Atlanta, EE.UU. (EPA\/Eric S. Lesser)"},{"@type":"BreadcrumbList","@id":"https:\/\/ifamnews.com\/es\/el-aborto-en-ee-uu-difusi-n-de-falsedades-para-fomentar-el-odio#breadcrumb","itemListElement":[{"@type":"ListItem","position":1,"name":"Home","item":"https:\/\/ifamnews.com\/de"},{"@type":"ListItem","position":2,"name":"Politik","item":"https:\/\/ifamnews.com\/de\/kategorie\/politik"},{"@type":"ListItem","position":3,"name":"El aborto en EE.UU. Difusi\u00f3n de falsedades para fomentar el odio"}]},{"@type":"WebSite","@id":"https:\/\/ifamnews.com\/en\/#website","url":"https:\/\/ifamnews.com\/en\/","name":"IFN","description":"International Family News Network","publisher":{"@id":"https:\/\/ifamnews.com\/en\/#organization"},"potentialAction":[{"@type":"SearchAction","target":{"@type":"EntryPoint","urlTemplate":"https:\/\/ifamnews.com\/en\/?s={search_term_string}"},"query-input":{"@type":"PropertyValueSpecification","valueRequired":true,"valueName":"search_term_string"}}],"inLanguage":"es"},{"@type":"Organization","@id":"https:\/\/ifamnews.com\/en\/#organization","name":"iFamNews","url":"https:\/\/ifamnews.com\/en\/","logo":{"@type":"ImageObject","inLanguage":"es","@id":"https:\/\/ifamnews.com\/en\/#\/schema\/logo\/image\/","url":"https:\/\/ifamnews.com\/wp-content\/uploads\/2020\/01\/Share-logo.png","contentUrl":"https:\/\/ifamnews.com\/wp-content\/uploads\/2020\/01\/Share-logo.png","width":200,"height":200,"caption":"iFamNews"},"image":{"@id":"https:\/\/ifamnews.com\/en\/#\/schema\/logo\/image\/"},"sameAs":["https:\/\/www.facebook.com\/iFamNews","https:\/\/x.com\/iFamNewsEN"]},{"@type":"Person","@id":"https:\/\/ifamnews.com\/en\/#\/schema\/person\/ff55fd7a19a70d5e04f07bd82a306371","name":"Marija Staji\u0107","image":{"@type":"ImageObject","inLanguage":"es","@id":"https:\/\/secure.gravatar.com\/avatar\/2829a57bf52a9f1e1c978c15978600970b09b760c2a0057533c0e8598773eacf?s=96&d=mm&r=g","url":"https:\/\/secure.gravatar.com\/avatar\/2829a57bf52a9f1e1c978c15978600970b09b760c2a0057533c0e8598773eacf?s=96&d=mm&r=g","contentUrl":"https:\/\/secure.gravatar.com\/avatar\/2829a57bf52a9f1e1c978c15978600970b09b760c2a0057533c0e8598773eacf?s=96&d=mm&r=g","caption":"Marija Staji\u0107"},"description":"Marija Stajic is a co-editor of The Orthodox Christian Parent web portal, board member at Belgrade-based Pro-Life Centre charitable organisation, and member of the Serbian Scientific Centre. She holds an M.A. in English Language and Literature, and has extensive experience in translation and interpreting. She writes, edits and translates pieces on family-related and human rights issues, including freedom of speech, freedom of religion, and bioethical issues, such as abortion and euthanasia. Marija is the author of Roe v.Wade: social circumstances that led to the legalisation of abortion in the USA, the first published scientific paper in Serbia about the landmark SCOTUS decision. She is very passionate about women\u2019s reproductive health and is the first licenced FEMM educator in Serbia. She launched her personal website on fertility awareness Profemme.","sameAs":["https:\/\/facebook.com\/stajic.marija","https:\/\/x.com\/https:\/\/twitter.com\/NienorMaiden"],"url":"https:\/\/ifamnews.com\/es\/author\/marija-stajic"}]}},"amp_enabled":true,"_links":{"self":[{"href":"https:\/\/ifamnews.com\/es\/wp-json\/wp\/v2\/posts\/154603","targetHints":{"allow":["GET"]}}],"collection":[{"href":"https:\/\/ifamnews.com\/es\/wp-json\/wp\/v2\/posts"}],"about":[{"href":"https:\/\/ifamnews.com\/es\/wp-json\/wp\/v2\/types\/post"}],"author":[{"embeddable":true,"href":"https:\/\/ifamnews.com\/es\/wp-json\/wp\/v2\/users\/101"}],"replies":[{"embeddable":true,"href":"https:\/\/ifamnews.com\/es\/wp-json\/wp\/v2\/comments?post=154603"}],"version-history":[{"count":5,"href":"https:\/\/ifamnews.com\/es\/wp-json\/wp\/v2\/posts\/154603\/revisions"}],"predecessor-version":[{"id":156443,"href":"https:\/\/ifamnews.com\/es\/wp-json\/wp\/v2\/posts\/154603\/revisions\/156443"}],"wp:featuredmedia":[{"embeddable":true,"href":"https:\/\/ifamnews.com\/es\/wp-json\/wp\/v2\/media\/151357"}],"wp:attachment":[{"href":"https:\/\/ifamnews.com\/es\/wp-json\/wp\/v2\/media?parent=154603"}],"wp:term":[{"taxonomy":"category","embeddable":true,"href":"https:\/\/ifamnews.com\/es\/wp-json\/wp\/v2\/categories?post=154603"},{"taxonomy":"post_tag","embeddable":true,"href":"https:\/\/ifamnews.com\/es\/wp-json\/wp\/v2\/tags?post=154603"}],"curies":[{"name":"wp","href":"https:\/\/api.w.org\/{rel}","templated":true}]}}