{"id":145762,"date":"2022-06-02T01:00:00","date_gmt":"2022-06-02T05:00:00","guid":{"rendered":"https:\/\/ifamnews.com\/?p=145762"},"modified":"2022-05-30T13:14:54","modified_gmt":"2022-05-30T17:14:54","slug":"los-gobiernos-que-apuestan-por-la-vida-la-familia-y-la-libertad-tienen-un-alto-impacto-social-se-ala-la-cumbre-transatl-ntica","status":"publish","type":"post","link":"https:\/\/ifamnews.com\/es\/los-gobiernos-que-apuestan-por-la-vida-la-familia-y-la-libertad-tienen-un-alto-impacto-social-se-ala-la-cumbre-transatl-ntica","title":{"rendered":"Los gobiernos que apuestan por la vida, la familia y la libertad tienen un alto impacto social"},"content":{"rendered":"\n<p>Implementar pol\u00edticas p\u00fablicas que custodian la vida, y fortalecen la familia y la libertad, genera un alto impacto social, coincidieron los altos funcionarios del Gobierno H\u00fangaro que participaron en la reciente Cumbre Transatl\u00e1ntica que se celebr\u00f3 en Budapest.<\/p>\n\n\n\n<p>La Political Network for Values (PNfV) ha reunido en la Academia H\u00fangara de las Ciencias, el pasado 26 y 27 de mayo, a cerca de 300 representantes pol\u00edticos, legisladores y l\u00edderes de organizaciones ciudadanas e intelectuales de Am\u00e9rica, \u00c1frica y Europa.<\/p>\n\n\n\n<p><strong>Luz Keila Gramajo<\/strong>, secretaria de Planificaci\u00f3n y Programaci\u00f3n de la Presidencia de Guatemala, expuso la amplia e innovadora Pol\u00edtica P\u00fablica de Protecci\u00f3n a la Vida y el Marco Institucional de la Familia, integrada por 99 programas interconectados para potenciar el desarrollo integral.<\/p>\n\n\n\n<div class=\"wp-block-image\"><figure class=\"aligncenter size-large is-resized\"><img decoding=\"async\" src=\"https:\/\/ifamnews.com\/wp-content\/uploads\/2022\/05\/Luz-Keila-Gramajo-1024x683.png\" alt=\"\" class=\"wp-image-145816\" width=\"-647\" height=\"-431\" srcset=\"https:\/\/ifamnews.com\/wp-content\/uploads\/2022\/05\/Luz-Keila-Gramajo-1024x683.png 1024w, https:\/\/ifamnews.com\/wp-content\/uploads\/2022\/05\/Luz-Keila-Gramajo-768x512.png 768w, https:\/\/ifamnews.com\/wp-content\/uploads\/2022\/05\/Luz-Keila-Gramajo-750x500.png 750w, https:\/\/ifamnews.com\/wp-content\/uploads\/2022\/05\/Luz-Keila-Gramajo-1140x760.png 1140w, https:\/\/ifamnews.com\/wp-content\/uploads\/2022\/05\/Luz-Keila-Gramajo.png 1200w\" sizes=\"(max-width: 1024px) 100vw, 1024px\" \/><figcaption> <strong>Luz Keila Gramajo<\/strong><\/figcaption><\/figure><\/div>\n\n\n\n<p>Con ella, el presidente Alejandro Giammattei acata los primeros 3 art\u00edculos de la Constituci\u00f3n nacional, que determinan expl\u00edcitamente la protecci\u00f3n de la persona, de la familia y del derecho a la vida desde la concepci\u00f3n.<\/p>\n\n\n\n<p>Gramajo dijo que Guatemala tiene un s\u00f3lido compromiso de proteger la vida y la familia, con atenci\u00f3n especial a las personas m\u00e1s vulnerables del pa\u00eds. \u201cEste es un deber moral del Estado. El derecho garantiza el poder y con el poder debemos garantizar los derechos de nuestro pueblo, a toda costa\u201d, dijo.<\/p>\n\n\n\n<p>El abordaje del gobierno guatemalteco, de alguna forma, sigue los paso de la exitosa pol\u00edtica familiar de Hungr\u00eda, que ha comprobado tener un impacto social consistente, con efectiva incidencia cultural y una innegable popularidad. No en vano, el primer ministro Viktor Orb\u00e1n acaba de refrendar su gobierno por cuarta ocasi\u00f3n.<\/p>\n\n\n\n<p>La viceministra h\u00fangara <strong>Eszter Vit\u00e1lyos<\/strong> explic\u00f3 que una pieza fundamental del gobierno son las pol\u00edticas p\u00fablicas para fortalecimiento de la familia y el crecimiento demogr\u00e1fico, que respetan la libertad de los matrimonios, y contribuyen a despejar los obst\u00e1culos econ\u00f3micos de forma muy concreta sin clientelismo. \u201cPara nosotros la protecci\u00f3n a la familia es clave, y los resultados muestran que vamos por el camino correcto\u201d, subray\u00f3.<\/p>\n\n\n\n<div class=\"wp-block-image\"><figure class=\"aligncenter size-large is-resized\"><img decoding=\"async\" src=\"https:\/\/ifamnews.com\/wp-content\/uploads\/2022\/05\/Eszter-Vitalyos-1024x683.png\" alt=\"\" class=\"wp-image-145800\" width=\"-663\" height=\"-441\" srcset=\"https:\/\/ifamnews.com\/wp-content\/uploads\/2022\/05\/Eszter-Vitalyos-1024x683.png 1024w, https:\/\/ifamnews.com\/wp-content\/uploads\/2022\/05\/Eszter-Vitalyos-768x512.png 768w, https:\/\/ifamnews.com\/wp-content\/uploads\/2022\/05\/Eszter-Vitalyos-750x500.png 750w, https:\/\/ifamnews.com\/wp-content\/uploads\/2022\/05\/Eszter-Vitalyos-1140x760.png 1140w, https:\/\/ifamnews.com\/wp-content\/uploads\/2022\/05\/Eszter-Vitalyos.png 1200w\" sizes=\"(max-width: 1024px) 100vw, 1024px\" \/><figcaption>  <strong>Eszter Vit\u00e1lyos<\/strong> <\/figcaption><\/figure><\/div>\n\n\n\n<p><strong>\u00c1ngela Gandra<\/strong>, secretaria Nacional de Justicia de Brasil, present\u00f3 el paquete de pol\u00edticas p\u00fablicas que lleva a cabo y subray\u00f3 que todas parten de una propuesta antropol\u00f3gica clara que coloca en el centro la dignidad de la persona, libre y responsable.<\/p>\n\n\n\n<div class=\"wp-block-image\"><figure class=\"aligncenter size-large is-resized\"><img decoding=\"async\" src=\"https:\/\/ifamnews.com\/wp-content\/uploads\/2022\/05\/Angela-Gandra-1024x683.png\" alt=\"\" class=\"wp-image-145792\" width=\"662\" height=\"442\" srcset=\"https:\/\/ifamnews.com\/wp-content\/uploads\/2022\/05\/Angela-Gandra-1024x683.png 1024w, https:\/\/ifamnews.com\/wp-content\/uploads\/2022\/05\/Angela-Gandra-768x512.png 768w, https:\/\/ifamnews.com\/wp-content\/uploads\/2022\/05\/Angela-Gandra-750x500.png 750w, https:\/\/ifamnews.com\/wp-content\/uploads\/2022\/05\/Angela-Gandra-1140x760.png 1140w, https:\/\/ifamnews.com\/wp-content\/uploads\/2022\/05\/Angela-Gandra.png 1200w\" sizes=\"(max-width: 662px) 100vw, 662px\" \/><figcaption>\u00c1ngela Gandra<\/figcaption><\/figure><\/div>\n\n\n\n<p>Explic\u00f3 que la libertad est\u00e1 en la base de la construcci\u00f3n de las sociedades democr\u00e1ticas; y que el Estado tiene la obligaci\u00f3n de garantizar la libertad de todos los ciudadanos. \u201cLa familia es la escuela por excelencia de la libertad, proteger la familia es proteger la libertad\u201d, apunt\u00f3.\u00e7<\/p>\n\n\n\n<p><strong>Erwin Ronquillo<\/strong>, secretario del Programa Ecuador Crece Sin Desnutrici\u00f3n se\u00f1al\u00f3 que el presidente Guillermo Lasso se comprometi\u00f3 a que, a diferencia de lo que acontec\u00eda con administraciones anteriores, cada madre y cada ni\u00f1o del Ecuador tenga una atenci\u00f3n adecuada de su gobierno. El programa a su cargo es la respuesta a ese compromiso.<\/p>\n\n\n\n<div class=\"wp-block-image\"><figure class=\"aligncenter size-large is-resized\"><img decoding=\"async\" src=\"https:\/\/ifamnews.com\/wp-content\/uploads\/2022\/05\/Erwin-Ronquillo-1024x683.png\" alt=\"\" class=\"wp-image-145808\" width=\"658\" height=\"439\" srcset=\"https:\/\/ifamnews.com\/wp-content\/uploads\/2022\/05\/Erwin-Ronquillo-1024x683.png 1024w, https:\/\/ifamnews.com\/wp-content\/uploads\/2022\/05\/Erwin-Ronquillo-768x512.png 768w, https:\/\/ifamnews.com\/wp-content\/uploads\/2022\/05\/Erwin-Ronquillo-750x500.png 750w, https:\/\/ifamnews.com\/wp-content\/uploads\/2022\/05\/Erwin-Ronquillo-1140x760.png 1140w, https:\/\/ifamnews.com\/wp-content\/uploads\/2022\/05\/Erwin-Ronquillo.png 1200w\" sizes=\"(max-width: 658px) 100vw, 658px\" \/><figcaption>  <strong>Eszter Vit\u00e1lyos<\/strong><\/figcaption><\/figure><\/div>\n\n\n\n<p>Explic\u00f3 que la iniciativa se centra en los mil primeros de la vida que van desde la concepci\u00f3n hasta los dos a\u00f1os. La identificaci\u00f3n temprana de madres embarazadas asegura la entrega adecuada de los servicios desde el comienzo, y grantiza un embarazo, parto y crianza seguras. Esto no es una d\u00e1diva, sino un derecho, y el primer frente de batalla contra la desnutrici\u00f3n.<\/p>\n\n\n\n<p>La IV Cumbre Transatl\u00e1ntica concluy\u00f3 el 27 de mayo. La PNfV es una red internacional de representantes pol\u00edticos que promueven y defienden la vida, la familia y las libertades fundamentales. Para conocer m\u00e1s la red visite la p\u00e1gina web www.politicalnetworkforvalues.org<\/p>\n","protected":false},"excerpt":{"rendered":"<p>La IV Cumbre Transatl\u00e1ntica concluy\u00f3 el 27 de mayo. La PNfV es una red internacional de representantes pol\u00edticos que promueven y defienden la vida, la familia y las libertades fundamentales<\/p>\n","protected":false},"author":593,"featured_media":145784,"comment_status":"open","ping_status":"open","sticky":false,"template":"","format":"standard","meta":{"give_campaign_id":0,"om_disable_all_campaigns":false,"_monsterinsights_skip_tracking":false,"_monsterinsights_sitenote_active":false,"_monsterinsights_sitenote_note":"","_monsterinsights_sitenote_category":0,"mc4wp_mailchimp_campaign":[],"jnews-multi-image_gallery":[],"jnews_single_post":{"subtitle":"La IV Cumbre Transatl\u00e1ntica concluy\u00f3 el 27 de mayo. La PNfV es una red internacional de representantes pol\u00edticos que promueven y defienden la vida, la familia y las libertades fundamentales","format":"standard","video":"","gallery":"","source_name":"","source_url":"","via_name":"","via_url":"","override":[{"template":"1","single_blog_custom":"","parallax":"1","fullscreen":"1","layout":"right-sidebar","sidebar":"default-sidebar","second_sidebar":"default-sidebar","sticky_sidebar":"1","share_position":"top","share_float_style":"share-monocrhome","show_share_counter":"1","show_view_counter":"1","show_featured":"1","show_post_meta":"1","show_post_author":"1","show_post_author_image":"1","show_post_date":"1","post_date_format":"default","post_date_format_custom":"Y\/m\/d","show_post_category":"1","post_reading_time_wpm":"300","zoom_button_out_step":"2","zoom_button_in_step":"3","show_post_tag":"1","show_prev_next_post":"1","show_popup_post":"1","number_popup_post":"1"}],"image_override":[{"single_post_thumbnail_size":"crop-500","single_post_gallery_size":"crop-500"}],"trending_post_position":"meta","trending_post_label":"Trending","sponsored_post_label":"Sponsored by","sponsored_post_name":"","sponsored_post_url":"","sponsored_post_logo":"","sponsored_post_desc":""},"jnews_primary_category":{"id":"773"},"jnews_social_meta":{"fb_title":"","fb_description":"","fb_image":"","twitter_title":"","twitter_description":"","twitter_image":""},"jnews_override_counter":{"view_counter_number":"0","share_counter_number":"0","like_counter_number":"0","dislike_counter_number":"0"},"footnotes":""},"categories":[810,773,815],"tags":[1744],"class_list":["post-145762","post","type-post","status-publish","format-standard","has-post-thumbnail","hentry","category-foreground-es","category-politica","category-breaking-news-es","tag-hungria"],"yoast_head":"<!-- This site is optimized with the Yoast SEO Premium plugin v25.9 (Yoast SEO v27.3) - https:\/\/yoast.com\/product\/yoast-seo-premium-wordpress\/ -->\n<title>Los gobiernos que apuestan por la vida, la familia y la libertad tienen un alto impacto social - IFN<\/title>\n<meta name=\"description\" content=\"La IV Cumbre Transatl\u00e1ntica concluy\u00f3 el 27 de mayo. La PNfV es una red internacional de representantes pol\u00edticos que promueven la vida\" \/>\n<meta name=\"robots\" content=\"index, follow, max-snippet:-1, max-image-preview:large, max-video-preview:-1\" \/>\n<link rel=\"canonical\" href=\"https:\/\/ifamnews.com\/es\/los-gobiernos-que-apuestan-por-la-vida-la-familia-y-la-libertad-tienen-un-alto-impacto-social-se-ala-la-cumbre-transatl-ntica\" \/>\n<meta property=\"og:locale\" content=\"es_ES\" \/>\n<meta property=\"og:type\" content=\"article\" \/>\n<meta property=\"og:title\" content=\"Los gobiernos que apuestan por la vida, la familia y la libertad tienen un alto impacto social\" \/>\n<meta property=\"og:description\" content=\"La IV Cumbre Transatl\u00e1ntica concluy\u00f3 el 27 de mayo. La PNfV es una red internacional de representantes pol\u00edticos que promueven la vida\" \/>\n<meta property=\"og:url\" content=\"https:\/\/ifamnews.com\/es\/los-gobiernos-que-apuestan-por-la-vida-la-familia-y-la-libertad-tienen-un-alto-impacto-social-se-ala-la-cumbre-transatl-ntica\" \/>\n<meta property=\"og:site_name\" content=\"IFN\" \/>\n<meta property=\"article:publisher\" content=\"https:\/\/www.facebook.com\/iFamNews\" \/>\n<meta property=\"article:author\" content=\"https:\/\/www.facebook.com\/iFamNews\/\" \/>\n<meta property=\"article:published_time\" content=\"2022-06-02T05:00:00+00:00\" \/>\n<meta property=\"og:image\" content=\"https:\/\/ifamnews.com\/wp-content\/uploads\/2022\/05\/TransatlanticSummit_DK_220526_070-1.png\" \/>\n\t<meta property=\"og:image:width\" content=\"1200\" \/>\n\t<meta property=\"og:image:height\" content=\"675\" \/>\n\t<meta property=\"og:image:type\" content=\"image\/png\" \/>\n<meta name=\"author\" content=\"IFN English\" \/>\n<meta name=\"twitter:card\" content=\"summary_large_image\" \/>\n<meta name=\"twitter:creator\" content=\"@https:\/\/twitter.com\/iFamNewsEN\" \/>\n<meta name=\"twitter:site\" content=\"@iFamNewsEN\" \/>\n<meta name=\"twitter:label1\" content=\"Escrito por\" \/>\n\t<meta name=\"twitter:data1\" content=\"iFamNews\" \/>\n\t<meta name=\"twitter:label2\" content=\"Tiempo de lectura\" \/>\n\t<meta name=\"twitter:data2\" content=\"4 minutos\" \/>\n<!-- \/ Yoast SEO Premium plugin. -->","yoast_head_json":{"title":"Los gobiernos que apuestan por la vida, la familia y la libertad tienen un alto impacto social - IFN","description":"La IV Cumbre Transatl\u00e1ntica concluy\u00f3 el 27 de mayo. La PNfV es una red internacional de representantes pol\u00edticos que promueven la vida","robots":{"index":"index","follow":"follow","max-snippet":"max-snippet:-1","max-image-preview":"max-image-preview:large","max-video-preview":"max-video-preview:-1"},"canonical":"https:\/\/ifamnews.com\/es\/los-gobiernos-que-apuestan-por-la-vida-la-familia-y-la-libertad-tienen-un-alto-impacto-social-se-ala-la-cumbre-transatl-ntica","og_locale":"es_ES","og_type":"article","og_title":"Los gobiernos que apuestan por la vida, la familia y la libertad tienen un alto impacto social","og_description":"La IV Cumbre Transatl\u00e1ntica concluy\u00f3 el 27 de mayo. La PNfV es una red internacional de representantes pol\u00edticos que promueven la vida","og_url":"https:\/\/ifamnews.com\/es\/los-gobiernos-que-apuestan-por-la-vida-la-familia-y-la-libertad-tienen-un-alto-impacto-social-se-ala-la-cumbre-transatl-ntica","og_site_name":"IFN","article_publisher":"https:\/\/www.facebook.com\/iFamNews","article_author":"https:\/\/www.facebook.com\/iFamNews\/","article_published_time":"2022-06-02T05:00:00+00:00","og_image":[{"width":1200,"height":675,"url":"https:\/\/ifamnews.com\/wp-content\/uploads\/2022\/05\/TransatlanticSummit_DK_220526_070-1.png","type":"image\/png"}],"author":"IFN English","twitter_card":"summary_large_image","twitter_creator":"@https:\/\/twitter.com\/iFamNewsEN","twitter_site":"@iFamNewsEN","twitter_misc":{"Escrito por":"iFamNews","Tiempo de lectura":"4 minutos"},"schema":{"@context":"https:\/\/schema.org","@graph":[{"@type":"NewsArticle","@id":"https:\/\/ifamnews.com\/es\/los-gobiernos-que-apuestan-por-la-vida-la-familia-y-la-libertad-tienen-un-alto-impacto-social-se-ala-la-cumbre-transatl-ntica#article","isPartOf":{"@id":"https:\/\/ifamnews.com\/es\/los-gobiernos-que-apuestan-por-la-vida-la-familia-y-la-libertad-tienen-un-alto-impacto-social-se-ala-la-cumbre-transatl-ntica"},"author":{"name":"IFN English","@id":"https:\/\/ifamnews.com\/en\/#\/schema\/person\/633bdb7ac2496c9b9304ce62d071cdfa"},"headline":"Los gobiernos que apuestan por la vida, la familia y la libertad tienen un alto impacto social","datePublished":"2022-06-02T05:00:00+00:00","mainEntityOfPage":{"@id":"https:\/\/ifamnews.com\/es\/los-gobiernos-que-apuestan-por-la-vida-la-familia-y-la-libertad-tienen-un-alto-impacto-social-se-ala-la-cumbre-transatl-ntica"},"wordCount":646,"commentCount":0,"publisher":{"@id":"https:\/\/ifamnews.com\/en\/#organization"},"image":{"@id":"https:\/\/ifamnews.com\/es\/los-gobiernos-que-apuestan-por-la-vida-la-familia-y-la-libertad-tienen-un-alto-impacto-social-se-ala-la-cumbre-transatl-ntica#primaryimage"},"thumbnailUrl":"https:\/\/ifamnews.com\/wp-content\/uploads\/2022\/05\/TransatlanticSummit_DK_220526_070-1.png","keywords":["Hungr\u00eda"],"articleSection":["Foreground","Pol\u00edtica","\u00daLTIMAS NOTICIAS"],"inLanguage":"es","potentialAction":[{"@type":"CommentAction","name":"Comment","target":["https:\/\/ifamnews.com\/es\/los-gobiernos-que-apuestan-por-la-vida-la-familia-y-la-libertad-tienen-un-alto-impacto-social-se-ala-la-cumbre-transatl-ntica#respond"]}]},{"@type":"WebPage","@id":"https:\/\/ifamnews.com\/es\/los-gobiernos-que-apuestan-por-la-vida-la-familia-y-la-libertad-tienen-un-alto-impacto-social-se-ala-la-cumbre-transatl-ntica","url":"https:\/\/ifamnews.com\/es\/los-gobiernos-que-apuestan-por-la-vida-la-familia-y-la-libertad-tienen-un-alto-impacto-social-se-ala-la-cumbre-transatl-ntica","name":"Los gobiernos que apuestan por la vida, la familia y la libertad tienen un alto impacto social - IFN","isPartOf":{"@id":"https:\/\/ifamnews.com\/en\/#website"},"primaryImageOfPage":{"@id":"https:\/\/ifamnews.com\/es\/los-gobiernos-que-apuestan-por-la-vida-la-familia-y-la-libertad-tienen-un-alto-impacto-social-se-ala-la-cumbre-transatl-ntica#primaryimage"},"image":{"@id":"https:\/\/ifamnews.com\/es\/los-gobiernos-que-apuestan-por-la-vida-la-familia-y-la-libertad-tienen-un-alto-impacto-social-se-ala-la-cumbre-transatl-ntica#primaryimage"},"thumbnailUrl":"https:\/\/ifamnews.com\/wp-content\/uploads\/2022\/05\/TransatlanticSummit_DK_220526_070-1.png","datePublished":"2022-06-02T05:00:00+00:00","description":"La IV Cumbre Transatl\u00e1ntica concluy\u00f3 el 27 de mayo. La PNfV es una red internacional de representantes pol\u00edticos que promueven la vida","breadcrumb":{"@id":"https:\/\/ifamnews.com\/es\/los-gobiernos-que-apuestan-por-la-vida-la-familia-y-la-libertad-tienen-un-alto-impacto-social-se-ala-la-cumbre-transatl-ntica#breadcrumb"},"inLanguage":"es","potentialAction":[{"@type":"ReadAction","target":["https:\/\/ifamnews.com\/es\/los-gobiernos-que-apuestan-por-la-vida-la-familia-y-la-libertad-tienen-un-alto-impacto-social-se-ala-la-cumbre-transatl-ntica"]}]},{"@type":"ImageObject","inLanguage":"es","@id":"https:\/\/ifamnews.com\/es\/los-gobiernos-que-apuestan-por-la-vida-la-familia-y-la-libertad-tienen-un-alto-impacto-social-se-ala-la-cumbre-transatl-ntica#primaryimage","url":"https:\/\/ifamnews.com\/wp-content\/uploads\/2022\/05\/TransatlanticSummit_DK_220526_070-1.png","contentUrl":"https:\/\/ifamnews.com\/wp-content\/uploads\/2022\/05\/TransatlanticSummit_DK_220526_070-1.png","width":1200,"height":675},{"@type":"BreadcrumbList","@id":"https:\/\/ifamnews.com\/es\/los-gobiernos-que-apuestan-por-la-vida-la-familia-y-la-libertad-tienen-un-alto-impacto-social-se-ala-la-cumbre-transatl-ntica#breadcrumb","itemListElement":[{"@type":"ListItem","position":1,"name":"Home","item":"https:\/\/ifamnews.com\/de"},{"@type":"ListItem","position":2,"name":"Politics","item":"https:\/\/ifamnews.com\/en\/category\/politics"},{"@type":"ListItem","position":3,"name":"Los gobiernos que apuestan por la vida, la familia y la libertad tienen un alto impacto social"}]},{"@type":"WebSite","@id":"https:\/\/ifamnews.com\/en\/#website","url":"https:\/\/ifamnews.com\/en\/","name":"IFN","description":"International Family News Network","publisher":{"@id":"https:\/\/ifamnews.com\/en\/#organization"},"potentialAction":[{"@type":"SearchAction","target":{"@type":"EntryPoint","urlTemplate":"https:\/\/ifamnews.com\/en\/?s={search_term_string}"},"query-input":{"@type":"PropertyValueSpecification","valueRequired":true,"valueName":"search_term_string"}}],"inLanguage":"es"},{"@type":"Organization","@id":"https:\/\/ifamnews.com\/en\/#organization","name":"iFamNews","url":"https:\/\/ifamnews.com\/en\/","logo":{"@type":"ImageObject","inLanguage":"es","@id":"https:\/\/ifamnews.com\/en\/#\/schema\/logo\/image\/","url":"https:\/\/ifamnews.com\/wp-content\/uploads\/2020\/01\/Share-logo.png","contentUrl":"https:\/\/ifamnews.com\/wp-content\/uploads\/2020\/01\/Share-logo.png","width":200,"height":200,"caption":"iFamNews"},"image":{"@id":"https:\/\/ifamnews.com\/en\/#\/schema\/logo\/image\/"},"sameAs":["https:\/\/www.facebook.com\/iFamNews","https:\/\/x.com\/iFamNewsEN"]},{"@type":"Person","@id":"https:\/\/ifamnews.com\/en\/#\/schema\/person\/633bdb7ac2496c9b9304ce62d071cdfa","name":"IFN English","image":{"@type":"ImageObject","inLanguage":"es","@id":"https:\/\/secure.gravatar.com\/avatar\/6f16ce95b558ae6f6eb9ae2f68122482a2c61696af2a8fc343c2e10f981a959d?s=96&d=mm&r=g","url":"https:\/\/secure.gravatar.com\/avatar\/6f16ce95b558ae6f6eb9ae2f68122482a2c61696af2a8fc343c2e10f981a959d?s=96&d=mm&r=g","contentUrl":"https:\/\/secure.gravatar.com\/avatar\/6f16ce95b558ae6f6eb9ae2f68122482a2c61696af2a8fc343c2e10f981a959d?s=96&d=mm&r=g","caption":"IFN English"},"description":"Articles published by the English iFamNews editorial team.","sameAs":["https:\/\/ifamnews.com\/en","https:\/\/www.facebook.com\/iFamNews\/","https:\/\/x.com\/https:\/\/twitter.com\/iFamNewsEN","https:\/\/www.youtube.com\/channel\/UCMVyIt4z9BANW3d09kwfUpw"],"url":"https:\/\/ifamnews.com\/es\/author\/ifamnews-staff"}]}},"amp_enabled":true,"_links":{"self":[{"href":"https:\/\/ifamnews.com\/es\/wp-json\/wp\/v2\/posts\/145762","targetHints":{"allow":["GET"]}}],"collection":[{"href":"https:\/\/ifamnews.com\/es\/wp-json\/wp\/v2\/posts"}],"about":[{"href":"https:\/\/ifamnews.com\/es\/wp-json\/wp\/v2\/types\/post"}],"author":[{"embeddable":true,"href":"https:\/\/ifamnews.com\/es\/wp-json\/wp\/v2\/users\/593"}],"replies":[{"embeddable":true,"href":"https:\/\/ifamnews.com\/es\/wp-json\/wp\/v2\/comments?post=145762"}],"version-history":[{"count":2,"href":"https:\/\/ifamnews.com\/es\/wp-json\/wp\/v2\/posts\/145762\/revisions"}],"predecessor-version":[{"id":145825,"href":"https:\/\/ifamnews.com\/es\/wp-json\/wp\/v2\/posts\/145762\/revisions\/145825"}],"wp:featuredmedia":[{"embeddable":true,"href":"https:\/\/ifamnews.com\/es\/wp-json\/wp\/v2\/media\/145784"}],"wp:attachment":[{"href":"https:\/\/ifamnews.com\/es\/wp-json\/wp\/v2\/media?parent=145762"}],"wp:term":[{"taxonomy":"category","embeddable":true,"href":"https:\/\/ifamnews.com\/es\/wp-json\/wp\/v2\/categories?post=145762"},{"taxonomy":"post_tag","embeddable":true,"href":"https:\/\/ifamnews.com\/es\/wp-json\/wp\/v2\/tags?post=145762"}],"curies":[{"name":"wp","href":"https:\/\/api.w.org\/{rel}","templated":true}]}}