{"id":144374,"date":"2022-05-21T13:00:00","date_gmt":"2022-05-21T17:00:00","guid":{"rendered":"https:\/\/ifamnews.com\/?p=144374"},"modified":"2022-05-20T05:55:36","modified_gmt":"2022-05-20T09:55:36","slug":"no-te-pierdas-esta-actividad-abierta-y-gratuita-en-la-flacso-argentina","status":"publish","type":"post","link":"https:\/\/ifamnews.com\/es\/no-te-pierdas-esta-actividad-abierta-y-gratuita-en-la-flacso-argentina","title":{"rendered":"No te pierdas esta actividad abierta y gratuita en la FLACSO Argentina"},"content":{"rendered":"\n<p>Mi\u0161a Djurkovi\u0107, se doctor\u00f3 en 2005 en la Facultad de Filosof\u00eda de la Universidad de Belgrado en el campo de la filosof\u00eda pol\u00edtica. Y es un brillante experto de referencia en el \u00e1mbito pol\u00edtico europeo. Es director del Instituto de Estudios Europeos de la Universidad de Belgrado (Serbia).<\/p>\n\n\n\n<p>Nuestro colaborador habitual Mi\u0161a \u0110urkovi\u0107, se encuentra en Buenos Aires, Argentina impartiendo una serie de conferencias (acceso libre presencial online previo registro). <\/p>\n\n\n\n<ul class=\"wp-block-list\"><li><strong>Disputas de ratificaci\u00f3n del convenio de Estambul en Europa<\/strong>. 20 de mayo a las 18:00 en la Facultad Latinoamerican de Ciencias Sociales (FLACSO).<\/li><li><strong>Familia, valores y demografia<\/strong>. 22 de mayo tras la misa de la iglesia del Nacimiento de la Sant\u00edsima Virgen Mar\u00eda.<\/li><li><strong>La guerra en Ucraina: origen, desarrollo y escenarios<\/strong>. El 23 de mayo a las 09:00 en el Think Tank CARI.<\/li><li><strong>El Pensamiento de derecha en el siglo XX<\/strong>. el 24 de mayo a las 18:00 en la FLACSO.<\/li><li><strong>Entrevista sobre la cuesti\u00f3n del g\u00e9nero en Europa<\/strong> el 26 de mayo a las 18:00 en la FLACSO.<\/li><\/ul>\n\n\n\n<p>Dentro del\u00a0<a href=\"https:\/\/www.flacso.org.ar\/programas\/estudios-politicos\/\" target=\"_blank\" rel=\"noreferrer noopener\">Programa de Estudios Pol\u00edticos<\/a>\u00a0de la FLACSO &#8211; Argentina organiza la\u00a0<strong>Conferencia \u201cLas trayectorias de la nueva derecha en Europa<\/strong>\u201d <\/p>\n\n\n\n<p>El Dr. Djurkovi\u0107 ha escrito y dictado conferencias sobre temas que van desde la teor\u00eda pol\u00edtica cl\u00e1sica y las relaciones internacionales hasta la cultura popular y la pol\u00edtica de los partidos. Se desempe\u00f1\u00f3 como asesor del Primer Ministro de Serbia y de otros pol\u00edticos destacados de la regi\u00f3n. Fue columnista del principal diario de Serbia, Politika, durante casi dos d\u00e9cadas. Imparti\u00f3 conferencias en M\u00e9xico (Tecnol\u00f3gico de Monterrey), Espa\u00f1a (Universidad de Granada), Ir\u00e1n (Universidad Sharif), Finlandia y ha sido ponente en congresos, mesas redondas y coloquios de car\u00e1cter nacional e internacional. Es autor de 15 libros, entre ellos \u201cPensamiento de derecha en el siglo XX\u201d (2019).<\/p>\n\n\n\n<p>La coordinaci\u00f3n estar\u00e1 a cargo de Diego Raus, profesor de la&nbsp;<a href=\"https:\/\/www.flacso.org.ar\/formacion-academica\/ciencia-politica-y-sociologia\/\" target=\"_blank\" rel=\"noreferrer noopener\">Maestr\u00eda en Ciencia Pol\u00edtica y Sociolog\u00eda<\/a>&nbsp;de la FLACSO Argentina.<\/p>\n\n\n\n<p>Se trata de una actividad abierta y gratuita que tendr\u00e1 lugar la Sede de FLACSO. Requiere inscripci\u00f3n previa en\u00a0<a href=\"mailto:posg.informes@flacso.org.ar\">posg.informes@flacso.org.ar<\/a>\u00a0aclarando la modalidad de participaci\u00f3n elegida (virtual o presencial).<\/p>\n\n\n\n<p>Fuente: https:\/\/www.flacso.org.ar\/programas\/estudios-politicos\/<\/p>\n","protected":false},"excerpt":{"rendered":"<p>Nuestro colaborador Mi\u0161a Djurkovi\u0107 participa en la Conferencia \u201cLas trayectorias de la nueva derecha en Europa\u201d.<\/p>\n","protected":false},"author":593,"featured_media":144376,"comment_status":"open","ping_status":"open","sticky":false,"template":"","format":"standard","meta":{"give_campaign_id":0,"om_disable_all_campaigns":false,"_monsterinsights_skip_tracking":false,"_monsterinsights_sitenote_active":false,"_monsterinsights_sitenote_note":"","_monsterinsights_sitenote_category":0,"mc4wp_mailchimp_campaign":[],"jnews-multi-image_gallery":[],"jnews_single_post":{"subtitle":"Nuestro colaborador Mi\u0161a Djurkovi\u0107 participa en la Conferencia \u201cLas trayectorias de la nueva derecha en Europa\u201d.","format":"standard","video":"","gallery":"","source_name":"","source_url":"","via_name":"","via_url":"","override":[{"template":"1","single_blog_custom":"","parallax":"1","fullscreen":"1","layout":"right-sidebar","sidebar":"default-sidebar","second_sidebar":"default-sidebar","sticky_sidebar":"1","share_position":"top","share_float_style":"share-monocrhome","show_share_counter":"1","show_view_counter":"1","show_featured":"1","show_post_meta":"1","show_post_author":"1","show_post_author_image":"1","show_post_date":"1","post_date_format":"default","post_date_format_custom":"Y\/m\/d","show_post_category":"1","post_reading_time_wpm":"300","zoom_button_out_step":"2","zoom_button_in_step":"3","show_post_tag":"1","show_prev_next_post":"1","show_popup_post":"1","number_popup_post":"1"}],"image_override":[{"single_post_thumbnail_size":"crop-500","single_post_gallery_size":"crop-500"}],"trending_post_position":"meta","trending_post_label":"Trending","sponsored_post_label":"Sponsored by","sponsored_post_name":"","sponsored_post_url":"","sponsored_post_logo":"","sponsored_post_desc":""},"jnews_primary_category":{"id":"765"},"jnews_social_meta":{"fb_title":"","fb_description":"","fb_image":"","twitter_title":"","twitter_description":"","twitter_image":""},"jnews_override_counter":{"view_counter_number":"0","share_counter_number":"0","like_counter_number":"0","dislike_counter_number":"0"},"footnotes":""},"categories":[765,810,815],"tags":[],"class_list":["post-144374","post","type-post","status-publish","format-standard","has-post-thumbnail","hentry","category-cultura-es","category-foreground-es","category-breaking-news-es"],"yoast_head":"<!-- This site is optimized with the Yoast SEO Premium plugin v25.9 (Yoast SEO v27.3) - https:\/\/yoast.com\/product\/yoast-seo-premium-wordpress\/ -->\n<title>No te pierdas esta actividad abierta y gratuita en la FLACSO Argentina - IFN<\/title>\n<meta name=\"description\" content=\"Nuestro colaborador Mi\u0161a Djurkovi\u0107 participa en la Conferencia \u201cLas trayectorias de la nueva derecha en Europa\u201d.\" \/>\n<meta name=\"robots\" content=\"index, follow, max-snippet:-1, max-image-preview:large, max-video-preview:-1\" \/>\n<link rel=\"canonical\" href=\"https:\/\/ifamnews.com\/es\/no-te-pierdas-esta-actividad-abierta-y-gratuita-en-la-flacso-argentina\" \/>\n<meta property=\"og:locale\" content=\"es_ES\" \/>\n<meta property=\"og:type\" content=\"article\" \/>\n<meta property=\"og:title\" content=\"No te pierdas esta actividad abierta y gratuita en la FLACSO Argentina\" \/>\n<meta property=\"og:description\" content=\"Nuestro colaborador Mi\u0161a Djurkovi\u0107 participa en la Conferencia \u201cLas trayectorias de la nueva derecha en Europa\u201d.\" \/>\n<meta property=\"og:url\" content=\"https:\/\/ifamnews.com\/es\/no-te-pierdas-esta-actividad-abierta-y-gratuita-en-la-flacso-argentina\" \/>\n<meta property=\"og:site_name\" content=\"IFN\" \/>\n<meta property=\"article:publisher\" content=\"https:\/\/www.facebook.com\/iFamNews\" \/>\n<meta property=\"article:author\" content=\"https:\/\/www.facebook.com\/iFamNews\/\" \/>\n<meta property=\"article:published_time\" content=\"2022-05-21T17:00:00+00:00\" \/>\n<meta property=\"og:image\" content=\"https:\/\/ifamnews.com\/wp-content\/uploads\/2022\/05\/Conferencia-Las-trayectorias-de-la-nueva-derecha-en-Europa.png\" \/>\n\t<meta property=\"og:image:width\" content=\"1200\" \/>\n\t<meta property=\"og:image:height\" content=\"675\" \/>\n\t<meta property=\"og:image:type\" content=\"image\/png\" \/>\n<meta name=\"author\" content=\"IFN English\" \/>\n<meta name=\"twitter:card\" content=\"summary_large_image\" \/>\n<meta name=\"twitter:creator\" content=\"@https:\/\/twitter.com\/iFamNewsEN\" \/>\n<meta name=\"twitter:site\" content=\"@iFamNewsEN\" \/>\n<meta name=\"twitter:label1\" content=\"Escrito por\" \/>\n\t<meta name=\"twitter:data1\" content=\"iFamNews\" \/>\n\t<meta name=\"twitter:label2\" content=\"Tiempo de lectura\" \/>\n\t<meta name=\"twitter:data2\" content=\"2 minutos\" \/>\n<!-- \/ Yoast SEO Premium plugin. -->","yoast_head_json":{"title":"No te pierdas esta actividad abierta y gratuita en la FLACSO Argentina - IFN","description":"Nuestro colaborador Mi\u0161a Djurkovi\u0107 participa en la Conferencia \u201cLas trayectorias de la nueva derecha en Europa\u201d.","robots":{"index":"index","follow":"follow","max-snippet":"max-snippet:-1","max-image-preview":"max-image-preview:large","max-video-preview":"max-video-preview:-1"},"canonical":"https:\/\/ifamnews.com\/es\/no-te-pierdas-esta-actividad-abierta-y-gratuita-en-la-flacso-argentina","og_locale":"es_ES","og_type":"article","og_title":"No te pierdas esta actividad abierta y gratuita en la FLACSO Argentina","og_description":"Nuestro colaborador Mi\u0161a Djurkovi\u0107 participa en la Conferencia \u201cLas trayectorias de la nueva derecha en Europa\u201d.","og_url":"https:\/\/ifamnews.com\/es\/no-te-pierdas-esta-actividad-abierta-y-gratuita-en-la-flacso-argentina","og_site_name":"IFN","article_publisher":"https:\/\/www.facebook.com\/iFamNews","article_author":"https:\/\/www.facebook.com\/iFamNews\/","article_published_time":"2022-05-21T17:00:00+00:00","og_image":[{"width":1200,"height":675,"url":"https:\/\/ifamnews.com\/wp-content\/uploads\/2022\/05\/Conferencia-Las-trayectorias-de-la-nueva-derecha-en-Europa.png","type":"image\/png"}],"author":"IFN English","twitter_card":"summary_large_image","twitter_creator":"@https:\/\/twitter.com\/iFamNewsEN","twitter_site":"@iFamNewsEN","twitter_misc":{"Escrito por":"iFamNews","Tiempo de lectura":"2 minutos"},"schema":{"@context":"https:\/\/schema.org","@graph":[{"@type":"NewsArticle","@id":"https:\/\/ifamnews.com\/es\/no-te-pierdas-esta-actividad-abierta-y-gratuita-en-la-flacso-argentina#article","isPartOf":{"@id":"https:\/\/ifamnews.com\/es\/no-te-pierdas-esta-actividad-abierta-y-gratuita-en-la-flacso-argentina"},"author":{"name":"IFN English","@id":"https:\/\/ifamnews.com\/en\/#\/schema\/person\/633bdb7ac2496c9b9304ce62d071cdfa"},"headline":"No te pierdas esta actividad abierta y gratuita en la FLACSO Argentina","datePublished":"2022-05-21T17:00:00+00:00","mainEntityOfPage":{"@id":"https:\/\/ifamnews.com\/es\/no-te-pierdas-esta-actividad-abierta-y-gratuita-en-la-flacso-argentina"},"wordCount":390,"commentCount":0,"publisher":{"@id":"https:\/\/ifamnews.com\/en\/#organization"},"image":{"@id":"https:\/\/ifamnews.com\/es\/no-te-pierdas-esta-actividad-abierta-y-gratuita-en-la-flacso-argentina#primaryimage"},"thumbnailUrl":"https:\/\/ifamnews.com\/wp-content\/uploads\/2022\/05\/Conferencia-Las-trayectorias-de-la-nueva-derecha-en-Europa.png","articleSection":["Cultura","Foreground","\u00daLTIMAS NOTICIAS"],"inLanguage":"es","potentialAction":[{"@type":"CommentAction","name":"Comment","target":["https:\/\/ifamnews.com\/es\/no-te-pierdas-esta-actividad-abierta-y-gratuita-en-la-flacso-argentina#respond"]}]},{"@type":"WebPage","@id":"https:\/\/ifamnews.com\/es\/no-te-pierdas-esta-actividad-abierta-y-gratuita-en-la-flacso-argentina","url":"https:\/\/ifamnews.com\/es\/no-te-pierdas-esta-actividad-abierta-y-gratuita-en-la-flacso-argentina","name":"No te pierdas esta actividad abierta y gratuita en la FLACSO Argentina - IFN","isPartOf":{"@id":"https:\/\/ifamnews.com\/en\/#website"},"primaryImageOfPage":{"@id":"https:\/\/ifamnews.com\/es\/no-te-pierdas-esta-actividad-abierta-y-gratuita-en-la-flacso-argentina#primaryimage"},"image":{"@id":"https:\/\/ifamnews.com\/es\/no-te-pierdas-esta-actividad-abierta-y-gratuita-en-la-flacso-argentina#primaryimage"},"thumbnailUrl":"https:\/\/ifamnews.com\/wp-content\/uploads\/2022\/05\/Conferencia-Las-trayectorias-de-la-nueva-derecha-en-Europa.png","datePublished":"2022-05-21T17:00:00+00:00","description":"Nuestro colaborador Mi\u0161a Djurkovi\u0107 participa en la Conferencia \u201cLas trayectorias de la nueva derecha en Europa\u201d.","breadcrumb":{"@id":"https:\/\/ifamnews.com\/es\/no-te-pierdas-esta-actividad-abierta-y-gratuita-en-la-flacso-argentina#breadcrumb"},"inLanguage":"es","potentialAction":[{"@type":"ReadAction","target":["https:\/\/ifamnews.com\/es\/no-te-pierdas-esta-actividad-abierta-y-gratuita-en-la-flacso-argentina"]}]},{"@type":"ImageObject","inLanguage":"es","@id":"https:\/\/ifamnews.com\/es\/no-te-pierdas-esta-actividad-abierta-y-gratuita-en-la-flacso-argentina#primaryimage","url":"https:\/\/ifamnews.com\/wp-content\/uploads\/2022\/05\/Conferencia-Las-trayectorias-de-la-nueva-derecha-en-Europa.png","contentUrl":"https:\/\/ifamnews.com\/wp-content\/uploads\/2022\/05\/Conferencia-Las-trayectorias-de-la-nueva-derecha-en-Europa.png","width":1200,"height":675},{"@type":"BreadcrumbList","@id":"https:\/\/ifamnews.com\/es\/no-te-pierdas-esta-actividad-abierta-y-gratuita-en-la-flacso-argentina#breadcrumb","itemListElement":[{"@type":"ListItem","position":1,"name":"Home","item":"https:\/\/ifamnews.com\/de"},{"@type":"ListItem","position":2,"name":"\u041a\u0443\u043b\u0442\u0443\u0440\u0430","item":"https:\/\/ifamnews.com\/sr\/kategorija\/kultura-sr"},{"@type":"ListItem","position":3,"name":"No te pierdas esta actividad abierta y gratuita en la FLACSO Argentina"}]},{"@type":"WebSite","@id":"https:\/\/ifamnews.com\/en\/#website","url":"https:\/\/ifamnews.com\/en\/","name":"IFN","description":"International Family News Network","publisher":{"@id":"https:\/\/ifamnews.com\/en\/#organization"},"potentialAction":[{"@type":"SearchAction","target":{"@type":"EntryPoint","urlTemplate":"https:\/\/ifamnews.com\/en\/?s={search_term_string}"},"query-input":{"@type":"PropertyValueSpecification","valueRequired":true,"valueName":"search_term_string"}}],"inLanguage":"es"},{"@type":"Organization","@id":"https:\/\/ifamnews.com\/en\/#organization","name":"iFamNews","url":"https:\/\/ifamnews.com\/en\/","logo":{"@type":"ImageObject","inLanguage":"es","@id":"https:\/\/ifamnews.com\/en\/#\/schema\/logo\/image\/","url":"https:\/\/ifamnews.com\/wp-content\/uploads\/2020\/01\/Share-logo.png","contentUrl":"https:\/\/ifamnews.com\/wp-content\/uploads\/2020\/01\/Share-logo.png","width":200,"height":200,"caption":"iFamNews"},"image":{"@id":"https:\/\/ifamnews.com\/en\/#\/schema\/logo\/image\/"},"sameAs":["https:\/\/www.facebook.com\/iFamNews","https:\/\/x.com\/iFamNewsEN"]},{"@type":"Person","@id":"https:\/\/ifamnews.com\/en\/#\/schema\/person\/633bdb7ac2496c9b9304ce62d071cdfa","name":"IFN English","image":{"@type":"ImageObject","inLanguage":"es","@id":"https:\/\/secure.gravatar.com\/avatar\/6f16ce95b558ae6f6eb9ae2f68122482a2c61696af2a8fc343c2e10f981a959d?s=96&d=mm&r=g","url":"https:\/\/secure.gravatar.com\/avatar\/6f16ce95b558ae6f6eb9ae2f68122482a2c61696af2a8fc343c2e10f981a959d?s=96&d=mm&r=g","contentUrl":"https:\/\/secure.gravatar.com\/avatar\/6f16ce95b558ae6f6eb9ae2f68122482a2c61696af2a8fc343c2e10f981a959d?s=96&d=mm&r=g","caption":"IFN English"},"description":"Articles published by the English iFamNews editorial team.","sameAs":["https:\/\/ifamnews.com\/en","https:\/\/www.facebook.com\/iFamNews\/","https:\/\/x.com\/https:\/\/twitter.com\/iFamNewsEN","https:\/\/www.youtube.com\/channel\/UCMVyIt4z9BANW3d09kwfUpw"],"url":"https:\/\/ifamnews.com\/es\/author\/ifamnews-staff"}]}},"amp_enabled":true,"_links":{"self":[{"href":"https:\/\/ifamnews.com\/es\/wp-json\/wp\/v2\/posts\/144374","targetHints":{"allow":["GET"]}}],"collection":[{"href":"https:\/\/ifamnews.com\/es\/wp-json\/wp\/v2\/posts"}],"about":[{"href":"https:\/\/ifamnews.com\/es\/wp-json\/wp\/v2\/types\/post"}],"author":[{"embeddable":true,"href":"https:\/\/ifamnews.com\/es\/wp-json\/wp\/v2\/users\/593"}],"replies":[{"embeddable":true,"href":"https:\/\/ifamnews.com\/es\/wp-json\/wp\/v2\/comments?post=144374"}],"version-history":[{"count":1,"href":"https:\/\/ifamnews.com\/es\/wp-json\/wp\/v2\/posts\/144374\/revisions"}],"predecessor-version":[{"id":144375,"href":"https:\/\/ifamnews.com\/es\/wp-json\/wp\/v2\/posts\/144374\/revisions\/144375"}],"wp:featuredmedia":[{"embeddable":true,"href":"https:\/\/ifamnews.com\/es\/wp-json\/wp\/v2\/media\/144376"}],"wp:attachment":[{"href":"https:\/\/ifamnews.com\/es\/wp-json\/wp\/v2\/media?parent=144374"}],"wp:term":[{"taxonomy":"category","embeddable":true,"href":"https:\/\/ifamnews.com\/es\/wp-json\/wp\/v2\/categories?post=144374"},{"taxonomy":"post_tag","embeddable":true,"href":"https:\/\/ifamnews.com\/es\/wp-json\/wp\/v2\/tags?post=144374"}],"curies":[{"name":"wp","href":"https:\/\/api.w.org\/{rel}","templated":true}]}}