{"id":134466,"date":"2022-04-18T01:00:00","date_gmt":"2022-04-18T05:00:00","guid":{"rendered":"https:\/\/ifamnews.com\/?p=134466"},"modified":"2022-04-05T05:32:14","modified_gmt":"2022-04-05T09:32:14","slug":"finlandia-p-ivi-r-s-nen-es-absuelto","status":"publish","type":"post","link":"https:\/\/ifamnews.com\/es\/finlandia-p-ivi-r-s-nen-es-absuelto","title":{"rendered":"Finlandia: P\u00e4ivi R\u00e4s\u00e4nen es absuelta"},"content":{"rendered":"\n<p>Hoy en Finlandia es un gran d\u00eda para la libertad de religi\u00f3n y de opini\u00f3n. El parlamentario P\u00e4ivi R\u00e4s\u00e4nen y el obispo luterano Juhana Pohjola fueron <a href=\"https:\/\/adfinternational.org\/free-speech-victory-finnish-mp-wins-trial-over-bible-tweet\/\" target=\"_blank\" rel=\"noreferrer noopener\">absueltos<\/a> de todos los cargos de \u00abhomofobia\u00bb que pend\u00edan sobre sus cabezas. La Fiscal\u00eda de Helsinki dictamin\u00f3 que \u00abno corresponde al tribunal de distrito interpretar los conceptos b\u00edblicos\u00bb. Por ello, la fiscal\u00eda ha sido condenada a pagar m\u00e1s de 60 mil euros en costas judiciales y tiene siete d\u00edas para recurrir la sentencia.<\/p>\n\n\n\n<p>P\u00e4ivi R\u00e4s\u00e4nen hab\u00eda sido acusada de \u00abincitar al odio\u00bb tras compartir sus opiniones sobre el matrimonio y la \u00e9tica sexual, en un<em> <a href=\"https:\/\/twitter.com\/PaiviRasanen\/status\/1140692483397115909?ref_src=twsrc%5Etfw%7Ctwcamp%5Etweetembed%7Ctwterm%5E1140692483397115909%7Ctwgr%5E%7Ctwcon%5Es1_&amp;ref_url=https%3A%2F%2Fifamnews.com%2Fit%2Fomofobia-r-s-nen-si-difende-mai-offeso-gli-omosessuali\" target=\"_blank\" rel=\"noreferrer noopener\">tweet<\/a> <\/em> <a href=\"https:\/\/areena.yle.fi\/audio\/1-50363169\" target=\"_blank\" rel=\"noreferrer noopener\">debate radiof\u00f3nico<\/a> de 2019 y en un <a href=\"https:\/\/www.lhpk.fi\/en\/booklet-male-and-female-he-created-them-homosexual-relationships-challenge-the-christian-concept-of-humanity-paivi-rasanen\/\" target=\"_blank\" rel=\"noreferrer noopener\">ensayo<\/a> de 2004. Contra el obispo Pohjola, la acusaci\u00f3n era m\u00e1s bien que \u00e9l, como editor, hab\u00eda publicado el <em>panfleto<\/em> de R\u00e4s\u00e4nen.<\/p>\n\n\n\n<p>La diputada y ex ministra del Interior dice estar \u00abagradecida\u00bb y \u00abaliviada\u00bb por la sentencia del tribunal. La esperanza de R\u00e4s\u00e4nen ahora es que esta absoluci\u00f3n \u00abevite que otros pasen por el mismo calvario\u00bb en el futuro.<\/p>\n\n\n\n<h3 class=\"wp-block-heading\"><strong>Las palabras cristianas \u00abperjudiciales\u00bb, seg\u00fan la acusaci\u00f3n<\/strong><\/h3>\n\n\n\n<p>Desde el <a href=\"https:\/\/ifamnews.com\/it\/omofobia-r-s-nen-si-difende-mai-offeso-gli-omosessuali\" target=\"_blank\" rel=\"noreferrer noopener\">primer d\u00eda del juicio<\/a> (24 de enero de 2022), el fiscal argument\u00f3 que el caso no era sobre creencias o la <em>Biblia<\/em>. El juez cit\u00f3 entonces vers\u00edculos<em>del<\/em> Antiguo<em>Testamento<\/em> y critic\u00f3 la frase \u00abama al pecador, odia el pecado\u00bb. En el alegato final, la fiscal\u00eda afirm\u00f3 que el uso de la palabra \u00abpecado\u00bb puede ser \u00abperjudicial\u00bb y sugiri\u00f3 fuertes multas en caso de veredicto de culpabilidad.<\/p>\n\n\n\n<p>Por su parte, la defensa, apoyada por la organizaci\u00f3n <a href=\"https:\/\/adfinternational.org\/\" target=\"_blank\" rel=\"noreferrer noopener\">Alliance Defending Freedom International<\/a> (ADF), argumenta que declarar culpable a P\u00e4ivi R\u00e4s\u00e4nen perjudicar\u00eda considerablemente la libertad de expresi\u00f3n en Finlandia. Lo que el ex ministro dijo en las tres acusaciones, dicen los defensores, es una expresi\u00f3n de la ense\u00f1anza cristiana.<\/p>\n\n\n\n<p>El Tribunal reconoci\u00f3 que, aunque algunos puedan estar en desacuerdo con las afirmaciones de R\u00e4s\u00e4nen, \u00abdebe haber una raz\u00f3n empresarial imperante para interferir y restringir la libertad de expresi\u00f3n\u00bb, raz\u00f3n que, en este caso, no encuentra justificaci\u00f3n.<\/p>\n\n\n\n<h3 class=\"wp-block-heading\" id=\"h-no-a-la-censura\"><strong>No a la censura<\/strong><\/h3>\n\n\n\n<p>\u00abAcogemos con satisfacci\u00f3n la sentencia del Tribunal de Distrito de Helsinki. Es una decisi\u00f3n importante que defiende el derecho fundamental a la libertad de expresi\u00f3n en Finlandia\u00bb, afirma Paul Coleman, director ejecutivo de ADF International. \u00abEn una sociedad libre, todo el mundo deber\u00eda poder compartir sus creencias sin miedo a la censura. Esta es la base de cualquier sociedad libre y democr\u00e1tica\u00bb, a\u00f1ade Coleman. Criminalizar las opiniones, mediante leyes de \u00abincitaci\u00f3n al odio\u00bb, socava los \u00abdebates p\u00fablicos\u00bb y \u00absupone una grave amenaza para nuestras democracias\u00bb, concluye el director ejecutivo de ADF International.<\/p>\n","protected":false},"excerpt":{"rendered":"<p>El ex ministro estaba acusado de \u00abhomofobia\u00bb. Para la Fiscal\u00eda de Helsinki, no corresponde a los tribunales \u00abinterpretar conceptos b\u00edblicos\u00bb<\/p>\n","protected":false},"author":545,"featured_media":133979,"comment_status":"open","ping_status":"open","sticky":false,"template":"","format":"standard","meta":{"give_campaign_id":0,"om_disable_all_campaigns":false,"_monsterinsights_skip_tracking":false,"_monsterinsights_sitenote_active":false,"_monsterinsights_sitenote_note":"","_monsterinsights_sitenote_category":0,"mc4wp_mailchimp_campaign":[],"jnews-multi-image_gallery":[],"jnews_single_post":{"subtitle":" Para la Fiscal\u00eda de Helsinki, no corresponde a los tribunales \"interpretar conceptos b\u00edblicos\"","format":"standard","video":"","gallery":"","source_name":"","source_url":"","via_name":"","via_url":"","override":[{"template":"1","single_blog_custom":"","parallax":"1","fullscreen":"1","layout":"right-sidebar","sidebar":"default-sidebar","second_sidebar":"default-sidebar","sticky_sidebar":"1","share_position":"top","share_float_style":"share-monocrhome","show_share_counter":"1","show_view_counter":"1","show_featured":"1","show_post_meta":"1","show_post_author":"1","show_post_author_image":"1","show_post_date":"1","post_date_format":"default","post_date_format_custom":"Y\/m\/d","show_post_category":"1","post_reading_time_wpm":"300","zoom_button_out_step":"2","zoom_button_in_step":"3","show_post_tag":"1","show_prev_next_post":"1","show_popup_post":"1","number_popup_post":"1"}],"image_override":[{"single_post_thumbnail_size":"crop-500","single_post_gallery_size":"crop-500"}],"trending_post_position":"meta","trending_post_label":"Trending","sponsored_post_label":"Sponsored by","sponsored_post_name":"","sponsored_post_url":"","sponsored_post_logo":"","sponsored_post_desc":""},"jnews_primary_category":{"id":"773"},"jnews_social_meta":{"fb_title":"","fb_description":"","fb_image":"","twitter_title":"","twitter_description":"","twitter_image":""},"jnews_override_counter":{"view_counter_number":"0","share_counter_number":"0","like_counter_number":"0","dislike_counter_number":"0"},"footnotes":""},"categories":[810,773,815],"tags":[17931,12541,15736,8626,17930],"class_list":["post-134466","post","type-post","status-publish","format-standard","has-post-thumbnail","hentry","category-foreground-es","category-politica","category-breaking-news-es","tag-alliance-defending-freedom-international","tag-finlandia-es-2","tag-juhana-pohjola-es","tag-libertad-religiosa-es","tag-paivi-rasanen-4"],"yoast_head":"<!-- This site is optimized with the Yoast SEO Premium plugin v25.9 (Yoast SEO v27.3) - https:\/\/yoast.com\/product\/yoast-seo-premium-wordpress\/ -->\n<title>Finlandia: P\u00e4ivi R\u00e4s\u00e4nen es absuelta - &quot;iFamNews&quot;<\/title>\n<meta name=\"description\" content=\"La fiscal\u00eda afirm\u00f3 que el uso de la palabra &quot;pecado&quot; puede ser &quot;perjudicial&quot; y sugiri\u00f3 fuertes multas en caso de culpabilidad.\" \/>\n<meta name=\"robots\" content=\"index, follow, max-snippet:-1, max-image-preview:large, max-video-preview:-1\" \/>\n<link rel=\"canonical\" href=\"https:\/\/ifamnews.com\/es\/finlandia-p-ivi-r-s-nen-es-absuelto\" \/>\n<meta property=\"og:locale\" content=\"es_ES\" \/>\n<meta property=\"og:type\" content=\"article\" \/>\n<meta property=\"og:title\" content=\"Finlandia: P\u00e4ivi R\u00e4s\u00e4nen es absuelta\" \/>\n<meta property=\"og:description\" content=\"La fiscal\u00eda afirm\u00f3 que el uso de la palabra &quot;pecado&quot; puede ser &quot;perjudicial&quot; y sugiri\u00f3 fuertes multas en caso de culpabilidad.\" \/>\n<meta property=\"og:url\" content=\"https:\/\/ifamnews.com\/es\/finlandia-p-ivi-r-s-nen-es-absuelto\" \/>\n<meta property=\"og:site_name\" content=\"IFN\" \/>\n<meta property=\"article:publisher\" content=\"https:\/\/www.facebook.com\/iFamNews\" \/>\n<meta property=\"article:published_time\" content=\"2022-04-18T05:00:00+00:00\" \/>\n<meta property=\"og:image\" content=\"https:\/\/ifamnews.com\/wp-content\/uploads\/2022\/03\/Finlandia_-assolta-Paivi-Rasanen.jpg\" \/>\n\t<meta property=\"og:image:width\" content=\"1200\" \/>\n\t<meta property=\"og:image:height\" content=\"675\" \/>\n\t<meta property=\"og:image:type\" content=\"image\/jpeg\" \/>\n<meta name=\"author\" content=\"Luca Marcolivio\" \/>\n<meta name=\"twitter:card\" content=\"summary_large_image\" \/>\n<meta name=\"twitter:creator\" content=\"@https:\/\/twitter.com\/luketto2\" \/>\n<meta name=\"twitter:site\" content=\"@iFamNewsEN\" \/>\n<meta name=\"twitter:label1\" content=\"Escrito por\" \/>\n\t<meta name=\"twitter:data1\" content=\"Luca Marcolivio\" \/>\n\t<meta name=\"twitter:label2\" content=\"Tiempo de lectura\" \/>\n\t<meta name=\"twitter:data2\" content=\"2 minutos\" \/>\n<!-- \/ Yoast SEO Premium plugin. -->","yoast_head_json":{"title":"Finlandia: P\u00e4ivi R\u00e4s\u00e4nen es absuelta - \"iFamNews\"","description":"La fiscal\u00eda afirm\u00f3 que el uso de la palabra \"pecado\" puede ser \"perjudicial\" y sugiri\u00f3 fuertes multas en caso de culpabilidad.","robots":{"index":"index","follow":"follow","max-snippet":"max-snippet:-1","max-image-preview":"max-image-preview:large","max-video-preview":"max-video-preview:-1"},"canonical":"https:\/\/ifamnews.com\/es\/finlandia-p-ivi-r-s-nen-es-absuelto","og_locale":"es_ES","og_type":"article","og_title":"Finlandia: P\u00e4ivi R\u00e4s\u00e4nen es absuelta","og_description":"La fiscal\u00eda afirm\u00f3 que el uso de la palabra \"pecado\" puede ser \"perjudicial\" y sugiri\u00f3 fuertes multas en caso de culpabilidad.","og_url":"https:\/\/ifamnews.com\/es\/finlandia-p-ivi-r-s-nen-es-absuelto","og_site_name":"IFN","article_publisher":"https:\/\/www.facebook.com\/iFamNews","article_published_time":"2022-04-18T05:00:00+00:00","og_image":[{"width":1200,"height":675,"url":"https:\/\/ifamnews.com\/wp-content\/uploads\/2022\/03\/Finlandia_-assolta-Paivi-Rasanen.jpg","type":"image\/jpeg"}],"author":"Luca Marcolivio","twitter_card":"summary_large_image","twitter_creator":"@https:\/\/twitter.com\/luketto2","twitter_site":"@iFamNewsEN","twitter_misc":{"Escrito por":"Luca Marcolivio","Tiempo de lectura":"2 minutos"},"schema":{"@context":"https:\/\/schema.org","@graph":[{"@type":"NewsArticle","@id":"https:\/\/ifamnews.com\/es\/finlandia-p-ivi-r-s-nen-es-absuelto#article","isPartOf":{"@id":"https:\/\/ifamnews.com\/es\/finlandia-p-ivi-r-s-nen-es-absuelto"},"author":{"name":"Luca Marcolivio","@id":"https:\/\/ifamnews.com\/en\/#\/schema\/person\/ce4f7fd8e66bf7ecb51fc4e1d97dbcfd"},"headline":"Finlandia: P\u00e4ivi R\u00e4s\u00e4nen es absuelta","datePublished":"2022-04-18T05:00:00+00:00","mainEntityOfPage":{"@id":"https:\/\/ifamnews.com\/es\/finlandia-p-ivi-r-s-nen-es-absuelto"},"wordCount":479,"commentCount":0,"publisher":{"@id":"https:\/\/ifamnews.com\/en\/#organization"},"image":{"@id":"https:\/\/ifamnews.com\/es\/finlandia-p-ivi-r-s-nen-es-absuelto#primaryimage"},"thumbnailUrl":"https:\/\/ifamnews.com\/wp-content\/uploads\/2022\/03\/Finlandia_-assolta-Paivi-Rasanen.jpg","keywords":["Alliance Defending Freedom International (","Finlandia","Juhana Pohjola","libertad religiosa","P\u00e4ivi R\u00e4s\u00e4nen"],"articleSection":["Foreground","Pol\u00edtica","\u00daLTIMAS NOTICIAS"],"inLanguage":"es","potentialAction":[{"@type":"CommentAction","name":"Comment","target":["https:\/\/ifamnews.com\/es\/finlandia-p-ivi-r-s-nen-es-absuelto#respond"]}]},{"@type":"WebPage","@id":"https:\/\/ifamnews.com\/es\/finlandia-p-ivi-r-s-nen-es-absuelto","url":"https:\/\/ifamnews.com\/es\/finlandia-p-ivi-r-s-nen-es-absuelto","name":"Finlandia: P\u00e4ivi R\u00e4s\u00e4nen es absuelta - \"iFamNews\"","isPartOf":{"@id":"https:\/\/ifamnews.com\/en\/#website"},"primaryImageOfPage":{"@id":"https:\/\/ifamnews.com\/es\/finlandia-p-ivi-r-s-nen-es-absuelto#primaryimage"},"image":{"@id":"https:\/\/ifamnews.com\/es\/finlandia-p-ivi-r-s-nen-es-absuelto#primaryimage"},"thumbnailUrl":"https:\/\/ifamnews.com\/wp-content\/uploads\/2022\/03\/Finlandia_-assolta-Paivi-Rasanen.jpg","datePublished":"2022-04-18T05:00:00+00:00","description":"La fiscal\u00eda afirm\u00f3 que el uso de la palabra \"pecado\" puede ser \"perjudicial\" y sugiri\u00f3 fuertes multas en caso de culpabilidad.","breadcrumb":{"@id":"https:\/\/ifamnews.com\/es\/finlandia-p-ivi-r-s-nen-es-absuelto#breadcrumb"},"inLanguage":"es","potentialAction":[{"@type":"ReadAction","target":["https:\/\/ifamnews.com\/es\/finlandia-p-ivi-r-s-nen-es-absuelto"]}]},{"@type":"ImageObject","inLanguage":"es","@id":"https:\/\/ifamnews.com\/es\/finlandia-p-ivi-r-s-nen-es-absuelto#primaryimage","url":"https:\/\/ifamnews.com\/wp-content\/uploads\/2022\/03\/Finlandia_-assolta-Paivi-Rasanen.jpg","contentUrl":"https:\/\/ifamnews.com\/wp-content\/uploads\/2022\/03\/Finlandia_-assolta-Paivi-Rasanen.jpg","width":1200,"height":675,"caption":"Imagen de Tohtori Ristintie (YouTube)"},{"@type":"BreadcrumbList","@id":"https:\/\/ifamnews.com\/es\/finlandia-p-ivi-r-s-nen-es-absuelto#breadcrumb","itemListElement":[{"@type":"ListItem","position":1,"name":"Home","item":"https:\/\/ifamnews.com\/de"},{"@type":"ListItem","position":2,"name":"Politics","item":"https:\/\/ifamnews.com\/en\/category\/politics"},{"@type":"ListItem","position":3,"name":"Finlandia: P\u00e4ivi R\u00e4s\u00e4nen es absuelta"}]},{"@type":"WebSite","@id":"https:\/\/ifamnews.com\/en\/#website","url":"https:\/\/ifamnews.com\/en\/","name":"IFN","description":"International Family News Network","publisher":{"@id":"https:\/\/ifamnews.com\/en\/#organization"},"potentialAction":[{"@type":"SearchAction","target":{"@type":"EntryPoint","urlTemplate":"https:\/\/ifamnews.com\/en\/?s={search_term_string}"},"query-input":{"@type":"PropertyValueSpecification","valueRequired":true,"valueName":"search_term_string"}}],"inLanguage":"es"},{"@type":"Organization","@id":"https:\/\/ifamnews.com\/en\/#organization","name":"iFamNews","url":"https:\/\/ifamnews.com\/en\/","logo":{"@type":"ImageObject","inLanguage":"es","@id":"https:\/\/ifamnews.com\/en\/#\/schema\/logo\/image\/","url":"https:\/\/ifamnews.com\/wp-content\/uploads\/2020\/01\/Share-logo.png","contentUrl":"https:\/\/ifamnews.com\/wp-content\/uploads\/2020\/01\/Share-logo.png","width":200,"height":200,"caption":"iFamNews"},"image":{"@id":"https:\/\/ifamnews.com\/en\/#\/schema\/logo\/image\/"},"sameAs":["https:\/\/www.facebook.com\/iFamNews","https:\/\/x.com\/iFamNewsEN"]},{"@type":"Person","@id":"https:\/\/ifamnews.com\/en\/#\/schema\/person\/ce4f7fd8e66bf7ecb51fc4e1d97dbcfd","name":"Luca Marcolivio","image":{"@type":"ImageObject","inLanguage":"es","@id":"https:\/\/secure.gravatar.com\/avatar\/4aa297a11beb7510b2301ae9c8bbe9e7eb035156e7c8f0d92c718bc695d102d7?s=96&d=mm&r=g","url":"https:\/\/secure.gravatar.com\/avatar\/4aa297a11beb7510b2301ae9c8bbe9e7eb035156e7c8f0d92c718bc695d102d7?s=96&d=mm&r=g","contentUrl":"https:\/\/secure.gravatar.com\/avatar\/4aa297a11beb7510b2301ae9c8bbe9e7eb035156e7c8f0d92c718bc695d102d7?s=96&d=mm&r=g","caption":"Luca Marcolivio"},"description":"A professional journalist, Luca Marcolivio has been accredited to the Holy See Press Office since 2011. Director of the webmagazine of religious information Cristiani Today, e collaborates with La nuova Bussola Quotidiana, Pro Vita &amp; Famiglia and the blog of the Centro Machiavelli. From 2011 to 2017 he was Editor-in-Chief of the Italian edition of Zenit. He is the author of Contro Garibaldi. Quello che a scuola non vi hanno raccontato and the editor of La societ\u00e0 dell\u2019allegria. Don Bosco raccontato dai salesiani del XXI Secolo","sameAs":["https:\/\/x.com\/https:\/\/twitter.com\/luketto2"],"url":"https:\/\/ifamnews.com\/es\/author\/luca-marcolivio"}]}},"amp_enabled":true,"_links":{"self":[{"href":"https:\/\/ifamnews.com\/es\/wp-json\/wp\/v2\/posts\/134466","targetHints":{"allow":["GET"]}}],"collection":[{"href":"https:\/\/ifamnews.com\/es\/wp-json\/wp\/v2\/posts"}],"about":[{"href":"https:\/\/ifamnews.com\/es\/wp-json\/wp\/v2\/types\/post"}],"author":[{"embeddable":true,"href":"https:\/\/ifamnews.com\/es\/wp-json\/wp\/v2\/users\/545"}],"replies":[{"embeddable":true,"href":"https:\/\/ifamnews.com\/es\/wp-json\/wp\/v2\/comments?post=134466"}],"version-history":[{"count":5,"href":"https:\/\/ifamnews.com\/es\/wp-json\/wp\/v2\/posts\/134466\/revisions"}],"predecessor-version":[{"id":135389,"href":"https:\/\/ifamnews.com\/es\/wp-json\/wp\/v2\/posts\/134466\/revisions\/135389"}],"wp:featuredmedia":[{"embeddable":true,"href":"https:\/\/ifamnews.com\/es\/wp-json\/wp\/v2\/media\/133979"}],"wp:attachment":[{"href":"https:\/\/ifamnews.com\/es\/wp-json\/wp\/v2\/media?parent=134466"}],"wp:term":[{"taxonomy":"category","embeddable":true,"href":"https:\/\/ifamnews.com\/es\/wp-json\/wp\/v2\/categories?post=134466"},{"taxonomy":"post_tag","embeddable":true,"href":"https:\/\/ifamnews.com\/es\/wp-json\/wp\/v2\/tags?post=134466"}],"curies":[{"name":"wp","href":"https:\/\/api.w.org\/{rel}","templated":true}]}}