{"id":132642,"date":"2022-03-30T01:00:00","date_gmt":"2022-03-30T05:00:00","guid":{"rendered":"https:\/\/ifamnews.com\/?p=132642"},"modified":"2022-03-23T15:34:15","modified_gmt":"2022-03-23T19:34:15","slug":"el-gobernador-de-indiana-veta-la-prohibici-n-de-que-los-ni-os-biol-gicos-jueguen-contra-las-ni-as","status":"publish","type":"post","link":"https:\/\/ifamnews.com\/es\/el-gobernador-de-indiana-veta-la-prohibici-n-de-que-los-ni-os-biol-gicos-jueguen-contra-las-ni-as","title":{"rendered":"El gobernador de Indiana veta la prohibici\u00f3n de que los ni\u00f1os biol\u00f3gicos jueguen contra las ni\u00f1as"},"content":{"rendered":"\n<p>La NCAA(National Collegiate Athletic Association) , que opera desde Indian\u00e1polis, se ha visto afectada en los \u00faltimos meses por la historia de <a href=\"https:\/\/ifamnews.com\/es\/la-nadadora-lia-thomas-utiliza-el-vestuario-femenino-con-su-anatom-a-masculina-y-a-n-se-siente-atra-da-por-las-mujeres\" target=\"_blank\" rel=\"noreferrer noopener\">Lia Thomas<\/a>.<\/p>\n\n\n\n<p>Y el gobernador Eric Holcomb se asegur\u00f3 el lunes de que el Estado Hoosier siguiera en el ojo del hurac\u00e1n de los \u00abtrans-atletas\u00bb al vetar un proyecto de ley que prohib\u00eda a los varones biol\u00f3gicos competir contra las mujeres en un entorno escolar.<\/p>\n\n\n\n<p>Holcomb, que apoy\u00f3 la legislaci\u00f3n el mes pasado, escribi\u00f3 una <a href=\"https:\/\/www.in.gov\/gov\/files\/Veto-HEA-1041.pdf\" target=\"_blank\" rel=\"noreferrer noopener\">carta<\/a> para defender su decisi\u00f3n de que su veto estaba justificado, ya que el proyecto de ley es  para un problema que no existe en Indiana. Asegura que la ley \u00abse queda corta\u00bb a la hora de proporcionar una pol\u00edtica estatal coherente para la \u00abequidad\u00bb en los deportes escolares desde el jard\u00edn de infancia hasta el 12\u00ba grado.<\/p>\n\n\n\n<p>Mientras que la ACLU (Uni\u00f3n Aamericana por las Libertades Civiles) de Indiana afirma que tiene previsto demandar esta \u00abodiosa legislaci\u00f3n\u00bb, otros opositores al proyecto de ley lo calificaron de intolerante y lo relacionaron con un posible aumento del suicidio de ni\u00f1os\/adolescentes. Mike Schmuhl, presidente del Partido Dem\u00f3crata de Indiana, dijo que \u00abla aprobaci\u00f3n de la Ley 1041 de la C\u00e1mara de Representantes habr\u00eda puesto en peligro la vida de nuestros ni\u00f1os\u00bb y que \u00abeste debate innecesario ha creado la sensaci\u00f3n de que ser transg\u00e9nero significa que algo est\u00e1 mal en ellos\u00bb. Hay que decir que no es malo y que ser transg\u00e9nero es exactamente como Dios te cre\u00f3 y lo que has nacido para ser\u00bb.<\/p>\n\n\n\n<p>En febrero, Holcomb <a href=\"https:\/\/apnews.com\/article\/sports-education-indiana-legislature-gender-identity-573bdb20ee517aef6038313f30b80678\" target=\"_blank\" rel=\"noreferrer noopener\">mostr\u00f3 su apoyo<\/a> al proyecto de ley. \u00abEstoy de acuerdo, rotundamente, en que los chicos deben practicar deportes de chicos y las chicas deben practicar deportes de chicas, y los deportes mixtos deben ser s\u00f3lo eso&#8230; as\u00ed que elaboramos un lenguaje real y apoyamos a organizaciones como la IHSAA (Asociaci\u00f3n Atl\u00e9tica de Escuelas Secundarias de Indiana), que ha hecho un trabajo admirable hasta la fecha, para asegurarnos de que puedan seguir haci\u00e9ndolo\u00bb.  <\/p>\n\n\n\n<p>La medida a\u00fan puede convertirse en ley, ya que los republicanos tienen una gran mayor\u00eda en ambas c\u00e1maras de la c\u00e1mara estatal de Indiana y s\u00f3lo necesitan una mayor\u00eda simple. La anulaci\u00f3n del veto del gobernador Holcomb podr\u00eda tener lugar el 24 de mayo, cuando los l\u00edderes legislativos se re\u00fanan. Otros diez estados liderados por los republicanos ya han promulgado leyes similares destinadas a proteger a las atletas de la invasi\u00f3n masculina.<\/p>\n\n\n\n<p><\/p>\n","protected":false},"excerpt":{"rendered":"<p>El republicano Eric Holcomb dice que apoya el objetivo de \u00abcoherencia y equidad en los deportes femeninos de competici\u00f3n\u00bb, pero a\u00f1ade que no hay pruebas de que no se cumpla en su estado. Su veto a\u00fan puede ser anulado por los legisladores republicanos que cuentan con una gran mayor\u00eda.<\/p>\n","protected":false},"author":595,"featured_media":132600,"comment_status":"open","ping_status":"open","sticky":false,"template":"","format":"standard","meta":{"give_campaign_id":0,"om_disable_all_campaigns":false,"_monsterinsights_skip_tracking":false,"_monsterinsights_sitenote_active":false,"_monsterinsights_sitenote_note":"","_monsterinsights_sitenote_category":0,"mc4wp_mailchimp_campaign":[],"jnews-multi-image_gallery":[],"jnews_single_post":{"subtitle":"El republicano Eric Holcomb dice que apoya el objetivo de \"coherencia y equidad en los deportes femeninos de competici\u00f3n\" y a\u00f1ade que no hay pruebas de que no se cumpla en su estado","format":"standard","video":"","gallery":"","source_name":"","source_url":"","via_name":"","via_url":"","override":[{"template":"1","single_blog_custom":"","parallax":"1","fullscreen":"1","layout":"right-sidebar","sidebar":"default-sidebar","second_sidebar":"default-sidebar","sticky_sidebar":"1","share_position":"top","share_float_style":"share-monocrhome","show_share_counter":"1","show_view_counter":"1","show_featured":"1","show_post_meta":"1","show_post_author":"1","show_post_author_image":"1","show_post_date":"1","post_date_format":"default","post_date_format_custom":"Y\/m\/d","show_post_category":"1","post_reading_time_wpm":"300","zoom_button_out_step":"2","zoom_button_in_step":"3","show_post_tag":"1","show_prev_next_post":"1","show_popup_post":"1","number_popup_post":"1"}],"image_override":[{"single_post_thumbnail_size":"crop-500","single_post_gallery_size":"crop-500"}],"trending_post_position":"meta","trending_post_label":"Trending","sponsored_post_label":"Sponsored by","sponsored_post_name":"","sponsored_post_url":"","sponsored_post_logo":"","sponsored_post_desc":""},"jnews_primary_category":{"id":""},"jnews_social_meta":{"fb_title":"","fb_description":"","fb_image":"","twitter_title":"","twitter_description":"","twitter_image":""},"jnews_override_counter":{"view_counter_number":"0","share_counter_number":"0","like_counter_number":"0","dislike_counter_number":"0"},"footnotes":""},"categories":[773,815],"tags":[17737,17738,11066,13923,7267],"class_list":["post-132642","post","type-post","status-publish","format-standard","has-post-thumbnail","hentry","category-politica","category-breaking-news-es","tag-eric-holcomb-es","tag-gobernador-de-indiana","tag-ideologia-lgbt","tag-lia-thomas-es","tag-transgenderism-es"],"yoast_head":"<!-- This site is optimized with the Yoast SEO Premium plugin v25.9 (Yoast SEO v27.3) - https:\/\/yoast.com\/product\/yoast-seo-premium-wordpress\/ -->\n<title>El gobernador de Indiana veta la prohibici\u00f3n de que los ni\u00f1os biol\u00f3gicos jueguen contra las ni\u00f1as - IFN<\/title>\n<meta name=\"description\" content=\"Asegura que la ley &quot;se queda corta&quot; a la hora de proporcionar una pol\u00edtica estatal coherente para la &quot;equidad&quot; en los deportes escolares\" \/>\n<meta name=\"robots\" content=\"index, follow, max-snippet:-1, max-image-preview:large, max-video-preview:-1\" \/>\n<link rel=\"canonical\" href=\"https:\/\/ifamnews.com\/es\/el-gobernador-de-indiana-veta-la-prohibici-n-de-que-los-ni-os-biol-gicos-jueguen-contra-las-ni-as\" \/>\n<meta property=\"og:locale\" content=\"es_ES\" \/>\n<meta property=\"og:type\" content=\"article\" \/>\n<meta property=\"og:title\" content=\"El gobernador de Indiana veta la prohibici\u00f3n de que los ni\u00f1os biol\u00f3gicos jueguen contra las ni\u00f1as\" \/>\n<meta property=\"og:description\" content=\"Asegura que la ley &quot;se queda corta&quot; a la hora de proporcionar una pol\u00edtica estatal coherente para la &quot;equidad&quot; en los deportes escolares\" \/>\n<meta property=\"og:url\" content=\"https:\/\/ifamnews.com\/es\/el-gobernador-de-indiana-veta-la-prohibici-n-de-que-los-ni-os-biol-gicos-jueguen-contra-las-ni-as\" \/>\n<meta property=\"og:site_name\" content=\"IFN\" \/>\n<meta property=\"article:publisher\" content=\"https:\/\/www.facebook.com\/iFamNews\" \/>\n<meta property=\"article:published_time\" content=\"2022-03-30T05:00:00+00:00\" \/>\n<meta property=\"og:image\" content=\"https:\/\/ifamnews.com\/wp-content\/uploads\/2022\/03\/47419058892_d9ca64abae_b.jpg\" \/>\n\t<meta property=\"og:image:width\" content=\"1024\" \/>\n\t<meta property=\"og:image:height\" content=\"683\" \/>\n\t<meta property=\"og:image:type\" content=\"image\/jpeg\" \/>\n<meta name=\"author\" content=\"Damian Goddard\" \/>\n<meta name=\"twitter:card\" content=\"summary_large_image\" \/>\n<meta name=\"twitter:creator\" content=\"@iFamNewsEN\" \/>\n<meta name=\"twitter:site\" content=\"@iFamNewsEN\" \/>\n<meta name=\"twitter:label1\" content=\"Escrito por\" \/>\n\t<meta name=\"twitter:data1\" content=\"Damian Goddard\" \/>\n\t<meta name=\"twitter:label2\" content=\"Tiempo de lectura\" \/>\n\t<meta name=\"twitter:data2\" content=\"2 minutos\" \/>\n<!-- \/ Yoast SEO Premium plugin. -->","yoast_head_json":{"title":"El gobernador de Indiana veta la prohibici\u00f3n de que los ni\u00f1os biol\u00f3gicos jueguen contra las ni\u00f1as - IFN","description":"Asegura que la ley \"se queda corta\" a la hora de proporcionar una pol\u00edtica estatal coherente para la \"equidad\" en los deportes escolares","robots":{"index":"index","follow":"follow","max-snippet":"max-snippet:-1","max-image-preview":"max-image-preview:large","max-video-preview":"max-video-preview:-1"},"canonical":"https:\/\/ifamnews.com\/es\/el-gobernador-de-indiana-veta-la-prohibici-n-de-que-los-ni-os-biol-gicos-jueguen-contra-las-ni-as","og_locale":"es_ES","og_type":"article","og_title":"El gobernador de Indiana veta la prohibici\u00f3n de que los ni\u00f1os biol\u00f3gicos jueguen contra las ni\u00f1as","og_description":"Asegura que la ley \"se queda corta\" a la hora de proporcionar una pol\u00edtica estatal coherente para la \"equidad\" en los deportes escolares","og_url":"https:\/\/ifamnews.com\/es\/el-gobernador-de-indiana-veta-la-prohibici-n-de-que-los-ni-os-biol-gicos-jueguen-contra-las-ni-as","og_site_name":"IFN","article_publisher":"https:\/\/www.facebook.com\/iFamNews","article_published_time":"2022-03-30T05:00:00+00:00","og_image":[{"width":1024,"height":683,"url":"https:\/\/ifamnews.com\/wp-content\/uploads\/2022\/03\/47419058892_d9ca64abae_b.jpg","type":"image\/jpeg"}],"author":"Damian Goddard","twitter_card":"summary_large_image","twitter_creator":"@iFamNewsEN","twitter_site":"@iFamNewsEN","twitter_misc":{"Escrito por":"Damian Goddard","Tiempo de lectura":"2 minutos"},"schema":{"@context":"https:\/\/schema.org","@graph":[{"@type":"NewsArticle","@id":"https:\/\/ifamnews.com\/es\/el-gobernador-de-indiana-veta-la-prohibici-n-de-que-los-ni-os-biol-gicos-jueguen-contra-las-ni-as#article","isPartOf":{"@id":"https:\/\/ifamnews.com\/es\/el-gobernador-de-indiana-veta-la-prohibici-n-de-que-los-ni-os-biol-gicos-jueguen-contra-las-ni-as"},"author":{"name":"Damian Goddard","@id":"https:\/\/ifamnews.com\/en\/#\/schema\/person\/6d0f801dfdd942a95916e3671c906b70"},"headline":"El gobernador de Indiana veta la prohibici\u00f3n de que los ni\u00f1os biol\u00f3gicos jueguen contra las ni\u00f1as","datePublished":"2022-03-30T05:00:00+00:00","mainEntityOfPage":{"@id":"https:\/\/ifamnews.com\/es\/el-gobernador-de-indiana-veta-la-prohibici-n-de-que-los-ni-os-biol-gicos-jueguen-contra-las-ni-as"},"wordCount":449,"commentCount":0,"publisher":{"@id":"https:\/\/ifamnews.com\/en\/#organization"},"image":{"@id":"https:\/\/ifamnews.com\/es\/el-gobernador-de-indiana-veta-la-prohibici-n-de-que-los-ni-os-biol-gicos-jueguen-contra-las-ni-as#primaryimage"},"thumbnailUrl":"https:\/\/ifamnews.com\/wp-content\/uploads\/2022\/03\/47419058892_d9ca64abae_b.jpg","keywords":["Eric Holcomb","Gobernador de Indiana","Ideolog\u00eda LGBT","Lia Thomas","Transgenderism"],"articleSection":["Pol\u00edtica","\u00daLTIMAS NOTICIAS"],"inLanguage":"es","potentialAction":[{"@type":"CommentAction","name":"Comment","target":["https:\/\/ifamnews.com\/es\/el-gobernador-de-indiana-veta-la-prohibici-n-de-que-los-ni-os-biol-gicos-jueguen-contra-las-ni-as#respond"]}]},{"@type":"WebPage","@id":"https:\/\/ifamnews.com\/es\/el-gobernador-de-indiana-veta-la-prohibici-n-de-que-los-ni-os-biol-gicos-jueguen-contra-las-ni-as","url":"https:\/\/ifamnews.com\/es\/el-gobernador-de-indiana-veta-la-prohibici-n-de-que-los-ni-os-biol-gicos-jueguen-contra-las-ni-as","name":"El gobernador de Indiana veta la prohibici\u00f3n de que los ni\u00f1os biol\u00f3gicos jueguen contra las ni\u00f1as - IFN","isPartOf":{"@id":"https:\/\/ifamnews.com\/en\/#website"},"primaryImageOfPage":{"@id":"https:\/\/ifamnews.com\/es\/el-gobernador-de-indiana-veta-la-prohibici-n-de-que-los-ni-os-biol-gicos-jueguen-contra-las-ni-as#primaryimage"},"image":{"@id":"https:\/\/ifamnews.com\/es\/el-gobernador-de-indiana-veta-la-prohibici-n-de-que-los-ni-os-biol-gicos-jueguen-contra-las-ni-as#primaryimage"},"thumbnailUrl":"https:\/\/ifamnews.com\/wp-content\/uploads\/2022\/03\/47419058892_d9ca64abae_b.jpg","datePublished":"2022-03-30T05:00:00+00:00","description":"Asegura que la ley \"se queda corta\" a la hora de proporcionar una pol\u00edtica estatal coherente para la \"equidad\" en los deportes escolares","breadcrumb":{"@id":"https:\/\/ifamnews.com\/es\/el-gobernador-de-indiana-veta-la-prohibici-n-de-que-los-ni-os-biol-gicos-jueguen-contra-las-ni-as#breadcrumb"},"inLanguage":"es","potentialAction":[{"@type":"ReadAction","target":["https:\/\/ifamnews.com\/es\/el-gobernador-de-indiana-veta-la-prohibici-n-de-que-los-ni-os-biol-gicos-jueguen-contra-las-ni-as"]}]},{"@type":"ImageObject","inLanguage":"es","@id":"https:\/\/ifamnews.com\/es\/el-gobernador-de-indiana-veta-la-prohibici-n-de-que-los-ni-os-biol-gicos-jueguen-contra-las-ni-as#primaryimage","url":"https:\/\/ifamnews.com\/wp-content\/uploads\/2022\/03\/47419058892_d9ca64abae_b.jpg","contentUrl":"https:\/\/ifamnews.com\/wp-content\/uploads\/2022\/03\/47419058892_d9ca64abae_b.jpg","width":1024,"height":683},{"@type":"BreadcrumbList","@id":"https:\/\/ifamnews.com\/es\/el-gobernador-de-indiana-veta-la-prohibici-n-de-que-los-ni-os-biol-gicos-jueguen-contra-las-ni-as#breadcrumb","itemListElement":[{"@type":"ListItem","position":1,"name":"Home","item":"https:\/\/ifamnews.com\/de"},{"@type":"ListItem","position":2,"name":"Breaking News","item":"https:\/\/ifamnews.com\/en\/category\/breaking-news"},{"@type":"ListItem","position":3,"name":"El gobernador de Indiana veta la prohibici\u00f3n de que los ni\u00f1os biol\u00f3gicos jueguen contra las ni\u00f1as"}]},{"@type":"WebSite","@id":"https:\/\/ifamnews.com\/en\/#website","url":"https:\/\/ifamnews.com\/en\/","name":"IFN","description":"International Family News Network","publisher":{"@id":"https:\/\/ifamnews.com\/en\/#organization"},"potentialAction":[{"@type":"SearchAction","target":{"@type":"EntryPoint","urlTemplate":"https:\/\/ifamnews.com\/en\/?s={search_term_string}"},"query-input":{"@type":"PropertyValueSpecification","valueRequired":true,"valueName":"search_term_string"}}],"inLanguage":"es"},{"@type":"Organization","@id":"https:\/\/ifamnews.com\/en\/#organization","name":"iFamNews","url":"https:\/\/ifamnews.com\/en\/","logo":{"@type":"ImageObject","inLanguage":"es","@id":"https:\/\/ifamnews.com\/en\/#\/schema\/logo\/image\/","url":"https:\/\/ifamnews.com\/wp-content\/uploads\/2020\/01\/Share-logo.png","contentUrl":"https:\/\/ifamnews.com\/wp-content\/uploads\/2020\/01\/Share-logo.png","width":200,"height":200,"caption":"iFamNews"},"image":{"@id":"https:\/\/ifamnews.com\/en\/#\/schema\/logo\/image\/"},"sameAs":["https:\/\/www.facebook.com\/iFamNews","https:\/\/x.com\/iFamNewsEN"]},{"@type":"Person","@id":"https:\/\/ifamnews.com\/en\/#\/schema\/person\/6d0f801dfdd942a95916e3671c906b70","name":"Damian Goddard","image":{"@type":"ImageObject","inLanguage":"es","@id":"https:\/\/secure.gravatar.com\/avatar\/027a86dd10a90ba99904514279b628a246ec46b6073860f473da680bca6ca9bb?s=96&d=mm&r=g","url":"https:\/\/secure.gravatar.com\/avatar\/027a86dd10a90ba99904514279b628a246ec46b6073860f473da680bca6ca9bb?s=96&d=mm&r=g","contentUrl":"https:\/\/secure.gravatar.com\/avatar\/027a86dd10a90ba99904514279b628a246ec46b6073860f473da680bca6ca9bb?s=96&d=mm&r=g","caption":"Damian Goddard"},"description":"Damian Goddard is a veteran television, radio, and internet broadcaster who garnered international headlines in May 2011 after taking to Twitter in defence of \"the traditional and TRUE meaning of marriage\". \u00a0Not twenty four hours after delivering the tweet, he was fired from his job as anchor for Rogers Sportsnet; one of Canada's two network sports broadcasters. \u00a0Damian's extensive broadcast experience also includes work as a news anchor at Sun News Network, a talkshow host at NewsTalk 1010 CFRB in Toronto, and ample experience in the sports realm working for the CBC, Maple Leaf Sports &amp; Entertainment (lead host at Raptors NBA TV and LeafsTV), and The Fan 590 in Toronto. \u00a0A history major with a Bachelor of Arts from the University of Western Ontario and a devout Roman Catholic, Damian is passionate about world and cultural affairs, the history and future of the Catholic Church, and the Toronto Maple Leafs.","url":"https:\/\/ifamnews.com\/es\/author\/dgoddard"}]}},"amp_enabled":true,"_links":{"self":[{"href":"https:\/\/ifamnews.com\/es\/wp-json\/wp\/v2\/posts\/132642","targetHints":{"allow":["GET"]}}],"collection":[{"href":"https:\/\/ifamnews.com\/es\/wp-json\/wp\/v2\/posts"}],"about":[{"href":"https:\/\/ifamnews.com\/es\/wp-json\/wp\/v2\/types\/post"}],"author":[{"embeddable":true,"href":"https:\/\/ifamnews.com\/es\/wp-json\/wp\/v2\/users\/595"}],"replies":[{"embeddable":true,"href":"https:\/\/ifamnews.com\/es\/wp-json\/wp\/v2\/comments?post=132642"}],"version-history":[{"count":5,"href":"https:\/\/ifamnews.com\/es\/wp-json\/wp\/v2\/posts\/132642\/revisions"}],"predecessor-version":[{"id":132974,"href":"https:\/\/ifamnews.com\/es\/wp-json\/wp\/v2\/posts\/132642\/revisions\/132974"}],"wp:featuredmedia":[{"embeddable":true,"href":"https:\/\/ifamnews.com\/es\/wp-json\/wp\/v2\/media\/132600"}],"wp:attachment":[{"href":"https:\/\/ifamnews.com\/es\/wp-json\/wp\/v2\/media?parent=132642"}],"wp:term":[{"taxonomy":"category","embeddable":true,"href":"https:\/\/ifamnews.com\/es\/wp-json\/wp\/v2\/categories?post=132642"},{"taxonomy":"post_tag","embeddable":true,"href":"https:\/\/ifamnews.com\/es\/wp-json\/wp\/v2\/tags?post=132642"}],"curies":[{"name":"wp","href":"https:\/\/api.w.org\/{rel}","templated":true}]}}