{"id":13244,"date":"2020-04-01T18:33:17","date_gmt":"2020-04-01T22:33:17","guid":{"rendered":"https:\/\/ifamnews.com\/?p=13244"},"modified":"2021-01-21T11:33:58","modified_gmt":"2021-01-21T16:33:58","slug":"el-mundo-siempre-necesita-gente-buena","status":"publish","type":"post","link":"https:\/\/ifamnews.com\/es\/el-mundo-siempre-necesita-gente-buena","title":{"rendered":"El mundo siempre necesita gente buena&#8230;"},"content":{"rendered":"<p class=\"last-updated\">Last updated on enero 21st, 2021 at 11:33 am<\/p>\n<p>Serbia es el pa\u00eds m\u00e1s grande de Europa sudoriental. Sin embargo, en t\u00e9rminos de par\u00e1metros impopulares, no se est\u00e1 quedando atr\u00e1s con respecto al resto de Europa: tiene una tasa de crecimiento negativa y su poblaci\u00f3n est\u00e1 disminuyendo por casi 40.000 personas al a\u00f1o. La edad media es de 43,2 a\u00f1os. Seg\u00fan la&nbsp;<a href=\"https:\/\/data.stat.gov.rs\/Home\/Result\/180402?languageCode=en-US\">Oficina de Estad\u00edstica de Serbia<\/a>, en 2018 se produjeron 36.000 nuevos matrimonios, siendo la edad media del novio de 34 a\u00f1os y la de la novia de 31. El hecho de que haya 275 divorcios por cada 1.000 matrimonios demuestra que la sociedad se enfrenta a una grave crisis.<\/p>\n\n\n\n<p>Es de conocimiento general que un pa\u00eds necesita un promedio de dos hijos por mujer para garantizar el nivel de fecundidad de reemplazo. Sin embargo, la tasa total de fecundidad en Serbia es de un promedio de 1,48 hijos por mujer.<\/p>\n\n\n\n<p>Las estad\u00edsticas sombr\u00edas no se detienen ah\u00ed. \u00a1El n\u00famero oficial de abortos en Serbia es de unos 17.000, pero los datos extraoficiales sit\u00faan esta oscura cifra en unos apocal\u00edpticos 150.000 a 200.000 por a\u00f1o! En los hospitales p\u00fablicos, el aborto se cobra 35 euros, mientras que en las cl\u00ednicas privadas el precio var\u00eda entre 50 y 500 euros. Si las cifras no oficiales son correctas, y hay muchas razones para creer que lo son, se deduce que una de cada cinco mujeres en Serbia tiene un aborto cada a\u00f1o. La ley permite que ni\u00f1as de tan s\u00f3lo 16 a\u00f1os aborten sin el consentimiento de sus padres. Las camisetas y los cuadernos con fotos de personajes de dibujos animados, que las chicas suelen llevar cuando son adolescentes, hablan lo suficiente de su madurez como para tomar esas decisiones que cambian la vida.<\/p>\n\n\n\n<p>Durante siglos, Serbia ha mantenido la tradici\u00f3n en alta estima y valorado la familia natural, pero hoy es un pa\u00eds donde el 85% de su poblaci\u00f3n est\u00e1 formada por cristianos ortodoxos orientales, 5% cat\u00f3licos romanos, 3% musulmanes y 1% protestantes, mientras que su Primer Ministro es abiertamente homosexual y promueve descaradamente la \u00abideolog\u00eda de g\u00e9nero\u00bb. Naturalmente, tal Primer Ministro no ha sido elegido por nadie en ninguna elecci\u00f3n; el pueblo ha sido enga\u00f1ado, y el Primer Ministro le ha impuesto una decisi\u00f3n desde \u00abarriba \u00ab, es decir, desde esa misma gente que est\u00e1 tratando de reemplazar la cultura de la vida e imponer una cultura de muerte a todas las naciones.<\/p>\n\n\n\n<p>La cuesti\u00f3n de la eutanasia no ha ocupado todav\u00eda su lugar legal en la sociedad serbia, aunque est\u00e1 incluida en el&nbsp;<a href=\"https:\/\/politika.rs\/scc\/clanak\/430710\/Srbija-u-zakon-uvodi-eutanaziju\">proyecto del nuevo C\u00f3digo Civil.<\/a>Con 60.000 personas que emigran de Serbia cada a\u00f1o en b\u00fasqueda de una vida mejor, es seguro decir que, desde un punto de vista demogr\u00e1fico y social, ya estamos en el proceso de hacernos la eutanasia a nosotros mismos.<\/p>\n\n\n\n<p>La sociedad serbia y los medios de comunicaci\u00f3n ocultan h\u00e1bilmente los problemas de adicci\u00f3n al alcohol, al tabaco y a los juegos de azar que se han prolongado durante d\u00e9cadas, y recientemente tambi\u00e9n la adicci\u00f3n a Internet, que hacen un excelente trabajo de desintegraci\u00f3n del n\u00facleo sano de la familia. Adem\u00e1s, se presentan diversas formas de vicio como una forma de vida preferible, y las drogas est\u00e1n ampliamente disponibles, incluso en los patios de las escuelas. Los medios de comunicaci\u00f3n serbios est\u00e1n inundados de reality shows, llenos de entretenimiento barato e irresponsabilidad ego\u00edsta hacia la salud y la vida de los ciudadanos, sin prestar atenci\u00f3n a las consecuencias de tal comportamiento en la sociedad en su conjunto &#8211; su \u00fanico objetivo es obtener enormes y f\u00e1ciles ganancias. La responsabilidad social y la influencia educativa en las personas, especialmente en los ni\u00f1os y j\u00f3venes, son pr\u00e1cticamente inexistentes.<\/p>\n\n\n\n<p>A\u00f1\u00e1dase a esto la mala&nbsp;<a href=\"https:\/\/serbianmonitor.com\/en\/vuksanovic-average-salary-in-serbia-is-actually-25000-dinars\/\">situaci\u00f3n econ\u00f3mica y financiera de la poblaci\u00f3n<\/a>, la corrupci\u00f3n generalizada y el aumento de la delincuencia, las heridas no cicatrizadas de las recientes guerras civiles en los Balcanes, los derechos amenazados a la libertad de religi\u00f3n y la&nbsp;<a href=\"https:\/\/en.wikipedia.org\/wiki\/2019%E2%80%9320_Montenegrin_crisis\">confiscaci\u00f3n de la propiedad de la Iglesia Ortodoxa Serbia en Montenegro<\/a>, la ingenier\u00eda sociodemogr\u00e1fica a manos de las potencias neoliberales mundiales, al<a href=\"https:\/\/balkaninsight.com\/2020\/02\/07\/migrant-convoy-in-serbia-turned-back-at-hungarian-border\/\">crear una crisis migratoria<\/a>, y el constante malestar social y pol\u00edtico en los Balcanes, es evidente que la familia en Serbia est\u00e1 amenazada, y la vida familiar es la forma menos atractiva de una uni\u00f3n en la que las personas, especialmente los j\u00f3venes, quieren alcanzar sus objetivos de vida.<\/p>\n\n\n\n<p>Aunque la alarma son\u00f3 hace mucho tiempo, no tenemos derecho a retirarnos. La falsa ret\u00f3rica sobre la superpoblaci\u00f3n y la ingenier\u00eda demogr\u00e1fica neoliberal est\u00e1 siendo rechazada por un n\u00famero cada vez mayor de pa\u00edses en Europa y fuera de ella. El mundo todav\u00eda necesita buena gente, y nunca podemos tener bastante de ellos. Por lo tanto, la \u00fanica soluci\u00f3n es que todos nosotros, a ambos lados de los meridianos, unamos nuestras fuerzas para restaurar el modelo familiar de la sociedad al lugar que le corresponde en la cima. Esta lucha requerir\u00e1 que todos hagamos nuestra parte, cada uno de nosotros como hombres, como seres humanos creados a imagen y semejanza de Dios, independientemente de nuestras muchas diferencias. As\u00ed que me siento honrado y orgulloso de formar parte del equipo dirigido por Brian Brown y la OIF en esta dram\u00e1tica batalla por cada vida humana y para restaurar el valor de la vida en la comunidad.<\/p>\n\n\n\n<p>En nuestra historia reciente, nuestro querido Patriarca serbio Pavle de la Sagrada Memoria nos ha revelado un gran secreto de la alegr\u00eda de la vida en estas sabias palabras:<\/p>\n\n\n\n<p>\u00abCuando una persona nace, el mundo entero se regocija, y s\u00f3lo ella llora. Que viva de tal manera que cuando muera, el mundo entero llore, y s\u00f3lo ella se regocije\u00bb.<\/p>\n","protected":false},"excerpt":{"rendered":"<p>\u00abNo quiero y no puedo creer que el mal sea la condici\u00f3n normal de la humanidad.\u00bb<br \/>\nFyodor M. Dostoevsky<\/p>\n","protected":false},"author":93,"featured_media":11230,"comment_status":"open","ping_status":"open","sticky":false,"template":"","format":"standard","meta":{"give_campaign_id":0,"om_disable_all_campaigns":false,"_monsterinsights_skip_tracking":false,"_monsterinsights_sitenote_active":false,"_monsterinsights_sitenote_note":"","_monsterinsights_sitenote_category":0,"mc4wp_mailchimp_campaign":[],"jnews-multi-image_gallery":[],"jnews_single_post":{"subtitle":"\u00abNo quiero y no puedo creer que el mal sea la condici\u00f3n normal de la humanidad.\u00bb Fyodor M. Dostoevsky","format":"standard","video":"","gallery":"","source_name":"","source_url":"","via_name":"","via_url":"","override":[{"single_blog_custom":"","sidebar":"","second_sidebar":"","share_position":"","share_float_style":"","post_date_format":"","post_date_format_custom":"","post_reading_time_wpm":"","zoom_button_out_step":"1","zoom_button_in_step":"1","number_popup_post":"1"}],"image_override":[{"single_post_thumbnail_size":"","single_post_gallery_size":""}],"trending_post_position":"","trending_post_label":""},"jnews_primary_category":{"id":"818"},"jnews_social_meta":{"fb_title":"","fb_description":"","fb_image":"","twitter_title":"","twitter_description":"","twitter_image":""},"jnews_override_counter":{"view_counter_number":"0","share_counter_number":"0","like_counter_number":"0","dislike_counter_number":"0"},"footnotes":""},"categories":[775,810,777,815,818],"tags":[2585,2584,832],"class_list":["post-13244","post","type-post","status-publish","format-standard","has-post-thumbnail","hentry","category-familia","category-foreground-es","category-opinion-es","category-breaking-news-es","category-vida","tag-abortos","tag-serbia-3","tag-vida"],"yoast_head":"<!-- This site is optimized with the Yoast SEO Premium plugin v25.9 (Yoast SEO v27.3) - https:\/\/yoast.com\/product\/yoast-seo-premium-wordpress\/ -->\n<title>El mundo siempre necesita gente buena... - IFN<\/title>\n<meta name=\"description\" content=\"\u00abNo quiero y no puedo creer que el mal sea la condici\u00f3n normal de la humanidad.\u00bbFyodor M. Dostoevsky\" \/>\n<meta name=\"robots\" content=\"index, follow, max-snippet:-1, max-image-preview:large, max-video-preview:-1\" \/>\n<link rel=\"canonical\" href=\"https:\/\/ifamnews.com\/es\/el-mundo-siempre-necesita-gente-buena\" \/>\n<meta property=\"og:locale\" content=\"es_ES\" \/>\n<meta property=\"og:type\" content=\"article\" \/>\n<meta property=\"og:title\" content=\"El mundo siempre necesita gente buena...\" \/>\n<meta property=\"og:description\" content=\"\u00abNo quiero y no puedo creer que el mal sea la condici\u00f3n normal de la humanidad.\u00bbFyodor M. Dostoevsky\" \/>\n<meta property=\"og:url\" content=\"https:\/\/ifamnews.com\/es\/el-mundo-siempre-necesita-gente-buena\" \/>\n<meta property=\"og:site_name\" content=\"IFN\" \/>\n<meta property=\"article:publisher\" content=\"https:\/\/www.facebook.com\/iFamNews\" \/>\n<meta property=\"article:published_time\" content=\"2020-04-01T22:33:17+00:00\" \/>\n<meta property=\"article:modified_time\" content=\"2021-01-21T16:33:58+00:00\" \/>\n<meta property=\"og:image\" content=\"https:\/\/ifamnews.com\/wp-content\/uploads\/2020\/03\/Header_09-1.jpg\" \/>\n\t<meta property=\"og:image:width\" content=\"1200\" \/>\n\t<meta property=\"og:image:height\" content=\"675\" \/>\n\t<meta property=\"og:image:type\" content=\"image\/jpeg\" \/>\n<meta name=\"author\" content=\"Jugoslav Kiprijanovi\u0107\" \/>\n<meta name=\"twitter:card\" content=\"summary_large_image\" \/>\n<meta name=\"twitter:creator\" content=\"@iFamNewsEN\" \/>\n<meta name=\"twitter:site\" content=\"@iFamNewsEN\" \/>\n<meta name=\"twitter:label1\" content=\"Escrito por\" \/>\n\t<meta name=\"twitter:data1\" content=\"Jugoslav Kiprijanovi\u0107\" \/>\n\t<meta name=\"twitter:label2\" content=\"Tiempo de lectura\" \/>\n\t<meta name=\"twitter:data2\" content=\"5 minutos\" \/>\n<!-- \/ Yoast SEO Premium plugin. -->","yoast_head_json":{"title":"El mundo siempre necesita gente buena... - IFN","description":"\u00abNo quiero y no puedo creer que el mal sea la condici\u00f3n normal de la humanidad.\u00bbFyodor M. Dostoevsky","robots":{"index":"index","follow":"follow","max-snippet":"max-snippet:-1","max-image-preview":"max-image-preview:large","max-video-preview":"max-video-preview:-1"},"canonical":"https:\/\/ifamnews.com\/es\/el-mundo-siempre-necesita-gente-buena","og_locale":"es_ES","og_type":"article","og_title":"El mundo siempre necesita gente buena...","og_description":"\u00abNo quiero y no puedo creer que el mal sea la condici\u00f3n normal de la humanidad.\u00bbFyodor M. Dostoevsky","og_url":"https:\/\/ifamnews.com\/es\/el-mundo-siempre-necesita-gente-buena","og_site_name":"IFN","article_publisher":"https:\/\/www.facebook.com\/iFamNews","article_published_time":"2020-04-01T22:33:17+00:00","article_modified_time":"2021-01-21T16:33:58+00:00","og_image":[{"width":1200,"height":675,"url":"https:\/\/ifamnews.com\/wp-content\/uploads\/2020\/03\/Header_09-1.jpg","type":"image\/jpeg"}],"author":"Jugoslav Kiprijanovi\u0107","twitter_card":"summary_large_image","twitter_creator":"@iFamNewsEN","twitter_site":"@iFamNewsEN","twitter_misc":{"Escrito por":"Jugoslav Kiprijanovi\u0107","Tiempo de lectura":"5 minutos"},"schema":{"@context":"https:\/\/schema.org","@graph":[{"@type":"NewsArticle","@id":"https:\/\/ifamnews.com\/es\/el-mundo-siempre-necesita-gente-buena#article","isPartOf":{"@id":"https:\/\/ifamnews.com\/es\/el-mundo-siempre-necesita-gente-buena"},"author":{"name":"Jugoslav Kiprijanovi\u0107","@id":"https:\/\/ifamnews.com\/en\/#\/schema\/person\/5f70c88645c87b667da50bd86bd0f3cd"},"headline":"El mundo siempre necesita gente buena&#8230;","datePublished":"2020-04-01T22:33:17+00:00","dateModified":"2021-01-21T16:33:58+00:00","mainEntityOfPage":{"@id":"https:\/\/ifamnews.com\/es\/el-mundo-siempre-necesita-gente-buena"},"wordCount":1003,"commentCount":0,"publisher":{"@id":"https:\/\/ifamnews.com\/en\/#organization"},"image":{"@id":"https:\/\/ifamnews.com\/es\/el-mundo-siempre-necesita-gente-buena#primaryimage"},"thumbnailUrl":"https:\/\/ifamnews.com\/wp-content\/uploads\/2020\/03\/Header_09-1.jpg","keywords":["abortos","Serbia","vida"],"articleSection":["Familia","Foreground","Opini\u00f3n","\u00daLTIMAS NOTICIAS","Vida"],"inLanguage":"es","potentialAction":[{"@type":"CommentAction","name":"Comment","target":["https:\/\/ifamnews.com\/es\/el-mundo-siempre-necesita-gente-buena#respond"]}]},{"@type":"WebPage","@id":"https:\/\/ifamnews.com\/es\/el-mundo-siempre-necesita-gente-buena","url":"https:\/\/ifamnews.com\/es\/el-mundo-siempre-necesita-gente-buena","name":"El mundo siempre necesita gente buena... - IFN","isPartOf":{"@id":"https:\/\/ifamnews.com\/en\/#website"},"primaryImageOfPage":{"@id":"https:\/\/ifamnews.com\/es\/el-mundo-siempre-necesita-gente-buena#primaryimage"},"image":{"@id":"https:\/\/ifamnews.com\/es\/el-mundo-siempre-necesita-gente-buena#primaryimage"},"thumbnailUrl":"https:\/\/ifamnews.com\/wp-content\/uploads\/2020\/03\/Header_09-1.jpg","datePublished":"2020-04-01T22:33:17+00:00","dateModified":"2021-01-21T16:33:58+00:00","description":"\u00abNo quiero y no puedo creer que el mal sea la condici\u00f3n normal de la humanidad.\u00bbFyodor M. Dostoevsky","breadcrumb":{"@id":"https:\/\/ifamnews.com\/es\/el-mundo-siempre-necesita-gente-buena#breadcrumb"},"inLanguage":"es","potentialAction":[{"@type":"ReadAction","target":["https:\/\/ifamnews.com\/es\/el-mundo-siempre-necesita-gente-buena"]}]},{"@type":"ImageObject","inLanguage":"es","@id":"https:\/\/ifamnews.com\/es\/el-mundo-siempre-necesita-gente-buena#primaryimage","url":"https:\/\/ifamnews.com\/wp-content\/uploads\/2020\/03\/Header_09-1.jpg","contentUrl":"https:\/\/ifamnews.com\/wp-content\/uploads\/2020\/03\/Header_09-1.jpg","width":1200,"height":675},{"@type":"BreadcrumbList","@id":"https:\/\/ifamnews.com\/es\/el-mundo-siempre-necesita-gente-buena#breadcrumb","itemListElement":[{"@type":"ListItem","position":1,"name":"Home","item":"https:\/\/ifamnews.com\/de"},{"@type":"ListItem","position":2,"name":"Life","item":"https:\/\/ifamnews.com\/en\/category\/life"},{"@type":"ListItem","position":3,"name":"El mundo siempre necesita gente buena&#8230;"}]},{"@type":"WebSite","@id":"https:\/\/ifamnews.com\/en\/#website","url":"https:\/\/ifamnews.com\/en\/","name":"IFN","description":"International Family News Network","publisher":{"@id":"https:\/\/ifamnews.com\/en\/#organization"},"potentialAction":[{"@type":"SearchAction","target":{"@type":"EntryPoint","urlTemplate":"https:\/\/ifamnews.com\/en\/?s={search_term_string}"},"query-input":{"@type":"PropertyValueSpecification","valueRequired":true,"valueName":"search_term_string"}}],"inLanguage":"es"},{"@type":"Organization","@id":"https:\/\/ifamnews.com\/en\/#organization","name":"iFamNews","url":"https:\/\/ifamnews.com\/en\/","logo":{"@type":"ImageObject","inLanguage":"es","@id":"https:\/\/ifamnews.com\/en\/#\/schema\/logo\/image\/","url":"https:\/\/ifamnews.com\/wp-content\/uploads\/2020\/01\/Share-logo.png","contentUrl":"https:\/\/ifamnews.com\/wp-content\/uploads\/2020\/01\/Share-logo.png","width":200,"height":200,"caption":"iFamNews"},"image":{"@id":"https:\/\/ifamnews.com\/en\/#\/schema\/logo\/image\/"},"sameAs":["https:\/\/www.facebook.com\/iFamNews","https:\/\/x.com\/iFamNewsEN"]},{"@type":"Person","@id":"https:\/\/ifamnews.com\/en\/#\/schema\/person\/5f70c88645c87b667da50bd86bd0f3cd","name":"Jugoslav Kiprijanovi\u0107","image":{"@type":"ImageObject","inLanguage":"es","@id":"https:\/\/secure.gravatar.com\/avatar\/090de7fa6366d2cf13e641b8abd268f51ed04bb201339a0690c70953b34d4e98?s=96&d=mm&r=g","url":"https:\/\/secure.gravatar.com\/avatar\/090de7fa6366d2cf13e641b8abd268f51ed04bb201339a0690c70953b34d4e98?s=96&d=mm&r=g","contentUrl":"https:\/\/secure.gravatar.com\/avatar\/090de7fa6366d2cf13e641b8abd268f51ed04bb201339a0690c70953b34d4e98?s=96&d=mm&r=g","caption":"Jugoslav Kiprijanovi\u0107"},"description":"Jugoslav Kiprijanovi\u0107 A Serb by nationality, a social activist and a producer, he graduated from the Faculty of Organizational Sciences, University of Belgrade. He is an associate of the\u00a0International Organization for the Family and the\u00a0World Congress of Families since 2013. He was the editor of the International Family News in Serbian from February 2020 until November 2023. One of the founders of charity organization\u00a0Friends of \u0110ur\u0111evi Stupovi Monastery in Ras in 2001, he was also the organization\u2019s president in 2006\u20132008. He coordinated the media campaign to collect funds for the\u00a0reconstruction and renovation of \u0110ur\u0111evi Stupovi Monastery in Ras, dating back to 1171, which met with countrywide acceptance and is remembered as one of the most successful campaigns in the entire Serbia and the region. He organized and produced a number of concerts, lectures, events,\u00a0shows,\u00a0films,\u00a0audio, video and printed\u00a0editions for\u00a0children and adults in Serbia and the Republic of Srpska (Bosnia and Herzegovina).\u00a0Between 2008 and 2012 he worked for the\u00a0Press Office of the Holy Synod of the Serbian Orthodox Church in the Serbian Patriarchate in Belgrade. From 2016 until 2019 he was a Senior Advisor\/Consultant for Dveri in the Serbian Parliament. With his wife, they are proud parents of four children. He lives and works in Belgrade.","url":"https:\/\/ifamnews.com\/es\/author\/jkiprijanovicifamnews-com"}]}},"amp_enabled":true,"_links":{"self":[{"href":"https:\/\/ifamnews.com\/es\/wp-json\/wp\/v2\/posts\/13244","targetHints":{"allow":["GET"]}}],"collection":[{"href":"https:\/\/ifamnews.com\/es\/wp-json\/wp\/v2\/posts"}],"about":[{"href":"https:\/\/ifamnews.com\/es\/wp-json\/wp\/v2\/types\/post"}],"author":[{"embeddable":true,"href":"https:\/\/ifamnews.com\/es\/wp-json\/wp\/v2\/users\/93"}],"replies":[{"embeddable":true,"href":"https:\/\/ifamnews.com\/es\/wp-json\/wp\/v2\/comments?post=13244"}],"version-history":[{"count":1,"href":"https:\/\/ifamnews.com\/es\/wp-json\/wp\/v2\/posts\/13244\/revisions"}],"predecessor-version":[{"id":13245,"href":"https:\/\/ifamnews.com\/es\/wp-json\/wp\/v2\/posts\/13244\/revisions\/13245"}],"wp:featuredmedia":[{"embeddable":true,"href":"https:\/\/ifamnews.com\/es\/wp-json\/wp\/v2\/media\/11230"}],"wp:attachment":[{"href":"https:\/\/ifamnews.com\/es\/wp-json\/wp\/v2\/media?parent=13244"}],"wp:term":[{"taxonomy":"category","embeddable":true,"href":"https:\/\/ifamnews.com\/es\/wp-json\/wp\/v2\/categories?post=13244"},{"taxonomy":"post_tag","embeddable":true,"href":"https:\/\/ifamnews.com\/es\/wp-json\/wp\/v2\/tags?post=13244"}],"curies":[{"name":"wp","href":"https:\/\/api.w.org\/{rel}","templated":true}]}}