{"id":120915,"date":"2022-04-29T13:00:00","date_gmt":"2022-04-29T17:00:00","guid":{"rendered":"https:\/\/ifamnews.com\/?p=120915"},"modified":"2022-04-20T18:00:13","modified_gmt":"2022-04-20T22:00:13","slug":"apple-contin-a-con-la-locura-transg-nero","status":"publish","type":"post","link":"https:\/\/ifamnews.com\/es\/apple-contin-a-con-la-locura-transg-nero","title":{"rendered":"Apple contin\u00faa con la locura transg\u00e9nero"},"content":{"rendered":"\n<p>Las empresas, las universidades y los gobiernos despiertos han hecho todo lo posible por satisfacer las insaciables demandas del lobby transg\u00e9nero radical. Entre otras cosas, han estado permitiendo a los hombres biol\u00f3gicos que se \u00abidentifiquen\u00bb como mujeres, \u00abincluso si esos hombres no tienen un diagn\u00f3stico de disforia de g\u00e9nero o deciden conservar su anatom\u00eda masculina\u00bb, competir en equipos deportivos femeninos, utilizar vestuarios, duchas y ba\u00f1os femeninos y permanecer en centros de acogida para mujeres v\u00edctimas de la violencia dom\u00e9stica.  <\/p>\n\n\n\n<p>La locura de estas pol\u00edticas puede verse en el caso de <a href=\"https:\/\/ifamnews.com\/es\/la-nadadora-lia-thomas-utiliza-el-vestuario-femenino-con-su-anatom-a-masculina-y-a-n-se-siente-atra-da-por-las-mujeres\" target=\"_blank\" rel=\"noreferrer noopener\">Lia Thomas<\/a>, un hombre biol\u00f3gico que se identifica como mujer manteniendo su anatom\u00eda masculina. A Thomas se le ha permitido participar en el equipo de nataci\u00f3n femenino de la Universidad de Pensilvania y ya ha pulverizado varios r\u00e9cords femeninos. Al mismo tiempo, la leg\u00edtima preocupaci\u00f3n por la privacidad de sus compa\u00f1eras de equipo en cuanto a tener que compartir vestuarios y ver su anatom\u00eda masculina ha sido descaradamente ignorada por las autoridades universitarias. El mundo est\u00e1 realmente al rev\u00e9s.<\/p>\n\n\n\n<p>Ahora Apple, una de las corporaciones m\u00e1s wokeadas del mundo, ha decidido subir la apuesta al plegarse a los dioses transg\u00e9nero radicales y denigrar a\u00fan m\u00e1s a las mujeres. Seg\u00fan informa <a href=\"https:\/\/www.foxbusiness.com\/technology\/pregnant-man-emoji-apple\" target=\"_blank\" rel=\"noreferrer noopener\">Fox Business<\/a>, Apple ha creado un emoji de \u00abpersona embarazada\u00bb y otro de \u00abhombre embarazado\u00bb para los usuarios de IPhone.  <\/p>\n\n\n\n<p>Hay varias cosas locas sobre esto. En primer lugar, una \u00abpersona embarazada\u00bb es otra forma de decir \u00abmujer\u00bb. El deseo de los radicales woke de apoyar el movimiento transg\u00e9nero utilizando un lenguaje \u00abinclusivo\u00bb en detrimento de las mujeres es lo que llev\u00f3 a la poderosa feminista J.K. Rowling a la lucha por la defensa de la mujer. Despu\u00e9s de leer un art\u00edculo titulado \u00abCrear un mundo m\u00e1s igualitario para las personas que menstr\u00faan\u00bb, Rowling <a href=\"https:\/\/twitter.com\/jk_rowling\/status\/1269382518362509313?lang=en\" target=\"_blank\" rel=\"noreferrer noopener\">tuite\u00f3<\/a>: \u00ab\u00bfLas personas que menstr\u00faan? estoy segura de que sol\u00eda haber una palabra para esas personas. Que alguien me ayude. \u00bfWumben? \u00bfWimpund? \u00bfWoomud?\u00bb<\/p>\n\n\n\n<p>En segundo lugar, no existe el \u00abhombre embarazado\u00bb. S\u00f3lo una mujer puede quedarse embarazada, por mucho que los radicales transg\u00e9nero deseen que no sea as\u00ed. Una mujer biol\u00f3gica que se \u00abidentifica\u00bb como hombre sigue siendo una mujer biol\u00f3gica, independientemente de lo que crea el movimiento transg\u00e9nero radical; si se queda embarazada, es porque es una mujer. Per\u00edodo. La creencia siempre se estrellar\u00e1 contra el muro inexpugnable de la realidad.<\/p>\n\n\n\n<p>Con el lanzamiento por parte de Apple de un emoji de \u00abpersona embarazada\u00bb y otro de \u00abhombre embarazado\u00bb, uno se pregunta cu\u00e1ndo el movimiento transg\u00e9nero radical dejar\u00e1 de negar la realidad y dejar\u00e1 de denigrar a las mujeres. Ni siquiera los emojis est\u00e1n a salvo de la chusma radical de los woks. \u00bfQu\u00e9 es lo siguiente que caer\u00e1 si no nos posicionamos? Las personas que apoyan la raz\u00f3n y la verdad deben hablar antes de que se nos diga que creemos, como nos advirti\u00f3 Orwell, que \u00abla guerra es la paz. La libertad es la esclavitud. La ignorancia es la fuerza\u00bb.<\/p>\n","protected":false},"excerpt":{"rendered":"<p>Los emojis reflejan ahora la locura de la cultura woke. Lo que antes era marginal, ahora est\u00e1 siendo sacado a la luz por Apple y otros gigantes del mundo corporativo internacional.<\/p>\n","protected":false},"author":651,"featured_media":120900,"comment_status":"open","ping_status":"open","sticky":false,"template":"","format":"standard","meta":{"give_campaign_id":0,"om_disable_all_campaigns":false,"_monsterinsights_skip_tracking":false,"_monsterinsights_sitenote_active":false,"_monsterinsights_sitenote_note":"","_monsterinsights_sitenote_category":0,"mc4wp_mailchimp_campaign":[],"jnews-multi-image_gallery":[],"jnews_single_post":{"subtitle":"Los emojis reflejan ahora la locura de la cultura woke. Ha creado un emoji de \"persona embarazada\" y otro de \"hombre embarazado\" para los usuarios de IPhone.  ","format":"standard","video":"","gallery":"","source_name":"","source_url":"","via_name":"","via_url":"","override":[{"template":"1","single_blog_custom":"","parallax":"1","fullscreen":"1","layout":"right-sidebar","sidebar":"default-sidebar","second_sidebar":"default-sidebar","sticky_sidebar":"1","share_position":"top","share_float_style":"share-monocrhome","show_share_counter":"1","show_view_counter":"1","show_featured":"1","show_post_meta":"1","show_post_author":"1","show_post_author_image":"1","show_post_date":"1","post_date_format":"default","post_date_format_custom":"Y\/m\/d","show_post_category":"1","post_reading_time_wpm":"300","zoom_button_out_step":"2","zoom_button_in_step":"3","show_post_tag":"1","show_prev_next_post":"1","show_popup_post":"1","number_popup_post":"1"}],"image_override":[{"single_post_thumbnail_size":"crop-500","single_post_gallery_size":"crop-500"}],"trending_post_position":"meta","trending_post_label":"Trending","sponsored_post_label":"Sponsored by","sponsored_post_name":"","sponsored_post_url":"","sponsored_post_logo":"","sponsored_post_desc":""},"jnews_primary_category":{"id":"773"},"jnews_social_meta":{"fb_title":"","fb_description":"","fb_image":"","twitter_title":"","twitter_description":"","twitter_image":""},"jnews_override_counter":{"view_counter_number":"0","share_counter_number":"0","like_counter_number":"0","dislike_counter_number":"0"},"footnotes":""},"categories":[810,773,815],"tags":[7598,15844,15845,13750,12149,13923,7267,13048],"class_list":["post-120915","post","type-post","status-publish","format-standard","has-post-thumbnail","hentry","category-foreground-es","category-politica","category-breaking-news-es","tag-apple-es","tag-emojis-es","tag-iphone-es","tag-j-k-rowling-es","tag-lgbt-es-5","tag-lia-thomas-es","tag-transgenderism-es","tag-wokeismo"],"yoast_head":"<!-- This site is optimized with the Yoast SEO Premium plugin v25.9 (Yoast SEO v27.3) - https:\/\/yoast.com\/product\/yoast-seo-premium-wordpress\/ -->\n<title>Apple contin\u00faa con la locura transg\u00e9nero - IFN<\/title>\n<meta name=\"description\" content=\"Uno se pregunta cu\u00e1ndo el movimiento transg\u00e9nero radical dejar\u00e1 de negar la realidad y dejar\u00e1 de denigrar a las mujeres\" \/>\n<meta name=\"robots\" content=\"index, follow, max-snippet:-1, max-image-preview:large, max-video-preview:-1\" \/>\n<link rel=\"canonical\" href=\"https:\/\/ifamnews.com\/es\/apple-contin-a-con-la-locura-transg-nero\" \/>\n<meta property=\"og:locale\" content=\"es_ES\" \/>\n<meta property=\"og:type\" content=\"article\" \/>\n<meta property=\"og:title\" content=\"Apple contin\u00faa con la locura transg\u00e9nero\" \/>\n<meta property=\"og:description\" content=\"Uno se pregunta cu\u00e1ndo el movimiento transg\u00e9nero radical dejar\u00e1 de negar la realidad y dejar\u00e1 de denigrar a las mujeres\" \/>\n<meta property=\"og:url\" content=\"https:\/\/ifamnews.com\/es\/apple-contin-a-con-la-locura-transg-nero\" \/>\n<meta property=\"og:site_name\" content=\"IFN\" \/>\n<meta property=\"article:publisher\" content=\"https:\/\/www.facebook.com\/iFamNews\" \/>\n<meta property=\"article:published_time\" content=\"2022-04-29T17:00:00+00:00\" \/>\n<meta property=\"og:image\" content=\"https:\/\/ifamnews.com\/wp-content\/uploads\/2022\/01\/9454824-3x2-940x627-1.jpg\" \/>\n\t<meta property=\"og:image:width\" content=\"940\" \/>\n\t<meta property=\"og:image:height\" content=\"627\" \/>\n\t<meta property=\"og:image:type\" content=\"image\/jpeg\" \/>\n<meta name=\"author\" content=\"Cato\" \/>\n<meta name=\"twitter:card\" content=\"summary_large_image\" \/>\n<meta name=\"twitter:creator\" content=\"@iFamNewsEN\" \/>\n<meta name=\"twitter:site\" content=\"@iFamNewsEN\" \/>\n<meta name=\"twitter:label1\" content=\"Escrito por\" \/>\n\t<meta name=\"twitter:data1\" content=\"Cato\" \/>\n\t<meta name=\"twitter:label2\" content=\"Tiempo de lectura\" \/>\n\t<meta name=\"twitter:data2\" content=\"3 minutos\" \/>\n<!-- \/ Yoast SEO Premium plugin. -->","yoast_head_json":{"title":"Apple contin\u00faa con la locura transg\u00e9nero - IFN","description":"Uno se pregunta cu\u00e1ndo el movimiento transg\u00e9nero radical dejar\u00e1 de negar la realidad y dejar\u00e1 de denigrar a las mujeres","robots":{"index":"index","follow":"follow","max-snippet":"max-snippet:-1","max-image-preview":"max-image-preview:large","max-video-preview":"max-video-preview:-1"},"canonical":"https:\/\/ifamnews.com\/es\/apple-contin-a-con-la-locura-transg-nero","og_locale":"es_ES","og_type":"article","og_title":"Apple contin\u00faa con la locura transg\u00e9nero","og_description":"Uno se pregunta cu\u00e1ndo el movimiento transg\u00e9nero radical dejar\u00e1 de negar la realidad y dejar\u00e1 de denigrar a las mujeres","og_url":"https:\/\/ifamnews.com\/es\/apple-contin-a-con-la-locura-transg-nero","og_site_name":"IFN","article_publisher":"https:\/\/www.facebook.com\/iFamNews","article_published_time":"2022-04-29T17:00:00+00:00","og_image":[{"width":940,"height":627,"url":"https:\/\/ifamnews.com\/wp-content\/uploads\/2022\/01\/9454824-3x2-940x627-1.jpg","type":"image\/jpeg"}],"author":"Cato","twitter_card":"summary_large_image","twitter_creator":"@iFamNewsEN","twitter_site":"@iFamNewsEN","twitter_misc":{"Escrito por":"Cato","Tiempo de lectura":"3 minutos"},"schema":{"@context":"https:\/\/schema.org","@graph":[{"@type":"NewsArticle","@id":"https:\/\/ifamnews.com\/es\/apple-contin-a-con-la-locura-transg-nero#article","isPartOf":{"@id":"https:\/\/ifamnews.com\/es\/apple-contin-a-con-la-locura-transg-nero"},"author":{"name":"Cato","@id":"https:\/\/ifamnews.com\/en\/#\/schema\/person\/d0e56511b7b7caedd2922a59482440ba"},"headline":"Apple contin\u00faa con la locura transg\u00e9nero","datePublished":"2022-04-29T17:00:00+00:00","mainEntityOfPage":{"@id":"https:\/\/ifamnews.com\/es\/apple-contin-a-con-la-locura-transg-nero"},"wordCount":536,"commentCount":0,"publisher":{"@id":"https:\/\/ifamnews.com\/en\/#organization"},"image":{"@id":"https:\/\/ifamnews.com\/es\/apple-contin-a-con-la-locura-transg-nero#primaryimage"},"thumbnailUrl":"https:\/\/ifamnews.com\/wp-content\/uploads\/2022\/01\/9454824-3x2-940x627-1.jpg","keywords":["Apple","emojis","iPhone","J.K. Rowling","LGBT+","Lia Thomas","Transgenderism","wokeismo"],"articleSection":["Foreground","Pol\u00edtica","\u00daLTIMAS NOTICIAS"],"inLanguage":"es","potentialAction":[{"@type":"CommentAction","name":"Comment","target":["https:\/\/ifamnews.com\/es\/apple-contin-a-con-la-locura-transg-nero#respond"]}]},{"@type":"WebPage","@id":"https:\/\/ifamnews.com\/es\/apple-contin-a-con-la-locura-transg-nero","url":"https:\/\/ifamnews.com\/es\/apple-contin-a-con-la-locura-transg-nero","name":"Apple contin\u00faa con la locura transg\u00e9nero - IFN","isPartOf":{"@id":"https:\/\/ifamnews.com\/en\/#website"},"primaryImageOfPage":{"@id":"https:\/\/ifamnews.com\/es\/apple-contin-a-con-la-locura-transg-nero#primaryimage"},"image":{"@id":"https:\/\/ifamnews.com\/es\/apple-contin-a-con-la-locura-transg-nero#primaryimage"},"thumbnailUrl":"https:\/\/ifamnews.com\/wp-content\/uploads\/2022\/01\/9454824-3x2-940x627-1.jpg","datePublished":"2022-04-29T17:00:00+00:00","description":"Uno se pregunta cu\u00e1ndo el movimiento transg\u00e9nero radical dejar\u00e1 de negar la realidad y dejar\u00e1 de denigrar a las mujeres","breadcrumb":{"@id":"https:\/\/ifamnews.com\/es\/apple-contin-a-con-la-locura-transg-nero#breadcrumb"},"inLanguage":"es","potentialAction":[{"@type":"ReadAction","target":["https:\/\/ifamnews.com\/es\/apple-contin-a-con-la-locura-transg-nero"]}]},{"@type":"ImageObject","inLanguage":"es","@id":"https:\/\/ifamnews.com\/es\/apple-contin-a-con-la-locura-transg-nero#primaryimage","url":"https:\/\/ifamnews.com\/wp-content\/uploads\/2022\/01\/9454824-3x2-940x627-1.jpg","contentUrl":"https:\/\/ifamnews.com\/wp-content\/uploads\/2022\/01\/9454824-3x2-940x627-1.jpg","width":940,"height":627},{"@type":"BreadcrumbList","@id":"https:\/\/ifamnews.com\/es\/apple-contin-a-con-la-locura-transg-nero#breadcrumb","itemListElement":[{"@type":"ListItem","position":1,"name":"Home","item":"https:\/\/ifamnews.com\/de"},{"@type":"ListItem","position":2,"name":"Entertainment","item":"https:\/\/ifamnews.com\/en\/category\/entertainment"},{"@type":"ListItem","position":3,"name":"Apple contin\u00faa con la locura transg\u00e9nero"}]},{"@type":"WebSite","@id":"https:\/\/ifamnews.com\/en\/#website","url":"https:\/\/ifamnews.com\/en\/","name":"IFN","description":"International Family News Network","publisher":{"@id":"https:\/\/ifamnews.com\/en\/#organization"},"potentialAction":[{"@type":"SearchAction","target":{"@type":"EntryPoint","urlTemplate":"https:\/\/ifamnews.com\/en\/?s={search_term_string}"},"query-input":{"@type":"PropertyValueSpecification","valueRequired":true,"valueName":"search_term_string"}}],"inLanguage":"es"},{"@type":"Organization","@id":"https:\/\/ifamnews.com\/en\/#organization","name":"iFamNews","url":"https:\/\/ifamnews.com\/en\/","logo":{"@type":"ImageObject","inLanguage":"es","@id":"https:\/\/ifamnews.com\/en\/#\/schema\/logo\/image\/","url":"https:\/\/ifamnews.com\/wp-content\/uploads\/2020\/01\/Share-logo.png","contentUrl":"https:\/\/ifamnews.com\/wp-content\/uploads\/2020\/01\/Share-logo.png","width":200,"height":200,"caption":"iFamNews"},"image":{"@id":"https:\/\/ifamnews.com\/en\/#\/schema\/logo\/image\/"},"sameAs":["https:\/\/www.facebook.com\/iFamNews","https:\/\/x.com\/iFamNewsEN"]},{"@type":"Person","@id":"https:\/\/ifamnews.com\/en\/#\/schema\/person\/d0e56511b7b7caedd2922a59482440ba","name":"Cato","image":{"@type":"ImageObject","inLanguage":"es","@id":"https:\/\/secure.gravatar.com\/avatar\/69b258be912b2a9b1ef3917af1a950d6279239e325672d64c73a2c0dfe012d11?s=96&d=mm&r=g","url":"https:\/\/secure.gravatar.com\/avatar\/69b258be912b2a9b1ef3917af1a950d6279239e325672d64c73a2c0dfe012d11?s=96&d=mm&r=g","contentUrl":"https:\/\/secure.gravatar.com\/avatar\/69b258be912b2a9b1ef3917af1a950d6279239e325672d64c73a2c0dfe012d11?s=96&d=mm&r=g","caption":"Cato"},"description":"Cato is a staunch defender of Western Civilization and the Judeo-Christian worldview. He will end all of his articles: \"And the radical LGBT agenda must be defeated\" as this is the pre-eminent battle of our day.","url":"https:\/\/ifamnews.com\/es\/author\/rsiedlecki"}]}},"amp_enabled":true,"_links":{"self":[{"href":"https:\/\/ifamnews.com\/es\/wp-json\/wp\/v2\/posts\/120915","targetHints":{"allow":["GET"]}}],"collection":[{"href":"https:\/\/ifamnews.com\/es\/wp-json\/wp\/v2\/posts"}],"about":[{"href":"https:\/\/ifamnews.com\/es\/wp-json\/wp\/v2\/types\/post"}],"author":[{"embeddable":true,"href":"https:\/\/ifamnews.com\/es\/wp-json\/wp\/v2\/users\/651"}],"replies":[{"embeddable":true,"href":"https:\/\/ifamnews.com\/es\/wp-json\/wp\/v2\/comments?post=120915"}],"version-history":[{"count":4,"href":"https:\/\/ifamnews.com\/es\/wp-json\/wp\/v2\/posts\/120915\/revisions"}],"predecessor-version":[{"id":138939,"href":"https:\/\/ifamnews.com\/es\/wp-json\/wp\/v2\/posts\/120915\/revisions\/138939"}],"wp:featuredmedia":[{"embeddable":true,"href":"https:\/\/ifamnews.com\/es\/wp-json\/wp\/v2\/media\/120900"}],"wp:attachment":[{"href":"https:\/\/ifamnews.com\/es\/wp-json\/wp\/v2\/media?parent=120915"}],"wp:term":[{"taxonomy":"category","embeddable":true,"href":"https:\/\/ifamnews.com\/es\/wp-json\/wp\/v2\/categories?post=120915"},{"taxonomy":"post_tag","embeddable":true,"href":"https:\/\/ifamnews.com\/es\/wp-json\/wp\/v2\/tags?post=120915"}],"curies":[{"name":"wp","href":"https:\/\/api.w.org\/{rel}","templated":true}]}}