{"id":119932,"date":"2022-05-04T01:00:00","date_gmt":"2022-05-04T05:00:00","guid":{"rendered":"https:\/\/ifamnews.com\/?p=119932"},"modified":"2022-04-21T05:27:48","modified_gmt":"2022-04-21T09:27:48","slug":"no-es-s-lo-un-traje-de-pantal-n-es-un-signo-de-estos-tiempos-tr-gicos","status":"publish","type":"post","link":"https:\/\/ifamnews.com\/es\/no-es-s-lo-un-traje-de-pantal-n-es-un-signo-de-estos-tiempos-tr-gicos","title":{"rendered":"No es s\u00f3lo un traje de pantal\u00f3n; es un signo de estos tiempos tr\u00e1gicos"},"content":{"rendered":"\n<p>Vi la historia e inmediatamente pens\u00e9: \u00abDios m\u00edo&#8230; \u00bfqu\u00e9 es lo siguiente?\u00bb.<\/p>\n\n\n\n<p>Y entonces hice una pausa. Y luego me correg\u00ed; \u00abbueno&#8230; eso es lo que quieren, \u00bfno?\u00bb.  <\/p>\n\n\n\n<p>Y luego me reprend\u00ed a m\u00ed mismo por haber reaccionado de forma precipitada a esa respuesta inicial.<\/p>\n\n\n\n<p>Son tiempos locos. Son tan absurdos que a menudo sentimos la necesidad de re\u00edrnos de lo absurdo&#8230; incluso cuando nos arrolla, haci\u00e9ndonos caer. Mecanismo de afrontamiento, supongo. Sin embargo, rara vez consideramos el verdadero peso de lo que nos sucede&#8230; a todo y a todos los que nos rodean.<\/p>\n\n\n\n<p>Esta invasi\u00f3n cultural&#8230; esta, \u00absubversi\u00f3n ideol\u00f3gica\u00bb como <a href=\"https:\/\/www.youtube.com\/watch?v=pOmXiapfCs8\" target=\"_blank\" rel=\"noreferrer noopener\">nos dijo el<\/a> ex esp\u00eda del KGB <a href=\"https:\/\/www.youtube.com\/watch?v=pOmXiapfCs8\" target=\"{wpml_trans_unit_17_0_1_-1_1}\" rel=\"{wpml_trans_unit_17_0_1_-1_2} noopener\">Yuri Bezmenov<\/a>, est\u00e1 en todas partes. Y ahora, incluso en la guarder\u00eda de su hijo.<\/p>\n\n\n\n<p>Minnie Mouse lleva un traje de pantal\u00f3n. Y esto, amigos m\u00edos, es comunismo. No te equivoques.<\/p>\n\n\n\n<p>Friedrich Engels declar\u00f3 c\u00e9lebremente, tras la muerte de su m\u00e1s famoso cohorte revolucionario Karl Marx, \u00abEs un hecho peculiar que con cada gran movimiento revolucionario la cuesti\u00f3n del \u00abamor libre\u00bb pasa a primer plano.\u00bb<\/p>\n\n\n\n<p>Y ha sido una clase magistral llevada a cabo por sus actuales suplentes comunistas. Porque, \u00bfno est\u00e1 todo lo woke (un subconjunto de la jerga del marxismo cultural, en mi humilde opini\u00f3n) hoy en d\u00eda revestido de&#8230; \u00bf\u00bbamor\u00bb? Puede que Marx y Engels, autores <em>del Manifiesto Comunista<\/em> (la biblia de la izquierda, si se quiere), hayan defendido el \u00abamor libre\u00bb, pero no hay nada \u00ablibre\u00bb en \u00e9l. De hecho, es un precio muy alto el que se paga con el \u00abamor libre\u00bb que se utiliza para desmantelar completamente la familia y la Ley Natural.<\/p>\n\n\n\n<p>Estamos tan alejados de los roles de g\u00e9nero tradicionales que demasiados de nosotros nos enfrentamos a Minnie-en-un-pantal\u00f3n con la aceptaci\u00f3n del pu\u00f1o en el aire, memes inteligentes, o un \u00abno hay ninguna diferencia para m\u00ed,\u00bb encogi\u00e9ndose de hombros ante la situaci\u00f3n. Y la promoci\u00f3n del traje pantal\u00f3n por parte de los principales medios de comunicaci\u00f3n deber\u00eda hacernos reflexionar para darnos cuenta de que la podredumbre est\u00e1 muy arraigada.<\/p>\n\n\n\n<p>Cuando era miembro de los principales medios de comunicaci\u00f3n, no s\u00f3lo vi la podredumbre en los peri\u00f3dicos, la televisi\u00f3n, la radio e Internet, sino que <em>fui testigo de<\/em> ella en una gran cantidad de salas de redacci\u00f3n, reuniones de producci\u00f3n y charlas en la sala del trabajo. Sab\u00eda que realmente s\u00f3lo hab\u00eda una soluci\u00f3n al problema, desde un punto de vista personal: seguir viviendo la fe, y seguir adhiri\u00e9ndose a la Verdad. No es \u00abtu\u00bb verdad. La verdad con may\u00fasculas. Una centrada en Cristo y en la Iglesia que \u00c9l fund\u00f3. En \u00faltima instancia, me llev\u00f3 a ser despedido de Rogers Sportsnet cuando tuite\u00e9 en defensa de la instituci\u00f3n del matrimonio. Eso fue hace m\u00e1s de 10 a\u00f1os. Y aunque ha sido una lucha, no lo cambiar\u00eda por nada. Ha sido una verdadera revelaci\u00f3n, por decir lo menos.<\/p>\n\n\n\n<p>Y por desgracia, estoy aqu\u00ed para decirte que el camino es dif\u00edcil. Es ciertamente estrecho. Y hay muy pocos compa\u00f1eros de viaje. Pero todo esto ha sido trazado. Y nuestro modelo es el Verbo encarnado, nuestro Se\u00f1or y Salvador Jesucristo. Y \u00c9l tiene el control, aunque t\u00fa creas que no lo tiene. El Padre, el Hijo y el Esp\u00edritu Santo crearon al hombre y a la mujer; cada uno distinto y separado y, al unirse en carne, crean una nueva vida. Es un milagro, y a la vez natural.<\/p>\n\n\n\n<p>Pero el comunismo siempre se ha opuesto a esto. Y hoy est\u00e1 ganando la batalla.  <\/p>\n\n\n\n<p>El comunismo ha convertido al hombre en \u00abdios\u00bb. Su objetivo siempre ha sido -tomando prestado al profesor de historia de la Universidad Estatal de California, Richard Weikart- <a href=\"https:\/\/www.csustan.edu\/sites\/default\/files\/History\/Faculty\/Weikart\/Marx-Engels-and-the-Abolition-of-the-Family.pdf\" target=\"_blank\" rel=\"noreferrer noopener\">poner en entredicho el naturalismo a trav\u00e9s de su radicalidad<\/a>. Y no hay ninguna diferencia si Marx y Engels, o cualquier otro comunista del siglo XIX, mencionaron alguna vez personajes femeninos de dibujos animados en trajes de pantal\u00f3n u hombres que se identifican como mujeres en los vestuarios de ni\u00f1as o el \u00abmatrimonio\u00bb entre personas del mismo sexo. La suerte estaba echada cuando el comunismo quiso reescribir la historia de la humanidad y hacer de lo perverso algo \u00abnatural\u00bb.  <\/p>\n\n\n\n<p>Y lo vemos en todos los rincones del mundo hoy en d\u00eda. \u00bfVe c\u00f3mo la inmunidad natural de un ser humano se glosa como \u00abfake news\u00bb y se anula ante nuestros ojos? Pero entonces, \u00bfde qu\u00e9 otra forma los comunistas que se preparan para su \u00abReset\u00bb podr\u00edan \u00abvendernos\u00bb tan f\u00e1cilmente, tan convincentemente&#8230; tan coercitivamente estas terapias m\u00e9dicas experimentales que se disfrazan de vacunas?<\/p>\n\n\n\n<p>En la escatolog\u00eda cat\u00f3lica, se nos dice que habr\u00e1 una gran ca\u00edda de la fe y que llegar\u00e1 incluso a los escalones superiores de la Iglesia. La Sant\u00edsima Virgen Mar\u00eda visit\u00f3 a tres ni\u00f1os en F\u00e1tima, Portugal, en seis ocasiones distintas a lo largo de 1917 para advertirles de los \u00abErrores de Rusia\u00bb (\u00a1El Milagro del Sol del 17 de octubre tuvo lugar s\u00f3lo unas semanas antes de la Revoluci\u00f3n Bolchevique!) En una aparici\u00f3n, la Virgen le dijo a la ni\u00f1a Jacinta que la mayor\u00eda de las almas terminan en el infierno <em>por los pecados de la carne<\/em>.<\/p>\n\n\n\n<p>Amigos, el traje de pantal\u00f3n de Minnie no es m\u00e1s que un s\u00edntoma de la enfermedad. Y deber\u00edamos tomarlo en serio.<\/p>\n\n\n\n<p>Y si, como yo, lo despachas con un \u00ab\u00a1vaya por Dios!&#8230; \u00bfqu\u00e9 sigue?\u00bb, aseg\u00farate de tener los medios para responderlo con lo siguiente: \u00abmi vigilancia\u00bb.<\/p>\n\n\n\n<p><\/p>\n\n\n\n<p><\/p>\n\n\n\n<p><\/p>\n\n\n\n<p><\/p>\n\n\n\n<p><\/p>\n","protected":false},"excerpt":{"rendered":"<p>Minnie Mouse lleva un traje de pantal\u00f3n. Era s\u00f3lo cuesti\u00f3n de tiempo, \u00bfno? Se podr\u00eda pensar que se trata de un ejemplo m\u00e1s de la idiotez de los \u00abdespiertos\u00bb para complacer a la poblaci\u00f3n. Pero no hay que despreciarlo. Es mucho m\u00e1s profundo, y peligroso, que eso.<\/p>\n","protected":false},"author":595,"featured_media":119609,"comment_status":"open","ping_status":"open","sticky":false,"template":"","format":"standard","meta":{"give_campaign_id":0,"om_disable_all_campaigns":false,"_monsterinsights_skip_tracking":false,"_monsterinsights_sitenote_active":false,"_monsterinsights_sitenote_note":"","_monsterinsights_sitenote_category":0,"mc4wp_mailchimp_campaign":[],"jnews-multi-image_gallery":[],"jnews_single_post":{"subtitle":"Esta invasi\u00f3n cultural es comunismo y est\u00e1 en todas partes, incluso en la guarder\u00eda de sus hijos.","format":"standard","video":"","gallery":"","source_name":"","source_url":"","via_name":"","via_url":"","override":[{"template":"1","single_blog_custom":"","parallax":"1","fullscreen":"1","layout":"right-sidebar","sidebar":"default-sidebar","second_sidebar":"default-sidebar","sticky_sidebar":"1","share_position":"top","share_float_style":"share-monocrhome","show_share_counter":"1","show_view_counter":"1","show_featured":"1","show_post_meta":"1","show_post_author":"1","show_post_author_image":"1","show_post_date":"1","post_date_format":"default","post_date_format_custom":"Y\/m\/d","show_post_category":"1","post_reading_time_wpm":"300","zoom_button_out_step":"2","zoom_button_in_step":"3","show_post_tag":"1","show_prev_next_post":"1","show_popup_post":"1","number_popup_post":"1"}],"image_override":[{"single_post_thumbnail_size":"crop-500","single_post_gallery_size":"crop-500"}],"trending_post_position":"meta","trending_post_label":"Trending","sponsored_post_label":"Sponsored by","sponsored_post_name":"","sponsored_post_url":"","sponsored_post_logo":"","sponsored_post_desc":""},"jnews_primary_category":{"id":""},"jnews_social_meta":{"fb_title":"","fb_description":"","fb_image":"","twitter_title":"","twitter_description":"","twitter_image":""},"jnews_override_counter":{"view_counter_number":"0","share_counter_number":"0","like_counter_number":"0","dislike_counter_number":"0"},"footnotes":""},"categories":[810,777,815],"tags":[15626,15496,10520,15621,11066,10523,15619,15625,10944,15620,15628,15627,15623,15624,15622],"class_list":["post-119932","post","type-post","status-publish","format-standard","has-post-thumbnail","hentry","category-foreground-es","category-opinion-es","category-breaking-news-es","tag-amor-libre","tag-comunismo-es","tag-cristianismo","tag-friedrich-engels-es","tag-ideologia-lgbt","tag-jesucristo","tag-karl-marx-es","tag-manifiesto-comunista","tag-marxismo-es","tag-minnie-mouse-es","tag-rogers-sportsnet-es","tag-roles-de-genero","tag-subversion-ideologica","tag-traje-de-pantalon","tag-yuri-bezmenov-es"],"yoast_head":"<!-- This site is optimized with the Yoast SEO Premium plugin v25.9 (Yoast SEO v27.3) - https:\/\/yoast.com\/product\/yoast-seo-premium-wordpress\/ -->\n<title>No es s\u00f3lo un traje de pantal\u00f3n; es un signo de estos tiempos tr\u00e1gicos - IFN<\/title>\n<meta name=\"description\" content=\"El traje de Minnie no es m\u00e1s que un s\u00edntoma de la enfermedad. Y deber\u00edamos tomarlo en serio. El comunismo est\u00e1 ganando la batalla.\" \/>\n<meta name=\"robots\" content=\"index, follow, max-snippet:-1, max-image-preview:large, max-video-preview:-1\" \/>\n<link rel=\"canonical\" href=\"https:\/\/ifamnews.com\/es\/no-es-s-lo-un-traje-de-pantal-n-es-un-signo-de-estos-tiempos-tr-gicos\" \/>\n<meta property=\"og:locale\" content=\"es_ES\" \/>\n<meta property=\"og:type\" content=\"article\" \/>\n<meta property=\"og:title\" content=\"No es s\u00f3lo un traje de pantal\u00f3n; es un signo de estos tiempos tr\u00e1gicos\" \/>\n<meta property=\"og:description\" content=\"El traje de Minnie no es m\u00e1s que un s\u00edntoma de la enfermedad. Y deber\u00edamos tomarlo en serio. El comunismo est\u00e1 ganando la batalla.\" \/>\n<meta property=\"og:url\" content=\"https:\/\/ifamnews.com\/es\/no-es-s-lo-un-traje-de-pantal-n-es-un-signo-de-estos-tiempos-tr-gicos\" \/>\n<meta property=\"og:site_name\" content=\"IFN\" \/>\n<meta property=\"article:publisher\" content=\"https:\/\/www.facebook.com\/iFamNews\" \/>\n<meta property=\"article:published_time\" content=\"2022-05-04T05:00:00+00:00\" \/>\n<meta property=\"og:image\" content=\"https:\/\/ifamnews.com\/wp-content\/uploads\/2022\/01\/Untitled-design-26.jpg\" \/>\n\t<meta property=\"og:image:width\" content=\"1200\" \/>\n\t<meta property=\"og:image:height\" content=\"675\" \/>\n\t<meta property=\"og:image:type\" content=\"image\/jpeg\" \/>\n<meta name=\"author\" content=\"Damian Goddard\" \/>\n<meta name=\"twitter:card\" content=\"summary_large_image\" \/>\n<meta name=\"twitter:creator\" content=\"@iFamNewsEN\" \/>\n<meta name=\"twitter:site\" content=\"@iFamNewsEN\" \/>\n<meta name=\"twitter:label1\" content=\"Escrito por\" \/>\n\t<meta name=\"twitter:data1\" content=\"Damian Goddard\" \/>\n\t<meta name=\"twitter:label2\" content=\"Tiempo de lectura\" \/>\n\t<meta name=\"twitter:data2\" content=\"4 minutos\" \/>\n<!-- \/ Yoast SEO Premium plugin. -->","yoast_head_json":{"title":"No es s\u00f3lo un traje de pantal\u00f3n; es un signo de estos tiempos tr\u00e1gicos - IFN","description":"El traje de Minnie no es m\u00e1s que un s\u00edntoma de la enfermedad. Y deber\u00edamos tomarlo en serio. El comunismo est\u00e1 ganando la batalla.","robots":{"index":"index","follow":"follow","max-snippet":"max-snippet:-1","max-image-preview":"max-image-preview:large","max-video-preview":"max-video-preview:-1"},"canonical":"https:\/\/ifamnews.com\/es\/no-es-s-lo-un-traje-de-pantal-n-es-un-signo-de-estos-tiempos-tr-gicos","og_locale":"es_ES","og_type":"article","og_title":"No es s\u00f3lo un traje de pantal\u00f3n; es un signo de estos tiempos tr\u00e1gicos","og_description":"El traje de Minnie no es m\u00e1s que un s\u00edntoma de la enfermedad. Y deber\u00edamos tomarlo en serio. El comunismo est\u00e1 ganando la batalla.","og_url":"https:\/\/ifamnews.com\/es\/no-es-s-lo-un-traje-de-pantal-n-es-un-signo-de-estos-tiempos-tr-gicos","og_site_name":"IFN","article_publisher":"https:\/\/www.facebook.com\/iFamNews","article_published_time":"2022-05-04T05:00:00+00:00","og_image":[{"width":1200,"height":675,"url":"https:\/\/ifamnews.com\/wp-content\/uploads\/2022\/01\/Untitled-design-26.jpg","type":"image\/jpeg"}],"author":"Damian Goddard","twitter_card":"summary_large_image","twitter_creator":"@iFamNewsEN","twitter_site":"@iFamNewsEN","twitter_misc":{"Escrito por":"Damian Goddard","Tiempo de lectura":"4 minutos"},"schema":{"@context":"https:\/\/schema.org","@graph":[{"@type":"NewsArticle","@id":"https:\/\/ifamnews.com\/es\/no-es-s-lo-un-traje-de-pantal-n-es-un-signo-de-estos-tiempos-tr-gicos#article","isPartOf":{"@id":"https:\/\/ifamnews.com\/es\/no-es-s-lo-un-traje-de-pantal-n-es-un-signo-de-estos-tiempos-tr-gicos"},"author":{"name":"Damian Goddard","@id":"https:\/\/ifamnews.com\/en\/#\/schema\/person\/6d0f801dfdd942a95916e3671c906b70"},"headline":"No es s\u00f3lo un traje de pantal\u00f3n; es un signo de estos tiempos tr\u00e1gicos","datePublished":"2022-05-04T05:00:00+00:00","mainEntityOfPage":{"@id":"https:\/\/ifamnews.com\/es\/no-es-s-lo-un-traje-de-pantal-n-es-un-signo-de-estos-tiempos-tr-gicos"},"wordCount":975,"commentCount":0,"publisher":{"@id":"https:\/\/ifamnews.com\/en\/#organization"},"image":{"@id":"https:\/\/ifamnews.com\/es\/no-es-s-lo-un-traje-de-pantal-n-es-un-signo-de-estos-tiempos-tr-gicos#primaryimage"},"thumbnailUrl":"https:\/\/ifamnews.com\/wp-content\/uploads\/2022\/01\/Untitled-design-26.jpg","keywords":["amor libre","comunismo","Cristianismo","Friedrich Engels","Ideolog\u00eda LGBT","Jesucristo","Karl Marx","Manifiesto Comunista","Marxismo","Minnie Mouse","Rogers Sportsnet","roles de g\u00e9nero","subversi\u00f3n ideol\u00f3gica","traje de pantal\u00f3n","Yuri Bezmenov"],"articleSection":["Foreground","Opini\u00f3n","\u00daLTIMAS NOTICIAS"],"inLanguage":"es","potentialAction":[{"@type":"CommentAction","name":"Comment","target":["https:\/\/ifamnews.com\/es\/no-es-s-lo-un-traje-de-pantal-n-es-un-signo-de-estos-tiempos-tr-gicos#respond"]}]},{"@type":"WebPage","@id":"https:\/\/ifamnews.com\/es\/no-es-s-lo-un-traje-de-pantal-n-es-un-signo-de-estos-tiempos-tr-gicos","url":"https:\/\/ifamnews.com\/es\/no-es-s-lo-un-traje-de-pantal-n-es-un-signo-de-estos-tiempos-tr-gicos","name":"No es s\u00f3lo un traje de pantal\u00f3n; es un signo de estos tiempos tr\u00e1gicos - IFN","isPartOf":{"@id":"https:\/\/ifamnews.com\/en\/#website"},"primaryImageOfPage":{"@id":"https:\/\/ifamnews.com\/es\/no-es-s-lo-un-traje-de-pantal-n-es-un-signo-de-estos-tiempos-tr-gicos#primaryimage"},"image":{"@id":"https:\/\/ifamnews.com\/es\/no-es-s-lo-un-traje-de-pantal-n-es-un-signo-de-estos-tiempos-tr-gicos#primaryimage"},"thumbnailUrl":"https:\/\/ifamnews.com\/wp-content\/uploads\/2022\/01\/Untitled-design-26.jpg","datePublished":"2022-05-04T05:00:00+00:00","description":"El traje de Minnie no es m\u00e1s que un s\u00edntoma de la enfermedad. Y deber\u00edamos tomarlo en serio. El comunismo est\u00e1 ganando la batalla.","breadcrumb":{"@id":"https:\/\/ifamnews.com\/es\/no-es-s-lo-un-traje-de-pantal-n-es-un-signo-de-estos-tiempos-tr-gicos#breadcrumb"},"inLanguage":"es","potentialAction":[{"@type":"ReadAction","target":["https:\/\/ifamnews.com\/es\/no-es-s-lo-un-traje-de-pantal-n-es-un-signo-de-estos-tiempos-tr-gicos"]}]},{"@type":"ImageObject","inLanguage":"es","@id":"https:\/\/ifamnews.com\/es\/no-es-s-lo-un-traje-de-pantal-n-es-un-signo-de-estos-tiempos-tr-gicos#primaryimage","url":"https:\/\/ifamnews.com\/wp-content\/uploads\/2022\/01\/Untitled-design-26.jpg","contentUrl":"https:\/\/ifamnews.com\/wp-content\/uploads\/2022\/01\/Untitled-design-26.jpg","width":1200,"height":675},{"@type":"BreadcrumbList","@id":"https:\/\/ifamnews.com\/es\/no-es-s-lo-un-traje-de-pantal-n-es-un-signo-de-estos-tiempos-tr-gicos#breadcrumb","itemListElement":[{"@type":"ListItem","position":1,"name":"Home","item":"https:\/\/ifamnews.com\/de"},{"@type":"ListItem","position":2,"name":"Opinion","item":"https:\/\/ifamnews.com\/en\/category\/opinion"},{"@type":"ListItem","position":3,"name":"No es s\u00f3lo un traje de pantal\u00f3n; es un signo de estos tiempos tr\u00e1gicos"}]},{"@type":"WebSite","@id":"https:\/\/ifamnews.com\/en\/#website","url":"https:\/\/ifamnews.com\/en\/","name":"IFN","description":"International Family News Network","publisher":{"@id":"https:\/\/ifamnews.com\/en\/#organization"},"potentialAction":[{"@type":"SearchAction","target":{"@type":"EntryPoint","urlTemplate":"https:\/\/ifamnews.com\/en\/?s={search_term_string}"},"query-input":{"@type":"PropertyValueSpecification","valueRequired":true,"valueName":"search_term_string"}}],"inLanguage":"es"},{"@type":"Organization","@id":"https:\/\/ifamnews.com\/en\/#organization","name":"iFamNews","url":"https:\/\/ifamnews.com\/en\/","logo":{"@type":"ImageObject","inLanguage":"es","@id":"https:\/\/ifamnews.com\/en\/#\/schema\/logo\/image\/","url":"https:\/\/ifamnews.com\/wp-content\/uploads\/2020\/01\/Share-logo.png","contentUrl":"https:\/\/ifamnews.com\/wp-content\/uploads\/2020\/01\/Share-logo.png","width":200,"height":200,"caption":"iFamNews"},"image":{"@id":"https:\/\/ifamnews.com\/en\/#\/schema\/logo\/image\/"},"sameAs":["https:\/\/www.facebook.com\/iFamNews","https:\/\/x.com\/iFamNewsEN"]},{"@type":"Person","@id":"https:\/\/ifamnews.com\/en\/#\/schema\/person\/6d0f801dfdd942a95916e3671c906b70","name":"Damian Goddard","image":{"@type":"ImageObject","inLanguage":"es","@id":"https:\/\/secure.gravatar.com\/avatar\/027a86dd10a90ba99904514279b628a246ec46b6073860f473da680bca6ca9bb?s=96&d=mm&r=g","url":"https:\/\/secure.gravatar.com\/avatar\/027a86dd10a90ba99904514279b628a246ec46b6073860f473da680bca6ca9bb?s=96&d=mm&r=g","contentUrl":"https:\/\/secure.gravatar.com\/avatar\/027a86dd10a90ba99904514279b628a246ec46b6073860f473da680bca6ca9bb?s=96&d=mm&r=g","caption":"Damian Goddard"},"description":"Damian Goddard is a veteran television, radio, and internet broadcaster who garnered international headlines in May 2011 after taking to Twitter in defence of \"the traditional and TRUE meaning of marriage\". \u00a0Not twenty four hours after delivering the tweet, he was fired from his job as anchor for Rogers Sportsnet; one of Canada's two network sports broadcasters. \u00a0Damian's extensive broadcast experience also includes work as a news anchor at Sun News Network, a talkshow host at NewsTalk 1010 CFRB in Toronto, and ample experience in the sports realm working for the CBC, Maple Leaf Sports &amp; Entertainment (lead host at Raptors NBA TV and LeafsTV), and The Fan 590 in Toronto. \u00a0A history major with a Bachelor of Arts from the University of Western Ontario and a devout Roman Catholic, Damian is passionate about world and cultural affairs, the history and future of the Catholic Church, and the Toronto Maple Leafs.","url":"https:\/\/ifamnews.com\/es\/author\/dgoddard"}]}},"amp_enabled":true,"_links":{"self":[{"href":"https:\/\/ifamnews.com\/es\/wp-json\/wp\/v2\/posts\/119932","targetHints":{"allow":["GET"]}}],"collection":[{"href":"https:\/\/ifamnews.com\/es\/wp-json\/wp\/v2\/posts"}],"about":[{"href":"https:\/\/ifamnews.com\/es\/wp-json\/wp\/v2\/types\/post"}],"author":[{"embeddable":true,"href":"https:\/\/ifamnews.com\/es\/wp-json\/wp\/v2\/users\/595"}],"replies":[{"embeddable":true,"href":"https:\/\/ifamnews.com\/es\/wp-json\/wp\/v2\/comments?post=119932"}],"version-history":[{"count":5,"href":"https:\/\/ifamnews.com\/es\/wp-json\/wp\/v2\/posts\/119932\/revisions"}],"predecessor-version":[{"id":136576,"href":"https:\/\/ifamnews.com\/es\/wp-json\/wp\/v2\/posts\/119932\/revisions\/136576"}],"wp:featuredmedia":[{"embeddable":true,"href":"https:\/\/ifamnews.com\/es\/wp-json\/wp\/v2\/media\/119609"}],"wp:attachment":[{"href":"https:\/\/ifamnews.com\/es\/wp-json\/wp\/v2\/media?parent=119932"}],"wp:term":[{"taxonomy":"category","embeddable":true,"href":"https:\/\/ifamnews.com\/es\/wp-json\/wp\/v2\/categories?post=119932"},{"taxonomy":"post_tag","embeddable":true,"href":"https:\/\/ifamnews.com\/es\/wp-json\/wp\/v2\/tags?post=119932"}],"curies":[{"name":"wp","href":"https:\/\/api.w.org\/{rel}","templated":true}]}}