{"id":118185,"date":"2022-05-11T01:00:00","date_gmt":"2022-05-11T05:00:00","guid":{"rendered":"https:\/\/ifamnews.com\/?p=118185"},"modified":"2022-04-23T08:18:40","modified_gmt":"2022-04-23T12:18:40","slug":"los-malos-tratos-pueden-llevar-a-los-ancianos-al-suicidio-asistido","status":"publish","type":"post","link":"https:\/\/ifamnews.com\/es\/los-malos-tratos-pueden-llevar-a-los-ancianos-al-suicidio-asistido","title":{"rendered":"Los malos tratos pueden llevar a los ancianos al \u00absuicidio asistido\u00bb"},"content":{"rendered":"\n<p>El a\u00f1o pasado, <a href=\"https:\/\/www.theguardian.com\/australia-news\/2021\/sep\/16\/queensland-mps-vote-to-legalise-voluntary-assisted-dying\" target=\"_blank\" rel=\"noreferrer noopener\">el 16 de septiembre, Queensland se convirti\u00f3 en el quinto estado de la federaci\u00f3n australiana en legalizar<\/a> la muerte asistida <a href=\"https:\/\/www.theguardian.com\/australia-news\/2021\/sep\/16\/queensland-mps-vote-to-legalise-voluntary-assisted-dying\" target=\"{wpml_trans_unit_6_0_1_-1_1}\" rel=\"{wpml_trans_unit_6_0_1_-1_2} noopener\">voluntaria<\/a> (VAD), con 60 votos en el parlamento frente a 29. En Australia, s\u00f3lo el estado de Nueva Gales del Sur no lo ha hecho todav\u00eda, pero <a href=\"https:\/\/www.liveaction.org\/news\/australian-state-considers-legalizing-assisted-suicide\/\" target=\"_blank\" rel=\"noreferrer noopener\">incluso all\u00ed el parlamento est\u00e1 estudiando la posibilidad de modificar su legislaci\u00f3n<\/a> sobre el final de la vida para hacer posible el uso de un ADV.<\/p>\n\n\n\n<p><a href=\"https:\/\/ifamnews.com\/it\/australia-il-queensland-resiste-alla-legge-sulleutanasia-ma-fino-a-quando\" target=\"_blank\" rel=\"noreferrer noopener\">En Queensland<\/a>, por su parte, la nueva ley entrar\u00e1 en vigor en enero de 2023 y legaliza el \u00absuicidio asistido\u00bb para las personas mayores de edad que padezcan una enfermedad avanzada, progresiva y terminal y cuya muerte natural se prevea en un a\u00f1o. La ley tambi\u00e9n exige que tengan plenas facultades mentales y que sean examinados por dos m\u00e9dicos. Tambi\u00e9n deben solicitar formalmente la muerte asistida tres veces en el transcurso de al menos nueve d\u00edas.  <\/p>\n\n\n\n<p>Sin embargo, a pesar del j\u00fabilo de <a href=\"https:\/\/twitter.com\/gogentle_aus?ref_src=twsrc%5Etfw%7Ctwcamp%5Etweetembed%7Ctwterm%5E1438421028502335490%7Ctwgr%5E%7Ctwcon%5Es1_&amp;ref_url=https%3A%2F%2Fwww.theguardian.com%2Faustralia-news%2F2021%2Fsep%2F16%2Fqueensland-mps-vote-to-legalise-voluntary-assisted-dying\" target=\"_blank\" rel=\"noreferrer noopener\">las asociaciones pro-VAD<\/a>, de los <a href=\"https:\/\/twitter.com\/gogentle_aus\/status\/1438421028502335490?ref_src=twsrc%5Etfw%7Ctwcamp%5Etweetembed%7Ctwterm%5E1438421028502335490%7Ctwgr%5E%7Ctwcon%5Es1_&amp;ref_url=https%3A%2F%2Fwww.theguardian.com%2Faustralia-news%2F2021%2Fsep%2F16%2Fqueensland-mps-vote-to-legalise-voluntary-assisted-dying\" target=\"_blank\" rel=\"noreferrer noopener\">parlamentarios a favor<\/a> y de <a href=\"https:\/\/twitter.com\/AnnastaciaMP\/status\/1438412311396438017?ref_src=twsrc%5Etfw%7Ctwcamp%5Etweetembed%7Ctwterm%5E1438412311396438017%7Ctwgr%5E%7Ctwcon%5Es1_&amp;ref_url=https%3A%2F%2Fwww.theguardian.com%2Faustralia-news%2F2021%2Fsep%2F16%2Fqueensland-mps-vote-to-legalise-voluntary-assisted-dying\" target=\"_blank\" rel=\"noreferrer noopener\">la Primera Ministra<\/a>, Annastacia Palaszczuk, que est\u00e1 abiertamente a favor del \u00absuicidio asistido\u00bb, las cuestiones que plantea esta legislaci\u00f3n son numerosas y cruciales.<\/p>\n\n\n\n<p>Por ejemplo, <a href=\"https:\/\/aifs.gov.au\/publications\/national-elder-abuse-prevalence-study-final-report\" target=\"_blank\" rel=\"noreferrer noopener\">un informe publicado en diciembre por el Instituto<\/a> Australiano <a href=\"https:\/\/aifs.gov.au\/publications\/national-elder-abuse-prevalence-study-final-report\" target=\"{wpml_trans_unit_9_0_1_-1_1}\" rel=\"{wpml_trans_unit_9_0_1_-1_2} noopener\">de Estudios sobre la Familia<\/a> (AIFS), un organismo gubernamental australiano, y tambi\u00e9n <a href=\"https:\/\/www.australiancarealliance.org.au\/new_report_on_elder_abuse_in_australia_implications_for_legalising_euthanasia\" target=\"{wpml_trans_unit_9_0_3_-1_1}\" rel=\"{wpml_trans_unit_9_0_3_-1_2} noopener\">publicado el 12 de enero<\/a> por  <a href=\"https:\/\/www.australiancarealliance.org.au\/\" target=\"_blank\" rel=\"noreferrer noopener\">Australian Care Alliance<\/a>, una organizaci\u00f3n creada en 2018 y formada por profesionales sanitarios, abogados y activistas, para oponerse a cualquier pr\u00e1ctica de eutanasia en el pa\u00eds, pone de manifiesto un asunto que a\u00fan no se hab\u00eda considerado con la gravedad adecuada.<\/p>\n\n\n\n<p>Las personas mayores de Australia sufren cada vez m\u00e1s abusos. <a href=\"https:\/\/aifs.gov.au\/media-releases\/almost-one-six-older-australians-report-experiencing-abuse-last-12-months\" target=\"_blank\" rel=\"noreferrer noopener\">Una de cada seis personas mayores afirma haber sufrido abusos en los \u00faltimos doce meses<\/a>.<\/p>\n\n\n\n<p>Abuso f\u00edsico, abuso psicol\u00f3gico, abuso financiero. Los malos tratos se producen muy a menudo en el seno de la familia, principalmente por parte de los hijos varones adultos, con la connivencia de sus parejas, sobre todo por motivos econ\u00f3micos.<\/p>\n\n\n\n<p>Abusos de los que estas personas fr\u00e1giles y vulnerables se averg\u00fcenzan y, por tanto, tienden a mantener ocultos, tambi\u00e9n para no crear dificultades a sus hijos, aunque sean sus verdugos.<\/p>\n\n\n\n<p>No es dif\u00edcil imaginar el <a href=\"https:\/\/www.liveaction.org\/news\/elder-abuse-australia-assisted-suicide-grows\/\" target=\"_blank\" rel=\"noreferrer noopener\">resignado estado de \u00e1nimo con el que estos ancianos pueden considerar el \u00absuicidio asistido\u00bb, como un mal menor<\/a>, como una forma de acabar con el sufrimiento, a una edad en la que toda la sociedad repite y subraya constantemente la poca dignidad que tienen sus vidas.  <\/p>\n\n\n\n<p>\u00abEl perfil de edad de la poblaci\u00f3n australiana es cada vez m\u00e1s viejo\u00bb, dice el informe de la AIFS, que a\u00f1ade que se espera que el grupo de edad de 65 a\u00f1os o m\u00e1s crezca de 3,8 a 8,8 millones en los pr\u00f3ximos 25 a\u00f1os\u00bb.<\/p>\n\n\n\n<p>El n\u00famero de personas mayores aumenta, los cuidados paliativos eficaces requieren la asignaci\u00f3n de fondos considerables, las pr\u00f3ximas generaciones esperan con c\u00ednica impaciencia la herencia de sus abuelos.<\/p>\n","protected":false},"excerpt":{"rendered":"<p>Un informe del gobierno australiano muestra el aumento de la violencia dom\u00e9stica contra las personas mayores<\/p>\n","protected":false},"author":46,"featured_media":118057,"comment_status":"open","ping_status":"open","sticky":false,"template":"","format":"standard","meta":{"give_campaign_id":0,"om_disable_all_campaigns":false,"_monsterinsights_skip_tracking":false,"_monsterinsights_sitenote_active":false,"_monsterinsights_sitenote_note":"","_monsterinsights_sitenote_category":0,"mc4wp_mailchimp_campaign":[],"jnews-multi-image_gallery":[],"jnews_single_post":{"subtitle":"Un informe del gobierno australiano muestra el aumento de la violencia dom\u00e9stica contra las personas mayores.","format":"standard","video":"","gallery":"","source_name":"","source_url":"","via_name":"","via_url":"","override":[{"template":"1","single_blog_custom":"","parallax":"1","fullscreen":"1","layout":"right-sidebar","sidebar":"default-sidebar","second_sidebar":"default-sidebar","sticky_sidebar":"1","share_position":"top","share_float_style":"share-monocrhome","show_share_counter":"1","show_view_counter":"1","show_featured":"1","show_post_meta":"1","show_post_author":"1","show_post_author_image":"1","show_post_date":"1","post_date_format":"default","post_date_format_custom":"Y\/m\/d","show_post_category":"1","post_reading_time_wpm":"300","zoom_button_out_step":"2","zoom_button_in_step":"3","show_post_tag":"1","show_prev_next_post":"1","show_popup_post":"1","number_popup_post":"1"}],"image_override":[{"single_post_thumbnail_size":"crop-500","single_post_gallery_size":"crop-500"}],"trending_post_position":"meta","trending_post_label":"Trending","sponsored_post_label":"Sponsored by","sponsored_post_name":"","sponsored_post_url":"","sponsored_post_logo":"","sponsored_post_desc":""},"jnews_primary_category":{"id":"818"},"jnews_social_meta":{"fb_title":"","fb_description":"","fb_image":"","twitter_title":"","twitter_description":"","twitter_image":""},"jnews_override_counter":{"view_counter_number":"0","share_counter_number":"0","like_counter_number":"0","dislike_counter_number":"0"},"footnotes":""},"categories":[810,815,818],"tags":[18183,18179,11363,18182,7101],"class_list":["post-118185","post","type-post","status-publish","format-standard","has-post-thumbnail","hentry","category-foreground-es","category-breaking-news-es","category-vida","tag-annastacia-palaszczuk-2","tag-asociacion-pro-vad","tag-australia-es","tag-australian-care-alliance-2","tag-eutanasia-es"],"yoast_head":"<!-- This site is optimized with the Yoast SEO Premium plugin v25.9 (Yoast SEO v27.3) - https:\/\/yoast.com\/product\/yoast-seo-premium-wordpress\/ -->\n<title>Los malos tratos pueden llevar a los ancianos al &quot;suicidio asistido&quot; - &quot;iFamNews&quot;.<\/title>\n<meta name=\"description\" content=\"Los malos tratos se producen muy a menudo en el seno de la familia, principalmente por parte de los hijos con la connivencia de sus parejas.\" \/>\n<meta name=\"robots\" content=\"index, follow, max-snippet:-1, max-image-preview:large, max-video-preview:-1\" \/>\n<link rel=\"canonical\" href=\"https:\/\/ifamnews.com\/es\/los-malos-tratos-pueden-llevar-a-los-ancianos-al-suicidio-asistido\" \/>\n<meta property=\"og:locale\" content=\"es_ES\" \/>\n<meta property=\"og:type\" content=\"article\" \/>\n<meta property=\"og:title\" content=\"Los malos tratos pueden llevar a los ancianos al &quot;suicidio asistido&quot;\" \/>\n<meta property=\"og:description\" content=\"Los malos tratos se producen muy a menudo en el seno de la familia, principalmente por parte de los hijos con la connivencia de sus parejas.\" \/>\n<meta property=\"og:url\" content=\"https:\/\/ifamnews.com\/es\/los-malos-tratos-pueden-llevar-a-los-ancianos-al-suicidio-asistido\" \/>\n<meta property=\"og:site_name\" content=\"IFN\" \/>\n<meta property=\"article:publisher\" content=\"https:\/\/www.facebook.com\/iFamNews\" \/>\n<meta property=\"article:author\" content=\"https:\/\/www.facebook.com\/iFamNews\/\" \/>\n<meta property=\"article:published_time\" content=\"2022-05-11T05:00:00+00:00\" \/>\n<meta property=\"og:image\" content=\"https:\/\/ifamnews.com\/wp-content\/uploads\/2022\/01\/ball-g9c7c5a3b8_1280.jpg\" \/>\n\t<meta property=\"og:image:width\" content=\"1280\" \/>\n\t<meta property=\"og:image:height\" content=\"720\" \/>\n\t<meta property=\"og:image:type\" content=\"image\/jpeg\" \/>\n<meta name=\"author\" content=\"iFamNews Italia\" \/>\n<meta name=\"twitter:card\" content=\"summary_large_image\" \/>\n<meta name=\"twitter:creator\" content=\"@https:\/\/twitter.com\/iFamNewsIT\" \/>\n<meta name=\"twitter:site\" content=\"@iFamNewsEN\" \/>\n<meta name=\"twitter:label1\" content=\"Escrito por\" \/>\n\t<meta name=\"twitter:data1\" content=\"Redacci\u00f3n italiana\" \/>\n\t<meta name=\"twitter:label2\" content=\"Tiempo de lectura\" \/>\n\t<meta name=\"twitter:data2\" content=\"3 minutos\" \/>\n<!-- \/ Yoast SEO Premium plugin. -->","yoast_head_json":{"title":"Los malos tratos pueden llevar a los ancianos al \"suicidio asistido\" - \"iFamNews\".","description":"Los malos tratos se producen muy a menudo en el seno de la familia, principalmente por parte de los hijos con la connivencia de sus parejas.","robots":{"index":"index","follow":"follow","max-snippet":"max-snippet:-1","max-image-preview":"max-image-preview:large","max-video-preview":"max-video-preview:-1"},"canonical":"https:\/\/ifamnews.com\/es\/los-malos-tratos-pueden-llevar-a-los-ancianos-al-suicidio-asistido","og_locale":"es_ES","og_type":"article","og_title":"Los malos tratos pueden llevar a los ancianos al \"suicidio asistido\"","og_description":"Los malos tratos se producen muy a menudo en el seno de la familia, principalmente por parte de los hijos con la connivencia de sus parejas.","og_url":"https:\/\/ifamnews.com\/es\/los-malos-tratos-pueden-llevar-a-los-ancianos-al-suicidio-asistido","og_site_name":"IFN","article_publisher":"https:\/\/www.facebook.com\/iFamNews","article_author":"https:\/\/www.facebook.com\/iFamNews\/","article_published_time":"2022-05-11T05:00:00+00:00","og_image":[{"width":1280,"height":720,"url":"https:\/\/ifamnews.com\/wp-content\/uploads\/2022\/01\/ball-g9c7c5a3b8_1280.jpg","type":"image\/jpeg"}],"author":"iFamNews Italia","twitter_card":"summary_large_image","twitter_creator":"@https:\/\/twitter.com\/iFamNewsIT","twitter_site":"@iFamNewsEN","twitter_misc":{"Escrito por":"Redacci\u00f3n italiana","Tiempo de lectura":"3 minutos"},"schema":{"@context":"https:\/\/schema.org","@graph":[{"@type":"NewsArticle","@id":"https:\/\/ifamnews.com\/es\/los-malos-tratos-pueden-llevar-a-los-ancianos-al-suicidio-asistido#article","isPartOf":{"@id":"https:\/\/ifamnews.com\/es\/los-malos-tratos-pueden-llevar-a-los-ancianos-al-suicidio-asistido"},"author":{"name":"iFamNews Italia","@id":"https:\/\/ifamnews.com\/en\/#\/schema\/person\/fafda7d79212f3690f4af10238556aac"},"headline":"Los malos tratos pueden llevar a los ancianos al \u00absuicidio asistido\u00bb","datePublished":"2022-05-11T05:00:00+00:00","mainEntityOfPage":{"@id":"https:\/\/ifamnews.com\/es\/los-malos-tratos-pueden-llevar-a-los-ancianos-al-suicidio-asistido"},"wordCount":518,"commentCount":0,"publisher":{"@id":"https:\/\/ifamnews.com\/en\/#organization"},"image":{"@id":"https:\/\/ifamnews.com\/es\/los-malos-tratos-pueden-llevar-a-los-ancianos-al-suicidio-asistido#primaryimage"},"thumbnailUrl":"https:\/\/ifamnews.com\/wp-content\/uploads\/2022\/01\/ball-g9c7c5a3b8_1280.jpg","keywords":["Annastacia Palaszczuk","Asociaci\u00f3n pro-VAD","Australia","Australian Care Alliance","Eutanasia"],"articleSection":["Foreground","\u00daLTIMAS NOTICIAS","Vida"],"inLanguage":"es","potentialAction":[{"@type":"CommentAction","name":"Comment","target":["https:\/\/ifamnews.com\/es\/los-malos-tratos-pueden-llevar-a-los-ancianos-al-suicidio-asistido#respond"]}]},{"@type":"WebPage","@id":"https:\/\/ifamnews.com\/es\/los-malos-tratos-pueden-llevar-a-los-ancianos-al-suicidio-asistido","url":"https:\/\/ifamnews.com\/es\/los-malos-tratos-pueden-llevar-a-los-ancianos-al-suicidio-asistido","name":"Los malos tratos pueden llevar a los ancianos al \"suicidio asistido\" - \"iFamNews\".","isPartOf":{"@id":"https:\/\/ifamnews.com\/en\/#website"},"primaryImageOfPage":{"@id":"https:\/\/ifamnews.com\/es\/los-malos-tratos-pueden-llevar-a-los-ancianos-al-suicidio-asistido#primaryimage"},"image":{"@id":"https:\/\/ifamnews.com\/es\/los-malos-tratos-pueden-llevar-a-los-ancianos-al-suicidio-asistido#primaryimage"},"thumbnailUrl":"https:\/\/ifamnews.com\/wp-content\/uploads\/2022\/01\/ball-g9c7c5a3b8_1280.jpg","datePublished":"2022-05-11T05:00:00+00:00","description":"Los malos tratos se producen muy a menudo en el seno de la familia, principalmente por parte de los hijos con la connivencia de sus parejas.","breadcrumb":{"@id":"https:\/\/ifamnews.com\/es\/los-malos-tratos-pueden-llevar-a-los-ancianos-al-suicidio-asistido#breadcrumb"},"inLanguage":"es","potentialAction":[{"@type":"ReadAction","target":["https:\/\/ifamnews.com\/es\/los-malos-tratos-pueden-llevar-a-los-ancianos-al-suicidio-asistido"]}]},{"@type":"ImageObject","inLanguage":"es","@id":"https:\/\/ifamnews.com\/es\/los-malos-tratos-pueden-llevar-a-los-ancianos-al-suicidio-asistido#primaryimage","url":"https:\/\/ifamnews.com\/wp-content\/uploads\/2022\/01\/ball-g9c7c5a3b8_1280.jpg","contentUrl":"https:\/\/ifamnews.com\/wp-content\/uploads\/2022\/01\/ball-g9c7c5a3b8_1280.jpg","width":1280,"height":720,"caption":"Imagen de Pixabay"},{"@type":"BreadcrumbList","@id":"https:\/\/ifamnews.com\/es\/los-malos-tratos-pueden-llevar-a-los-ancianos-al-suicidio-asistido#breadcrumb","itemListElement":[{"@type":"ListItem","position":1,"name":"Home","item":"https:\/\/ifamnews.com\/de"},{"@type":"ListItem","position":2,"name":"Life","item":"https:\/\/ifamnews.com\/en\/category\/life"},{"@type":"ListItem","position":3,"name":"Los malos tratos pueden llevar a los ancianos al &#8220;suicidio asistido&#8221;"}]},{"@type":"WebSite","@id":"https:\/\/ifamnews.com\/en\/#website","url":"https:\/\/ifamnews.com\/en\/","name":"IFN","description":"International Family News Network","publisher":{"@id":"https:\/\/ifamnews.com\/en\/#organization"},"potentialAction":[{"@type":"SearchAction","target":{"@type":"EntryPoint","urlTemplate":"https:\/\/ifamnews.com\/en\/?s={search_term_string}"},"query-input":{"@type":"PropertyValueSpecification","valueRequired":true,"valueName":"search_term_string"}}],"inLanguage":"es"},{"@type":"Organization","@id":"https:\/\/ifamnews.com\/en\/#organization","name":"iFamNews","url":"https:\/\/ifamnews.com\/en\/","logo":{"@type":"ImageObject","inLanguage":"es","@id":"https:\/\/ifamnews.com\/en\/#\/schema\/logo\/image\/","url":"https:\/\/ifamnews.com\/wp-content\/uploads\/2020\/01\/Share-logo.png","contentUrl":"https:\/\/ifamnews.com\/wp-content\/uploads\/2020\/01\/Share-logo.png","width":200,"height":200,"caption":"iFamNews"},"image":{"@id":"https:\/\/ifamnews.com\/en\/#\/schema\/logo\/image\/"},"sameAs":["https:\/\/www.facebook.com\/iFamNews","https:\/\/x.com\/iFamNewsEN"]},{"@type":"Person","@id":"https:\/\/ifamnews.com\/en\/#\/schema\/person\/fafda7d79212f3690f4af10238556aac","name":"iFamNews Italia","image":{"@type":"ImageObject","inLanguage":"es","@id":"https:\/\/secure.gravatar.com\/avatar\/2e50539bc89809bc22a0b2bb9dc3d7f67ffd1e564e5461707f0153146f8c99b5?s=96&d=mm&r=g","url":"https:\/\/secure.gravatar.com\/avatar\/2e50539bc89809bc22a0b2bb9dc3d7f67ffd1e564e5461707f0153146f8c99b5?s=96&d=mm&r=g","contentUrl":"https:\/\/secure.gravatar.com\/avatar\/2e50539bc89809bc22a0b2bb9dc3d7f67ffd1e564e5461707f0153146f8c99b5?s=96&d=mm&r=g","caption":"iFamNews Italia"},"description":"Articles published by the Italian iFamNews editorial team.","sameAs":["https:\/\/ifamnews.com\/it","https:\/\/www.facebook.com\/iFamNews\/","https:\/\/x.com\/https:\/\/twitter.com\/iFamNewsIT","https:\/\/www.youtube.com\/channel\/UCMVyIt4z9BANW3d09kwfUpw"],"url":"https:\/\/ifamnews.com\/es\/author\/redazioneit"}]}},"amp_enabled":true,"_links":{"self":[{"href":"https:\/\/ifamnews.com\/es\/wp-json\/wp\/v2\/posts\/118185","targetHints":{"allow":["GET"]}}],"collection":[{"href":"https:\/\/ifamnews.com\/es\/wp-json\/wp\/v2\/posts"}],"about":[{"href":"https:\/\/ifamnews.com\/es\/wp-json\/wp\/v2\/types\/post"}],"author":[{"embeddable":true,"href":"https:\/\/ifamnews.com\/es\/wp-json\/wp\/v2\/users\/46"}],"replies":[{"embeddable":true,"href":"https:\/\/ifamnews.com\/es\/wp-json\/wp\/v2\/comments?post=118185"}],"version-history":[{"count":3,"href":"https:\/\/ifamnews.com\/es\/wp-json\/wp\/v2\/posts\/118185\/revisions"}],"predecessor-version":[{"id":139444,"href":"https:\/\/ifamnews.com\/es\/wp-json\/wp\/v2\/posts\/118185\/revisions\/139444"}],"wp:featuredmedia":[{"embeddable":true,"href":"https:\/\/ifamnews.com\/es\/wp-json\/wp\/v2\/media\/118057"}],"wp:attachment":[{"href":"https:\/\/ifamnews.com\/es\/wp-json\/wp\/v2\/media?parent=118185"}],"wp:term":[{"taxonomy":"category","embeddable":true,"href":"https:\/\/ifamnews.com\/es\/wp-json\/wp\/v2\/categories?post=118185"},{"taxonomy":"post_tag","embeddable":true,"href":"https:\/\/ifamnews.com\/es\/wp-json\/wp\/v2\/tags?post=118185"}],"curies":[{"name":"wp","href":"https:\/\/api.w.org\/{rel}","templated":true}]}}