{"id":116491,"date":"2022-05-18T01:00:00","date_gmt":"2022-05-18T05:00:00","guid":{"rendered":"https:\/\/ifamnews.com\/?p=116491"},"modified":"2022-04-23T13:15:38","modified_gmt":"2022-04-23T17:15:38","slug":"macron-declara-la-guerra-a-la-vida","status":"publish","type":"post","link":"https:\/\/ifamnews.com\/es\/macron-declara-la-guerra-a-la-vida","title":{"rendered":"Macron declara la guerra a la vida"},"content":{"rendered":"\n<p>El momento era formidable. Ni siquiera veinticuatro horas despu\u00e9s de la elecci\u00f3n de la ambigua (por no decir otra cosa) <a href=\"https:\/\/ifamnews.com\/es\/los-dos-metsola\" target=\"_blank\" rel=\"noreferrer noopener\">Roberta Metsola como presidenta del Parlamento<\/a> Europeo, el presidente franc\u00e9s, Emmanuel Macron, se ech\u00f3 inmediatamente las manos a la cabeza con un <a href=\"https:\/\/www.elysee.fr\/emmanuel-macron\/2022\/01\/19\/discours-du-president-emmanuel-macron-devant-le-parlement-europeen\" target=\"_blank\" rel=\"noreferrer noopener\">discurso<\/a> muy comprometido en el que esbozaba la Europa de \u00absus\u00bb sue\u00f1os. Una Europa donde \u00abel verde\u00bb es un principio no negociable, pero sobre todo el aborto se convierte en un derecho \u00abni m\u00e1s ni menos\u00bb.<\/p>\n\n\n\n<p>La ocasi\u00f3n la brind\u00f3 la presentaci\u00f3n del programa de la presidencia francesa del Consejo de la Uni\u00f3n Europea: seis meses que el El\u00edseo pretende aprovechar al m\u00e1ximo para relanzar un programa ideol\u00f3gico \u00abneomaltusiano\u00bb tras la fachada del europe\u00edsmo, profundamente sacudido en los \u00faltimos a\u00f1os por numerosas crisis sist\u00e9micas.<\/p>\n\n\n\n<p class=\"has-medium-font-size\"><strong>Polonia y Hungr\u00eda en el punto de mira<\/strong><\/p>\n\n\n\n<p>\u00abVeinte a\u00f1os despu\u00e9s de la proclamaci\u00f3n de nuestra Carta de Derechos Fundamentales, que consagr\u00f3 la abolici\u00f3n de la pena de muerte en todo el territorio de la Uni\u00f3n -dijo Macron-, espero que podamos actualizar esta Carta para que sea espec\u00edficamente m\u00e1s expl\u00edcita sobre la protecci\u00f3n del medio ambiente y el reconocimiento del derecho al aborto.\u00bb Sus palabras suenan como una advertencia a la nueva presidenta del Parlamento Europeo, a la que la prensa presenta casi universalmente como <a href=\"https:\/\/ifamnews.com\/es\/roberta-metsola-presidenta-del-parlamento-europeo-a-favor-de-la-vida\" target=\"_blank\" rel=\"noreferrer noopener\">pro-vida<\/a>, aunque en realidad, como escribi\u00f3 \u00abiFamNews\u00bb, est\u00e1 bien preparada para hacer <a href=\"https:\/\/ifamnews.com\/es\/los-dos-metsola\" target=\"_blank\" rel=\"noreferrer noopener\">dos papeles en una comedia<\/a>.<\/p>\n\n\n\n<p>Tampoco faltaron en el discurso del Presidente franc\u00e9s los ataques m\u00e1s o menos velados a Polonia y Hungr\u00eda, cuando temi\u00f3 los riesgos de un \u00abfin del Estado de Derecho\u00bb y por tanto, de un \u00abretorno a los reg\u00edmenes autoritarios\u00bb.<\/p>\n\n\n\n<p class=\"has-medium-font-size\"><strong>M\u00e1s vigilancia digital para todos<\/strong><\/p>\n\n\n\n<p>En definitiva, el programa de Macron es expl\u00edcito, claro y se ajusta a los deseos de las \u00ab\u00e9lites\u00bb globalistas y al llamado <a href=\"https:\/\/ifamnews.com\/es\/tag\/gran-reinicio\" target=\"_blank\" rel=\"noreferrer noopener\">\u00abGran Reset\u00bb<\/a>: una \u00abconciencia clim\u00e1tica universal\u00bb, en honor al \u00abobjetivo de neutralidad\u00bb que se ha marcado Europa para 2050. Al mismo tiempo, existe el reto de la \u00abrevoluci\u00f3n digital\u00bb y de construir \u00abun mercado digital \u00fanico para crear campeones europeos\u00bb.<\/p>\n\n\n\n<p>Por \u00faltimo, pero no menos importante: la puesta en marcha de la Ley de Mercados Digitales y la Ley de Servicios Digitales, que, seg\u00fan Macron, \u00abnos permitir\u00e1n proteger econ\u00f3micamente a los actores digitales, pero tambi\u00e9n proteger a nuestros ciudadanos y el debate democr\u00e1tico contra la manipulaci\u00f3n y el discurso del odio\u00bb. Donde \u00abdiscurso del odio\u00bb significa cualquier concepci\u00f3n distinta a la secularista y neomaltusiana tan arraigada en Bruselas y Par\u00eds.<\/p>\n\n\n\n<p class=\"has-medium-font-size\"><strong>Acusaciones del aspirante de la derecha<\/strong><\/p>\n\n\n\n<p>Uno de los aspirantes a Macron en las elecciones presidenciales de primavera, Eric Zemmour, respondi\u00f3 r\u00e1pidamente a las declaraciones de Macron. Para el candidato de la \u00abReconquista\u00bb, el presidente no tiene \u00abderecho, como tampoco lo tiene la Comisi\u00f3n de la UE, a imponer los valores del progresismo occidental contempor\u00e1neo a pa\u00edses como Polonia y Hungr\u00eda, que los rechazan\u00bb. Concluyendo; que Macron \u00abalaba el Estado de Derecho, pero olvida y no quiere ver que el Estado de Derecho se ha convertido ahora en la pantalla del gobierno de los jueces\u00bb, que quieren \u00abimponernos su visi\u00f3n ideol\u00f3gica\u00bb.<\/p>\n","protected":false},"excerpt":{"rendered":"<p>Presidencia francesa de la UE: el El\u00edseo quiere codificar el aborto en la Carta de Derechos Fundamentales<\/p>\n","protected":false},"author":545,"featured_media":116413,"comment_status":"open","ping_status":"open","sticky":false,"template":"","format":"standard","meta":{"give_campaign_id":0,"om_disable_all_campaigns":false,"_monsterinsights_skip_tracking":false,"_monsterinsights_sitenote_active":false,"_monsterinsights_sitenote_note":"","_monsterinsights_sitenote_category":0,"mc4wp_mailchimp_campaign":[],"jnews-multi-image_gallery":[],"jnews_single_post":{"subtitle":"Protecci\u00f3n del medio ambiente, programa neomaltusiano y reconocimiento del derecho al aborto.","format":"standard","video":"","gallery":"","source_name":"","source_url":"","via_name":"","via_url":"","override":[{"template":"1","single_blog_custom":"","parallax":"1","fullscreen":"1","layout":"right-sidebar","sidebar":"default-sidebar","second_sidebar":"default-sidebar","sticky_sidebar":"1","share_position":"top","share_float_style":"share-monocrhome","show_share_counter":"1","show_view_counter":"1","show_featured":"1","show_post_meta":"1","show_post_author":"1","show_post_author_image":"1","show_post_date":"1","post_date_format":"default","post_date_format_custom":"Y\/m\/d","show_post_category":"1","post_reading_time_wpm":"300","zoom_button_out_step":"2","zoom_button_in_step":"3","show_post_tag":"1","show_prev_next_post":"1","show_popup_post":"1","number_popup_post":"1"}],"image_override":[{"single_post_thumbnail_size":"crop-500","single_post_gallery_size":"crop-500"}],"trending_post_position":"meta","trending_post_label":"Trending","sponsored_post_label":"Sponsored by","sponsored_post_name":"","sponsored_post_url":"","sponsored_post_logo":"","sponsored_post_desc":""},"jnews_primary_category":{"id":"773"},"jnews_social_meta":{"fb_title":"","fb_description":"","fb_image":"","twitter_title":"","twitter_description":"","twitter_image":""},"jnews_override_counter":{"view_counter_number":"0","share_counter_number":"0","like_counter_number":"0","dislike_counter_number":"0"},"footnotes":""},"categories":[810,773,815],"tags":[7248,18277,8629,14953,14952,18276],"class_list":["post-116491","post","type-post","status-publish","format-standard","has-post-thumbnail","hentry","category-foreground-es","category-politica","category-breaking-news-es","tag-abortion-es","tag-eric-zemmour","tag-francia-es","tag-gran-reinicio","tag-medio-ambiente","tag-roberta-metsola-3"],"yoast_head":"<!-- This site is optimized with the Yoast SEO Premium plugin v25.9 (Yoast SEO v27.3) - https:\/\/yoast.com\/product\/yoast-seo-premium-wordpress\/ -->\n<title>Macron declara la guerra a la vida - &quot;iFamNews&quot;.<\/title>\n<meta name=\"description\" content=\"Presidencia francesa de la Uni\u00f3n Europea: el El\u00edseo quiere codificar el aborto en la Carta de Derechos Fundamentales.\" \/>\n<meta name=\"robots\" content=\"index, follow, max-snippet:-1, max-image-preview:large, max-video-preview:-1\" \/>\n<link rel=\"canonical\" href=\"https:\/\/ifamnews.com\/es\/macron-declara-la-guerra-a-la-vida\" \/>\n<meta property=\"og:locale\" content=\"es_ES\" \/>\n<meta property=\"og:type\" content=\"article\" \/>\n<meta property=\"og:title\" content=\"Macron declara la guerra a la vida\" \/>\n<meta property=\"og:description\" content=\"Presidencia francesa de la Uni\u00f3n Europea: el El\u00edseo quiere codificar el aborto en la Carta de Derechos Fundamentales.\" \/>\n<meta property=\"og:url\" content=\"https:\/\/ifamnews.com\/es\/macron-declara-la-guerra-a-la-vida\" \/>\n<meta property=\"og:site_name\" content=\"IFN\" \/>\n<meta property=\"article:publisher\" content=\"https:\/\/www.facebook.com\/iFamNews\" \/>\n<meta property=\"article:published_time\" content=\"2022-05-18T05:00:00+00:00\" \/>\n<meta property=\"og:image\" content=\"https:\/\/ifamnews.com\/wp-content\/uploads\/2022\/01\/800px-Sommet_eco_franco-chinois-1934.jpg\" \/>\n\t<meta property=\"og:image:width\" content=\"1200\" \/>\n\t<meta property=\"og:image:height\" content=\"675\" \/>\n\t<meta property=\"og:image:type\" content=\"image\/jpeg\" \/>\n<meta name=\"author\" content=\"Luca Marcolivio\" \/>\n<meta name=\"twitter:card\" content=\"summary_large_image\" \/>\n<meta name=\"twitter:creator\" content=\"@https:\/\/twitter.com\/luketto2\" \/>\n<meta name=\"twitter:site\" content=\"@iFamNewsEN\" \/>\n<meta name=\"twitter:label1\" content=\"Escrito por\" \/>\n\t<meta name=\"twitter:data1\" content=\"Luca Marcolivio\" \/>\n\t<meta name=\"twitter:label2\" content=\"Tiempo de lectura\" \/>\n\t<meta name=\"twitter:data2\" content=\"3 minutos\" \/>\n<!-- \/ Yoast SEO Premium plugin. -->","yoast_head_json":{"title":"Macron declara la guerra a la vida - \"iFamNews\".","description":"Presidencia francesa de la Uni\u00f3n Europea: el El\u00edseo quiere codificar el aborto en la Carta de Derechos Fundamentales.","robots":{"index":"index","follow":"follow","max-snippet":"max-snippet:-1","max-image-preview":"max-image-preview:large","max-video-preview":"max-video-preview:-1"},"canonical":"https:\/\/ifamnews.com\/es\/macron-declara-la-guerra-a-la-vida","og_locale":"es_ES","og_type":"article","og_title":"Macron declara la guerra a la vida","og_description":"Presidencia francesa de la Uni\u00f3n Europea: el El\u00edseo quiere codificar el aborto en la Carta de Derechos Fundamentales.","og_url":"https:\/\/ifamnews.com\/es\/macron-declara-la-guerra-a-la-vida","og_site_name":"IFN","article_publisher":"https:\/\/www.facebook.com\/iFamNews","article_published_time":"2022-05-18T05:00:00+00:00","og_image":[{"width":1200,"height":675,"url":"https:\/\/ifamnews.com\/wp-content\/uploads\/2022\/01\/800px-Sommet_eco_franco-chinois-1934.jpg","type":"image\/jpeg"}],"author":"Luca Marcolivio","twitter_card":"summary_large_image","twitter_creator":"@https:\/\/twitter.com\/luketto2","twitter_site":"@iFamNewsEN","twitter_misc":{"Escrito por":"Luca Marcolivio","Tiempo de lectura":"3 minutos"},"schema":{"@context":"https:\/\/schema.org","@graph":[{"@type":"NewsArticle","@id":"https:\/\/ifamnews.com\/es\/macron-declara-la-guerra-a-la-vida#article","isPartOf":{"@id":"https:\/\/ifamnews.com\/es\/macron-declara-la-guerra-a-la-vida"},"author":{"name":"Luca Marcolivio","@id":"https:\/\/ifamnews.com\/en\/#\/schema\/person\/ce4f7fd8e66bf7ecb51fc4e1d97dbcfd"},"headline":"Macron declara la guerra a la vida","datePublished":"2022-05-18T05:00:00+00:00","mainEntityOfPage":{"@id":"https:\/\/ifamnews.com\/es\/macron-declara-la-guerra-a-la-vida"},"wordCount":558,"commentCount":0,"publisher":{"@id":"https:\/\/ifamnews.com\/en\/#organization"},"image":{"@id":"https:\/\/ifamnews.com\/es\/macron-declara-la-guerra-a-la-vida#primaryimage"},"thumbnailUrl":"https:\/\/ifamnews.com\/wp-content\/uploads\/2022\/01\/800px-Sommet_eco_franco-chinois-1934.jpg","keywords":["Abortion","Eric Zemmour","Francia","Gran reinicio","medio ambiente","Roberta Metsola"],"articleSection":["Foreground","Pol\u00edtica","\u00daLTIMAS NOTICIAS"],"inLanguage":"es","potentialAction":[{"@type":"CommentAction","name":"Comment","target":["https:\/\/ifamnews.com\/es\/macron-declara-la-guerra-a-la-vida#respond"]}]},{"@type":"WebPage","@id":"https:\/\/ifamnews.com\/es\/macron-declara-la-guerra-a-la-vida","url":"https:\/\/ifamnews.com\/es\/macron-declara-la-guerra-a-la-vida","name":"Macron declara la guerra a la vida - \"iFamNews\".","isPartOf":{"@id":"https:\/\/ifamnews.com\/en\/#website"},"primaryImageOfPage":{"@id":"https:\/\/ifamnews.com\/es\/macron-declara-la-guerra-a-la-vida#primaryimage"},"image":{"@id":"https:\/\/ifamnews.com\/es\/macron-declara-la-guerra-a-la-vida#primaryimage"},"thumbnailUrl":"https:\/\/ifamnews.com\/wp-content\/uploads\/2022\/01\/800px-Sommet_eco_franco-chinois-1934.jpg","datePublished":"2022-05-18T05:00:00+00:00","description":"Presidencia francesa de la Uni\u00f3n Europea: el El\u00edseo quiere codificar el aborto en la Carta de Derechos Fundamentales.","breadcrumb":{"@id":"https:\/\/ifamnews.com\/es\/macron-declara-la-guerra-a-la-vida#breadcrumb"},"inLanguage":"es","potentialAction":[{"@type":"ReadAction","target":["https:\/\/ifamnews.com\/es\/macron-declara-la-guerra-a-la-vida"]}]},{"@type":"ImageObject","inLanguage":"es","@id":"https:\/\/ifamnews.com\/es\/macron-declara-la-guerra-a-la-vida#primaryimage","url":"https:\/\/ifamnews.com\/wp-content\/uploads\/2022\/01\/800px-Sommet_eco_franco-chinois-1934.jpg","contentUrl":"https:\/\/ifamnews.com\/wp-content\/uploads\/2022\/01\/800px-Sommet_eco_franco-chinois-1934.jpg","width":1200,"height":675,"caption":"Imagen de Pablo Tupin-Noriega (Wikimedia Commons)"},{"@type":"BreadcrumbList","@id":"https:\/\/ifamnews.com\/es\/macron-declara-la-guerra-a-la-vida#breadcrumb","itemListElement":[{"@type":"ListItem","position":1,"name":"Home","item":"https:\/\/ifamnews.com\/de"},{"@type":"ListItem","position":2,"name":"Politics","item":"https:\/\/ifamnews.com\/en\/category\/politics"},{"@type":"ListItem","position":3,"name":"Macron declara la guerra a la vida"}]},{"@type":"WebSite","@id":"https:\/\/ifamnews.com\/en\/#website","url":"https:\/\/ifamnews.com\/en\/","name":"IFN","description":"International Family News Network","publisher":{"@id":"https:\/\/ifamnews.com\/en\/#organization"},"potentialAction":[{"@type":"SearchAction","target":{"@type":"EntryPoint","urlTemplate":"https:\/\/ifamnews.com\/en\/?s={search_term_string}"},"query-input":{"@type":"PropertyValueSpecification","valueRequired":true,"valueName":"search_term_string"}}],"inLanguage":"es"},{"@type":"Organization","@id":"https:\/\/ifamnews.com\/en\/#organization","name":"iFamNews","url":"https:\/\/ifamnews.com\/en\/","logo":{"@type":"ImageObject","inLanguage":"es","@id":"https:\/\/ifamnews.com\/en\/#\/schema\/logo\/image\/","url":"https:\/\/ifamnews.com\/wp-content\/uploads\/2020\/01\/Share-logo.png","contentUrl":"https:\/\/ifamnews.com\/wp-content\/uploads\/2020\/01\/Share-logo.png","width":200,"height":200,"caption":"iFamNews"},"image":{"@id":"https:\/\/ifamnews.com\/en\/#\/schema\/logo\/image\/"},"sameAs":["https:\/\/www.facebook.com\/iFamNews","https:\/\/x.com\/iFamNewsEN"]},{"@type":"Person","@id":"https:\/\/ifamnews.com\/en\/#\/schema\/person\/ce4f7fd8e66bf7ecb51fc4e1d97dbcfd","name":"Luca Marcolivio","image":{"@type":"ImageObject","inLanguage":"es","@id":"https:\/\/secure.gravatar.com\/avatar\/4aa297a11beb7510b2301ae9c8bbe9e7eb035156e7c8f0d92c718bc695d102d7?s=96&d=mm&r=g","url":"https:\/\/secure.gravatar.com\/avatar\/4aa297a11beb7510b2301ae9c8bbe9e7eb035156e7c8f0d92c718bc695d102d7?s=96&d=mm&r=g","contentUrl":"https:\/\/secure.gravatar.com\/avatar\/4aa297a11beb7510b2301ae9c8bbe9e7eb035156e7c8f0d92c718bc695d102d7?s=96&d=mm&r=g","caption":"Luca Marcolivio"},"description":"A professional journalist, Luca Marcolivio has been accredited to the Holy See Press Office since 2011. Director of the webmagazine of religious information Cristiani Today, e collaborates with La nuova Bussola Quotidiana, Pro Vita &amp; Famiglia and the blog of the Centro Machiavelli. From 2011 to 2017 he was Editor-in-Chief of the Italian edition of Zenit. He is the author of Contro Garibaldi. Quello che a scuola non vi hanno raccontato and the editor of La societ\u00e0 dell\u2019allegria. Don Bosco raccontato dai salesiani del XXI Secolo","sameAs":["https:\/\/x.com\/https:\/\/twitter.com\/luketto2"],"url":"https:\/\/ifamnews.com\/es\/author\/luca-marcolivio"}]}},"amp_enabled":true,"_links":{"self":[{"href":"https:\/\/ifamnews.com\/es\/wp-json\/wp\/v2\/posts\/116491","targetHints":{"allow":["GET"]}}],"collection":[{"href":"https:\/\/ifamnews.com\/es\/wp-json\/wp\/v2\/posts"}],"about":[{"href":"https:\/\/ifamnews.com\/es\/wp-json\/wp\/v2\/types\/post"}],"author":[{"embeddable":true,"href":"https:\/\/ifamnews.com\/es\/wp-json\/wp\/v2\/users\/545"}],"replies":[{"embeddable":true,"href":"https:\/\/ifamnews.com\/es\/wp-json\/wp\/v2\/comments?post=116491"}],"version-history":[{"count":4,"href":"https:\/\/ifamnews.com\/es\/wp-json\/wp\/v2\/posts\/116491\/revisions"}],"predecessor-version":[{"id":139490,"href":"https:\/\/ifamnews.com\/es\/wp-json\/wp\/v2\/posts\/116491\/revisions\/139490"}],"wp:featuredmedia":[{"embeddable":true,"href":"https:\/\/ifamnews.com\/es\/wp-json\/wp\/v2\/media\/116413"}],"wp:attachment":[{"href":"https:\/\/ifamnews.com\/es\/wp-json\/wp\/v2\/media?parent=116491"}],"wp:term":[{"taxonomy":"category","embeddable":true,"href":"https:\/\/ifamnews.com\/es\/wp-json\/wp\/v2\/categories?post=116491"},{"taxonomy":"post_tag","embeddable":true,"href":"https:\/\/ifamnews.com\/es\/wp-json\/wp\/v2\/tags?post=116491"}],"curies":[{"name":"wp","href":"https:\/\/api.w.org\/{rel}","templated":true}]}}