{"id":116379,"date":"2022-05-23T01:00:00","date_gmt":"2022-05-23T05:00:00","guid":{"rendered":"https:\/\/ifamnews.com\/?p=116379"},"modified":"2022-04-20T07:36:57","modified_gmt":"2022-04-20T11:36:57","slug":"charlie-gard-una-ley-para-hacerle-justicia","status":"publish","type":"post","link":"https:\/\/ifamnews.com\/es\/charlie-gard-una-ley-para-hacerle-justicia","title":{"rendered":"Charlie Gard: una ley para hacerle justicia"},"content":{"rendered":"\n<p>El peque\u00f1o Charlie Gard (2016-2017) no muri\u00f3 en vano. El Parlamento brit\u00e1nico est\u00e1 trabajando en un proyecto de ley para permitir que los ni\u00f1os gravemente enfermos sean tratados en el extranjero en virtud de la \u00abLey Charlie\u00bb, una enmienda a la Ley de Asistencia Social.<\/p>\n\n\n\n<p>Las propuestas de la C\u00e1mara de los Lores deber\u00edan facilitar la intervenci\u00f3n de los padres en las decisiones de los m\u00e9dicos que tratan a sus hijos. Las medidas incluyen un nuevo sistema de mediaci\u00f3n, el derecho a m\u00e1s asesoramiento m\u00e9dico y la asistencia jur\u00eddica, en caso de que el resultado sea una costosa batalla judicial.<\/p>\n\n\n\n<p>Es significativo que la enmienda tiende a limitar el poder de los jueces para emitir \u00f3rdenes que impidan a los padres llevar a sus hijos al extranjero cuando no exista un riesgo significativo para la salud de los ni\u00f1os.<\/p>\n\n\n\n<p>Si se aprueba la enmienda, ser\u00e1 una gran venganza para los padres del peque\u00f1o Charlie, que muri\u00f3 en Londres con un a\u00f1o de edad en el verano de 2017, despu\u00e9s de que el Tribunal Superior brit\u00e1nico rechazara la posibilidad de llevarlo a Estados Unidos de Am\u00e9rica para someterlo a un tratamiento experimental.<\/p>\n\n\n\n<p class=\"has-medium-font-size\"><strong>Un dolor que no se puede olvidar<\/strong><\/p>\n\n\n\n<p>Como era de esperar, el debate sobre la enmienda fue bien acogido por Chris Gard y Connie Yates, los padres. \u00abNing\u00fan padre deber\u00eda tener que lidiar con el dolor inimaginable de perder a su hijo, y mucho menos con el agotamiento de librar p\u00fablicamente una batalla legal\u00bb, dijo la madre al <em>\n  <a href=\"https:\/\/catholicherald.co.uk\/charlies-law-bid-to-let-parents-seek-care-overseas-for-gravely-ill-children\/\" target=\"_blank\" rel=\"noreferrer noopener\">El Heraldo Cat\u00f3lico<\/a>\n<\/em>.<\/p>\n\n\n\n<p>El estr\u00e9s emocional era demasiado\u00bb, a\u00f1adi\u00f3 Connie Yates, \u00abera insoportable\u00bb. Es fundamental que los padres dispongan de medios para resolver los conflictos con los m\u00e9dicos responsables de la atenci\u00f3n de sus hijos.<\/p>\n\n\n\n<p>\u00abNo queremos que ning\u00fan otro padre tenga que volver a verse envuelto en traum\u00e1ticas disputas legales con los hospitales, cuando deber\u00eda estar dedicando su tiempo a su hijo, ni queremos que los m\u00e9dicos se enfrenten a litigios emocionalmente estresantes y costosos para el NHS, los padres y el gobierno\u00bb, concluy\u00f3 Connie.<\/p>\n\n\n\n<p class=\"has-medium-font-size\"><strong>Evitar los litigios innecesarios<\/strong><\/p>\n\n\n\n<p>La enmienda est\u00e1 firmada por la baronesa Finlay de Llandaff, profesora de medicina paliativa, y se espera que se incluya en el <a href=\"https:\/\/bills.parliament.uk\/bills\/3022\" target=\"_blank\" rel=\"noreferrer noopener\">proyecto de ley para reestructurar el NHS del Reino Unido<\/a>. La baronesa Finlay conf\u00eda en que su enmienda se apruebe, ya que considera que tanto las familias como el sistema sanitario se ver\u00e1n beneficiados.<\/p>\n\n\n\n<p>\u00abNo puede haber mayor pesadilla para un padre\u00bb que encontrarse en la situaci\u00f3n de los se\u00f1ores Gard, dijo el representante de la C\u00e1mara de los Lores. Entrar en conflicto con los m\u00e9dicos tratantes, sobre todo cuando la vida de un ni\u00f1o tan peque\u00f1o est\u00e1 en peligro, acaba por agotar la \u00abenerg\u00eda\u00bb de los padres y destruye su confianza en el equipo m\u00e9dico.<\/p>\n\n\n\n<p>\u00abEn el mundo actual\u00bb, continu\u00f3 Finlay, \u00absabemos que nuestros servicios cl\u00ednicos ya est\u00e1n desbordados, incluso en ausencia de casos legales complejos. Por lo tanto, una demanda puede resultar incre\u00edblemente costosa para el sistema sanitario, as\u00ed como para la familia.\u00bb<\/p>\n\n\n\n<p>La enmienda de Finlay propone \u00abuna mediaci\u00f3n independiente, aceptable para ambas partes y ofrecida con prontitud cuando surjan los conflictos\u00bb. Aunque la enmienda no estipula que los padres puedan solicitar una intervenci\u00f3n si los m\u00e9dicos la consideran innecesaria, la baronesa Finlay se\u00f1al\u00f3 que \u00abalgunas terapias resultan no ser beneficiosas, incluso cuando se administran con la mejor de las intenciones, por lo que es importante que no haya pruebas de da\u00f1os significativos\u00bb.<\/p>\n\n\n\n<p>Por ello, la soluci\u00f3n presentada en la C\u00e1mara de los Lores pretende evitar en lo posible las batallas judiciales. \u00abAl fin y al cabo\u00bb, explic\u00f3 Finlay, \u00ablos padres quieren saber que han intentado todo lo posible y que no se ha descuidado nada: llevan consigo el recuerdo de la enfermedad de su hijo para el resto de sus vidas, un recuerdo que se contamina f\u00e1cilmente con los conflictos legales\u00bb.<\/p>\n","protected":false},"excerpt":{"rendered":"<p>En la C\u00e1mara de los Lores una enmienda que habr\u00eda salvado la vida del peque\u00f1o<\/p>\n","protected":false},"author":545,"featured_media":116155,"comment_status":"open","ping_status":"open","sticky":false,"template":"","format":"standard","meta":{"give_campaign_id":0,"om_disable_all_campaigns":false,"_monsterinsights_skip_tracking":false,"_monsterinsights_sitenote_active":false,"_monsterinsights_sitenote_note":"","_monsterinsights_sitenote_category":0,"mc4wp_mailchimp_campaign":[],"jnews-multi-image_gallery":[],"jnews_single_post":{"subtitle":"El Parlamento brit\u00e1nico est\u00e1 trabajando en un proyecto de ley para permitir que los ni\u00f1os gravemente enfermos sean tratados en el extranjero.","format":"standard","video":"","gallery":"","source_name":"","source_url":"","via_name":"","via_url":"","override":[{"template":"1","single_blog_custom":"","parallax":"1","fullscreen":"1","layout":"right-sidebar","sidebar":"default-sidebar","second_sidebar":"default-sidebar","sticky_sidebar":"1","share_position":"top","share_float_style":"share-monocrhome","show_share_counter":"1","show_view_counter":"1","show_featured":"1","show_post_meta":"1","show_post_author":"1","show_post_author_image":"1","show_post_date":"1","post_date_format":"default","post_date_format_custom":"Y\/m\/d","show_post_category":"1","post_reading_time_wpm":"300","zoom_button_out_step":"2","zoom_button_in_step":"3","show_post_tag":"1","show_prev_next_post":"1","show_popup_post":"1","number_popup_post":"1"}],"image_override":[{"single_post_thumbnail_size":"crop-500","single_post_gallery_size":"crop-500"}],"trending_post_position":"meta","trending_post_label":"Trending","sponsored_post_label":"Sponsored by","sponsored_post_name":"","sponsored_post_url":"","sponsored_post_logo":"","sponsored_post_desc":""},"jnews_primary_category":{"id":"818"},"jnews_social_meta":{"fb_title":"","fb_description":"","fb_image":"","twitter_title":"","twitter_description":"","twitter_image":""},"jnews_override_counter":{"view_counter_number":"0","share_counter_number":"0","like_counter_number":"0","dislike_counter_number":"0"},"footnotes":""},"categories":[810,815,818],"tags":[7101,14921,18323],"class_list":["post-116379","post","type-post","status-publish","format-standard","has-post-thumbnail","hentry","category-foreground-es","category-breaking-news-es","category-vida","tag-eutanasia-es","tag-gran-bretana","tag-ley-charlie"],"yoast_head":"<!-- This site is optimized with the Yoast SEO Premium plugin v25.9 (Yoast SEO v27.3) - https:\/\/yoast.com\/product\/yoast-seo-premium-wordpress\/ -->\n<title>Charlie Gard: una ley para hacerle justicia - &quot;iFamNews&quot;.<\/title>\n<meta name=\"description\" content=\"Se ha presentado una enmienda en la C\u00e1mara de los Lores que permitir\u00eda tratar a los ni\u00f1os gravemente enfermos en el extranjero.\" \/>\n<meta name=\"robots\" content=\"index, follow, max-snippet:-1, max-image-preview:large, max-video-preview:-1\" \/>\n<link rel=\"canonical\" href=\"https:\/\/ifamnews.com\/es\/charlie-gard-una-ley-para-hacerle-justicia\" \/>\n<meta property=\"og:locale\" content=\"es_ES\" \/>\n<meta property=\"og:type\" content=\"article\" \/>\n<meta property=\"og:title\" content=\"Charlie Gard: una ley para hacerle justicia\" \/>\n<meta property=\"og:description\" content=\"Se ha presentado una enmienda en la C\u00e1mara de los Lores que permitir\u00eda tratar a los ni\u00f1os gravemente enfermos en el extranjero.\" \/>\n<meta property=\"og:url\" content=\"https:\/\/ifamnews.com\/es\/charlie-gard-una-ley-para-hacerle-justicia\" \/>\n<meta property=\"og:site_name\" content=\"IFN\" \/>\n<meta property=\"article:publisher\" content=\"https:\/\/www.facebook.com\/iFamNews\" \/>\n<meta property=\"article:published_time\" content=\"2022-05-23T05:00:00+00:00\" \/>\n<meta property=\"og:image\" content=\"https:\/\/ifamnews.com\/wp-content\/uploads\/2022\/01\/245937504_4466441060068894_595165305824018755_n.jpg\" \/>\n\t<meta property=\"og:image:width\" content=\"1200\" \/>\n\t<meta property=\"og:image:height\" content=\"674\" \/>\n\t<meta property=\"og:image:type\" content=\"image\/jpeg\" \/>\n<meta name=\"author\" content=\"Luca Marcolivio\" \/>\n<meta name=\"twitter:card\" content=\"summary_large_image\" \/>\n<meta name=\"twitter:creator\" content=\"@https:\/\/twitter.com\/luketto2\" \/>\n<meta name=\"twitter:site\" content=\"@iFamNewsEN\" \/>\n<meta name=\"twitter:label1\" content=\"Escrito por\" \/>\n\t<meta name=\"twitter:data1\" content=\"Luca Marcolivio\" \/>\n\t<meta name=\"twitter:label2\" content=\"Tiempo de lectura\" \/>\n\t<meta name=\"twitter:data2\" content=\"3 minutos\" \/>\n<!-- \/ Yoast SEO Premium plugin. -->","yoast_head_json":{"title":"Charlie Gard: una ley para hacerle justicia - \"iFamNews\".","description":"Se ha presentado una enmienda en la C\u00e1mara de los Lores que permitir\u00eda tratar a los ni\u00f1os gravemente enfermos en el extranjero.","robots":{"index":"index","follow":"follow","max-snippet":"max-snippet:-1","max-image-preview":"max-image-preview:large","max-video-preview":"max-video-preview:-1"},"canonical":"https:\/\/ifamnews.com\/es\/charlie-gard-una-ley-para-hacerle-justicia","og_locale":"es_ES","og_type":"article","og_title":"Charlie Gard: una ley para hacerle justicia","og_description":"Se ha presentado una enmienda en la C\u00e1mara de los Lores que permitir\u00eda tratar a los ni\u00f1os gravemente enfermos en el extranjero.","og_url":"https:\/\/ifamnews.com\/es\/charlie-gard-una-ley-para-hacerle-justicia","og_site_name":"IFN","article_publisher":"https:\/\/www.facebook.com\/iFamNews","article_published_time":"2022-05-23T05:00:00+00:00","og_image":[{"width":1200,"height":674,"url":"https:\/\/ifamnews.com\/wp-content\/uploads\/2022\/01\/245937504_4466441060068894_595165305824018755_n.jpg","type":"image\/jpeg"}],"author":"Luca Marcolivio","twitter_card":"summary_large_image","twitter_creator":"@https:\/\/twitter.com\/luketto2","twitter_site":"@iFamNewsEN","twitter_misc":{"Escrito por":"Luca Marcolivio","Tiempo de lectura":"3 minutos"},"schema":{"@context":"https:\/\/schema.org","@graph":[{"@type":"NewsArticle","@id":"https:\/\/ifamnews.com\/es\/charlie-gard-una-ley-para-hacerle-justicia#article","isPartOf":{"@id":"https:\/\/ifamnews.com\/es\/charlie-gard-una-ley-para-hacerle-justicia"},"author":{"name":"Luca Marcolivio","@id":"https:\/\/ifamnews.com\/en\/#\/schema\/person\/ce4f7fd8e66bf7ecb51fc4e1d97dbcfd"},"headline":"Charlie Gard: una ley para hacerle justicia","datePublished":"2022-05-23T05:00:00+00:00","mainEntityOfPage":{"@id":"https:\/\/ifamnews.com\/es\/charlie-gard-una-ley-para-hacerle-justicia"},"wordCount":692,"commentCount":0,"publisher":{"@id":"https:\/\/ifamnews.com\/en\/#organization"},"image":{"@id":"https:\/\/ifamnews.com\/es\/charlie-gard-una-ley-para-hacerle-justicia#primaryimage"},"thumbnailUrl":"https:\/\/ifamnews.com\/wp-content\/uploads\/2022\/01\/245937504_4466441060068894_595165305824018755_n.jpg","keywords":["Eutanasia","Gran Breta\u00f1a","Ley Charlie"],"articleSection":["Foreground","\u00daLTIMAS NOTICIAS","Vida"],"inLanguage":"es","potentialAction":[{"@type":"CommentAction","name":"Comment","target":["https:\/\/ifamnews.com\/es\/charlie-gard-una-ley-para-hacerle-justicia#respond"]}]},{"@type":"WebPage","@id":"https:\/\/ifamnews.com\/es\/charlie-gard-una-ley-para-hacerle-justicia","url":"https:\/\/ifamnews.com\/es\/charlie-gard-una-ley-para-hacerle-justicia","name":"Charlie Gard: una ley para hacerle justicia - \"iFamNews\".","isPartOf":{"@id":"https:\/\/ifamnews.com\/en\/#website"},"primaryImageOfPage":{"@id":"https:\/\/ifamnews.com\/es\/charlie-gard-una-ley-para-hacerle-justicia#primaryimage"},"image":{"@id":"https:\/\/ifamnews.com\/es\/charlie-gard-una-ley-para-hacerle-justicia#primaryimage"},"thumbnailUrl":"https:\/\/ifamnews.com\/wp-content\/uploads\/2022\/01\/245937504_4466441060068894_595165305824018755_n.jpg","datePublished":"2022-05-23T05:00:00+00:00","description":"Se ha presentado una enmienda en la C\u00e1mara de los Lores que permitir\u00eda tratar a los ni\u00f1os gravemente enfermos en el extranjero.","breadcrumb":{"@id":"https:\/\/ifamnews.com\/es\/charlie-gard-una-ley-para-hacerle-justicia#breadcrumb"},"inLanguage":"es","potentialAction":[{"@type":"ReadAction","target":["https:\/\/ifamnews.com\/es\/charlie-gard-una-ley-para-hacerle-justicia"]}]},{"@type":"ImageObject","inLanguage":"es","@id":"https:\/\/ifamnews.com\/es\/charlie-gard-una-ley-para-hacerle-justicia#primaryimage","url":"https:\/\/ifamnews.com\/wp-content\/uploads\/2022\/01\/245937504_4466441060068894_595165305824018755_n.jpg","contentUrl":"https:\/\/ifamnews.com\/wp-content\/uploads\/2022\/01\/245937504_4466441060068894_595165305824018755_n.jpg","width":1200,"height":674,"caption":"Imagen de la Fundaci\u00f3n Charlie Gard (Facebook)"},{"@type":"BreadcrumbList","@id":"https:\/\/ifamnews.com\/es\/charlie-gard-una-ley-para-hacerle-justicia#breadcrumb","itemListElement":[{"@type":"ListItem","position":1,"name":"Home","item":"https:\/\/ifamnews.com\/de"},{"@type":"ListItem","position":2,"name":"Life","item":"https:\/\/ifamnews.com\/en\/category\/life"},{"@type":"ListItem","position":3,"name":"Charlie Gard: una ley para hacerle justicia"}]},{"@type":"WebSite","@id":"https:\/\/ifamnews.com\/en\/#website","url":"https:\/\/ifamnews.com\/en\/","name":"IFN","description":"International Family News Network","publisher":{"@id":"https:\/\/ifamnews.com\/en\/#organization"},"potentialAction":[{"@type":"SearchAction","target":{"@type":"EntryPoint","urlTemplate":"https:\/\/ifamnews.com\/en\/?s={search_term_string}"},"query-input":{"@type":"PropertyValueSpecification","valueRequired":true,"valueName":"search_term_string"}}],"inLanguage":"es"},{"@type":"Organization","@id":"https:\/\/ifamnews.com\/en\/#organization","name":"iFamNews","url":"https:\/\/ifamnews.com\/en\/","logo":{"@type":"ImageObject","inLanguage":"es","@id":"https:\/\/ifamnews.com\/en\/#\/schema\/logo\/image\/","url":"https:\/\/ifamnews.com\/wp-content\/uploads\/2020\/01\/Share-logo.png","contentUrl":"https:\/\/ifamnews.com\/wp-content\/uploads\/2020\/01\/Share-logo.png","width":200,"height":200,"caption":"iFamNews"},"image":{"@id":"https:\/\/ifamnews.com\/en\/#\/schema\/logo\/image\/"},"sameAs":["https:\/\/www.facebook.com\/iFamNews","https:\/\/x.com\/iFamNewsEN"]},{"@type":"Person","@id":"https:\/\/ifamnews.com\/en\/#\/schema\/person\/ce4f7fd8e66bf7ecb51fc4e1d97dbcfd","name":"Luca Marcolivio","image":{"@type":"ImageObject","inLanguage":"es","@id":"https:\/\/secure.gravatar.com\/avatar\/4aa297a11beb7510b2301ae9c8bbe9e7eb035156e7c8f0d92c718bc695d102d7?s=96&d=mm&r=g","url":"https:\/\/secure.gravatar.com\/avatar\/4aa297a11beb7510b2301ae9c8bbe9e7eb035156e7c8f0d92c718bc695d102d7?s=96&d=mm&r=g","contentUrl":"https:\/\/secure.gravatar.com\/avatar\/4aa297a11beb7510b2301ae9c8bbe9e7eb035156e7c8f0d92c718bc695d102d7?s=96&d=mm&r=g","caption":"Luca Marcolivio"},"description":"A professional journalist, Luca Marcolivio has been accredited to the Holy See Press Office since 2011. Director of the webmagazine of religious information Cristiani Today, e collaborates with La nuova Bussola Quotidiana, Pro Vita &amp; Famiglia and the blog of the Centro Machiavelli. From 2011 to 2017 he was Editor-in-Chief of the Italian edition of Zenit. He is the author of Contro Garibaldi. Quello che a scuola non vi hanno raccontato and the editor of La societ\u00e0 dell\u2019allegria. Don Bosco raccontato dai salesiani del XXI Secolo","sameAs":["https:\/\/x.com\/https:\/\/twitter.com\/luketto2"],"url":"https:\/\/ifamnews.com\/es\/author\/luca-marcolivio"}]}},"amp_enabled":true,"_links":{"self":[{"href":"https:\/\/ifamnews.com\/es\/wp-json\/wp\/v2\/posts\/116379","targetHints":{"allow":["GET"]}}],"collection":[{"href":"https:\/\/ifamnews.com\/es\/wp-json\/wp\/v2\/posts"}],"about":[{"href":"https:\/\/ifamnews.com\/es\/wp-json\/wp\/v2\/types\/post"}],"author":[{"embeddable":true,"href":"https:\/\/ifamnews.com\/es\/wp-json\/wp\/v2\/users\/545"}],"replies":[{"embeddable":true,"href":"https:\/\/ifamnews.com\/es\/wp-json\/wp\/v2\/comments?post=116379"}],"version-history":[{"count":2,"href":"https:\/\/ifamnews.com\/es\/wp-json\/wp\/v2\/posts\/116379\/revisions"}],"predecessor-version":[{"id":138743,"href":"https:\/\/ifamnews.com\/es\/wp-json\/wp\/v2\/posts\/116379\/revisions\/138743"}],"wp:featuredmedia":[{"embeddable":true,"href":"https:\/\/ifamnews.com\/es\/wp-json\/wp\/v2\/media\/116155"}],"wp:attachment":[{"href":"https:\/\/ifamnews.com\/es\/wp-json\/wp\/v2\/media?parent=116379"}],"wp:term":[{"taxonomy":"category","embeddable":true,"href":"https:\/\/ifamnews.com\/es\/wp-json\/wp\/v2\/categories?post=116379"},{"taxonomy":"post_tag","embeddable":true,"href":"https:\/\/ifamnews.com\/es\/wp-json\/wp\/v2\/tags?post=116379"}],"curies":[{"name":"wp","href":"https:\/\/api.w.org\/{rel}","templated":true}]}}