{"id":112305,"date":"2022-01-12T01:00:00","date_gmt":"2022-01-12T06:00:00","guid":{"rendered":"https:\/\/ifamnews.com\/?p=112305"},"modified":"2022-01-05T04:36:24","modified_gmt":"2022-01-05T09:36:24","slug":"el-coronavirus-de-salem-2-de-3","status":"publish","type":"post","link":"https:\/\/ifamnews.com\/es\/el-coronavirus-de-salem-2-de-3","title":{"rendered":"El Coronavirus de Salem (2 de 3)"},"content":{"rendered":"\n<p>Parte 1: <a href=\"https:\/\/ifamnews.com\/es?p=112295\" target=\"_blank\" rel=\"noreferrer noopener\">https:\/\/ifamnews.com\/es?p=112295<\/a><\/p>\n\n\n\n<hr class=\"wp-block-separator\"\/>\n\n\n\n<p><strong>ALGUNAS HIP\u00d3TESIS A PARTIR DEL PLANTEAMIENTO INICIAL<\/strong><\/p>\n\n\n\n<p>Se reitera que lo que sigue son simples reflexiones hipot\u00e9ticas tomadas a partir de la conclusi\u00f3n se\u00f1alada, siendo nuestra principal herramienta en este cometido el sentido com\u00fan.<\/p>\n\n\n\n<p>1. Una primera hip\u00f3tesis es que si estamos ante un enemigo inexistente, cuya \u201crealidad\u201d depende s\u00f3lo de lo que \u201cdicen\u201d de manera monocorde y monop\u00f3lica determinadas entidades, nos encontramos completamente indefensos ante el mismo.<\/p>\n\n\n\n<p>En efecto, como se trata de una quimera, nadie puede comprobar su existencia y por lo mismo, estudiarla para determinar qu\u00e9 efectos produce (recu\u00e9rdese que todas las voces disidentes han sido silenciadas, por lo que casi no se toman en cuenta en este an\u00e1lisis). S\u00f3lo nos queda creer lo que nos dicen. Y esto tiene varias consecuencias notables que resultan del m\u00e1ximo inter\u00e9s.<\/p>\n\n\n\n<p>As\u00ed por ejemplo, la detecci\u00f3n de esta enfermedad resulta todo un misterio: tenemos que creer lo que nos dicen los due\u00f1os de la verdad. De esta manera, si el \u00fanico modo de comprobar este mal son los test PCR, pero el virus no existe en realidad, ello explicar\u00eda por qu\u00e9 tantas y tantas personas han sido diagnosticadas con el mismo, siendo una inc\u00f3gnita para ellas c\u00f3mo lo adquirieron. M\u00e1s a\u00fan, tambi\u00e9n aclarar\u00eda el sorprendente hecho de que a pesar de encontrarnos ante un virus sumamente contagioso, haya familias, personas que conviven, o eventos de gran aglomeraci\u00f3n, en que pese al contacto estrecho evidente que generan estas situaciones, no todos se encuentren contagiados.<\/p>\n\n\n\n<p>Debe recordarse que seg\u00fan la versi\u00f3n oficial, el Covid puede ser detectado tanto en personas que presentan una multitud de s\u00edntomas \u2013tal vez m\u00e1s que en cualquier otra enfermedad, dicho sea de paso\u2013, como en aquellas que no muestran evidencias de este mal (sobre las cuales se volver\u00e1 dentro de poco). Lo que interesa resaltar aqu\u00ed es que aun cuando se presenten estos s\u00edntomas, la duda radica en si ellos son provocados por el virus Sars-Cov-2, y tambi\u00e9n si en varios casos, dichos s\u00edntomas obedecen a otras enfermedades diferentes al Covid, como la gripe com\u00fan, por ejemplo, dolencia que en algunos pa\u00edses, curiosamente, casi ha desaparecido. De alguna manera, actualmente todo es Covid.<\/p>\n\n\n\n<p>Por lo mismo, si se ha monopolizado la forma de \u201cdiagnosticar\u201d este mal y no se permiten otros modos de detectarlo, quien controla este instrumento puede alterar los resultados a voluntad. En realidad, es cosa de hacer m\u00e1s ex\u00e1menes en un d\u00eda cualquiera para obtener supuestamente m\u00e1s diagnosticados y se\u00f1alar campantemente que el n\u00famero de contagios ha subido. Sin embargo, raramente se menciona la cantidad total de test PCR que se han llevado a cabo en esa jornada, indicando solo los supuestos n\u00fameros brutos finales, no la proporci\u00f3n resultante de acuerdo al volumen de casos analizados. De esta manera, resulta evidente que si un d\u00eda se hacen diez mil ex\u00e1menes y al siguiente treinta mil, el n\u00famero total bruto ser\u00e1 mayor en la \u00faltima jornada, aunque proporcionalmente podr\u00eda ser menor.<\/p>\n\n\n\n<p>Finalmente, un dato que tambi\u00e9n debe ser tenido siempre en cuenta radica en que es muy diferente morir \u201cde\u201d Covid que morir \u201ccon\u201d Covid. Ello, pues en el primer caso ser\u00eda esta enfermedad la responsable del deceso; en cambio en el segundo, lo anterior ocurrir\u00eda por otro motivo, no siendo este mal el responsable, o al menos en mayor medida. Sin embargo, estad\u00edsticamente ambos casos se toman de manera conjunta sin distinguir entre ellos. De esta manera, si al margen de su gravedad y urgencia a cada ingreso que se hace a los centros de salud se le hace antes que cualquier otra cosa un PCR para ver si padece este mal, resulta l\u00f3gico que si la dolencia por la cual requiere de atenci\u00f3n termina siendo fatal, ella abulte las estad\u00edsticas atribuidas a esta enfermedad.<\/p>\n\n\n\n<p>2. En segundo lugar, otro aspecto de sumo inter\u00e9s \u2013y que causa una profunda perplejidad, haciendo m\u00e1s veros\u00edmil la teor\u00eda del enga\u00f1o\u2013, es el caso de los as\u00ed llamados \u201casintom\u00e1ticos\u201d.<\/p>\n\n\n\n<p>En efecto, puesto que nuevamente de acuerdo con la versi\u00f3n oficial la \u00fanica manera de verificar que se tiene una enfermedad cuyas secuelas no se est\u00e1n padeciendo ni se padecer\u00e1n en absoluto es el test PCR, esto a\u00f1ade un nuevo motivo de duda respecto de su fiabilidad. Pero adem\u00e1s, muestra lo manipulable que es la poblaci\u00f3n al estar sumida en el terror y el p\u00e1nico \u2013al creer a pies juntillas en esta posibilidad\u2013, fruto del bombardeo informativo de todos los d\u00edas.<\/p>\n\n\n\n<p>En realidad, si se piensa bien, la situaci\u00f3n no puede resultar m\u00e1s insostenible, pues m\u00e1s tarde o m\u00e1s temprano la enfermedad debiera manifestarse de alguna manera. En caso contrario, sencillamente la enfermedad no existe. Sin embargo, ello no ocurre en este caso, lo que hace que el afectado tenga que creer que est\u00e1 \u201ccontagiado\u201d, lo que lo convierte en una especie de \u201cenfermo imaginario\u201d.<\/p>\n\n\n\n<p>Con todo, resulta absurdo que para darse cuenta de que uno padece una enfermedad que no produce ni producir\u00e1 s\u00edntomas, haya que ser informado de ello. Pero adem\u00e1s, el absurdo se incrementa, al sostenerse que pese a lo dicho, este \u201cenfermo\u201d puede contagiar a otros e incluso producirles la muerte. Lo anterior, pues a\u00fan en el supuesto caso de estar efectivamente contagiado, lo ser\u00eda en virtud de una cepa inofensiva, lo que no explica c\u00f3mo esa misma cepa podr\u00eda producir la muerte de otro al ser infectado por ella; o al rev\u00e9s, que un asintom\u00e1tico haya adquirido la enfermedad por contagio de alguien que ha muerto, por ejemplo. No existe as\u00ed ninguna relaci\u00f3n entre causa y efecto.<\/p>\n\n\n\n<p>3. Lo mismo ocurre, en tercer lugar, con las llamadas \u201cvariantes\u201d: si estamos ante un enemigo invisible en el que debemos creer, quien nos advierte de su existencia puede multiplicarlo y darle las formas que quiera, y siempre habr\u00e1 que continuar confiando en su palabra. Con todo, no deja de ser curioso que ante la presencia de cada vez m\u00e1s \u201cvariantes\u201d \u2013todas surgidas luego de la instauraci\u00f3n de la vacuna, dicho sea de paso\u2013, se proponga siempre la misma soluci\u00f3n hecha en teor\u00eda para combatir al adversario original, pues si se trata de \u201cmutaciones\u201d, resulta evidente que las nuevas caracter\u00edsticas del enemigo de turno no pueden ser vencidas con el arma tradicional confeccionada para neutralizarlo.<\/p>\n\n\n\n<p>Sin embargo, tal vez el efecto m\u00e1s nocivo de ir a\u00f1adiendo m\u00e1s y m\u00e1s variantes a esta creencia (como ocurre ahora con la \u00d3micron, pese a ser sus s\u00edntomas muy similares a los de un resfr\u00edo com\u00fan), es que con ello se consigue mantener a la poblaci\u00f3n en p\u00e1nico y en alerta de manera permanente, al decaer este estado de \u00e1nimo en relaci\u00f3n a la informaci\u00f3n anteriormente suministrada, que de esta forma queda relegada por la nueva, y as\u00ed indefinidamente.<\/p>\n\n\n\n<p>4. Una cuarta nueva hip\u00f3tesis es que como estamos ante un enemigo invisible que en realidad no existe, la forma de combatirlo s\u00f3lo la puede suministrar el que lo \u201cve\u201d y nos alerta sobre su peligrosa presencia. De esta manera, otra vez coinciden en el mismo ente la calidad de juez y de parte (o si se prefiere, cronol\u00f3gicamente de parte y de juez), pues es el \u00fanico habilitado para saber c\u00f3mo enfrentar al supuesto enemigo del cual \u00e9l es el solitario visualizador.<\/p>\n\n\n\n<p>Esto explica que las propias entidades que han insistido en la existencia del mal (organismos internacionales, personal sanitario, gobiernos y medios de comunicaci\u00f3n), sean los principales promotores de la \u201csoluci\u00f3n\u201d del problema que ellos mismos han creado, al punto que se censuran sin piedad cualesquiera otras posibles formas de combatirlo y se impone, incluso de manera coactiva, el \u00fanico remedio posible, autorizado y sacralizado por ellos: la vacuna, pese a su reconocido car\u00e1cter experimental.<\/p>\n\n\n\n<p>La anterior situaci\u00f3n no puede ser m\u00e1s contradictoria y an\u00f3mala, pues si realmente estamos \u2013como se nos insiste a diario\u2013 ante una situaci\u00f3n casi apocal\u00edptica, debieran ser muy bienvenidas todas y cada una de las propuestas y soluciones para combatirla, si de verdad se busca proteger a las personas. Sin embargo, se nos exige casi coactivamente tener que creer y obedecer ante esta \u00fanica soluci\u00f3n legitimada desde casi el inicio de esta supuesta \u201cpandemia\u201d.<\/p>\n\n\n\n<p>Dejaremos al margen todo el debate que se ha producido por el car\u00e1cter experimental de estas inoculaciones, su administraci\u00f3n supuestamente \u201cvoluntaria\u201d, la exclusi\u00f3n de responsabilidad de todos los involucrados salvo de los que se han visto empujados a inocularse, y las groseras e inadmisibles restricciones de las libertades que ha generado. S\u00ed utilizaremos para nuestras reflexiones algunos de los efectos secundarios que est\u00e1n comenzando a verse (por los medios oficiales, dicho sea de paso) y la efectividad de esta pretendida soluci\u00f3n.<\/p>\n\n\n\n<p>5. En quinto lugar, es este mismo monopolio de la informaci\u00f3n lo que torna confusos y contradictorios los mensajes respecto de la efectividad de las vacunas, no existiendo manera de corroborar si ella es o no ver\u00eddica, raz\u00f3n por la cual nuevamente hay que hacer un acto de fe en cuanto a lo que se nos dice.<\/p>\n\n\n\n<p>Como se sabe, la versi\u00f3n m\u00e1s extendida es aquella que se\u00f1ala que la vacuna no protege del contagio, ni impide contagiar, sino s\u00f3lo atenuar\u00eda los s\u00edntomas, haciendo menos probable enfermarse de manera grave, ser internado en cuidados intensivos, o morir a causa del Covid. Lo cual resulta bastante contradictorio con el verdadero prop\u00f3sito de una vacuna.<\/p>\n\n\n\n<p>De hecho, si se vuelve a la premisa que motiva estas reflexiones (que el virus no existe), en realidad no hay manera de saber si estos efectos son producidos por el supuesto mal que se dice estar combatiendo, o por el arma que en teor\u00eda nos protege del mismo. Lo anterior es particularmente llamativo si se toman en cuenta el aumento de casos de Covid que se anuncia en varios pa\u00edses, pues aunque de acuerdo a la versi\u00f3n oficial se trata de no vacunados (sobre los cuales volveremos pronto), de tanto en tanto se reconoce por los medios oficiales que la mayor\u00eda de los ingresados a unidades de tratamientos intensivos y fallecidos son personas vacunadas, incluso con su pauta completa.<\/p>\n\n\n\n<p>6. Con todo, en sexto lugar, un hecho que no puede ser pasado por alto en atenci\u00f3n a su gravedad, es la vacunaci\u00f3n de ni\u00f1os y j\u00f3venes, lo que nuevamente muestra hasta d\u00f3nde puede llegar la histeria colectiva.<\/p>\n\n\n\n<p>Nunca se insistir\u00e1 lo suficiente en cuanto a que esta situaci\u00f3n constituye una aut\u00e9ntica monstruosidad, tanto por estar ante un producto experimental, como por el baj\u00edsimo y casi nulo riesgo que representa el Covid para este segmento de la poblaci\u00f3n. Todo esto adem\u00e1s, pese a que much\u00edsimos especialistas han advertido hasta la saciedad lo que venimos diciendo. Pero parece que una vez m\u00e1s la aut\u00e9ntica paranoia que estamos viviendo impide llevar a cabo los razonamientos m\u00e1s elementales.<\/p>\n\n\n\n<p>En realidad, si se reconoce que la vacunaci\u00f3n no impide el contagio, el principal argumento esgrimido para autorizar (o mejor, forzar) esta situaci\u00f3n, consistente en que se busca proteger a la poblaci\u00f3n mayor, se cae a pedazos. Incluso, y desde una perspectiva m\u00e1s altruista, viendo los nocivos y graves efectos producidos en j\u00f3venes que de tanto en tanto son informados por los medios oficiales (y que veremos pronto), \u00bfqu\u00e9 sociedad en su sano juicio sacrifica su futuro, a sus j\u00f3venes, para proteger a sus adultos mayores?<\/p>\n","protected":false},"excerpt":{"rendered":"<p>Lo que sigue son simples reflexiones hipot\u00e9ticas, siendo nuestra principal herramienta en este cometido el sentido com\u00fan.<\/p>\n","protected":false},"author":941,"featured_media":112306,"comment_status":"open","ping_status":"open","sticky":false,"template":"","format":"standard","meta":{"give_campaign_id":0,"om_disable_all_campaigns":false,"_monsterinsights_skip_tracking":false,"_monsterinsights_sitenote_active":false,"_monsterinsights_sitenote_note":"","_monsterinsights_sitenote_category":0,"mc4wp_mailchimp_campaign":[],"jnews-multi-image_gallery":[],"jnews_single_post":{"subtitle":"Lo que sigue son simples reflexiones hipot\u00e9ticas, siendo nuestra principal herramienta en este cometido el sentido com\u00fan.","format":"standard","video":"","gallery":"","source_name":"","source_url":"","via_name":"","via_url":"","override":[{"template":"1","single_blog_custom":"","parallax":"1","fullscreen":"1","layout":"right-sidebar","sidebar":"default-sidebar","second_sidebar":"default-sidebar","sticky_sidebar":"1","share_position":"top","share_float_style":"share-monocrhome","show_share_counter":"1","show_view_counter":"1","show_featured":"1","show_post_meta":"1","show_post_author":"1","show_post_author_image":"1","show_post_date":"1","post_date_format":"default","post_date_format_custom":"Y\/m\/d","show_post_category":"1","post_reading_time_wpm":"300","zoom_button_out_step":"2","zoom_button_in_step":"3","show_post_tag":"1","show_prev_next_post":"1","show_popup_post":"1","number_popup_post":"1"}],"image_override":[{"single_post_thumbnail_size":"crop-500","single_post_gallery_size":"crop-500"}],"trending_post_position":"meta","trending_post_label":"Trending","sponsored_post_label":"Sponsored by","sponsored_post_name":"","sponsored_post_url":"","sponsored_post_logo":"","sponsored_post_desc":""},"jnews_primary_category":{"id":""},"jnews_social_meta":{"fb_title":"","fb_description":"","fb_image":"","twitter_title":"","twitter_description":"","twitter_image":""},"jnews_override_counter":{"view_counter_number":"0","share_counter_number":"0","like_counter_number":"0","dislike_counter_number":"0"},"footnotes":""},"categories":[772,810,815],"tags":[],"class_list":["post-112305","post","type-post","status-publish","format-standard","has-post-thumbnail","hentry","category-ciencias","category-foreground-es","category-breaking-news-es"],"yoast_head":"<!-- This site is optimized with the Yoast SEO Premium plugin v25.9 (Yoast SEO v27.3) - https:\/\/yoast.com\/product\/yoast-seo-premium-wordpress\/ -->\n<title>El Coronavirus de Salem (2 de 3) - IFN<\/title>\n<meta name=\"description\" content=\"Lo que sigue son simples reflexiones hipot\u00e9ticas, siendo nuestra principal herramienta en este cometido el sentido com\u00fan.\" \/>\n<meta name=\"robots\" content=\"index, follow, max-snippet:-1, max-image-preview:large, max-video-preview:-1\" \/>\n<link rel=\"canonical\" href=\"https:\/\/ifamnews.com\/es\/el-coronavirus-de-salem-2-de-3\" \/>\n<meta property=\"og:locale\" content=\"es_ES\" \/>\n<meta property=\"og:type\" content=\"article\" \/>\n<meta property=\"og:title\" content=\"El Coronavirus de Salem (2 de 3)\" \/>\n<meta property=\"og:description\" content=\"Lo que sigue son simples reflexiones hipot\u00e9ticas, siendo nuestra principal herramienta en este cometido el sentido com\u00fan.\" \/>\n<meta property=\"og:url\" content=\"https:\/\/ifamnews.com\/es\/el-coronavirus-de-salem-2-de-3\" \/>\n<meta property=\"og:site_name\" content=\"IFN\" \/>\n<meta property=\"article:publisher\" content=\"https:\/\/www.facebook.com\/iFamNews\" \/>\n<meta property=\"article:published_time\" content=\"2022-01-12T06:00:00+00:00\" \/>\n<meta property=\"og:image\" content=\"https:\/\/ifamnews.com\/wp-content\/uploads\/2022\/01\/blackandwhite-flocks-sheep.png\" \/>\n\t<meta property=\"og:image:width\" content=\"1200\" \/>\n\t<meta property=\"og:image:height\" content=\"675\" \/>\n\t<meta property=\"og:image:type\" content=\"image\/png\" \/>\n<meta name=\"author\" content=\"Alfonso Hidalgo\" \/>\n<meta name=\"twitter:card\" content=\"summary_large_image\" \/>\n<meta name=\"twitter:creator\" content=\"@iFamNewsEN\" \/>\n<meta name=\"twitter:site\" content=\"@iFamNewsEN\" \/>\n<meta name=\"twitter:label1\" content=\"Escrito por\" \/>\n\t<meta name=\"twitter:data1\" content=\"Alfonso Hidalgo\" \/>\n\t<meta name=\"twitter:label2\" content=\"Tiempo de lectura\" \/>\n\t<meta name=\"twitter:data2\" content=\"9 minutos\" \/>\n<!-- \/ Yoast SEO Premium plugin. -->","yoast_head_json":{"title":"El Coronavirus de Salem (2 de 3) - IFN","description":"Lo que sigue son simples reflexiones hipot\u00e9ticas, siendo nuestra principal herramienta en este cometido el sentido com\u00fan.","robots":{"index":"index","follow":"follow","max-snippet":"max-snippet:-1","max-image-preview":"max-image-preview:large","max-video-preview":"max-video-preview:-1"},"canonical":"https:\/\/ifamnews.com\/es\/el-coronavirus-de-salem-2-de-3","og_locale":"es_ES","og_type":"article","og_title":"El Coronavirus de Salem (2 de 3)","og_description":"Lo que sigue son simples reflexiones hipot\u00e9ticas, siendo nuestra principal herramienta en este cometido el sentido com\u00fan.","og_url":"https:\/\/ifamnews.com\/es\/el-coronavirus-de-salem-2-de-3","og_site_name":"IFN","article_publisher":"https:\/\/www.facebook.com\/iFamNews","article_published_time":"2022-01-12T06:00:00+00:00","og_image":[{"width":1200,"height":675,"url":"https:\/\/ifamnews.com\/wp-content\/uploads\/2022\/01\/blackandwhite-flocks-sheep.png","type":"image\/png"}],"author":"Alfonso Hidalgo","twitter_card":"summary_large_image","twitter_creator":"@iFamNewsEN","twitter_site":"@iFamNewsEN","twitter_misc":{"Escrito por":"Alfonso Hidalgo","Tiempo de lectura":"9 minutos"},"schema":{"@context":"https:\/\/schema.org","@graph":[{"@type":"NewsArticle","@id":"https:\/\/ifamnews.com\/es\/el-coronavirus-de-salem-2-de-3#article","isPartOf":{"@id":"https:\/\/ifamnews.com\/es\/el-coronavirus-de-salem-2-de-3"},"author":{"name":"Alfonso Hidalgo","@id":"https:\/\/ifamnews.com\/en\/#\/schema\/person\/561f00f26314fa5a442418f9e4aec7d2"},"headline":"El Coronavirus de Salem (2 de 3)","datePublished":"2022-01-12T06:00:00+00:00","mainEntityOfPage":{"@id":"https:\/\/ifamnews.com\/es\/el-coronavirus-de-salem-2-de-3"},"wordCount":2005,"commentCount":0,"publisher":{"@id":"https:\/\/ifamnews.com\/en\/#organization"},"image":{"@id":"https:\/\/ifamnews.com\/es\/el-coronavirus-de-salem-2-de-3#primaryimage"},"thumbnailUrl":"https:\/\/ifamnews.com\/wp-content\/uploads\/2022\/01\/blackandwhite-flocks-sheep.png","articleSection":["Ciencia","Foreground","\u00daLTIMAS NOTICIAS"],"inLanguage":"es","potentialAction":[{"@type":"CommentAction","name":"Comment","target":["https:\/\/ifamnews.com\/es\/el-coronavirus-de-salem-2-de-3#respond"]}]},{"@type":"WebPage","@id":"https:\/\/ifamnews.com\/es\/el-coronavirus-de-salem-2-de-3","url":"https:\/\/ifamnews.com\/es\/el-coronavirus-de-salem-2-de-3","name":"El Coronavirus de Salem (2 de 3) - IFN","isPartOf":{"@id":"https:\/\/ifamnews.com\/en\/#website"},"primaryImageOfPage":{"@id":"https:\/\/ifamnews.com\/es\/el-coronavirus-de-salem-2-de-3#primaryimage"},"image":{"@id":"https:\/\/ifamnews.com\/es\/el-coronavirus-de-salem-2-de-3#primaryimage"},"thumbnailUrl":"https:\/\/ifamnews.com\/wp-content\/uploads\/2022\/01\/blackandwhite-flocks-sheep.png","datePublished":"2022-01-12T06:00:00+00:00","description":"Lo que sigue son simples reflexiones hipot\u00e9ticas, siendo nuestra principal herramienta en este cometido el sentido com\u00fan.","breadcrumb":{"@id":"https:\/\/ifamnews.com\/es\/el-coronavirus-de-salem-2-de-3#breadcrumb"},"inLanguage":"es","potentialAction":[{"@type":"ReadAction","target":["https:\/\/ifamnews.com\/es\/el-coronavirus-de-salem-2-de-3"]}]},{"@type":"ImageObject","inLanguage":"es","@id":"https:\/\/ifamnews.com\/es\/el-coronavirus-de-salem-2-de-3#primaryimage","url":"https:\/\/ifamnews.com\/wp-content\/uploads\/2022\/01\/blackandwhite-flocks-sheep.png","contentUrl":"https:\/\/ifamnews.com\/wp-content\/uploads\/2022\/01\/blackandwhite-flocks-sheep.png","width":1200,"height":675},{"@type":"BreadcrumbList","@id":"https:\/\/ifamnews.com\/es\/el-coronavirus-de-salem-2-de-3#breadcrumb","itemListElement":[{"@type":"ListItem","position":1,"name":"Home","item":"https:\/\/ifamnews.com\/de"},{"@type":"ListItem","position":2,"name":"Science","item":"https:\/\/ifamnews.com\/en\/category\/science"},{"@type":"ListItem","position":3,"name":"El Coronavirus de Salem (2 de 3)"}]},{"@type":"WebSite","@id":"https:\/\/ifamnews.com\/en\/#website","url":"https:\/\/ifamnews.com\/en\/","name":"IFN","description":"International Family News Network","publisher":{"@id":"https:\/\/ifamnews.com\/en\/#organization"},"potentialAction":[{"@type":"SearchAction","target":{"@type":"EntryPoint","urlTemplate":"https:\/\/ifamnews.com\/en\/?s={search_term_string}"},"query-input":{"@type":"PropertyValueSpecification","valueRequired":true,"valueName":"search_term_string"}}],"inLanguage":"es"},{"@type":"Organization","@id":"https:\/\/ifamnews.com\/en\/#organization","name":"iFamNews","url":"https:\/\/ifamnews.com\/en\/","logo":{"@type":"ImageObject","inLanguage":"es","@id":"https:\/\/ifamnews.com\/en\/#\/schema\/logo\/image\/","url":"https:\/\/ifamnews.com\/wp-content\/uploads\/2020\/01\/Share-logo.png","contentUrl":"https:\/\/ifamnews.com\/wp-content\/uploads\/2020\/01\/Share-logo.png","width":200,"height":200,"caption":"iFamNews"},"image":{"@id":"https:\/\/ifamnews.com\/en\/#\/schema\/logo\/image\/"},"sameAs":["https:\/\/www.facebook.com\/iFamNews","https:\/\/x.com\/iFamNewsEN"]},{"@type":"Person","@id":"https:\/\/ifamnews.com\/en\/#\/schema\/person\/561f00f26314fa5a442418f9e4aec7d2","name":"Alfonso Hidalgo","image":{"@type":"ImageObject","inLanguage":"es","@id":"https:\/\/secure.gravatar.com\/avatar\/7f78432c996c95e5256de4506c7e94980999cc07b8c9ec1e23a88d4b684e4612?s=96&d=mm&r=g","url":"https:\/\/secure.gravatar.com\/avatar\/7f78432c996c95e5256de4506c7e94980999cc07b8c9ec1e23a88d4b684e4612?s=96&d=mm&r=g","contentUrl":"https:\/\/secure.gravatar.com\/avatar\/7f78432c996c95e5256de4506c7e94980999cc07b8c9ec1e23a88d4b684e4612?s=96&d=mm&r=g","caption":"Alfonso Hidalgo"},"description":"Alfonso Hidalgo is a lawyer and has a doctorate in law. He has been a professor at several Chilean universities. He has written articles on current political affairs and is dedicated to the free practice of his profession.","url":"https:\/\/ifamnews.com\/es\/author\/alfonso-hidalgo"}]}},"amp_enabled":true,"_links":{"self":[{"href":"https:\/\/ifamnews.com\/es\/wp-json\/wp\/v2\/posts\/112305","targetHints":{"allow":["GET"]}}],"collection":[{"href":"https:\/\/ifamnews.com\/es\/wp-json\/wp\/v2\/posts"}],"about":[{"href":"https:\/\/ifamnews.com\/es\/wp-json\/wp\/v2\/types\/post"}],"author":[{"embeddable":true,"href":"https:\/\/ifamnews.com\/es\/wp-json\/wp\/v2\/users\/941"}],"replies":[{"embeddable":true,"href":"https:\/\/ifamnews.com\/es\/wp-json\/wp\/v2\/comments?post=112305"}],"version-history":[{"count":2,"href":"https:\/\/ifamnews.com\/es\/wp-json\/wp\/v2\/posts\/112305\/revisions"}],"predecessor-version":[{"id":112326,"href":"https:\/\/ifamnews.com\/es\/wp-json\/wp\/v2\/posts\/112305\/revisions\/112326"}],"wp:featuredmedia":[{"embeddable":true,"href":"https:\/\/ifamnews.com\/es\/wp-json\/wp\/v2\/media\/112306"}],"wp:attachment":[{"href":"https:\/\/ifamnews.com\/es\/wp-json\/wp\/v2\/media?parent=112305"}],"wp:term":[{"taxonomy":"category","embeddable":true,"href":"https:\/\/ifamnews.com\/es\/wp-json\/wp\/v2\/categories?post=112305"},{"taxonomy":"post_tag","embeddable":true,"href":"https:\/\/ifamnews.com\/es\/wp-json\/wp\/v2\/tags?post=112305"}],"curies":[{"name":"wp","href":"https:\/\/api.w.org\/{rel}","templated":true}]}}