{"id":111694,"date":"2022-01-16T01:00:00","date_gmt":"2022-01-16T06:00:00","guid":{"rendered":"https:\/\/ifamnews.com\/?p=111694"},"modified":"2022-01-24T17:59:14","modified_gmt":"2022-01-24T22:59:14","slug":"la-necesaria-labor-de-construir-la-alternativa-cultural","status":"publish","type":"post","link":"https:\/\/ifamnews.com\/es\/la-necesaria-labor-de-construir-la-alternativa-cultural","title":{"rendered":"La necesaria labor de construir la alternativa cultural"},"content":{"rendered":"<p class=\"last-updated\">Last updated on enero 24th, 2022 at 05:59 pm<\/p>\n<p><strong>NO PODEMOS ESPERAR M\u00c1S, NI MIRAR HACIA OTRO LADO<\/strong><\/p>\n\n\n\n<p>La Iglesia, y con ella el pueblo de Dios y el cristianismo que no acepta que el mundo sea su gu\u00eda, sino que cree firmemente que \u00e9l es la gu\u00eda del mundo, est\u00e1n sometidos a una guerra cultural. No protagonizamos la guerra; en todo caso, somos v\u00edctimas de ella.<\/p>\n\n\n\n<p><strong>URGENCIA Y NECESIDAD<\/strong><\/p>\n\n\n\n<p>Una cultura es cristiana cuando su experiencia parte de Cristo.<\/p>\n\n\n\n<p>El cristianismo ha tenido un protagonismo determinante y central en la construcci\u00f3n de las sociedades democr\u00e1ticas occidentales. Esa situaci\u00f3n ya no existe y los cristianos debemos saber construir la alternativa o habremos retrocedido al siglo II.<\/p>\n\n\n\n<p>Ser alternativa significa superar la marginalidad y cuestionar los actuales marcos de referencia, y construir otros nuevos surgidos de la concepci\u00f3n cristiana y de la ley natural.<\/p>\n\n\n\n<p>Tambi\u00e9n significa la necesidad de crear la conciencia necesaria en el seno de la Iglesia de que la tarea de construir la alternativa es necesaria y urgente.<\/p>\n\n\n\n<p><strong>LA CONSTRUCCI\u00d3N DE LA ALTERNATIVA<\/strong><\/p>\n\n\n\n<p>Estos son unos primeros enunciados de ideas fuerza o ejes del relato alternativo a construir:<\/p>\n\n\n\n<ol class=\"wp-block-list\"><li>Practicar un diagn\u00f3stico cr\u00edtico de la realidad, dirigido a restaurar y rehacer la realidad, a fin de restituir o alcanzar la verdad. Nuestra cr\u00edtica debe aportar un horizonte de sentido y generar el impulso necesario para dirigirse a \u00e9l; iluminar aquello que est\u00e1 oscuro, desvelar lo oculto, restituir la forma verdadera a lo deformado. Ser fermento de soluciones, de respuestas y proyectos positivos.<\/li><li>Explicar y razonar que existe un orden natural en las cosas y en la vida humana, y vivir de acuerdo con \u00e9l.<\/li><li>Presentar la concepci\u00f3n y la mentalidad cristiana como alternativa integral al desastre existente, y mostrar que todo lo que existe ser\u00eda muy diferente y mucho mejor con el proyecto cultural cristiano.<\/li><li>Planteamos abiertamente que las concepciones laicistas, secularizadoras, no poseen, por el hecho de serlo, ninguna superioridad sobre las concepciones religiosas en el debate p\u00fablico pol\u00edtico. Es m\u00e1s, dado que las crisis acumuladas que vivimos surgen de su concepci\u00f3n ideol\u00f3gica y no del pensar cristiano, han de reflexionar y rectificar sobre las causas de sus errores.<\/li><li>La sociedad es plural, no laica, y en ella predomina la idea de Dios. El Estado es laico, es decir, neutral porque carece de confesi\u00f3n religiosa, si bien las respeta a todas en el marco de la libertad religiosa y de la colaboraci\u00f3n positiva. Por razones de adscripci\u00f3n mayoritaria y de naturaleza cultural, reconoce un papel especial al cristianismo. Por consiguiente, el estado no puede ser laicista ni de pr\u00e1ctica atea, y no puede cancelar la referencia a Dios en la vida p\u00fablica.<\/li><li>Ampliar e intensificar el debate sobre la vida humana y su dignidad, y presentar el modelo que proponemos de sociedad de la acogida y el cuidado de la vida humana desde su nacimiento hasta la muerte natural, contrapuesto a la sociedad desvinculada de la vida, que aplica el aborto masivo y eugen\u00e9sico, la eutanasia y el suicidio asistido. La promoci\u00f3n de la dignidad significa introducir los criterios de la doctrina social cristiana en sus propuestas socioecon\u00f3micas y pol\u00edticas.<\/li><li>Afirmamos que el gran debate, el primero de todos, es sobre el bien, el bien com\u00fan y los bienes de las personas concretas en cada caso.<\/li><li>Favorecer el bien no implica sacrificar la libertad y la autonom\u00eda personal porque ambos, junto con la integridad personal y la dignidad, son en s\u00ed mismos bienes<br>necesarios para la consecuci\u00f3n de otros bienes.<\/li><li>La libertad se ejerce eligiendo entre varias opciones moralmente buenas y carece de valor cuando se eligen prop\u00f3sitos malos o vac\u00edos. Por tanto, los poderes p\u00fablicos deben proteger y fomentar valores, virtudes e instituciones socialmente valiosas.<\/li><li>No existe la neutralidad de las autoridades p\u00fablicas frente a las opciones de bien, porque, como constatamos con las leyes y las pol\u00edticas, los poderes p\u00fablicos impulsan su ideolog\u00eda. Este es uno de los grandes cuestionamientos de la alternativa cultural.<\/li><li>La autonom\u00eda personal requiere pluralismo moral, no escepticismo, ni subjetivismo, ni relativismo moral. Lo que significa es que existen m\u00e1s de una manera incompatible entre s\u00ed para ejercer el bien.<\/li><li>La realizaci\u00f3n \u00faltima de la alternativa cultural necesita acceder a la legislaci\u00f3n y a las pol\u00edticas p\u00fablicas. Hasta llegar a este punto, la tarea es organizarse y actuar sin descanso para procurar la aplicaci\u00f3n de aquellas ideas fuerza.<\/li><\/ol>\n","protected":false},"excerpt":{"rendered":"<p>REMITIDO. El cristianismo que no acepta que el mundo sea su gu\u00eda, sino que cree firmemente que \u00c9l es la gu\u00eda del mundo, est\u00e1 sometido a una guerra cultural. No protagonizamos la guerra; en todo caso, somos v\u00edctimas de ella.<\/p>\n","protected":false},"author":963,"featured_media":111695,"comment_status":"open","ping_status":"open","sticky":false,"template":"","format":"standard","meta":{"give_campaign_id":0,"om_disable_all_campaigns":false,"_monsterinsights_skip_tracking":false,"_monsterinsights_sitenote_active":false,"_monsterinsights_sitenote_note":"","_monsterinsights_sitenote_category":0,"mc4wp_mailchimp_campaign":[],"jnews-multi-image_gallery":[],"jnews_single_post":{"subtitle":"REMITIDO. El cristianismo que no acepta que el mundo sea su gu\u00eda, sino que cree firmemente que \u00c9l es la gu\u00eda del mundo, est\u00e1 sometido a una guerra cultural. No protagonizamos la guerra; en todo caso, somos v\u00edctimas de ella.","format":"standard","video":"","gallery":"","source_name":"","source_url":"","via_name":"","via_url":"","override":[{"template":"1","single_blog_custom":"","parallax":"1","fullscreen":"1","layout":"right-sidebar","sidebar":"default-sidebar","second_sidebar":"default-sidebar","sticky_sidebar":"1","share_position":"top","share_float_style":"share-monocrhome","show_share_counter":"1","show_view_counter":"1","show_featured":"1","show_post_meta":"1","show_post_author":"1","show_post_author_image":"1","show_post_date":"1","post_date_format":"default","post_date_format_custom":"Y\/m\/d","show_post_category":"1","post_reading_time_wpm":"300","zoom_button_out_step":"2","zoom_button_in_step":"3","show_post_tag":"1","show_prev_next_post":"1","show_popup_post":"1","number_popup_post":"1"}],"image_override":[{"single_post_thumbnail_size":"crop-500","single_post_gallery_size":"crop-500"}],"trending_post_position":"meta","trending_post_label":"Trending","sponsored_post_label":"Sponsored by","sponsored_post_name":"","sponsored_post_url":"","sponsored_post_logo":"","sponsored_post_desc":""},"jnews_primary_category":{"id":""},"jnews_social_meta":{"fb_title":"","fb_description":"","fb_image":"","twitter_title":"","twitter_description":"","twitter_image":""},"jnews_override_counter":{"view_counter_number":"0","share_counter_number":"0","like_counter_number":"0","dislike_counter_number":"0"},"footnotes":""},"categories":[765,810,815],"tags":[],"class_list":["post-111694","post","type-post","status-publish","format-standard","has-post-thumbnail","hentry","category-cultura-es","category-foreground-es","category-breaking-news-es"],"yoast_head":"<!-- This site is optimized with the Yoast SEO Premium plugin v25.9 (Yoast SEO v27.3) - https:\/\/yoast.com\/product\/yoast-seo-premium-wordpress\/ -->\n<title>La necesaria labor de construir la alternativa cultural - IFN<\/title>\n<meta name=\"description\" content=\"El cristianismo que no acepta que el mundo sea su gu\u00eda, est\u00e1 sometido a una guerra cultural. Una reflexi\u00f3n.\" \/>\n<meta name=\"robots\" content=\"index, follow, max-snippet:-1, max-image-preview:large, max-video-preview:-1\" \/>\n<link rel=\"canonical\" href=\"https:\/\/ifamnews.com\/es\/la-necesaria-labor-de-construir-la-alternativa-cultural\" \/>\n<meta property=\"og:locale\" content=\"es_ES\" \/>\n<meta property=\"og:type\" content=\"article\" \/>\n<meta property=\"og:title\" content=\"La necesaria labor de construir la alternativa cultural\" \/>\n<meta property=\"og:description\" content=\"El cristianismo que no acepta que el mundo sea su gu\u00eda, est\u00e1 sometido a una guerra cultural. Una reflexi\u00f3n.\" \/>\n<meta property=\"og:url\" content=\"https:\/\/ifamnews.com\/es\/la-necesaria-labor-de-construir-la-alternativa-cultural\" \/>\n<meta property=\"og:site_name\" content=\"IFN\" \/>\n<meta property=\"article:publisher\" content=\"https:\/\/www.facebook.com\/iFamNews\" \/>\n<meta property=\"article:author\" content=\"https:\/\/www.facebook.com\/iFamNews\/\" \/>\n<meta property=\"article:published_time\" content=\"2022-01-16T06:00:00+00:00\" \/>\n<meta property=\"article:modified_time\" content=\"2022-01-24T22:59:14+00:00\" \/>\n<meta property=\"og:image\" content=\"https:\/\/ifamnews.com\/wp-content\/uploads\/2021\/12\/architecture-building-infrastructure-church-cathedral-dark-night.png\" \/>\n\t<meta property=\"og:image:width\" content=\"1200\" \/>\n\t<meta property=\"og:image:height\" content=\"675\" \/>\n\t<meta property=\"og:image:type\" content=\"image\/png\" \/>\n<meta name=\"author\" content=\"iFamNews Spain\" \/>\n<meta name=\"twitter:card\" content=\"summary_large_image\" \/>\n<meta name=\"twitter:creator\" content=\"@https:\/\/twitter.com\/iFamNewsES\" \/>\n<meta name=\"twitter:site\" content=\"@iFamNewsEN\" \/>\n<meta name=\"twitter:label1\" content=\"Escrito por\" \/>\n\t<meta name=\"twitter:data1\" content=\"iFamNews Spain\" \/>\n\t<meta name=\"twitter:label2\" content=\"Tiempo de lectura\" \/>\n\t<meta name=\"twitter:data2\" content=\"4 minutos\" \/>\n<!-- \/ Yoast SEO Premium plugin. -->","yoast_head_json":{"title":"La necesaria labor de construir la alternativa cultural - IFN","description":"El cristianismo que no acepta que el mundo sea su gu\u00eda, est\u00e1 sometido a una guerra cultural. Una reflexi\u00f3n.","robots":{"index":"index","follow":"follow","max-snippet":"max-snippet:-1","max-image-preview":"max-image-preview:large","max-video-preview":"max-video-preview:-1"},"canonical":"https:\/\/ifamnews.com\/es\/la-necesaria-labor-de-construir-la-alternativa-cultural","og_locale":"es_ES","og_type":"article","og_title":"La necesaria labor de construir la alternativa cultural","og_description":"El cristianismo que no acepta que el mundo sea su gu\u00eda, est\u00e1 sometido a una guerra cultural. Una reflexi\u00f3n.","og_url":"https:\/\/ifamnews.com\/es\/la-necesaria-labor-de-construir-la-alternativa-cultural","og_site_name":"IFN","article_publisher":"https:\/\/www.facebook.com\/iFamNews","article_author":"https:\/\/www.facebook.com\/iFamNews\/","article_published_time":"2022-01-16T06:00:00+00:00","article_modified_time":"2022-01-24T22:59:14+00:00","og_image":[{"width":1200,"height":675,"url":"https:\/\/ifamnews.com\/wp-content\/uploads\/2021\/12\/architecture-building-infrastructure-church-cathedral-dark-night.png","type":"image\/png"}],"author":"iFamNews Spain","twitter_card":"summary_large_image","twitter_creator":"@https:\/\/twitter.com\/iFamNewsES","twitter_site":"@iFamNewsEN","twitter_misc":{"Escrito por":"iFamNews Spain","Tiempo de lectura":"4 minutos"},"schema":{"@context":"https:\/\/schema.org","@graph":[{"@type":"NewsArticle","@id":"https:\/\/ifamnews.com\/es\/la-necesaria-labor-de-construir-la-alternativa-cultural#article","isPartOf":{"@id":"https:\/\/ifamnews.com\/es\/la-necesaria-labor-de-construir-la-alternativa-cultural"},"author":{"name":"iFamNews Spain","@id":"https:\/\/ifamnews.com\/en\/#\/schema\/person\/f65a5bd5c004ecdde67fb9f0344ba660"},"headline":"La necesaria labor de construir la alternativa cultural","datePublished":"2022-01-16T06:00:00+00:00","dateModified":"2022-01-24T22:59:14+00:00","mainEntityOfPage":{"@id":"https:\/\/ifamnews.com\/es\/la-necesaria-labor-de-construir-la-alternativa-cultural"},"wordCount":771,"commentCount":0,"publisher":{"@id":"https:\/\/ifamnews.com\/en\/#organization"},"image":{"@id":"https:\/\/ifamnews.com\/es\/la-necesaria-labor-de-construir-la-alternativa-cultural#primaryimage"},"thumbnailUrl":"https:\/\/ifamnews.com\/wp-content\/uploads\/2021\/12\/architecture-building-infrastructure-church-cathedral-dark-night.png","articleSection":["Cultura","Foreground","\u00daLTIMAS NOTICIAS"],"inLanguage":"es","potentialAction":[{"@type":"CommentAction","name":"Comment","target":["https:\/\/ifamnews.com\/es\/la-necesaria-labor-de-construir-la-alternativa-cultural#respond"]}]},{"@type":"WebPage","@id":"https:\/\/ifamnews.com\/es\/la-necesaria-labor-de-construir-la-alternativa-cultural","url":"https:\/\/ifamnews.com\/es\/la-necesaria-labor-de-construir-la-alternativa-cultural","name":"La necesaria labor de construir la alternativa cultural - IFN","isPartOf":{"@id":"https:\/\/ifamnews.com\/en\/#website"},"primaryImageOfPage":{"@id":"https:\/\/ifamnews.com\/es\/la-necesaria-labor-de-construir-la-alternativa-cultural#primaryimage"},"image":{"@id":"https:\/\/ifamnews.com\/es\/la-necesaria-labor-de-construir-la-alternativa-cultural#primaryimage"},"thumbnailUrl":"https:\/\/ifamnews.com\/wp-content\/uploads\/2021\/12\/architecture-building-infrastructure-church-cathedral-dark-night.png","datePublished":"2022-01-16T06:00:00+00:00","dateModified":"2022-01-24T22:59:14+00:00","description":"El cristianismo que no acepta que el mundo sea su gu\u00eda, est\u00e1 sometido a una guerra cultural. Una reflexi\u00f3n.","breadcrumb":{"@id":"https:\/\/ifamnews.com\/es\/la-necesaria-labor-de-construir-la-alternativa-cultural#breadcrumb"},"inLanguage":"es","potentialAction":[{"@type":"ReadAction","target":["https:\/\/ifamnews.com\/es\/la-necesaria-labor-de-construir-la-alternativa-cultural"]}]},{"@type":"ImageObject","inLanguage":"es","@id":"https:\/\/ifamnews.com\/es\/la-necesaria-labor-de-construir-la-alternativa-cultural#primaryimage","url":"https:\/\/ifamnews.com\/wp-content\/uploads\/2021\/12\/architecture-building-infrastructure-church-cathedral-dark-night.png","contentUrl":"https:\/\/ifamnews.com\/wp-content\/uploads\/2021\/12\/architecture-building-infrastructure-church-cathedral-dark-night.png","width":1200,"height":675},{"@type":"BreadcrumbList","@id":"https:\/\/ifamnews.com\/es\/la-necesaria-labor-de-construir-la-alternativa-cultural#breadcrumb","itemListElement":[{"@type":"ListItem","position":1,"name":"Home","item":"https:\/\/ifamnews.com\/de"},{"@type":"ListItem","position":2,"name":"\u041a\u0443\u043b\u0442\u0443\u0440\u0430","item":"https:\/\/ifamnews.com\/sr\/kategorija\/kultura-sr"},{"@type":"ListItem","position":3,"name":"La necesaria labor de construir la alternativa cultural"}]},{"@type":"WebSite","@id":"https:\/\/ifamnews.com\/en\/#website","url":"https:\/\/ifamnews.com\/en\/","name":"IFN","description":"International Family News Network","publisher":{"@id":"https:\/\/ifamnews.com\/en\/#organization"},"potentialAction":[{"@type":"SearchAction","target":{"@type":"EntryPoint","urlTemplate":"https:\/\/ifamnews.com\/en\/?s={search_term_string}"},"query-input":{"@type":"PropertyValueSpecification","valueRequired":true,"valueName":"search_term_string"}}],"inLanguage":"es"},{"@type":"Organization","@id":"https:\/\/ifamnews.com\/en\/#organization","name":"iFamNews","url":"https:\/\/ifamnews.com\/en\/","logo":{"@type":"ImageObject","inLanguage":"es","@id":"https:\/\/ifamnews.com\/en\/#\/schema\/logo\/image\/","url":"https:\/\/ifamnews.com\/wp-content\/uploads\/2020\/01\/Share-logo.png","contentUrl":"https:\/\/ifamnews.com\/wp-content\/uploads\/2020\/01\/Share-logo.png","width":200,"height":200,"caption":"iFamNews"},"image":{"@id":"https:\/\/ifamnews.com\/en\/#\/schema\/logo\/image\/"},"sameAs":["https:\/\/www.facebook.com\/iFamNews","https:\/\/x.com\/iFamNewsEN"]},{"@type":"Person","@id":"https:\/\/ifamnews.com\/en\/#\/schema\/person\/f65a5bd5c004ecdde67fb9f0344ba660","name":"iFamNews Spain","image":{"@type":"ImageObject","inLanguage":"es","@id":"https:\/\/secure.gravatar.com\/avatar\/5003240cb58aea51e193ae011d1569f3f8452b9369ac236c2826f05639bf542e?s=96&d=mm&r=g","url":"https:\/\/secure.gravatar.com\/avatar\/5003240cb58aea51e193ae011d1569f3f8452b9369ac236c2826f05639bf542e?s=96&d=mm&r=g","contentUrl":"https:\/\/secure.gravatar.com\/avatar\/5003240cb58aea51e193ae011d1569f3f8452b9369ac236c2826f05639bf542e?s=96&d=mm&r=g","caption":"iFamNews Spain"},"description":"Articles published by the Spanish iFamNews editorial team.","sameAs":["https:\/\/ifamnews.com\/es","https:\/\/www.facebook.com\/iFamNews\/","https:\/\/x.com\/https:\/\/twitter.com\/iFamNewsES","https:\/\/www.youtube.com\/channel\/UCMVyIt4z9BANW3d09kwfUpw"],"url":"https:\/\/ifamnews.com\/es\/author\/equipo-de-ifamnews"}]}},"amp_enabled":true,"_links":{"self":[{"href":"https:\/\/ifamnews.com\/es\/wp-json\/wp\/v2\/posts\/111694","targetHints":{"allow":["GET"]}}],"collection":[{"href":"https:\/\/ifamnews.com\/es\/wp-json\/wp\/v2\/posts"}],"about":[{"href":"https:\/\/ifamnews.com\/es\/wp-json\/wp\/v2\/types\/post"}],"author":[{"embeddable":true,"href":"https:\/\/ifamnews.com\/es\/wp-json\/wp\/v2\/users\/963"}],"replies":[{"embeddable":true,"href":"https:\/\/ifamnews.com\/es\/wp-json\/wp\/v2\/comments?post=111694"}],"version-history":[{"count":1,"href":"https:\/\/ifamnews.com\/es\/wp-json\/wp\/v2\/posts\/111694\/revisions"}],"predecessor-version":[{"id":111703,"href":"https:\/\/ifamnews.com\/es\/wp-json\/wp\/v2\/posts\/111694\/revisions\/111703"}],"wp:featuredmedia":[{"embeddable":true,"href":"https:\/\/ifamnews.com\/es\/wp-json\/wp\/v2\/media\/111695"}],"wp:attachment":[{"href":"https:\/\/ifamnews.com\/es\/wp-json\/wp\/v2\/media?parent=111694"}],"wp:term":[{"taxonomy":"category","embeddable":true,"href":"https:\/\/ifamnews.com\/es\/wp-json\/wp\/v2\/categories?post=111694"},{"taxonomy":"post_tag","embeddable":true,"href":"https:\/\/ifamnews.com\/es\/wp-json\/wp\/v2\/tags?post=111694"}],"curies":[{"name":"wp","href":"https:\/\/api.w.org\/{rel}","templated":true}]}}