{"id":109127,"date":"2021-12-23T01:00:00","date_gmt":"2021-12-23T06:00:00","guid":{"rendered":"https:\/\/ifamnews.com\/?p=109127"},"modified":"2021-12-09T04:19:06","modified_gmt":"2021-12-09T09:19:06","slug":"si-defiendes-la-vida-en-namibia-te-equiparan-con-el-apartheid","status":"publish","type":"post","link":"https:\/\/ifamnews.com\/es\/si-defiendes-la-vida-en-namibia-te-equiparan-con-el-apartheid","title":{"rendered":"Si defiendes la vida en Namibia te equiparan con el apartheid"},"content":{"rendered":"\n<p>La Rep\u00fablica de Namibia es un pa\u00eds poco poblado del sur de \u00c1frica. Con 2,7 millones de habitantes -una media de 3,3 personas por kil\u00f3metro cuadrado-, es el segundo pa\u00eds del mundo con menor densidad de poblaci\u00f3n. La mayor parte de su superficie est\u00e1 ocupada por los desiertos de Namib y Kalahari.<\/p>\n\n\n\n<p>La <a href=\"https:\/\/www.indexmundi.com\/map\/?v=24&amp;l=it\" target=\"_blank\" rel=\"noreferrer noopener\">tasa de crecimiento de Namibia para el a\u00f1o 2020 se sit\u00faa en torno al 2%<\/a>, al igual que la del Congo, Senegal y Egipto. Pero tambi\u00e9n la misma tasa de crecimiento que para Arabia Saud\u00ed y Luxemburgo, por poner m\u00e1s ejemplos. Por supuesto que en el caso de Namibia la renta <em>per c\u00e1pita<\/em> cambia sustancialmente.<\/p>\n\n\n\n<p>Namibia es uno de los estados m\u00e1s j\u00f3venes del continente africano: ex colonia del imperio alem\u00e1n con el nombre de Deutsch-S\u00fcdwestafrika entre 1884 y 1919, y posteriormente parte de la Uni\u00f3n Sudafricana bajo la Corona Brit\u00e1nica hasta 1961, fue despu\u00e9s una provincia de la nueva Rep\u00fablica Sudafricana hasta que gan\u00f3 su  independencia en 1990.<\/p>\n\n\n\n<p>Un legado de la \u00e9poca sudafricana en Namibia es la ley a\u00fan vigente que regula el acceso al aborto, la <a href=\"https:\/\/www.lac.org.na\/laws\/annoSA\/MEDICINE%20(1975)%20-%20Abortion%20and%20Sterilization%20Act%202%20of%201975%20(annotated).pdf\" target=\"_blank\" rel=\"noreferrer noopener\"><em>Ley de Aborto y Esterilizaci\u00f3n 2 de 1975 (RSA),<\/em><\/a><em> <\/em>derogada en 1996 en Sud\u00e1frica y que permite recurrir a la interrupci\u00f3n voluntaria del embarazo cuando existe peligro para la salud f\u00edsica y\/o mental de la madre, cuando hay riesgo de discapacidad grave e irreversible para el feto y cuando el embarazo es resultado de una violaci\u00f3n o un incesto<em>.<\/em> Es m\u00e1s que suficiente; de hecho, demasiado.<\/p>\n\n\n\n<p>Sin embargo parecer\u00eda que no, cuando por ejemplo recordamos que en 2015 &#8211; 2016 <a href=\"https:\/\/www.heard.org.za\/\" target=\"_blank\" rel=\"noreferrer noopener\">HEARD<\/a> -una organizaci\u00f3n de investigaci\u00f3n aplicada afiliada a la Universidad de KwaZulu-Natal (Sud\u00e1frica)- <a href=\"https:\/\/ifamnews.com\/es\/africa-basta-ya-de-mentiras-sobre-el-aborto\" target=\"_blank\" rel=\"noreferrer noopener\">utiliz\u00f3 el argumento habitual de los riesgos que conlleva el \u00ababorto inseguro\u00bb<\/a> para difundir <a href=\"https:\/\/www.heard.org.za\/wp-content\/uploads\/2016\/06\/namibia-country-factsheet-abortion-2016.pdf\" target=\"_blank\" rel=\"noreferrer noopener\">estudios y panfletos en los que se denunciaba<\/a> que el aborto \u00aba la carta\u00bb -que consideraban un derecho humano- no estaba disponible en el pa\u00eds africano con la comocidad deseada.<\/p>\n\n\n\n<p>Al parecer ni tan siquiera hoy lo estar\u00eda, ya que a finales del pasado mes de octubre el gobierno de Namibia celebr\u00f3 una consulta sobre la<em>Ley del Aborto<\/em>, instado en la sala y en las <em>redes sociales<\/em> por parte de la viceministra de Sanidad y Servicios Sociales, Esther Muinjangue -una abogada de derechos humanos y asesora especial para \u00c1frica en las Naciones Unidas-, Bience Gawanas, y grupos de activistas a favor del aborto como <a href=\"https:\/\/www.shedecides.com\/\" target=\"_blank\" rel=\"noreferrer noopener\">EllaDecide<\/a> y <a href=\"https:\/\/www.facebook.com\/vcrcnamibia\/\" target=\"_blank\" rel=\"noreferrer noopener\">Coalici\u00f3n \u00abVoices for Choices and Rights\u00bb (VCRC)<\/a>.<\/p>\n\n\n\n<p>La ley actual es considerada demasiado restrictiva, y durante unas audiencias p\u00fablicas el director ejecutivo del Ministerio de Sanidad y Servicios Sociales <a href=\"https:\/\/twitter.com\/namibiansun\/status\/1450394543673810944\" target=\"_blank\" rel=\"noreferrer noopener\">Ben Nangombe, hizo unas declaraciones difundidas en el <em>sitio web<\/em> del <em>peri\u00f3dico Namibian Sun<\/em><\/a> y en su perfil de Twitter sobre que el departamento \u00abcree que la actual legislaci\u00f3n sobre el aborto est\u00e1 anticuada y necesita ser revisada y una nueva legislaci\u00f3n promulgada que incorpore y hable de las realidades sobre el terreno.\u00bb <\/p>\n\n\n\n<p>El tema se cuenta en profundidad en un art\u00edculo de <a href=\"https:\/\/www.telegraph.co.uk\/global-health\/women-and-girls\/apartheid-era-anti-abortion-law-fire-namibia\/\" target=\"_blank\" rel=\"noreferrer noopener\"><em>The Telegraph<\/em><\/a> del 2 de noviembre de 2021, que se\u00f1ala tambi\u00e9n que \u00ab[&#8230;] sin embargo, la modificaci\u00f3n de la legislaci\u00f3n podr\u00eda tardar a\u00fan al menos un a\u00f1o. Al debate nacional le seguir\u00e1n las audiencias p\u00fablicas regionales sobre el aborto, al final de las cuales se elaborar\u00e1 un informe que se presentar\u00e1 al Parlamento\u00bb, pareciendo lamentar que la legislaci\u00f3n no se haya ido al diablo all\u00ed mismo.<\/p>\n\n\n\n<p>De hecho, el <em>Telegraph<\/em> parece apoyar las voces de quienes en el pa\u00eds se dejaron aplaudir a rabiar cuando, <a href=\"https:\/\/www.notiziegeopolitiche.net\/benin-il-parlamento-approva-la-legge-sullaborto\/\" target=\"_blank\" rel=\"noreferrer noopener\">el mes pasado, Ben\u00edn aprob\u00f3 la legalizaci\u00f3n del aborto<\/a>.<\/p>\n\n\n\n<p>Sobre todo, el peri\u00f3dico brit\u00e1nico hace suya la opini\u00f3n de quienes consideran que la actual ley de Namibia es un remanente del patriarcado, la religi\u00f3n y el <em>apartheid<\/em>.<\/p>\n\n\n\n<p>S\u00ed, <em>el apartheid<\/em>. Seg\u00fan la autora del art\u00edculo, Sarah Newey, \u00abLa Ley de Aborto y Esterilizaci\u00f3n de 1975, dicen los historiadores, se introdujo para evitar que las mujeres blancas interrumpieran sus embarazos, en medio de la histeria de que la poblaci\u00f3n negra las superara en n\u00famero\u00bb. <\/p>\n\n\n\n<p>Es humano y evidente que, cuando te abordan con una ley, te unen, te implican y te comprometen contra una tr\u00e1gica pol\u00edtica de segregaci\u00f3n racial en perjuicio de poblaciones enteras, esa ley, cualquier ley, no s\u00f3lo es mala, sino realmente execrable. Esto, sin embargo, no quita que ser\u00eda igualmente execrable ampliar el acceso al aborto, incluido el aborto bajo demanda, lo que, adem\u00e1s de no compensar a quienes han sido v\u00edctimas del <em>apartheid<\/em>, violar\u00eda un derecho inalienable, intocable, no negociable, como es el derecho a la vida.<\/p>\n\n\n\n<p>Ndiilokelwa Nthengwe, cofundadora de la autodenominada organizaci\u00f3n <em>proabortista<\/em> Voices for Choices and Rights Coalition, declar\u00f3 <em>al Telegraph<\/em> que \u00abPoco a poco, estamos descolonizando y eliminando los restos del apartheid de nuestra Constituci\u00f3n&#8230; para conseguir realmente una sociedad justa y equitativa para todos los namibios. [&#8230;] Significa que, por fin, estamos abordando las leyes institucionales que durante a\u00f1os se han utilizado para oprimir a las mujeres, a las adolescentes y a las personas no conformes con el g\u00e9nero\u00bb. Una \u00absociedad justa y equitativa\u00bb para todos los namibios: todos excepto los beb\u00e9s en el vientre materno. No hay justicia ni equidad para ellos.<\/p>\n","protected":false},"excerpt":{"rendered":"<p>La ley antiaborto de Namibia pende de un hilo. Es el \u00faltimo basti\u00f3n de un mundo que valora el derecho a la vida. Pero se est\u00e1n haciendo grandes esfuerzos para demolerlo.<\/p>\n","protected":false},"author":14,"featured_media":103744,"comment_status":"open","ping_status":"open","sticky":false,"template":"","format":"standard","meta":{"give_campaign_id":0,"om_disable_all_campaigns":false,"_monsterinsights_skip_tracking":false,"_monsterinsights_sitenote_active":false,"_monsterinsights_sitenote_note":"","_monsterinsights_sitenote_category":0,"mc4wp_mailchimp_campaign":[],"jnews-multi-image_gallery":[],"jnews_single_post":{"subtitle":"La ley antiaborto de Namibia pende de un hilo. Es el \u00faltimo basti\u00f3n de un mundo que valora el derecho a la vida. Pero se est\u00e1n haciendo grandes esfuerzos para demolerlo.","format":"standard","video":"","gallery":"","source_name":"","source_url":"","via_name":"","via_url":"","override":[{"template":"1","single_blog_custom":"","parallax":"1","fullscreen":"1","layout":"right-sidebar","sidebar":"default-sidebar","second_sidebar":"default-sidebar","sticky_sidebar":"1","share_position":"top","share_float_style":"share-monocrhome","show_share_counter":"1","show_view_counter":"1","show_featured":"1","show_post_meta":"1","show_post_author":"1","show_post_author_image":"1","show_post_date":"1","post_date_format":"default","post_date_format_custom":"Y\/m\/d","show_post_category":"1","post_reading_time_wpm":"300","zoom_button_out_step":"2","zoom_button_in_step":"3","show_post_tag":"1","show_prev_next_post":"1","show_popup_post":"1","number_popup_post":"1"}],"image_override":[{"single_post_thumbnail_size":"crop-500","single_post_gallery_size":"crop-500"}],"trending_post_position":"meta","trending_post_label":"Trending","sponsored_post_label":"Sponsored by","sponsored_post_name":"","sponsored_post_url":"","sponsored_post_logo":"","sponsored_post_desc":""},"jnews_primary_category":{"id":""},"jnews_social_meta":{"fb_title":"","fb_description":"","fb_image":"","twitter_title":"","twitter_description":"","twitter_image":""},"jnews_override_counter":{"view_counter_number":"0","share_counter_number":"0","like_counter_number":"0","dislike_counter_number":"0"},"footnotes":""},"categories":[810,815,818],"tags":[7248,13755,13757,13756,13758],"class_list":["post-109127","post","type-post","status-publish","format-standard","has-post-thumbnail","hentry","category-foreground-es","category-breaking-news-es","category-vida","tag-abortion-es","tag-derecho-a-la-vida","tag-lobby-del-aborto","tag-namibia-es","tag-presion-politica"],"yoast_head":"<!-- This site is optimized with the Yoast SEO Premium plugin v25.9 (Yoast SEO v27.3) - https:\/\/yoast.com\/product\/yoast-seo-premium-wordpress\/ -->\n<title>Si defiendes la vida en Namibia te equiparan con el apartheid - &quot;iFamNews&quot;<\/title>\n<meta name=\"description\" content=\"En Namibia, la ley antiaborto es un baluarte de un mundo con valores diferentes y alguien est\u00e1 tratando de echarlo abajo.\" \/>\n<meta name=\"robots\" content=\"index, follow, max-snippet:-1, max-image-preview:large, max-video-preview:-1\" \/>\n<link rel=\"canonical\" href=\"https:\/\/ifamnews.com\/es\/si-defiendes-la-vida-en-namibia-te-equiparan-con-el-apartheid\" \/>\n<meta property=\"og:locale\" content=\"es_ES\" \/>\n<meta property=\"og:type\" content=\"article\" \/>\n<meta property=\"og:title\" content=\"Si defiendes la vida en Namibia te equiparan con el apartheid\" \/>\n<meta property=\"og:description\" content=\"En Namibia, la ley antiaborto es un baluarte de un mundo con valores diferentes y alguien est\u00e1 tratando de echarlo abajo.\" \/>\n<meta property=\"og:url\" content=\"https:\/\/ifamnews.com\/es\/si-defiendes-la-vida-en-namibia-te-equiparan-con-el-apartheid\" \/>\n<meta property=\"og:site_name\" content=\"IFN\" \/>\n<meta property=\"article:publisher\" content=\"https:\/\/www.facebook.com\/iFamNews\" \/>\n<meta property=\"article:published_time\" content=\"2021-12-23T06:00:00+00:00\" \/>\n<meta property=\"og:image\" content=\"https:\/\/ifamnews.com\/wp-content\/uploads\/2021\/11\/woman-gb9567757b_1280.jpg\" \/>\n\t<meta property=\"og:image:width\" content=\"1280\" \/>\n\t<meta property=\"og:image:height\" content=\"960\" \/>\n\t<meta property=\"og:image:type\" content=\"image\/jpeg\" \/>\n<meta name=\"author\" content=\"Barbara Santambrogio\" \/>\n<meta name=\"twitter:card\" content=\"summary_large_image\" \/>\n<meta name=\"twitter:creator\" content=\"@iFamNewsEN\" \/>\n<meta name=\"twitter:site\" content=\"@iFamNewsEN\" \/>\n<meta name=\"twitter:label1\" content=\"Escrito por\" \/>\n\t<meta name=\"twitter:data1\" content=\"Barbara Santambrogio\" \/>\n\t<meta name=\"twitter:label2\" content=\"Tiempo de lectura\" \/>\n\t<meta name=\"twitter:data2\" content=\"4 minutos\" \/>\n<!-- \/ Yoast SEO Premium plugin. -->","yoast_head_json":{"title":"Si defiendes la vida en Namibia te equiparan con el apartheid - \"iFamNews\"","description":"En Namibia, la ley antiaborto es un baluarte de un mundo con valores diferentes y alguien est\u00e1 tratando de echarlo abajo.","robots":{"index":"index","follow":"follow","max-snippet":"max-snippet:-1","max-image-preview":"max-image-preview:large","max-video-preview":"max-video-preview:-1"},"canonical":"https:\/\/ifamnews.com\/es\/si-defiendes-la-vida-en-namibia-te-equiparan-con-el-apartheid","og_locale":"es_ES","og_type":"article","og_title":"Si defiendes la vida en Namibia te equiparan con el apartheid","og_description":"En Namibia, la ley antiaborto es un baluarte de un mundo con valores diferentes y alguien est\u00e1 tratando de echarlo abajo.","og_url":"https:\/\/ifamnews.com\/es\/si-defiendes-la-vida-en-namibia-te-equiparan-con-el-apartheid","og_site_name":"IFN","article_publisher":"https:\/\/www.facebook.com\/iFamNews","article_published_time":"2021-12-23T06:00:00+00:00","og_image":[{"width":1280,"height":960,"url":"https:\/\/ifamnews.com\/wp-content\/uploads\/2021\/11\/woman-gb9567757b_1280.jpg","type":"image\/jpeg"}],"author":"Barbara Santambrogio","twitter_card":"summary_large_image","twitter_creator":"@iFamNewsEN","twitter_site":"@iFamNewsEN","twitter_misc":{"Escrito por":"Barbara Santambrogio","Tiempo de lectura":"4 minutos"},"schema":{"@context":"https:\/\/schema.org","@graph":[{"@type":"NewsArticle","@id":"https:\/\/ifamnews.com\/es\/si-defiendes-la-vida-en-namibia-te-equiparan-con-el-apartheid#article","isPartOf":{"@id":"https:\/\/ifamnews.com\/es\/si-defiendes-la-vida-en-namibia-te-equiparan-con-el-apartheid"},"author":{"name":"Barbara Santambrogio","@id":"https:\/\/ifamnews.com\/en\/#\/schema\/person\/17118599da2799311b3611609a244572"},"headline":"Si defiendes la vida en Namibia te equiparan con el apartheid","datePublished":"2021-12-23T06:00:00+00:00","mainEntityOfPage":{"@id":"https:\/\/ifamnews.com\/es\/si-defiendes-la-vida-en-namibia-te-equiparan-con-el-apartheid"},"wordCount":910,"commentCount":0,"publisher":{"@id":"https:\/\/ifamnews.com\/en\/#organization"},"image":{"@id":"https:\/\/ifamnews.com\/es\/si-defiendes-la-vida-en-namibia-te-equiparan-con-el-apartheid#primaryimage"},"thumbnailUrl":"https:\/\/ifamnews.com\/wp-content\/uploads\/2021\/11\/woman-gb9567757b_1280.jpg","keywords":["Abortion","derecho a la vida","lobby del aborto","Namibia","presi\u00f3n pol\u00edtica"],"articleSection":["Foreground","\u00daLTIMAS NOTICIAS","Vida"],"inLanguage":"es","potentialAction":[{"@type":"CommentAction","name":"Comment","target":["https:\/\/ifamnews.com\/es\/si-defiendes-la-vida-en-namibia-te-equiparan-con-el-apartheid#respond"]}]},{"@type":"WebPage","@id":"https:\/\/ifamnews.com\/es\/si-defiendes-la-vida-en-namibia-te-equiparan-con-el-apartheid","url":"https:\/\/ifamnews.com\/es\/si-defiendes-la-vida-en-namibia-te-equiparan-con-el-apartheid","name":"Si defiendes la vida en Namibia te equiparan con el apartheid - \"iFamNews\"","isPartOf":{"@id":"https:\/\/ifamnews.com\/en\/#website"},"primaryImageOfPage":{"@id":"https:\/\/ifamnews.com\/es\/si-defiendes-la-vida-en-namibia-te-equiparan-con-el-apartheid#primaryimage"},"image":{"@id":"https:\/\/ifamnews.com\/es\/si-defiendes-la-vida-en-namibia-te-equiparan-con-el-apartheid#primaryimage"},"thumbnailUrl":"https:\/\/ifamnews.com\/wp-content\/uploads\/2021\/11\/woman-gb9567757b_1280.jpg","datePublished":"2021-12-23T06:00:00+00:00","description":"En Namibia, la ley antiaborto es un baluarte de un mundo con valores diferentes y alguien est\u00e1 tratando de echarlo abajo.","breadcrumb":{"@id":"https:\/\/ifamnews.com\/es\/si-defiendes-la-vida-en-namibia-te-equiparan-con-el-apartheid#breadcrumb"},"inLanguage":"es","potentialAction":[{"@type":"ReadAction","target":["https:\/\/ifamnews.com\/es\/si-defiendes-la-vida-en-namibia-te-equiparan-con-el-apartheid"]}]},{"@type":"ImageObject","inLanguage":"es","@id":"https:\/\/ifamnews.com\/es\/si-defiendes-la-vida-en-namibia-te-equiparan-con-el-apartheid#primaryimage","url":"https:\/\/ifamnews.com\/wp-content\/uploads\/2021\/11\/woman-gb9567757b_1280.jpg","contentUrl":"https:\/\/ifamnews.com\/wp-content\/uploads\/2021\/11\/woman-gb9567757b_1280.jpg","width":1280,"height":960,"caption":"Imagen de Pixabay"},{"@type":"BreadcrumbList","@id":"https:\/\/ifamnews.com\/es\/si-defiendes-la-vida-en-namibia-te-equiparan-con-el-apartheid#breadcrumb","itemListElement":[{"@type":"ListItem","position":1,"name":"Home","item":"https:\/\/ifamnews.com\/de"},{"@type":"ListItem","position":2,"name":"Life","item":"https:\/\/ifamnews.com\/en\/category\/life"},{"@type":"ListItem","position":3,"name":"Si defiendes la vida en Namibia te equiparan con el apartheid"}]},{"@type":"WebSite","@id":"https:\/\/ifamnews.com\/en\/#website","url":"https:\/\/ifamnews.com\/en\/","name":"IFN","description":"International Family News Network","publisher":{"@id":"https:\/\/ifamnews.com\/en\/#organization"},"potentialAction":[{"@type":"SearchAction","target":{"@type":"EntryPoint","urlTemplate":"https:\/\/ifamnews.com\/en\/?s={search_term_string}"},"query-input":{"@type":"PropertyValueSpecification","valueRequired":true,"valueName":"search_term_string"}}],"inLanguage":"es"},{"@type":"Organization","@id":"https:\/\/ifamnews.com\/en\/#organization","name":"iFamNews","url":"https:\/\/ifamnews.com\/en\/","logo":{"@type":"ImageObject","inLanguage":"es","@id":"https:\/\/ifamnews.com\/en\/#\/schema\/logo\/image\/","url":"https:\/\/ifamnews.com\/wp-content\/uploads\/2020\/01\/Share-logo.png","contentUrl":"https:\/\/ifamnews.com\/wp-content\/uploads\/2020\/01\/Share-logo.png","width":200,"height":200,"caption":"iFamNews"},"image":{"@id":"https:\/\/ifamnews.com\/en\/#\/schema\/logo\/image\/"},"sameAs":["https:\/\/www.facebook.com\/iFamNews","https:\/\/x.com\/iFamNewsEN"]},{"@type":"Person","@id":"https:\/\/ifamnews.com\/en\/#\/schema\/person\/17118599da2799311b3611609a244572","name":"Barbara Santambrogio","image":{"@type":"ImageObject","inLanguage":"es","@id":"https:\/\/secure.gravatar.com\/avatar\/e82fde821e1707b5acb9fe7ab0a5d6e32d42db6117e73021c2fc05cc90dad32f?s=96&d=mm&r=g","url":"https:\/\/secure.gravatar.com\/avatar\/e82fde821e1707b5acb9fe7ab0a5d6e32d42db6117e73021c2fc05cc90dad32f?s=96&d=mm&r=g","contentUrl":"https:\/\/secure.gravatar.com\/avatar\/e82fde821e1707b5acb9fe7ab0a5d6e32d42db6117e73021c2fc05cc90dad32f?s=96&d=mm&r=g","caption":"Barbara Santambrogio"},"description":"After an original and varied working path, in the field of advertising and publishing, but also in the world of wine, she finally came to deal with what she is most passionate about. Today she writes (for the web, but not only), deals with translations and teaches in elementary school. Biological and adoptive mother, she loves reading and running.","url":"https:\/\/ifamnews.com\/es\/author\/bsantambrogio"}]}},"amp_enabled":true,"_links":{"self":[{"href":"https:\/\/ifamnews.com\/es\/wp-json\/wp\/v2\/posts\/109127","targetHints":{"allow":["GET"]}}],"collection":[{"href":"https:\/\/ifamnews.com\/es\/wp-json\/wp\/v2\/posts"}],"about":[{"href":"https:\/\/ifamnews.com\/es\/wp-json\/wp\/v2\/types\/post"}],"author":[{"embeddable":true,"href":"https:\/\/ifamnews.com\/es\/wp-json\/wp\/v2\/users\/14"}],"replies":[{"embeddable":true,"href":"https:\/\/ifamnews.com\/es\/wp-json\/wp\/v2\/comments?post=109127"}],"version-history":[{"count":3,"href":"https:\/\/ifamnews.com\/es\/wp-json\/wp\/v2\/posts\/109127\/revisions"}],"predecessor-version":[{"id":109131,"href":"https:\/\/ifamnews.com\/es\/wp-json\/wp\/v2\/posts\/109127\/revisions\/109131"}],"wp:featuredmedia":[{"embeddable":true,"href":"https:\/\/ifamnews.com\/es\/wp-json\/wp\/v2\/media\/103744"}],"wp:attachment":[{"href":"https:\/\/ifamnews.com\/es\/wp-json\/wp\/v2\/media?parent=109127"}],"wp:term":[{"taxonomy":"category","embeddable":true,"href":"https:\/\/ifamnews.com\/es\/wp-json\/wp\/v2\/categories?post=109127"},{"taxonomy":"post_tag","embeddable":true,"href":"https:\/\/ifamnews.com\/es\/wp-json\/wp\/v2\/tags?post=109127"}],"curies":[{"name":"wp","href":"https:\/\/api.w.org\/{rel}","templated":true}]}}