{"id":106891,"date":"2021-11-24T01:00:00","date_gmt":"2021-11-24T06:00:00","guid":{"rendered":"https:\/\/ifamnews.com\/?p=106891"},"modified":"2021-11-23T06:33:47","modified_gmt":"2021-11-23T11:33:47","slug":"hay-que-condenar-la-violencia-contra-la-mujer-pero-huir-de-la-generalizaci-n-de-v-ctimas-y-maltratadores","status":"publish","type":"post","link":"https:\/\/ifamnews.com\/es\/hay-que-condenar-la-violencia-contra-la-mujer-pero-huir-de-la-generalizaci-n-de-v-ctimas-y-maltratadores","title":{"rendered":"Hay que condenar la violencia contra la mujer pero huir de la generalizaci\u00f3n de v\u00edctimas y maltratadores"},"content":{"rendered":"\n<p>Con motivo del <strong>D\u00eda Internacional de la Eliminaci\u00f3n de la Violencia contra la Mujer<\/strong>, que se celebra el d\u00eda 25 de noviembre, la plataforma Women of the World se suma al rechazo frontal de toda violencia contra la mujer.<\/p>\n\n\n\n<p>La responsable de la delegaci\u00f3n en Espa\u00f1a, Miriam G\u00f3mez de Ag\u00fcero, afirma que \u201c Queremos dejar clara nuestra condena a la violencia, una exigencia contundente del cumplimiento \u00edntegro de las penas para los maltratadores, violadores etc\u2026y lo que entendemos&nbsp; que es la violencia contra la mujer y lo que implica y de qu\u00e9 manera se debe combatir, pero nos negamos a generalizar y &nbsp;de ninguna manera admitimos la criminalizaci\u00f3n del var\u00f3n\u201d<\/p>\n\n\n\n<p>La plataforma ha elaborado un dec\u00e1logo claro, conciso y contundente sobre la violencia contra la mujer.&nbsp; Entre sus 10 puntos incluye elementos controvertidos como el rechazo a la p\u00e9rdida de la presunci\u00f3n de inocencia y la criminalizaci\u00f3n del var\u00f3n, &nbsp;la afirmaci\u00f3n de que tambi\u00e9n las mujeres ejercen violencia sobre otras mujeres, la condena a las culturas que justifican la violencia o la afirmaci\u00f3n de que son tambi\u00e9n violencia contra la mujer&nbsp;el acoso laboral del&nbsp;<em>mobbing<\/em>&nbsp;maternal, el chantaje econ\u00f3mico, la imposici\u00f3n de un comportamiento bajo amenaza, los vientres de alquiler, la mutilaci\u00f3n genital femenina, la prostituci\u00f3n y la trata de personas.<\/p>\n\n\n\n<p>Estos 10 putos sugieren tambi\u00e9n diferentes formas de prevenir y combatir la violencia contra la mujer, por ejemplo, &nbsp;\u201cafirmando&nbsp;su dignidad y derechos iguales a los del var\u00f3n. Protegiendo y potenciando la identidad femenina y&nbsp;la grandeza de la maternidad\u201d. Piden tambi\u00e9n cumplimiento \u00edntegro de las penas as\u00ed como leyes que protejan a la mujer pero sean tambi\u00e9n justas con el hombre.<\/p>\n\n\n\n<p>Miriam G\u00f3mez de Ag\u00fcero apunta tambi\u00e9n hacia el Ministerio de Igualdad afirmando que \u201cresulta inadmisible y de una contradicci\u00f3n insultante, el pretender defender a la mujer criminalizando al var\u00f3n en las culturas occidentales pero callar ante la violencia arraigada en las culturas que justifican y defienden esa misma violencia\u201d.<\/p>\n\n\n\n<p>El documento con los 10 puntos, que copiamos debajo, se puede leer y descargar aqu\u00ed:&nbsp;<a href=\"https:\/\/womenworldplatform.com\/wp-content\/uploads\/2021\/11\/Ante-la-violencia-contra-la-mujer.pdf\" target=\"_blank\" rel=\"noreferrer noopener\">https:\/\/womenworldplatform.com\/wp-content\/uploads\/2021\/11\/Ante-la-violencia-contra-la-mujer.pdf<\/a>&nbsp;<\/p>\n\n\n\n<p><strong>ANTE LA VIOLENCIA CONTRA LA MUJER:<\/strong><\/p>\n\n\n\n<ol class=\"wp-block-list\"><li>Condenamos en\u00e9rgicamente todo tipo de violencia contra la mujer&nbsp;ya sea&nbsp;en el hogar,&nbsp;lugar de trabajo o espacios de ocio.<\/li><li>Consideramos que la violencia contra la mujer se ejerce de manera f\u00edsica,&nbsp;psicol\u00f3gica, verbal y econ\u00f3mica, de manera directa e indirecta contra ella o sus familiares directos, especialmente sus hijos.<\/li><li>Afirmamos que tambi\u00e9n es violencia contra la mujer, aunque menos evidente, el acoso laboral del&nbsp;<em>mobbing<\/em>&nbsp;maternal, el chantaje econ\u00f3mico, la imposici\u00f3n de un comportamiento bajo amenaza, los vientres de alquiler, la mutilaci\u00f3n genital femenina, la prostituci\u00f3n y la trata de personas.<\/li><li>Sostenemos que la violencia contra la mujer la ejercen tanto hombres como mujeres.<\/li><li>Nos duele, nos preocupa y nos indigna que sigan d\u00e1ndose casos de violencia contra la mujer en todo el mundo. Que determinadas culturas lo justifiquen y otras lo ignoren. Y nos negamos a aceptar sociedades y culturas en las que a la&nbsp;mujer no se le reconocen los mismos derechos que al hombre.<\/li><li>Condenamos la criminalizaci\u00f3n del var\u00f3n como potencial maltratador y la p\u00e9rdida de la presunci\u00f3n de inocencia.<\/li><li>Consideramos que la violencia contra la mujer se combate afirmando&nbsp;su dignidad y derechos iguales a los del var\u00f3n. Protegiendo y potenciando la identidad femenina y&nbsp;la grandeza de la maternidad. Reconociendo el valor de la dedicaci\u00f3n a la familia y la necesaria participaci\u00f3n de la mujer en mercado laboral, la sociedad y la pol\u00edtica.<\/li><li>Exigimos cumplimiento \u00edntegro de las condenas, sanciones justas&nbsp;y reparaci\u00f3n del da\u00f1o causado.<\/li><li>Necesitamos leyes que protejan a la mujer pero que sean justas con el hombre.<\/li><li>Pedimos que&nbsp;se&nbsp;d\u00e9 la atenci\u00f3n adecuada a las circunstancias y necesidades de cada caso, sin generalizar la situaci\u00f3n de las v\u00edctimas ni catalogarlas como \u00abviolencia de g\u00e9nero\u00bb.<\/li><\/ol>\n","protected":false},"excerpt":{"rendered":"<p>REMITIDO: La plataforma Women of the World asegura que \u201cNo es de recibo defender a la mujer criminalizando al var\u00f3n en las culturas occidentales, y callar ante la violencia arraigada en las culturas que justifican y defienden esa misma violencia\u201d.<\/p>\n","protected":false},"author":632,"featured_media":106892,"comment_status":"open","ping_status":"open","sticky":false,"template":"","format":"standard","meta":{"give_campaign_id":0,"om_disable_all_campaigns":false,"_monsterinsights_skip_tracking":false,"_monsterinsights_sitenote_active":false,"_monsterinsights_sitenote_note":"","_monsterinsights_sitenote_category":0,"mc4wp_mailchimp_campaign":[],"jnews-multi-image_gallery":[],"jnews_single_post":{"subtitle":"REMITIDO: La plataforma Women of the World asegura que \u201cNo es de recibo defender a la mujer criminalizando al var\u00f3n en las culturas occidentales, y callar ante la violencia arraigada en las culturas que justifican y defienden esa misma violencia\u201d.","format":"standard","video":"","gallery":"","source_name":"","source_url":"","via_name":"","via_url":"","override":[{"template":"1","single_blog_custom":"","parallax":"1","fullscreen":"1","layout":"right-sidebar","sidebar":"default-sidebar","second_sidebar":"default-sidebar","sticky_sidebar":"1","share_position":"top","share_float_style":"share-monocrhome","show_share_counter":"1","show_view_counter":"1","show_featured":"1","show_post_meta":"1","show_post_author":"1","show_post_author_image":"1","show_post_date":"1","post_date_format":"default","post_date_format_custom":"Y\/m\/d","show_post_category":"1","post_reading_time_wpm":"300","zoom_button_out_step":"2","zoom_button_in_step":"3","show_post_tag":"1","show_prev_next_post":"1","show_popup_post":"1","number_popup_post":"1"}],"image_override":[{"single_post_thumbnail_size":"crop-500","single_post_gallery_size":"crop-500"}],"trending_post_position":"meta","trending_post_label":"Trending","sponsored_post_label":"Sponsored by","sponsored_post_name":"","sponsored_post_url":"","sponsored_post_logo":"","sponsored_post_desc":""},"jnews_primary_category":{"id":""},"jnews_social_meta":{"fb_title":"","fb_description":"","fb_image":"","twitter_title":"","twitter_description":"","twitter_image":""},"jnews_override_counter":{"view_counter_number":"0","share_counter_number":"0","like_counter_number":"0","dislike_counter_number":"0"},"footnotes":""},"categories":[775,810,815],"tags":[],"class_list":["post-106891","post","type-post","status-publish","format-standard","has-post-thumbnail","hentry","category-familia","category-foreground-es","category-breaking-news-es"],"yoast_head":"<!-- This site is optimized with the Yoast SEO Premium plugin v25.9 (Yoast SEO v27.3) - https:\/\/yoast.com\/product\/yoast-seo-premium-wordpress\/ -->\n<title>Hay que condenar la violencia contra la mujer pero huir de la generalizaci\u00f3n de v\u00edctimas y maltratadores - IFN<\/title>\n<meta name=\"description\" content=\"No se defiende a la mujer criminalizando al var\u00f3n en las culturas occidentales, y callar ante la violencia arraigadas en otras culturas\" \/>\n<meta name=\"robots\" content=\"index, follow, max-snippet:-1, max-image-preview:large, max-video-preview:-1\" \/>\n<link rel=\"canonical\" href=\"https:\/\/ifamnews.com\/es\/hay-que-condenar-la-violencia-contra-la-mujer-pero-huir-de-la-generalizaci-n-de-v-ctimas-y-maltratadores\" \/>\n<meta property=\"og:locale\" content=\"es_ES\" \/>\n<meta property=\"og:type\" content=\"article\" \/>\n<meta property=\"og:title\" content=\"Hay que condenar la violencia contra la mujer pero huir de la generalizaci\u00f3n de v\u00edctimas y maltratadores\" \/>\n<meta property=\"og:description\" content=\"No se defiende a la mujer criminalizando al var\u00f3n en las culturas occidentales, y callar ante la violencia arraigadas en otras culturas\" \/>\n<meta property=\"og:url\" content=\"https:\/\/ifamnews.com\/es\/hay-que-condenar-la-violencia-contra-la-mujer-pero-huir-de-la-generalizaci-n-de-v-ctimas-y-maltratadores\" \/>\n<meta property=\"og:site_name\" content=\"IFN\" \/>\n<meta property=\"article:publisher\" content=\"https:\/\/www.facebook.com\/iFamNews\" \/>\n<meta property=\"article:published_time\" content=\"2021-11-24T06:00:00+00:00\" \/>\n<meta property=\"og:image\" content=\"https:\/\/ifamnews.com\/wp-content\/uploads\/2021\/11\/maltrato.png\" \/>\n\t<meta property=\"og:image:width\" content=\"1200\" \/>\n\t<meta property=\"og:image:height\" content=\"675\" \/>\n\t<meta property=\"og:image:type\" content=\"image\/png\" \/>\n<meta name=\"author\" content=\"Leonor Tamayo\" \/>\n<meta name=\"twitter:card\" content=\"summary_large_image\" \/>\n<meta name=\"twitter:creator\" content=\"@https:\/\/twitter.com\/tamayoleonor\" \/>\n<meta name=\"twitter:site\" content=\"@iFamNewsEN\" \/>\n<meta name=\"twitter:label1\" content=\"Escrito por\" \/>\n\t<meta name=\"twitter:data1\" content=\"Leonor Tamayo\" \/>\n\t<meta name=\"twitter:label2\" content=\"Tiempo de lectura\" \/>\n\t<meta name=\"twitter:data2\" content=\"3 minutos\" \/>\n<!-- \/ Yoast SEO Premium plugin. -->","yoast_head_json":{"title":"Hay que condenar la violencia contra la mujer pero huir de la generalizaci\u00f3n de v\u00edctimas y maltratadores - IFN","description":"No se defiende a la mujer criminalizando al var\u00f3n en las culturas occidentales, y callar ante la violencia arraigadas en otras culturas","robots":{"index":"index","follow":"follow","max-snippet":"max-snippet:-1","max-image-preview":"max-image-preview:large","max-video-preview":"max-video-preview:-1"},"canonical":"https:\/\/ifamnews.com\/es\/hay-que-condenar-la-violencia-contra-la-mujer-pero-huir-de-la-generalizaci-n-de-v-ctimas-y-maltratadores","og_locale":"es_ES","og_type":"article","og_title":"Hay que condenar la violencia contra la mujer pero huir de la generalizaci\u00f3n de v\u00edctimas y maltratadores","og_description":"No se defiende a la mujer criminalizando al var\u00f3n en las culturas occidentales, y callar ante la violencia arraigadas en otras culturas","og_url":"https:\/\/ifamnews.com\/es\/hay-que-condenar-la-violencia-contra-la-mujer-pero-huir-de-la-generalizaci-n-de-v-ctimas-y-maltratadores","og_site_name":"IFN","article_publisher":"https:\/\/www.facebook.com\/iFamNews","article_published_time":"2021-11-24T06:00:00+00:00","og_image":[{"width":1200,"height":675,"url":"https:\/\/ifamnews.com\/wp-content\/uploads\/2021\/11\/maltrato.png","type":"image\/png"}],"author":"Leonor Tamayo","twitter_card":"summary_large_image","twitter_creator":"@https:\/\/twitter.com\/tamayoleonor","twitter_site":"@iFamNewsEN","twitter_misc":{"Escrito por":"Leonor Tamayo","Tiempo de lectura":"3 minutos"},"schema":{"@context":"https:\/\/schema.org","@graph":[{"@type":"NewsArticle","@id":"https:\/\/ifamnews.com\/es\/hay-que-condenar-la-violencia-contra-la-mujer-pero-huir-de-la-generalizaci-n-de-v-ctimas-y-maltratadores#article","isPartOf":{"@id":"https:\/\/ifamnews.com\/es\/hay-que-condenar-la-violencia-contra-la-mujer-pero-huir-de-la-generalizaci-n-de-v-ctimas-y-maltratadores"},"author":{"name":"Leonor Tamayo","@id":"https:\/\/ifamnews.com\/en\/#\/schema\/person\/761074811b1cee9147fc1aa1c5847ca9"},"headline":"Hay que condenar la violencia contra la mujer pero huir de la generalizaci\u00f3n de v\u00edctimas y maltratadores","datePublished":"2021-11-24T06:00:00+00:00","mainEntityOfPage":{"@id":"https:\/\/ifamnews.com\/es\/hay-que-condenar-la-violencia-contra-la-mujer-pero-huir-de-la-generalizaci-n-de-v-ctimas-y-maltratadores"},"wordCount":730,"commentCount":0,"publisher":{"@id":"https:\/\/ifamnews.com\/en\/#organization"},"image":{"@id":"https:\/\/ifamnews.com\/es\/hay-que-condenar-la-violencia-contra-la-mujer-pero-huir-de-la-generalizaci-n-de-v-ctimas-y-maltratadores#primaryimage"},"thumbnailUrl":"https:\/\/ifamnews.com\/wp-content\/uploads\/2021\/11\/maltrato.png","articleSection":["Familia","Foreground","\u00daLTIMAS NOTICIAS"],"inLanguage":"es","potentialAction":[{"@type":"CommentAction","name":"Comment","target":["https:\/\/ifamnews.com\/es\/hay-que-condenar-la-violencia-contra-la-mujer-pero-huir-de-la-generalizaci-n-de-v-ctimas-y-maltratadores#respond"]}]},{"@type":"WebPage","@id":"https:\/\/ifamnews.com\/es\/hay-que-condenar-la-violencia-contra-la-mujer-pero-huir-de-la-generalizaci-n-de-v-ctimas-y-maltratadores","url":"https:\/\/ifamnews.com\/es\/hay-que-condenar-la-violencia-contra-la-mujer-pero-huir-de-la-generalizaci-n-de-v-ctimas-y-maltratadores","name":"Hay que condenar la violencia contra la mujer pero huir de la generalizaci\u00f3n de v\u00edctimas y maltratadores - IFN","isPartOf":{"@id":"https:\/\/ifamnews.com\/en\/#website"},"primaryImageOfPage":{"@id":"https:\/\/ifamnews.com\/es\/hay-que-condenar-la-violencia-contra-la-mujer-pero-huir-de-la-generalizaci-n-de-v-ctimas-y-maltratadores#primaryimage"},"image":{"@id":"https:\/\/ifamnews.com\/es\/hay-que-condenar-la-violencia-contra-la-mujer-pero-huir-de-la-generalizaci-n-de-v-ctimas-y-maltratadores#primaryimage"},"thumbnailUrl":"https:\/\/ifamnews.com\/wp-content\/uploads\/2021\/11\/maltrato.png","datePublished":"2021-11-24T06:00:00+00:00","description":"No se defiende a la mujer criminalizando al var\u00f3n en las culturas occidentales, y callar ante la violencia arraigadas en otras culturas","breadcrumb":{"@id":"https:\/\/ifamnews.com\/es\/hay-que-condenar-la-violencia-contra-la-mujer-pero-huir-de-la-generalizaci-n-de-v-ctimas-y-maltratadores#breadcrumb"},"inLanguage":"es","potentialAction":[{"@type":"ReadAction","target":["https:\/\/ifamnews.com\/es\/hay-que-condenar-la-violencia-contra-la-mujer-pero-huir-de-la-generalizaci-n-de-v-ctimas-y-maltratadores"]}]},{"@type":"ImageObject","inLanguage":"es","@id":"https:\/\/ifamnews.com\/es\/hay-que-condenar-la-violencia-contra-la-mujer-pero-huir-de-la-generalizaci-n-de-v-ctimas-y-maltratadores#primaryimage","url":"https:\/\/ifamnews.com\/wp-content\/uploads\/2021\/11\/maltrato.png","contentUrl":"https:\/\/ifamnews.com\/wp-content\/uploads\/2021\/11\/maltrato.png","width":1200,"height":675},{"@type":"BreadcrumbList","@id":"https:\/\/ifamnews.com\/es\/hay-que-condenar-la-violencia-contra-la-mujer-pero-huir-de-la-generalizaci-n-de-v-ctimas-y-maltratadores#breadcrumb","itemListElement":[{"@type":"ListItem","position":1,"name":"Home","item":"https:\/\/ifamnews.com\/de"},{"@type":"ListItem","position":2,"name":"\u041f\u043e\u0440\u043e\u0434\u0438\u0446\u0430","item":"https:\/\/ifamnews.com\/sr\/kategorija\/poroditsa"},{"@type":"ListItem","position":3,"name":"Hay que condenar la violencia contra la mujer pero huir de la generalizaci\u00f3n de v\u00edctimas y maltratadores"}]},{"@type":"WebSite","@id":"https:\/\/ifamnews.com\/en\/#website","url":"https:\/\/ifamnews.com\/en\/","name":"IFN","description":"International Family News Network","publisher":{"@id":"https:\/\/ifamnews.com\/en\/#organization"},"potentialAction":[{"@type":"SearchAction","target":{"@type":"EntryPoint","urlTemplate":"https:\/\/ifamnews.com\/en\/?s={search_term_string}"},"query-input":{"@type":"PropertyValueSpecification","valueRequired":true,"valueName":"search_term_string"}}],"inLanguage":"es"},{"@type":"Organization","@id":"https:\/\/ifamnews.com\/en\/#organization","name":"iFamNews","url":"https:\/\/ifamnews.com\/en\/","logo":{"@type":"ImageObject","inLanguage":"es","@id":"https:\/\/ifamnews.com\/en\/#\/schema\/logo\/image\/","url":"https:\/\/ifamnews.com\/wp-content\/uploads\/2020\/01\/Share-logo.png","contentUrl":"https:\/\/ifamnews.com\/wp-content\/uploads\/2020\/01\/Share-logo.png","width":200,"height":200,"caption":"iFamNews"},"image":{"@id":"https:\/\/ifamnews.com\/en\/#\/schema\/logo\/image\/"},"sameAs":["https:\/\/www.facebook.com\/iFamNews","https:\/\/x.com\/iFamNewsEN"]},{"@type":"Person","@id":"https:\/\/ifamnews.com\/en\/#\/schema\/person\/761074811b1cee9147fc1aa1c5847ca9","name":"Leonor Tamayo","image":{"@type":"ImageObject","inLanguage":"es","@id":"https:\/\/secure.gravatar.com\/avatar\/dfe906e01a8e234582c6c3df0eb0c52383c675f0e693c75e468adea76e138751?s=96&d=mm&r=g","url":"https:\/\/secure.gravatar.com\/avatar\/dfe906e01a8e234582c6c3df0eb0c52383c675f0e693c75e468adea76e138751?s=96&d=mm&r=g","contentUrl":"https:\/\/secure.gravatar.com\/avatar\/dfe906e01a8e234582c6c3df0eb0c52383c675f0e693c75e468adea76e138751?s=96&d=mm&r=g","caption":"Leonor Tamayo"},"description":"Leonor Tamayo is married to an extraordinary man, with whom she has 10 children and a life full of joy, disorder and noise. She is an enthusiastic and grateful Catholic. She is determined to put her 2 loaves of bread and 5 fishes for God to multiply, if He wants. The free time she can scrape, she dedicates to coordinate and keep running the gears of the Global Women of the World Platform that she founded a few years ago.","sameAs":["https:\/\/womenworldplatform.com\/","https:\/\/instagram.com\/mihistoriayoncemas\/","https:\/\/x.com\/https:\/\/twitter.com\/tamayoleonor","azulueta"],"url":"https:\/\/ifamnews.com\/es\/author\/leonor-tamayo"}]}},"amp_enabled":true,"_links":{"self":[{"href":"https:\/\/ifamnews.com\/es\/wp-json\/wp\/v2\/posts\/106891","targetHints":{"allow":["GET"]}}],"collection":[{"href":"https:\/\/ifamnews.com\/es\/wp-json\/wp\/v2\/posts"}],"about":[{"href":"https:\/\/ifamnews.com\/es\/wp-json\/wp\/v2\/types\/post"}],"author":[{"embeddable":true,"href":"https:\/\/ifamnews.com\/es\/wp-json\/wp\/v2\/users\/632"}],"replies":[{"embeddable":true,"href":"https:\/\/ifamnews.com\/es\/wp-json\/wp\/v2\/comments?post=106891"}],"version-history":[{"count":2,"href":"https:\/\/ifamnews.com\/es\/wp-json\/wp\/v2\/posts\/106891\/revisions"}],"predecessor-version":[{"id":106901,"href":"https:\/\/ifamnews.com\/es\/wp-json\/wp\/v2\/posts\/106891\/revisions\/106901"}],"wp:featuredmedia":[{"embeddable":true,"href":"https:\/\/ifamnews.com\/es\/wp-json\/wp\/v2\/media\/106892"}],"wp:attachment":[{"href":"https:\/\/ifamnews.com\/es\/wp-json\/wp\/v2\/media?parent=106891"}],"wp:term":[{"taxonomy":"category","embeddable":true,"href":"https:\/\/ifamnews.com\/es\/wp-json\/wp\/v2\/categories?post=106891"},{"taxonomy":"post_tag","embeddable":true,"href":"https:\/\/ifamnews.com\/es\/wp-json\/wp\/v2\/tags?post=106891"}],"curies":[{"name":"wp","href":"https:\/\/api.w.org\/{rel}","templated":true}]}}