{"id":105912,"date":"2021-11-28T01:00:00","date_gmt":"2021-11-28T06:00:00","guid":{"rendered":"https:\/\/ifamnews.com\/?p=105912"},"modified":"2021-11-18T06:40:23","modified_gmt":"2021-11-18T11:40:23","slug":"del-certificado-de-salud-sexual-en-el-s-xix-al-certificado-covid-en-el-xxi","status":"publish","type":"post","link":"https:\/\/ifamnews.com\/es\/del-certificado-de-salud-sexual-en-el-s-xix-al-certificado-covid-en-el-xxi","title":{"rendered":"Del certificado de salud sexual en el s. XIX al certificado Covid en el XXI"},"content":{"rendered":"\n<p>Aunque nos parezca inveros\u00edmil, hay muchas voces que alertan sobre el resurgimiento de la ideolog\u00eda eugen\u00e9sica de un modo encubierto. Son varios los m\u00e9todos por los que ya hoy est\u00e1 llev\u00e1ndose a cabo, sin embargo, para no alargar este escrito, hoy me centrar\u00e9 en un dato muy esclarecedor y concreto.<\/p>\n\n\n\n<p>La eugenesia, cuyo fin era lograr una sociedad perfectamente sana, se remonta a sus or\u00edgenes a finales del s. XIX, cuando las ideas de Francis Galton, considerado el padre de la eugenesia, e influido por la teor\u00eda de la evoluci\u00f3n de Charles Darwin, familiar suyo fueron extendi\u00e9ndose.<\/p>\n\n\n\n<p>Las clases m\u00e1s pudientes de las sociedades inglesas y alemanas vieron en la eugenesia una oportunidad para mejorar la salud de las naciones. Lo explica la profesora em\u00e9rita de la Universidad de Indiana (EEUU) Ruth Clifford Engs, autora de The Eugenics Movement: An Encyclopedia (Greenwood, 2005): \u201c<em>Si eras una persona bien formada en un pa\u00eds de habla inglesa o alemana, la eugenesia se consideraba la mejor manera de promover la salud de la poblaci\u00f3n\u201d<a href=\"#_ftn1\"><strong>[1]<\/strong><\/a>.<\/em><\/p>\n\n\n\n<p>La llamada eugenesia positiva (si se puede llamar positivo deshacerse de una parte de la poblaci\u00f3n o impedir que nazcan) pretend\u00eda una sociedad saludable mediante h\u00e1bitos de buena nutrici\u00f3n, deporte, sanidad sexual e higiene.<\/p>\n\n\n\n<p>Tal y como apreciar\u00e1 el lector, lo que tenemos hoy en d\u00eda instaurado en nuestra sociedad no es nuevo, viene de hace siglo y medio. De hecho, en los centros educativos contamos con programas espec\u00edficos dirigidos a crear en los alumnos h\u00e1bitos de salud, higiene y nutrici\u00f3n, sin olvidar los programas sexuales afectivos con su buena carga ideol\u00f3gica en la perspectiva del g\u00e9nero e incluyendo entre los llamados servicios sexuales la anticoncepci\u00f3n y el aborto.<\/p>\n\n\n\n<p>Pero lo que m\u00e1s me ha llamado la atenci\u00f3n de esta eugenesia positiva, es que ya dispon\u00edan de certificados de salud.<\/p>\n\n\n\n<p>Durante estos a\u00f1os, se expandieron <strong>las llamadas leyes de Mendel, de Johan Gregor Mendel, el creador de la gen\u00e9tica<\/strong><a href=\"#_ftn2\"><strong>[2]<\/strong><\/a><strong>.<\/strong> Se trataban del conjunto de reglas b\u00e1sicas sobre la transmisi\u00f3n por herencia gen\u00e9tica de las caracter\u00edsticas de los organismos de los padres a sus hijos y que constituyeron el fundamento de la gen\u00e9tica.<a href=\"#_ftn3\">[3]<\/a> Es por ello, por lo que se pensaba que, si unos padres no estaban sanos, tendr\u00edan hijos enfermos. Por lo tanto, para impedir este resultado, comenzaron a exigirse certificados de salud sexual para conceder un permiso de matrimonio, o se justificaban persecuciones a los colectivos considerados indeseables.<\/p>\n\n\n\n<p>Si analizamos estas leyes de Mendel podemos llegar a la idea de que se basar\u00edan en lo que actualmente conocemos como pol\u00edtica transversal, tal y como nos recuerda Philippa Levine, historiadora de la eugenesia de la Universidad de Texas (EEUU) y coeditora de The Oxford Handbook of the History of Eugenics (Oxford University Press, 2010).<\/p>\n\n\n\n<p>Entendemos por pol\u00edtica transversal el mecanismo que permite el eje com\u00fan que nos mejora humanamente, sacando a la luz los intereses colectivos por encima de los propios<a href=\"#_ftn4\">[4]<\/a>. De ah\u00ed, surgen las pol\u00edticas de salud ya mencionadas, pero tambi\u00e9n las de igualdad que resguardan a los colectivos feministas y LGTBI, as\u00ed como las medioambientales que nos llevan a pol\u00edticas por la defensa de la ahora llamada \u201cPacha mama\u201d en contra del hombre opresor. Y todo esto nos empuja hacia el colectivismo, la gran masa de individuos sin identidad propia, sin intereses personales, tan solo movidos por el \u201cbien com\u00fan\u201d. Lo cual bien podr\u00eda parecerse al ideal comunista libertario<\/p>\n\n\n\n<p>Entre las caracter\u00edsticas que se\u00f1alan lo que es una eugenesia, hallamos la segregaci\u00f3n de la poblaci\u00f3n. En anta\u00f1o ocurri\u00f3 en Francia, Espa\u00f1a, Reino Unido, la mayor parte de Canad\u00e1 y Latinoam\u00e9rica, en las que se dio la eugenesia positiva por motivo de salud ya mencionada. Durante la Alemania Nazi, se llev\u00f3 a cabo un genocidio eugen\u00e9sico en base a la raza. Y durante el apartheid en \u00c1frica, se sufri\u00f3 tambi\u00e9n una segregaci\u00f3n de la sociedad por razas imponiendo serias restricciones a los negros. Y no olvidemos que todo ello fue en su momento legal.<\/p>\n\n\n\n<p>Quiz\u00e1s ahora nos parezca una barbaridad, y podemos llegar a pensar que la sociedad ha madurado y no aceptar\u00eda esas acciones nuevamente.<\/p>\n\n\n\n<p>Ahora volvamos a nuestro siglo XXI, un siglo de grandes avances, de grandes libertades logradas a base de esfuerzo. En las que nuestras sociedades se asientan en democracias que nos garantizan el respeto a nuestros derechos fundamentales. Pero, analicemos un poco m\u00e1s detenidamente la situaci\u00f3n actual a la que nos enfrentamos hace m\u00e1s de a\u00f1o y medio en todo el mundo. \u00bfQui\u00e9nes son hoy los colectivos considerados indeseables? \u00bfPodr\u00edan ser las personas no vacunadas? Y \u00bfQu\u00e9 se exige a los ciudadanos para tener una buena salud? Un certificado de vacunaci\u00f3n. Incluso ya se habla en algunos lugares de la exigencia de un certificado Covid para poder contraer matrimonio como est\u00e1 ocurriendo en Canad\u00e1<a href=\"#_ftn5\">[5]<\/a>.<\/p>\n\n\n\n<p>Antes, hace unas d\u00e9cadas, la excusa era mantener una sociedad sana, ahora \u00bfcu\u00e1l es la excusa?, me temo que la misma, pero con unos intereses muy oscuros por parte de los que someten a la poblaci\u00f3n a sus dict\u00e1menes totalitarios.<\/p>\n\n\n\n<p>Un saludo, la Paz y hasta muy pronto.<\/p>\n\n\n\n<hr class=\"wp-block-separator\"\/>\n\n\n\n<p><a href=\"#_ftnref1\">[1]<\/a> <a href=\"https:\/\/www.bbvaopenmind.com\/ciencia\/biociencias\/la-era-de-la-eugenesia-cuando-la-pseudociencia-se-hizo-ley\/\">La era de la eugenesia: cuando la pseudociencia se hizo ley | OpenMind (bbvaopenmind.com)<\/a><\/p>\n\n\n\n<p><a href=\"#_ftnref2\">[2]<\/a> <a href=\"https:\/\/hablandodeciencia.com\/darwin-y-las-leyes-de-la-herencia-de-mendel\/\">https:\/\/hablandodeciencia.com\/darwin-y-las-leyes-de-la-herencia-de-mendel\/<\/a><\/p>\n\n\n\n<p><a href=\"#_ftnref3\">[3]<\/a> <a href=\"https:\/\/donsigno.com\/alexander-graham-bell-y-la-eugenesia\/\">https:\/\/donsigno.com\/alexander-graham-bell-y-la-eugenesia\/<\/a><\/p>\n\n\n\n<p><a href=\"#_ftnref4\">[4]<\/a> <a href=\"https:\/\/politicatransversal.wordpress.com\/presentacio\/\">https:\/\/politicatransversal.wordpress.com\/presentacio\/<\/a><\/p>\n\n\n\n<p><a href=\"#_ftnref5\">[5]<\/a> <a href=\"https:\/\/www.eldiestro.es\/2021\/10\/en-una-ciudad-de-canada-se-obliga-a-presentar-las-pruebas-de-inoculacion-a-las-parejas-que-quieran-casarse\/\">https:\/\/www.eldiestro.es\/2021\/10\/en-una-ciudad-de-canada-se-obliga-a-presentar-las-pruebas-de-inoculacion-a-las-parejas-que-quieran-casarse\/<\/a><\/p>\n","protected":false},"excerpt":{"rendered":"<p>Antes, hace unas d\u00e9cadas, las excusas eugen\u00e9sicas eran mantener una sociedad sana, ahora \u00bfcu\u00e1l es la excusa?, me temo que la misma, pero con unos intereses muy oscuros por parte de los que someten a la poblaci\u00f3n a sus dict\u00e1menes totalitarios.<\/p>\n","protected":false},"author":567,"featured_media":105913,"comment_status":"open","ping_status":"open","sticky":false,"template":"","format":"standard","meta":{"give_campaign_id":0,"om_disable_all_campaigns":false,"_monsterinsights_skip_tracking":false,"_monsterinsights_sitenote_active":false,"_monsterinsights_sitenote_note":"","_monsterinsights_sitenote_category":0,"mc4wp_mailchimp_campaign":[],"jnews-multi-image_gallery":[],"jnews_single_post":{"subtitle":"Antes, hace unas d\u00e9cadas, las excusas eugen\u00e9sicas eran mantener una sociedad sana, ahora \u00bfcu\u00e1l es la excusa?, me temo que la misma, pero con unos intereses muy oscuros por parte de los que someten a la poblaci\u00f3n a sus dict\u00e1menes totalitarios.","format":"standard","video":"","gallery":"","source_name":"","source_url":"","via_name":"","via_url":"","override":[{"template":"1","single_blog_custom":"","parallax":"1","fullscreen":"1","layout":"right-sidebar","sidebar":"default-sidebar","second_sidebar":"default-sidebar","sticky_sidebar":"1","share_position":"top","share_float_style":"share-monocrhome","show_share_counter":"1","show_view_counter":"1","show_featured":"1","show_post_meta":"1","show_post_author":"1","show_post_author_image":"1","show_post_date":"1","post_date_format":"default","post_date_format_custom":"Y\/m\/d","show_post_category":"1","post_reading_time_wpm":"300","zoom_button_out_step":"2","zoom_button_in_step":"3","show_post_tag":"1","show_prev_next_post":"1","show_popup_post":"1","number_popup_post":"1"}],"image_override":[{"single_post_thumbnail_size":"crop-500","single_post_gallery_size":"crop-500"}],"trending_post_position":"meta","trending_post_label":"Trending","sponsored_post_label":"Sponsored by","sponsored_post_name":"","sponsored_post_url":"","sponsored_post_logo":"","sponsored_post_desc":""},"jnews_primary_category":{"id":""},"jnews_social_meta":{"fb_title":"","fb_description":"","fb_image":"","twitter_title":"","twitter_description":"","twitter_image":""},"jnews_override_counter":{"view_counter_number":"0","share_counter_number":"0","like_counter_number":"0","dislike_counter_number":"0"},"footnotes":""},"categories":[772,810,815],"tags":[],"class_list":["post-105912","post","type-post","status-publish","format-standard","has-post-thumbnail","hentry","category-ciencias","category-foreground-es","category-breaking-news-es"],"yoast_head":"<!-- This site is optimized with the Yoast SEO Premium plugin v25.9 (Yoast SEO v27.3) - https:\/\/yoast.com\/product\/yoast-seo-premium-wordpress\/ -->\n<title>Del certificado de salud sexual en el s. XIX al certificado Covid en el XXI - IFN<\/title>\n<meta name=\"description\" content=\"Antes, las excusas eugen\u00e9sicas eran mantener una sociedad sana, ahora es el mismo fin: someter a la poblaci\u00f3n a sus dict\u00e1menes totalitarios.\" \/>\n<meta name=\"robots\" content=\"index, follow, max-snippet:-1, max-image-preview:large, max-video-preview:-1\" \/>\n<link rel=\"canonical\" href=\"https:\/\/ifamnews.com\/es\/del-certificado-de-salud-sexual-en-el-s-xix-al-certificado-covid-en-el-xxi\" \/>\n<meta property=\"og:locale\" content=\"es_ES\" \/>\n<meta property=\"og:type\" content=\"article\" \/>\n<meta property=\"og:title\" content=\"Del certificado de salud sexual en el s. XIX al certificado Covid en el XXI\" \/>\n<meta property=\"og:description\" content=\"Antes, las excusas eugen\u00e9sicas eran mantener una sociedad sana, ahora es el mismo fin: someter a la poblaci\u00f3n a sus dict\u00e1menes totalitarios.\" \/>\n<meta property=\"og:url\" content=\"https:\/\/ifamnews.com\/es\/del-certificado-de-salud-sexual-en-el-s-xix-al-certificado-covid-en-el-xxi\" \/>\n<meta property=\"og:site_name\" content=\"IFN\" \/>\n<meta property=\"article:publisher\" content=\"https:\/\/www.facebook.com\/iFamNews\" \/>\n<meta property=\"article:author\" content=\"https:\/\/facebook.com\/buscandorespuestas2017\" \/>\n<meta property=\"article:published_time\" content=\"2021-11-28T06:00:00+00:00\" \/>\n<meta property=\"og:image\" content=\"https:\/\/ifamnews.com\/wp-content\/uploads\/2021\/11\/nazismo-racismo-historia_204990207_31829443_1706x960.png\" \/>\n\t<meta property=\"og:image:width\" content=\"1200\" \/>\n\t<meta property=\"og:image:height\" content=\"675\" \/>\n\t<meta property=\"og:image:type\" content=\"image\/png\" \/>\n<meta name=\"author\" content=\"Beatriz Montes\" \/>\n<meta name=\"twitter:card\" content=\"summary_large_image\" \/>\n<meta name=\"twitter:creator\" content=\"@https:\/\/twitter.com\/ABeatrizMontesF\" \/>\n<meta name=\"twitter:site\" content=\"@iFamNewsEN\" \/>\n<meta name=\"twitter:label1\" content=\"Escrito por\" \/>\n\t<meta name=\"twitter:data1\" content=\"Beatriz Montes\" \/>\n\t<meta name=\"twitter:label2\" content=\"Tiempo de lectura\" \/>\n\t<meta name=\"twitter:data2\" content=\"4 minutos\" \/>\n<!-- \/ Yoast SEO Premium plugin. -->","yoast_head_json":{"title":"Del certificado de salud sexual en el s. XIX al certificado Covid en el XXI - IFN","description":"Antes, las excusas eugen\u00e9sicas eran mantener una sociedad sana, ahora es el mismo fin: someter a la poblaci\u00f3n a sus dict\u00e1menes totalitarios.","robots":{"index":"index","follow":"follow","max-snippet":"max-snippet:-1","max-image-preview":"max-image-preview:large","max-video-preview":"max-video-preview:-1"},"canonical":"https:\/\/ifamnews.com\/es\/del-certificado-de-salud-sexual-en-el-s-xix-al-certificado-covid-en-el-xxi","og_locale":"es_ES","og_type":"article","og_title":"Del certificado de salud sexual en el s. XIX al certificado Covid en el XXI","og_description":"Antes, las excusas eugen\u00e9sicas eran mantener una sociedad sana, ahora es el mismo fin: someter a la poblaci\u00f3n a sus dict\u00e1menes totalitarios.","og_url":"https:\/\/ifamnews.com\/es\/del-certificado-de-salud-sexual-en-el-s-xix-al-certificado-covid-en-el-xxi","og_site_name":"IFN","article_publisher":"https:\/\/www.facebook.com\/iFamNews","article_author":"https:\/\/facebook.com\/buscandorespuestas2017","article_published_time":"2021-11-28T06:00:00+00:00","og_image":[{"width":1200,"height":675,"url":"https:\/\/ifamnews.com\/wp-content\/uploads\/2021\/11\/nazismo-racismo-historia_204990207_31829443_1706x960.png","type":"image\/png"}],"author":"Beatriz Montes","twitter_card":"summary_large_image","twitter_creator":"@https:\/\/twitter.com\/ABeatrizMontesF","twitter_site":"@iFamNewsEN","twitter_misc":{"Escrito por":"Beatriz Montes","Tiempo de lectura":"4 minutos"},"schema":{"@context":"https:\/\/schema.org","@graph":[{"@type":"NewsArticle","@id":"https:\/\/ifamnews.com\/es\/del-certificado-de-salud-sexual-en-el-s-xix-al-certificado-covid-en-el-xxi#article","isPartOf":{"@id":"https:\/\/ifamnews.com\/es\/del-certificado-de-salud-sexual-en-el-s-xix-al-certificado-covid-en-el-xxi"},"author":{"name":"Beatriz Montes","@id":"https:\/\/ifamnews.com\/en\/#\/schema\/person\/aed4de9ddd8d78c90a083d39f23f98b9"},"headline":"Del certificado de salud sexual en el s. XIX al certificado Covid en el XXI","datePublished":"2021-11-28T06:00:00+00:00","mainEntityOfPage":{"@id":"https:\/\/ifamnews.com\/es\/del-certificado-de-salud-sexual-en-el-s-xix-al-certificado-covid-en-el-xxi"},"wordCount":951,"commentCount":0,"publisher":{"@id":"https:\/\/ifamnews.com\/en\/#organization"},"image":{"@id":"https:\/\/ifamnews.com\/es\/del-certificado-de-salud-sexual-en-el-s-xix-al-certificado-covid-en-el-xxi#primaryimage"},"thumbnailUrl":"https:\/\/ifamnews.com\/wp-content\/uploads\/2021\/11\/nazismo-racismo-historia_204990207_31829443_1706x960.png","articleSection":["Ciencia","Foreground","\u00daLTIMAS NOTICIAS"],"inLanguage":"es","potentialAction":[{"@type":"CommentAction","name":"Comment","target":["https:\/\/ifamnews.com\/es\/del-certificado-de-salud-sexual-en-el-s-xix-al-certificado-covid-en-el-xxi#respond"]}]},{"@type":"WebPage","@id":"https:\/\/ifamnews.com\/es\/del-certificado-de-salud-sexual-en-el-s-xix-al-certificado-covid-en-el-xxi","url":"https:\/\/ifamnews.com\/es\/del-certificado-de-salud-sexual-en-el-s-xix-al-certificado-covid-en-el-xxi","name":"Del certificado de salud sexual en el s. XIX al certificado Covid en el XXI - IFN","isPartOf":{"@id":"https:\/\/ifamnews.com\/en\/#website"},"primaryImageOfPage":{"@id":"https:\/\/ifamnews.com\/es\/del-certificado-de-salud-sexual-en-el-s-xix-al-certificado-covid-en-el-xxi#primaryimage"},"image":{"@id":"https:\/\/ifamnews.com\/es\/del-certificado-de-salud-sexual-en-el-s-xix-al-certificado-covid-en-el-xxi#primaryimage"},"thumbnailUrl":"https:\/\/ifamnews.com\/wp-content\/uploads\/2021\/11\/nazismo-racismo-historia_204990207_31829443_1706x960.png","datePublished":"2021-11-28T06:00:00+00:00","description":"Antes, las excusas eugen\u00e9sicas eran mantener una sociedad sana, ahora es el mismo fin: someter a la poblaci\u00f3n a sus dict\u00e1menes totalitarios.","breadcrumb":{"@id":"https:\/\/ifamnews.com\/es\/del-certificado-de-salud-sexual-en-el-s-xix-al-certificado-covid-en-el-xxi#breadcrumb"},"inLanguage":"es","potentialAction":[{"@type":"ReadAction","target":["https:\/\/ifamnews.com\/es\/del-certificado-de-salud-sexual-en-el-s-xix-al-certificado-covid-en-el-xxi"]}]},{"@type":"ImageObject","inLanguage":"es","@id":"https:\/\/ifamnews.com\/es\/del-certificado-de-salud-sexual-en-el-s-xix-al-certificado-covid-en-el-xxi#primaryimage","url":"https:\/\/ifamnews.com\/wp-content\/uploads\/2021\/11\/nazismo-racismo-historia_204990207_31829443_1706x960.png","contentUrl":"https:\/\/ifamnews.com\/wp-content\/uploads\/2021\/11\/nazismo-racismo-historia_204990207_31829443_1706x960.png","width":1200,"height":675},{"@type":"BreadcrumbList","@id":"https:\/\/ifamnews.com\/es\/del-certificado-de-salud-sexual-en-el-s-xix-al-certificado-covid-en-el-xxi#breadcrumb","itemListElement":[{"@type":"ListItem","position":1,"name":"Home","item":"https:\/\/ifamnews.com\/de"},{"@type":"ListItem","position":2,"name":"Science","item":"https:\/\/ifamnews.com\/en\/category\/science"},{"@type":"ListItem","position":3,"name":"Del certificado de salud sexual en el s. XIX al certificado Covid en el XXI"}]},{"@type":"WebSite","@id":"https:\/\/ifamnews.com\/en\/#website","url":"https:\/\/ifamnews.com\/en\/","name":"IFN","description":"International Family News Network","publisher":{"@id":"https:\/\/ifamnews.com\/en\/#organization"},"potentialAction":[{"@type":"SearchAction","target":{"@type":"EntryPoint","urlTemplate":"https:\/\/ifamnews.com\/en\/?s={search_term_string}"},"query-input":{"@type":"PropertyValueSpecification","valueRequired":true,"valueName":"search_term_string"}}],"inLanguage":"es"},{"@type":"Organization","@id":"https:\/\/ifamnews.com\/en\/#organization","name":"iFamNews","url":"https:\/\/ifamnews.com\/en\/","logo":{"@type":"ImageObject","inLanguage":"es","@id":"https:\/\/ifamnews.com\/en\/#\/schema\/logo\/image\/","url":"https:\/\/ifamnews.com\/wp-content\/uploads\/2020\/01\/Share-logo.png","contentUrl":"https:\/\/ifamnews.com\/wp-content\/uploads\/2020\/01\/Share-logo.png","width":200,"height":200,"caption":"iFamNews"},"image":{"@id":"https:\/\/ifamnews.com\/en\/#\/schema\/logo\/image\/"},"sameAs":["https:\/\/www.facebook.com\/iFamNews","https:\/\/x.com\/iFamNewsEN"]},{"@type":"Person","@id":"https:\/\/ifamnews.com\/en\/#\/schema\/person\/aed4de9ddd8d78c90a083d39f23f98b9","name":"Beatriz Montes","image":{"@type":"ImageObject","inLanguage":"es","@id":"https:\/\/secure.gravatar.com\/avatar\/5ef4f8cf0f3807ae571fc4b7c1e62cd02b7bdd9a1796ca51a0641acf56453b19?s=96&d=mm&r=g","url":"https:\/\/secure.gravatar.com\/avatar\/5ef4f8cf0f3807ae571fc4b7c1e62cd02b7bdd9a1796ca51a0641acf56453b19?s=96&d=mm&r=g","contentUrl":"https:\/\/secure.gravatar.com\/avatar\/5ef4f8cf0f3807ae571fc4b7c1e62cd02b7bdd9a1796ca51a0641acf56453b19?s=96&d=mm&r=g","caption":"Beatriz Montes"},"description":"Married with six children. Teacher of Catholic topic. Beatriz Montes is Master of Science for the family and she is graduated in Family studies. Author of the books \"Against the Gender Ideology: educating in Freedom from childhood\" and \"99 responses to the Gender Ideology\". Publisher and writer of articles on her blog https:\/\/buscandorespuestasemet.com\/. Beatriz is a member of several relevant institution as \"Enraizados\", \"Libertas\" and \"The Traditional Post\".","sameAs":["https:\/\/facebook.com\/buscandorespuestas2017","https:\/\/x.com\/https:\/\/twitter.com\/ABeatrizMontesF"],"url":"https:\/\/ifamnews.com\/es\/author\/beatriz-montes"}]}},"amp_enabled":true,"_links":{"self":[{"href":"https:\/\/ifamnews.com\/es\/wp-json\/wp\/v2\/posts\/105912","targetHints":{"allow":["GET"]}}],"collection":[{"href":"https:\/\/ifamnews.com\/es\/wp-json\/wp\/v2\/posts"}],"about":[{"href":"https:\/\/ifamnews.com\/es\/wp-json\/wp\/v2\/types\/post"}],"author":[{"embeddable":true,"href":"https:\/\/ifamnews.com\/es\/wp-json\/wp\/v2\/users\/567"}],"replies":[{"embeddable":true,"href":"https:\/\/ifamnews.com\/es\/wp-json\/wp\/v2\/comments?post=105912"}],"version-history":[{"count":1,"href":"https:\/\/ifamnews.com\/es\/wp-json\/wp\/v2\/posts\/105912\/revisions"}],"predecessor-version":[{"id":105921,"href":"https:\/\/ifamnews.com\/es\/wp-json\/wp\/v2\/posts\/105912\/revisions\/105921"}],"wp:featuredmedia":[{"embeddable":true,"href":"https:\/\/ifamnews.com\/es\/wp-json\/wp\/v2\/media\/105913"}],"wp:attachment":[{"href":"https:\/\/ifamnews.com\/es\/wp-json\/wp\/v2\/media?parent=105912"}],"wp:term":[{"taxonomy":"category","embeddable":true,"href":"https:\/\/ifamnews.com\/es\/wp-json\/wp\/v2\/categories?post=105912"},{"taxonomy":"post_tag","embeddable":true,"href":"https:\/\/ifamnews.com\/es\/wp-json\/wp\/v2\/tags?post=105912"}],"curies":[{"name":"wp","href":"https:\/\/api.w.org\/{rel}","templated":true}]}}